{"id":7074,"date":"2021-04-22T08:55:35","date_gmt":"2021-04-22T08:55:35","guid":{"rendered":"https:\/\/sindromecharge.es\/index.php\/2021\/04\/22\/8-de-cada-10-personas-con-discapacidad-ha-visto-empeorar-su-situacion-laboral-con-la-pandemia\/"},"modified":"2021-04-22T08:55:35","modified_gmt":"2021-04-22T08:55:35","slug":"8-de-cada-10-personas-con-discapacidad-ha-visto-empeorar-su-situacion-laboral-con-la-pandemia","status":"publish","type":"post","link":"https:\/\/sindromecharge.es\/index.php\/2021\/04\/22\/8-de-cada-10-personas-con-discapacidad-ha-visto-empeorar-su-situacion-laboral-con-la-pandemia\/","title":{"rendered":"8 de cada 10 personas con discapacidad ha visto empeorar su situaci\u00f3n laboral con la pandemia"},"content":{"rendered":"<p>Leemos en 20minutos la siguiente noticia que os reproducimos de forma \u00edntegra: <\/p>\n<p>La anormalidad causada por la <a href=\"https:\/\/www.20minutos.es\/minuteca\/covid-19\/\" title=\"Covid-19\">COVID-19<\/a> lleva ya m\u00e1s de un a\u00f1o dificultando nuestra vida. Casi nadie pone en duda que las medidas de distanciamiento social son imprescindibles para frenar la expansi\u00f3n del virus. Pero las restricciones est\u00e1n resultando<strong> especialmente duras para muchas personas con discapacidad.<\/strong><\/p>\n<p>Ocurre en todos los \u00f3rdenes y especialmente en lo que se refiere al trabajo. Casi <strong>8 de cada 10 personas con discapacidad (79,4%) ha visto empeorar su situaci\u00f3n laboral con la pandemia<\/strong>. El dato est\u00e1 en el <i>Informe Discapacidad y Relaciones Sociales<\/i>, encuesta elaborada por la Fundaci\u00f3n Adecco, en colaboraci\u00f3n con la Conselleria de Igualdad y Pol\u00edticas Inclusivas de la Generalitat Valenciana, con la opini\u00f3n de 700 personas con <a href=\"https:\/\/www.20minutos.es\/minuteca\/discapacidad\/\" title=\"Discapacidad\">discapacidad<\/a>.<\/p>\n<p>La pandemia ha trascendido el aspecto sanitario para desatar <strong>una emergencia social sin precedentes<\/strong>, que afecta en mayor medida a las personas con discapacidad y a sus familias, al encontrar tradicionalmente mayores dificultades de acceso al <a href=\"https:\/\/www.20minutos.es\/minuteca\/ofertas-de-empleo\/\" title=\"Ofertas de empleo\">empleo<\/a> y tener que asumir gastos extra derivados de la atenci\u00f3n a la discapacidad.<\/p>\n<p>No hay cifras m\u00e1s elocuentes que las de generaci\u00f3n de empleo para ilustrar las grandes dificultades que han experimentado las personas con discapacidad durante los \u00faltimos meses. Tras finalizar 2020 con un desplome interanual de su contrataci\u00f3n del 26%, <strong>en el primer trimestre de 2021 el descenso ha sido m\u00e1s moderado, del 7,7%<\/strong>, teniendo en cuenta que los datos del a\u00f1o pasado recogen los meses m\u00e1s duros del estado de alarma y el <a href=\"https:\/\/www.20minutos.es\/minuteca\/confinamiento\/\" title=\"Confinamiento\">confinamiento<\/a>.<\/p>\n<p>En concreto, en los 3 primeros meses de este a\u00f1o, las personas con discapacidad han suscrito 23.818 contratos. Se trata del <strong>segundo descenso consecutivo en la contrataci\u00f3n de personas con discapacidad,<\/strong> tras 7 a\u00f1os de incrementos, ya que en 2020 se produjo la primera ca\u00edda en este periodo desde 2012, al recoger 15 d\u00edas del <a href=\"https:\/\/www.20minutos.es\/minuteca\/estado-de-alarma-por-coronavirus\/\" title=\"Estado de alarma por coronavirus\">estado de alarma<\/a> de marzo 2020.<\/p>\n<p>Y aunque esta ca\u00edda ha sido inferior a la registrada a nivel general para toda la poblaci\u00f3n espa\u00f1ola (15%), en el <strong>caso de las personas con discapacidad las dificultades de acceso al empleo son dobles. <\/strong>En su caso no solo se enfrentan a la <a href=\"https:\/\/www.20minutos.es\/minuteca\/crisis-economica\/\" title=\"Crisis econ\u00f3mica\">crisis econ\u00f3mica<\/a>, sino, adem\u00e1s, a los prejuicios y estereotipos hist\u00f3ricos que dificultan las oportunidades laborales en el corto plazo.<\/p>\n<p>Los resultados arrojan que, durante este a\u00f1o de pandemia, un <strong>79,4% de los encuestados con discapacidad ha visto empeorar su situaci\u00f3n laboral<\/strong>. Concretamente, un 17,6% ha perdido definitivamente su empleo; un 6,5% contin\u00faa en situaci\u00f3n de <a href=\"https:\/\/www.20minutos.es\/minuteca\/erte\/\" title=\"ERTE\">ERTE<\/a>; un 4,2% ha tenido que reducirse la jornada; un 4,4% est\u00e1 de baja por motivos de salud y, por \u00faltimo, un mayoritario 46,7% estaba <a href=\"https:\/\/www.20minutos.es\/minuteca\/desempleo\/\" title=\"Desempleo\">buscando empleo<\/a> y destaca c\u00f3mo la pandemia est\u00e1 dificultando enormemente esta b\u00fasqueda. En el otro lado, un 20,6% comenta que esta crisis sanitaria no ha tenido ning\u00fan impacto en su situaci\u00f3n profesional.<\/p>\n<p>Asimismo, durante el \u00faltimo a\u00f1o, el 55% de las personas con discapacidad<strong> en b\u00fasqueda activa de empleo no ha realizado entrevistas de trabajo<\/strong> ni tenido ning\u00fan tipo de contacto con el mundo empresarial.<\/p>\n<p>Finalmente, y m\u00e1s all\u00e1 de la situaci\u00f3n laboral, el 75% de los encuestados teme <strong>que el distanciamiento social perjudique, de forma colateral, el proceso de inclusi\u00f3n social y labora<\/strong>l de las personas con discapacidad. Mientras, un 25% no cree que estas medidas vayan a impactar en este desarrollo.<\/p>\n<p>Fuente: 20minutos <a href=\"https:\/\/www.20minutos.es\/noticia\/4668218\/0\/8-de-cada-10-personas-con-discapacidad-ha-visto-empeorar-su-situacion-laboral-con-la-pandemia\/\" target=\"_blank\" rel=\"noopener\">8 de cada 10 personas con discapacidad ha visto empeorar su situaci\u00f3n laboral con la pandemia<\/a><\/p>\n","protected":false},"excerpt":{"rendered":"<p>Leemos en 20minutos la siguiente noticia que os reproducimos de forma \u00edntegra: La anormalidad causada por la COVID-19 lleva ya m\u00e1s de un a\u00f1o dificultando nuestra vida. Casi nadie pone en duda que las medidas de distanciamiento social son imprescindibles para frenar la expansi\u00f3n del virus. Pero las restricciones est\u00e1n resultando especialmente duras para muchas [&hellip;]<\/p>\n","protected":false},"author":1,"featured_media":0,"comment_status":"open","ping_status":"closed","sticky":false,"template":"","format":"standard","meta":{"footnotes":""},"categories":[8],"tags":[31],"class_list":["post-7074","post","type-post","status-publish","format-standard","hentry","category-noticias","tag-discapacidad"],"yoast_head":"<!-- This site is optimized with the Yoast SEO plugin v27.5 - https:\/\/yoast.com\/product\/yoast-seo-wordpress\/ -->\n<title>8 de cada 10 personas con discapacidad ha visto empeorar su situaci\u00f3n laboral con la pandemia - Asociaci\u00f3n Espa\u00f1ola S\u00edndrome de Charge<\/title>\n<meta name=\"robots\" content=\"index, follow, max-snippet:-1, max-image-preview:large, max-video-preview:-1\" \/>\n<link rel=\"canonical\" href=\"https:\/\/sindromecharge.es\/index.php\/2021\/04\/22\/8-de-cada-10-personas-con-discapacidad-ha-visto-empeorar-su-situacion-laboral-con-la-pandemia\/\" \/>\n<meta property=\"og:locale\" content=\"es_ES\" \/>\n<meta property=\"og:type\" content=\"article\" \/>\n<meta property=\"og:title\" content=\"8 de cada 10 personas con discapacidad ha visto empeorar su situaci\u00f3n laboral con la pandemia - Asociaci\u00f3n Espa\u00f1ola S\u00edndrome de Charge\" \/>\n<meta property=\"og:description\" content=\"Leemos en 20minutos la siguiente noticia que os reproducimos de forma \u00edntegra: La anormalidad causada por la COVID-19 lleva ya m\u00e1s de un a\u00f1o dificultando nuestra vida. Casi nadie pone en duda que las medidas de distanciamiento social son imprescindibles para frenar la expansi\u00f3n del virus. Pero las restricciones est\u00e1n resultando especialmente duras para muchas [&hellip;]\" \/>\n<meta property=\"og:url\" content=\"https:\/\/sindromecharge.es\/index.php\/2021\/04\/22\/8-de-cada-10-personas-con-discapacidad-ha-visto-empeorar-su-situacion-laboral-con-la-pandemia\/\" \/>\n<meta property=\"og:site_name\" content=\"Asociaci\u00f3n Espa\u00f1ola S\u00edndrome de Charge\" \/>\n<meta property=\"article:publisher\" content=\"https:\/\/www.facebook.com\/asociacionsindromecharge\" \/>\n<meta property=\"article:published_time\" content=\"2021-04-22T08:55:35+00:00\" \/>\n<meta property=\"og:image\" content=\"https:\/\/sindromecharge.es\/wp-content\/uploads\/2013\/09\/logodecharge300x98.png\" \/>\n\t<meta property=\"og:image:width\" content=\"300\" \/>\n\t<meta property=\"og:image:height\" content=\"98\" \/>\n\t<meta property=\"og:image:type\" content=\"image\/png\" \/>\n<meta name=\"author\" content=\"Charge\" \/>\n<meta name=\"twitter:card\" content=\"summary_large_image\" \/>\n<meta name=\"twitter:creator\" content=\"@sindromecharge\" \/>\n<meta name=\"twitter:site\" content=\"@sindromecharge\" \/>\n<meta name=\"twitter:label1\" content=\"Escrito por\" \/>\n\t<meta name=\"twitter:data1\" content=\"Charge\" \/>\n\t<meta name=\"twitter:label2\" content=\"Tiempo de lectura\" \/>\n\t<meta name=\"twitter:data2\" content=\"3 minutos\" \/>\n<script type=\"application\/ld+json\" class=\"yoast-schema-graph\">{\"@context\":\"https:\\\/\\\/schema.org\",\"@graph\":[{\"@type\":\"Article\",\"@id\":\"https:\\\/\\\/sindromecharge.es\\\/index.php\\\/2021\\\/04\\\/22\\\/8-de-cada-10-personas-con-discapacidad-ha-visto-empeorar-su-situacion-laboral-con-la-pandemia\\\/#article\",\"isPartOf\":{\"@id\":\"https:\\\/\\\/sindromecharge.es\\\/index.php\\\/2021\\\/04\\\/22\\\/8-de-cada-10-personas-con-discapacidad-ha-visto-empeorar-su-situacion-laboral-con-la-pandemia\\\/\"},\"author\":{\"name\":\"Charge\",\"@id\":\"https:\\\/\\\/sindromecharge.es\\\/#\\\/schema\\\/person\\\/39a60ebe0a2b4d5a11179701e336b039\"},\"headline\":\"8 de cada 10 personas con discapacidad ha visto empeorar su situaci\u00f3n laboral con la pandemia\",\"datePublished\":\"2021-04-22T08:55:35+00:00\",\"mainEntityOfPage\":{\"@id\":\"https:\\\/\\\/sindromecharge.es\\\/index.php\\\/2021\\\/04\\\/22\\\/8-de-cada-10-personas-con-discapacidad-ha-visto-empeorar-su-situacion-laboral-con-la-pandemia\\\/\"},\"wordCount\":597,\"commentCount\":0,\"keywords\":[\"discapacidad\"],\"articleSection\":[\"noticias\"],\"inLanguage\":\"es\",\"potentialAction\":[{\"@type\":\"CommentAction\",\"name\":\"Comment\",\"target\":[\"https:\\\/\\\/sindromecharge.es\\\/index.php\\\/2021\\\/04\\\/22\\\/8-de-cada-10-personas-con-discapacidad-ha-visto-empeorar-su-situacion-laboral-con-la-pandemia\\\/#respond\"]}]},{\"@type\":\"WebPage\",\"@id\":\"https:\\\/\\\/sindromecharge.es\\\/index.php\\\/2021\\\/04\\\/22\\\/8-de-cada-10-personas-con-discapacidad-ha-visto-empeorar-su-situacion-laboral-con-la-pandemia\\\/\",\"url\":\"https:\\\/\\\/sindromecharge.es\\\/index.php\\\/2021\\\/04\\\/22\\\/8-de-cada-10-personas-con-discapacidad-ha-visto-empeorar-su-situacion-laboral-con-la-pandemia\\\/\",\"name\":\"8 de cada 10 personas con discapacidad ha visto empeorar su situaci\u00f3n laboral con la pandemia - Asociaci\u00f3n Espa\u00f1ola S\u00edndrome de Charge\",\"isPartOf\":{\"@id\":\"https:\\\/\\\/sindromecharge.es\\\/#website\"},\"datePublished\":\"2021-04-22T08:55:35+00:00\",\"author\":{\"@id\":\"https:\\\/\\\/sindromecharge.es\\\/#\\\/schema\\\/person\\\/39a60ebe0a2b4d5a11179701e336b039\"},\"breadcrumb\":{\"@id\":\"https:\\\/\\\/sindromecharge.es\\\/index.php\\\/2021\\\/04\\\/22\\\/8-de-cada-10-personas-con-discapacidad-ha-visto-empeorar-su-situacion-laboral-con-la-pandemia\\\/#breadcrumb\"},\"inLanguage\":\"es\",\"potentialAction\":[{\"@type\":\"ReadAction\",\"target\":[\"https:\\\/\\\/sindromecharge.es\\\/index.php\\\/2021\\\/04\\\/22\\\/8-de-cada-10-personas-con-discapacidad-ha-visto-empeorar-su-situacion-laboral-con-la-pandemia\\\/\"]}]},{\"@type\":\"BreadcrumbList\",\"@id\":\"https:\\\/\\\/sindromecharge.es\\\/index.php\\\/2021\\\/04\\\/22\\\/8-de-cada-10-personas-con-discapacidad-ha-visto-empeorar-su-situacion-laboral-con-la-pandemia\\\/#breadcrumb\",\"itemListElement\":[{\"@type\":\"ListItem\",\"position\":1,\"name\":\"Portada\",\"item\":\"https:\\\/\\\/sindromecharge.es\\\/\"},{\"@type\":\"ListItem\",\"position\":2,\"name\":\"8 de cada 10 personas con discapacidad ha visto empeorar su situaci\u00f3n laboral con la pandemia\"}]},{\"@type\":\"WebSite\",\"@id\":\"https:\\\/\\\/sindromecharge.es\\\/#website\",\"url\":\"https:\\\/\\\/sindromecharge.es\\\/\",\"name\":\"Asociaci\u00f3n Espa\u00f1ola S\u00edndrome de Charge\",\"description\":\"\",\"potentialAction\":[{\"@type\":\"SearchAction\",\"target\":{\"@type\":\"EntryPoint\",\"urlTemplate\":\"https:\\\/\\\/sindromecharge.es\\\/?s={search_term_string}\"},\"query-input\":{\"@type\":\"PropertyValueSpecification\",\"valueRequired\":true,\"valueName\":\"search_term_string\"}}],\"inLanguage\":\"es\"},{\"@type\":\"Person\",\"@id\":\"https:\\\/\\\/sindromecharge.es\\\/#\\\/schema\\\/person\\\/39a60ebe0a2b4d5a11179701e336b039\",\"name\":\"Charge\",\"image\":{\"@type\":\"ImageObject\",\"inLanguage\":\"es\",\"@id\":\"https:\\\/\\\/secure.gravatar.com\\\/avatar\\\/c3b46e32a0fc3b093a0873fb767bf3293de856293065e84ef06b7ec7a8acfb98?s=96&d=identicon&r=x\",\"url\":\"https:\\\/\\\/secure.gravatar.com\\\/avatar\\\/c3b46e32a0fc3b093a0873fb767bf3293de856293065e84ef06b7ec7a8acfb98?s=96&d=identicon&r=x\",\"contentUrl\":\"https:\\\/\\\/secure.gravatar.com\\\/avatar\\\/c3b46e32a0fc3b093a0873fb767bf3293de856293065e84ef06b7ec7a8acfb98?s=96&d=identicon&r=x\",\"caption\":\"Charge\"},\"url\":\"https:\\\/\\\/sindromecharge.es\\\/index.php\\\/author\\\/admin\\\/\"}]}<\/script>\n<!-- \/ Yoast SEO plugin. -->","yoast_head_json":{"title":"8 de cada 10 personas con discapacidad ha visto empeorar su situaci\u00f3n laboral con la pandemia - Asociaci\u00f3n Espa\u00f1ola S\u00edndrome de Charge","robots":{"index":"index","follow":"follow","max-snippet":"max-snippet:-1","max-image-preview":"max-image-preview:large","max-video-preview":"max-video-preview:-1"},"canonical":"https:\/\/sindromecharge.es\/index.php\/2021\/04\/22\/8-de-cada-10-personas-con-discapacidad-ha-visto-empeorar-su-situacion-laboral-con-la-pandemia\/","og_locale":"es_ES","og_type":"article","og_title":"8 de cada 10 personas con discapacidad ha visto empeorar su situaci\u00f3n laboral con la pandemia - Asociaci\u00f3n Espa\u00f1ola S\u00edndrome de Charge","og_description":"Leemos en 20minutos la siguiente noticia que os reproducimos de forma \u00edntegra: La anormalidad causada por la COVID-19 lleva ya m\u00e1s de un a\u00f1o dificultando nuestra vida. Casi nadie pone en duda que las medidas de distanciamiento social son imprescindibles para frenar la expansi\u00f3n del virus. Pero las restricciones est\u00e1n resultando especialmente duras para muchas [&hellip;]","og_url":"https:\/\/sindromecharge.es\/index.php\/2021\/04\/22\/8-de-cada-10-personas-con-discapacidad-ha-visto-empeorar-su-situacion-laboral-con-la-pandemia\/","og_site_name":"Asociaci\u00f3n Espa\u00f1ola S\u00edndrome de Charge","article_publisher":"https:\/\/www.facebook.com\/asociacionsindromecharge","article_published_time":"2021-04-22T08:55:35+00:00","og_image":[{"width":300,"height":98,"url":"https:\/\/sindromecharge.es\/wp-content\/uploads\/2013\/09\/logodecharge300x98.png","type":"image\/png"}],"author":"Charge","twitter_card":"summary_large_image","twitter_creator":"@sindromecharge","twitter_site":"@sindromecharge","twitter_misc":{"Escrito por":"Charge","Tiempo de lectura":"3 minutos"},"schema":{"@context":"https:\/\/schema.org","@graph":[{"@type":"Article","@id":"https:\/\/sindromecharge.es\/index.php\/2021\/04\/22\/8-de-cada-10-personas-con-discapacidad-ha-visto-empeorar-su-situacion-laboral-con-la-pandemia\/#article","isPartOf":{"@id":"https:\/\/sindromecharge.es\/index.php\/2021\/04\/22\/8-de-cada-10-personas-con-discapacidad-ha-visto-empeorar-su-situacion-laboral-con-la-pandemia\/"},"author":{"name":"Charge","@id":"https:\/\/sindromecharge.es\/#\/schema\/person\/39a60ebe0a2b4d5a11179701e336b039"},"headline":"8 de cada 10 personas con discapacidad ha visto empeorar su situaci\u00f3n laboral con la pandemia","datePublished":"2021-04-22T08:55:35+00:00","mainEntityOfPage":{"@id":"https:\/\/sindromecharge.es\/index.php\/2021\/04\/22\/8-de-cada-10-personas-con-discapacidad-ha-visto-empeorar-su-situacion-laboral-con-la-pandemia\/"},"wordCount":597,"commentCount":0,"keywords":["discapacidad"],"articleSection":["noticias"],"inLanguage":"es","potentialAction":[{"@type":"CommentAction","name":"Comment","target":["https:\/\/sindromecharge.es\/index.php\/2021\/04\/22\/8-de-cada-10-personas-con-discapacidad-ha-visto-empeorar-su-situacion-laboral-con-la-pandemia\/#respond"]}]},{"@type":"WebPage","@id":"https:\/\/sindromecharge.es\/index.php\/2021\/04\/22\/8-de-cada-10-personas-con-discapacidad-ha-visto-empeorar-su-situacion-laboral-con-la-pandemia\/","url":"https:\/\/sindromecharge.es\/index.php\/2021\/04\/22\/8-de-cada-10-personas-con-discapacidad-ha-visto-empeorar-su-situacion-laboral-con-la-pandemia\/","name":"8 de cada 10 personas con discapacidad ha visto empeorar su situaci\u00f3n laboral con la pandemia - Asociaci\u00f3n Espa\u00f1ola S\u00edndrome de Charge","isPartOf":{"@id":"https:\/\/sindromecharge.es\/#website"},"datePublished":"2021-04-22T08:55:35+00:00","author":{"@id":"https:\/\/sindromecharge.es\/#\/schema\/person\/39a60ebe0a2b4d5a11179701e336b039"},"breadcrumb":{"@id":"https:\/\/sindromecharge.es\/index.php\/2021\/04\/22\/8-de-cada-10-personas-con-discapacidad-ha-visto-empeorar-su-situacion-laboral-con-la-pandemia\/#breadcrumb"},"inLanguage":"es","potentialAction":[{"@type":"ReadAction","target":["https:\/\/sindromecharge.es\/index.php\/2021\/04\/22\/8-de-cada-10-personas-con-discapacidad-ha-visto-empeorar-su-situacion-laboral-con-la-pandemia\/"]}]},{"@type":"BreadcrumbList","@id":"https:\/\/sindromecharge.es\/index.php\/2021\/04\/22\/8-de-cada-10-personas-con-discapacidad-ha-visto-empeorar-su-situacion-laboral-con-la-pandemia\/#breadcrumb","itemListElement":[{"@type":"ListItem","position":1,"name":"Portada","item":"https:\/\/sindromecharge.es\/"},{"@type":"ListItem","position":2,"name":"8 de cada 10 personas con discapacidad ha visto empeorar su situaci\u00f3n laboral con la pandemia"}]},{"@type":"WebSite","@id":"https:\/\/sindromecharge.es\/#website","url":"https:\/\/sindromecharge.es\/","name":"Asociaci\u00f3n Espa\u00f1ola S\u00edndrome de Charge","description":"","potentialAction":[{"@type":"SearchAction","target":{"@type":"EntryPoint","urlTemplate":"https:\/\/sindromecharge.es\/?s={search_term_string}"},"query-input":{"@type":"PropertyValueSpecification","valueRequired":true,"valueName":"search_term_string"}}],"inLanguage":"es"},{"@type":"Person","@id":"https:\/\/sindromecharge.es\/#\/schema\/person\/39a60ebe0a2b4d5a11179701e336b039","name":"Charge","image":{"@type":"ImageObject","inLanguage":"es","@id":"https:\/\/secure.gravatar.com\/avatar\/c3b46e32a0fc3b093a0873fb767bf3293de856293065e84ef06b7ec7a8acfb98?s=96&d=identicon&r=x","url":"https:\/\/secure.gravatar.com\/avatar\/c3b46e32a0fc3b093a0873fb767bf3293de856293065e84ef06b7ec7a8acfb98?s=96&d=identicon&r=x","contentUrl":"https:\/\/secure.gravatar.com\/avatar\/c3b46e32a0fc3b093a0873fb767bf3293de856293065e84ef06b7ec7a8acfb98?s=96&d=identicon&r=x","caption":"Charge"},"url":"https:\/\/sindromecharge.es\/index.php\/author\/admin\/"}]}},"_links":{"self":[{"href":"https:\/\/sindromecharge.es\/index.php\/wp-json\/wp\/v2\/posts\/7074","targetHints":{"allow":["GET"]}}],"collection":[{"href":"https:\/\/sindromecharge.es\/index.php\/wp-json\/wp\/v2\/posts"}],"about":[{"href":"https:\/\/sindromecharge.es\/index.php\/wp-json\/wp\/v2\/types\/post"}],"author":[{"embeddable":true,"href":"https:\/\/sindromecharge.es\/index.php\/wp-json\/wp\/v2\/users\/1"}],"replies":[{"embeddable":true,"href":"https:\/\/sindromecharge.es\/index.php\/wp-json\/wp\/v2\/comments?post=7074"}],"version-history":[{"count":0,"href":"https:\/\/sindromecharge.es\/index.php\/wp-json\/wp\/v2\/posts\/7074\/revisions"}],"wp:attachment":[{"href":"https:\/\/sindromecharge.es\/index.php\/wp-json\/wp\/v2\/media?parent=7074"}],"wp:term":[{"taxonomy":"category","embeddable":true,"href":"https:\/\/sindromecharge.es\/index.php\/wp-json\/wp\/v2\/categories?post=7074"},{"taxonomy":"post_tag","embeddable":true,"href":"https:\/\/sindromecharge.es\/index.php\/wp-json\/wp\/v2\/tags?post=7074"}],"curies":[{"name":"wp","href":"https:\/\/api.w.org\/{rel}","templated":true}]}}