{"id":7072,"date":"2021-04-21T15:42:21","date_gmt":"2021-04-21T15:42:21","guid":{"rendered":"https:\/\/sindromecharge.es\/index.php\/2021\/04\/21\/el-ayuntamiento-destinara-30-000-euros-para-atender-a-las-mujeres-con-discapacidad\/"},"modified":"2021-04-21T15:42:21","modified_gmt":"2021-04-21T15:42:21","slug":"el-ayuntamiento-destinara-30-000-euros-para-atender-a-las-mujeres-con-discapacidad","status":"publish","type":"post","link":"https:\/\/sindromecharge.es\/index.php\/2021\/04\/21\/el-ayuntamiento-destinara-30-000-euros-para-atender-a-las-mujeres-con-discapacidad\/","title":{"rendered":"El Ayuntamiento destinar\u00e1 30.000 euros para atender a las mujeres con discapacidad"},"content":{"rendered":"<p>Leemos en 20minutos la siguiente noticia que os reproducimos de forma \u00edntegra: <\/p>\n<p>La concejal de Mujer, Igualdad y Juventud del Ayuntamiento de Zaragoza, Mar\u00eda Anto\u00f1anzas, y la presidenta de Amanixer, Miriam Herrero, han suscrito este nuevo acuerdo, por el que la asociaci\u00f3n impulsar\u00e1 hasta diciembre el proyecto &#8216;Libres y diversas&#8217; que brindar\u00e1 a 60 mujeres asesoramiento psicol\u00f3gico, grupos terap\u00e9uticos y redes de apoyo mutuo, adem\u00e1s de alfabetizaci\u00f3n tecnol\u00f3gica para mejorar su empleabilidad.<\/p>\n<p>El Servicio de Igualdad abre as\u00ed una nueva l\u00ednea de trabajo para atender a un colectivo que sufre una discriminaci\u00f3n \u00abinterseccional\u00bb provocada por distintos factores como el g\u00e9nero o la situaci\u00f3n socioecon\u00f3mica, adem\u00e1s de la minusval\u00eda. De hecho, aunque en Zaragoza residen 46.015 mujeres con discapacidad, todav\u00eda siguen siendo una parte invisible de la sociedad, ya que en muchos casos son relegadas al \u00e1mbito dom\u00e9stico.<\/p>\n<p>Adem\u00e1s, el 60 por ciento de las personas con discapacidad en Espa\u00f1a son mujeres y ni\u00f1as y el 30 por ciento de ellas se encuentran en riesgo de exclusi\u00f3n social, seg\u00fan datos de Amanixer. Son, adem\u00e1s, un colectivo que presenta una alta tasa de desempleo, ya que el 80 por ciento en edad laboral est\u00e1 fuera del mercado de trabajo, seg\u00fan las mismas fuentes.<\/p>\n<p>Este contexto de exclusi\u00f3n social y de falta de independencia hace que este colectivo presente m\u00e1s vulnerabilidad a la hora de sufrir violencia. As\u00ed lo confirma tambi\u00e9n la macroencuesta de Violencia contra la Mujer de 2019 del Ministerio de Igualdad que indica que el 17,4 por ciento ha sufrido violencia f\u00edsica frente al 11 por ciento de mujeres sin discapacidad o que el 14,8 por ciento ha sido v\u00edctima de violencia sexual frente al 9,9 por ciento.<\/p>\n<p>ACORTAR LA BRECHA DE G\u00c9NERO<\/p>\n<p>Estos datos revelan que la discapacidad en las mujeres se traduce en un mayor aislamiento social, desempleo, dependencia econ\u00f3mica y afectiva y en m\u00e1s violencia, ha destacado Anto\u00f1anzas. Esta realidad, adem\u00e1s, se ha visto agravada por las consecuencias sociales de la pandemia, como confirman desde Amanixer, donde en el \u00faltimo a\u00f1o ha atendido a m\u00e1s mujeres que acuden a la asociaci\u00f3n en busca de apoyo psicol\u00f3gico y social.<\/p>\n<p>Ante esta situaci\u00f3n, el Ayuntamiento dedicar\u00e1 todo su \u00abesfuerzo a promover actuaciones encaminadas acortar la brecha de g\u00e9nero en colectivos especialmente sensibles\u00bb, ha manifestado Anto\u00f1anzas. Para la edil este apoyo a las mujeres con discapacidad se hace todav\u00eda m\u00e1s necesario, ya que \u00absoportan unas realidades que se deben abordar espec\u00edficamente, como el acceso al mundo laboral, la participaci\u00f3n social y la plena inclusi\u00f3n\u00bb.<\/p>\n<p>Para atender estas necesidades, el Ayuntamiento ha suscrito este nuevo acuerdo que, adem\u00e1s de ofrecer atenci\u00f3n integral, identificar\u00e1 tambi\u00e9n los modos de dependencia y violencia que sufren estas mujeres y crear\u00e1 redes de apoyo mutuo para fomentar su participaci\u00f3n en la vida cultural y social.<\/p>\n<p>Fuente: 20minutos <a href=\"https:\/\/www.20minutos.es\/noticia\/4667499\/0\/el-ayuntamiento-destinara-30-000-euros-para-atender-a-las-mujeres-con-discapacidad\/\" target=\"_blank\" rel=\"noopener\">El Ayuntamiento destinar\u00e1 30.000 euros para atender a las mujeres con discapacidad<\/a><\/p>\n","protected":false},"excerpt":{"rendered":"<p>Leemos en 20minutos la siguiente noticia que os reproducimos de forma \u00edntegra: La concejal de Mujer, Igualdad y Juventud del Ayuntamiento de Zaragoza, Mar\u00eda Anto\u00f1anzas, y la presidenta de Amanixer, Miriam Herrero, han suscrito este nuevo acuerdo, por el que la asociaci\u00f3n impulsar\u00e1 hasta diciembre el proyecto &#8216;Libres y diversas&#8217; que brindar\u00e1 a 60 mujeres [&hellip;]<\/p>\n","protected":false},"author":1,"featured_media":0,"comment_status":"open","ping_status":"closed","sticky":false,"template":"","format":"standard","meta":{"footnotes":""},"categories":[8],"tags":[31],"class_list":["post-7072","post","type-post","status-publish","format-standard","hentry","category-noticias","tag-discapacidad"],"yoast_head":"<!-- This site is optimized with the Yoast SEO plugin v27.5 - https:\/\/yoast.com\/product\/yoast-seo-wordpress\/ -->\n<title>El Ayuntamiento destinar\u00e1 30.000 euros para atender a las mujeres con discapacidad - Asociaci\u00f3n Espa\u00f1ola S\u00edndrome de Charge<\/title>\n<meta name=\"robots\" content=\"index, follow, max-snippet:-1, max-image-preview:large, max-video-preview:-1\" \/>\n<link rel=\"canonical\" href=\"https:\/\/sindromecharge.es\/index.php\/2021\/04\/21\/el-ayuntamiento-destinara-30-000-euros-para-atender-a-las-mujeres-con-discapacidad\/\" \/>\n<meta property=\"og:locale\" content=\"es_ES\" \/>\n<meta property=\"og:type\" content=\"article\" \/>\n<meta property=\"og:title\" content=\"El Ayuntamiento destinar\u00e1 30.000 euros para atender a las mujeres con discapacidad - Asociaci\u00f3n Espa\u00f1ola S\u00edndrome de Charge\" \/>\n<meta property=\"og:description\" content=\"Leemos en 20minutos la siguiente noticia que os reproducimos de forma \u00edntegra: La concejal de Mujer, Igualdad y Juventud del Ayuntamiento de Zaragoza, Mar\u00eda Anto\u00f1anzas, y la presidenta de Amanixer, Miriam Herrero, han suscrito este nuevo acuerdo, por el que la asociaci\u00f3n impulsar\u00e1 hasta diciembre el proyecto &#8216;Libres y diversas&#8217; que brindar\u00e1 a 60 mujeres [&hellip;]\" \/>\n<meta property=\"og:url\" content=\"https:\/\/sindromecharge.es\/index.php\/2021\/04\/21\/el-ayuntamiento-destinara-30-000-euros-para-atender-a-las-mujeres-con-discapacidad\/\" \/>\n<meta property=\"og:site_name\" content=\"Asociaci\u00f3n Espa\u00f1ola S\u00edndrome de Charge\" \/>\n<meta property=\"article:publisher\" content=\"https:\/\/www.facebook.com\/asociacionsindromecharge\" \/>\n<meta property=\"article:published_time\" content=\"2021-04-21T15:42:21+00:00\" \/>\n<meta property=\"og:image\" content=\"https:\/\/sindromecharge.es\/wp-content\/uploads\/2013\/09\/logodecharge300x98.png\" \/>\n\t<meta property=\"og:image:width\" content=\"300\" \/>\n\t<meta property=\"og:image:height\" content=\"98\" \/>\n\t<meta property=\"og:image:type\" content=\"image\/png\" \/>\n<meta name=\"author\" content=\"Charge\" \/>\n<meta name=\"twitter:card\" content=\"summary_large_image\" \/>\n<meta name=\"twitter:creator\" content=\"@sindromecharge\" \/>\n<meta name=\"twitter:site\" content=\"@sindromecharge\" \/>\n<meta name=\"twitter:label1\" content=\"Escrito por\" \/>\n\t<meta name=\"twitter:data1\" content=\"Charge\" \/>\n\t<meta name=\"twitter:label2\" content=\"Tiempo de lectura\" \/>\n\t<meta name=\"twitter:data2\" content=\"3 minutos\" \/>\n<script type=\"application\/ld+json\" class=\"yoast-schema-graph\">{\"@context\":\"https:\\\/\\\/schema.org\",\"@graph\":[{\"@type\":\"Article\",\"@id\":\"https:\\\/\\\/sindromecharge.es\\\/index.php\\\/2021\\\/04\\\/21\\\/el-ayuntamiento-destinara-30-000-euros-para-atender-a-las-mujeres-con-discapacidad\\\/#article\",\"isPartOf\":{\"@id\":\"https:\\\/\\\/sindromecharge.es\\\/index.php\\\/2021\\\/04\\\/21\\\/el-ayuntamiento-destinara-30-000-euros-para-atender-a-las-mujeres-con-discapacidad\\\/\"},\"author\":{\"name\":\"Charge\",\"@id\":\"https:\\\/\\\/sindromecharge.es\\\/#\\\/schema\\\/person\\\/39a60ebe0a2b4d5a11179701e336b039\"},\"headline\":\"El Ayuntamiento destinar\u00e1 30.000 euros para atender a las mujeres con discapacidad\",\"datePublished\":\"2021-04-21T15:42:21+00:00\",\"mainEntityOfPage\":{\"@id\":\"https:\\\/\\\/sindromecharge.es\\\/index.php\\\/2021\\\/04\\\/21\\\/el-ayuntamiento-destinara-30-000-euros-para-atender-a-las-mujeres-con-discapacidad\\\/\"},\"wordCount\":523,\"commentCount\":0,\"keywords\":[\"discapacidad\"],\"articleSection\":[\"noticias\"],\"inLanguage\":\"es\",\"potentialAction\":[{\"@type\":\"CommentAction\",\"name\":\"Comment\",\"target\":[\"https:\\\/\\\/sindromecharge.es\\\/index.php\\\/2021\\\/04\\\/21\\\/el-ayuntamiento-destinara-30-000-euros-para-atender-a-las-mujeres-con-discapacidad\\\/#respond\"]}]},{\"@type\":\"WebPage\",\"@id\":\"https:\\\/\\\/sindromecharge.es\\\/index.php\\\/2021\\\/04\\\/21\\\/el-ayuntamiento-destinara-30-000-euros-para-atender-a-las-mujeres-con-discapacidad\\\/\",\"url\":\"https:\\\/\\\/sindromecharge.es\\\/index.php\\\/2021\\\/04\\\/21\\\/el-ayuntamiento-destinara-30-000-euros-para-atender-a-las-mujeres-con-discapacidad\\\/\",\"name\":\"El Ayuntamiento destinar\u00e1 30.000 euros para atender a las mujeres con discapacidad - Asociaci\u00f3n Espa\u00f1ola S\u00edndrome de Charge\",\"isPartOf\":{\"@id\":\"https:\\\/\\\/sindromecharge.es\\\/#website\"},\"datePublished\":\"2021-04-21T15:42:21+00:00\",\"author\":{\"@id\":\"https:\\\/\\\/sindromecharge.es\\\/#\\\/schema\\\/person\\\/39a60ebe0a2b4d5a11179701e336b039\"},\"breadcrumb\":{\"@id\":\"https:\\\/\\\/sindromecharge.es\\\/index.php\\\/2021\\\/04\\\/21\\\/el-ayuntamiento-destinara-30-000-euros-para-atender-a-las-mujeres-con-discapacidad\\\/#breadcrumb\"},\"inLanguage\":\"es\",\"potentialAction\":[{\"@type\":\"ReadAction\",\"target\":[\"https:\\\/\\\/sindromecharge.es\\\/index.php\\\/2021\\\/04\\\/21\\\/el-ayuntamiento-destinara-30-000-euros-para-atender-a-las-mujeres-con-discapacidad\\\/\"]}]},{\"@type\":\"BreadcrumbList\",\"@id\":\"https:\\\/\\\/sindromecharge.es\\\/index.php\\\/2021\\\/04\\\/21\\\/el-ayuntamiento-destinara-30-000-euros-para-atender-a-las-mujeres-con-discapacidad\\\/#breadcrumb\",\"itemListElement\":[{\"@type\":\"ListItem\",\"position\":1,\"name\":\"Portada\",\"item\":\"https:\\\/\\\/sindromecharge.es\\\/\"},{\"@type\":\"ListItem\",\"position\":2,\"name\":\"El Ayuntamiento destinar\u00e1 30.000 euros para atender a las mujeres con discapacidad\"}]},{\"@type\":\"WebSite\",\"@id\":\"https:\\\/\\\/sindromecharge.es\\\/#website\",\"url\":\"https:\\\/\\\/sindromecharge.es\\\/\",\"name\":\"Asociaci\u00f3n Espa\u00f1ola S\u00edndrome de Charge\",\"description\":\"\",\"potentialAction\":[{\"@type\":\"SearchAction\",\"target\":{\"@type\":\"EntryPoint\",\"urlTemplate\":\"https:\\\/\\\/sindromecharge.es\\\/?s={search_term_string}\"},\"query-input\":{\"@type\":\"PropertyValueSpecification\",\"valueRequired\":true,\"valueName\":\"search_term_string\"}}],\"inLanguage\":\"es\"},{\"@type\":\"Person\",\"@id\":\"https:\\\/\\\/sindromecharge.es\\\/#\\\/schema\\\/person\\\/39a60ebe0a2b4d5a11179701e336b039\",\"name\":\"Charge\",\"image\":{\"@type\":\"ImageObject\",\"inLanguage\":\"es\",\"@id\":\"https:\\\/\\\/secure.gravatar.com\\\/avatar\\\/c3b46e32a0fc3b093a0873fb767bf3293de856293065e84ef06b7ec7a8acfb98?s=96&d=identicon&r=x\",\"url\":\"https:\\\/\\\/secure.gravatar.com\\\/avatar\\\/c3b46e32a0fc3b093a0873fb767bf3293de856293065e84ef06b7ec7a8acfb98?s=96&d=identicon&r=x\",\"contentUrl\":\"https:\\\/\\\/secure.gravatar.com\\\/avatar\\\/c3b46e32a0fc3b093a0873fb767bf3293de856293065e84ef06b7ec7a8acfb98?s=96&d=identicon&r=x\",\"caption\":\"Charge\"},\"url\":\"https:\\\/\\\/sindromecharge.es\\\/index.php\\\/author\\\/admin\\\/\"}]}<\/script>\n<!-- \/ Yoast SEO plugin. -->","yoast_head_json":{"title":"El Ayuntamiento destinar\u00e1 30.000 euros para atender a las mujeres con discapacidad - Asociaci\u00f3n Espa\u00f1ola S\u00edndrome de Charge","robots":{"index":"index","follow":"follow","max-snippet":"max-snippet:-1","max-image-preview":"max-image-preview:large","max-video-preview":"max-video-preview:-1"},"canonical":"https:\/\/sindromecharge.es\/index.php\/2021\/04\/21\/el-ayuntamiento-destinara-30-000-euros-para-atender-a-las-mujeres-con-discapacidad\/","og_locale":"es_ES","og_type":"article","og_title":"El Ayuntamiento destinar\u00e1 30.000 euros para atender a las mujeres con discapacidad - Asociaci\u00f3n Espa\u00f1ola S\u00edndrome de Charge","og_description":"Leemos en 20minutos la siguiente noticia que os reproducimos de forma \u00edntegra: La concejal de Mujer, Igualdad y Juventud del Ayuntamiento de Zaragoza, Mar\u00eda Anto\u00f1anzas, y la presidenta de Amanixer, Miriam Herrero, han suscrito este nuevo acuerdo, por el que la asociaci\u00f3n impulsar\u00e1 hasta diciembre el proyecto &#8216;Libres y diversas&#8217; que brindar\u00e1 a 60 mujeres [&hellip;]","og_url":"https:\/\/sindromecharge.es\/index.php\/2021\/04\/21\/el-ayuntamiento-destinara-30-000-euros-para-atender-a-las-mujeres-con-discapacidad\/","og_site_name":"Asociaci\u00f3n Espa\u00f1ola S\u00edndrome de Charge","article_publisher":"https:\/\/www.facebook.com\/asociacionsindromecharge","article_published_time":"2021-04-21T15:42:21+00:00","og_image":[{"width":300,"height":98,"url":"https:\/\/sindromecharge.es\/wp-content\/uploads\/2013\/09\/logodecharge300x98.png","type":"image\/png"}],"author":"Charge","twitter_card":"summary_large_image","twitter_creator":"@sindromecharge","twitter_site":"@sindromecharge","twitter_misc":{"Escrito por":"Charge","Tiempo de lectura":"3 minutos"},"schema":{"@context":"https:\/\/schema.org","@graph":[{"@type":"Article","@id":"https:\/\/sindromecharge.es\/index.php\/2021\/04\/21\/el-ayuntamiento-destinara-30-000-euros-para-atender-a-las-mujeres-con-discapacidad\/#article","isPartOf":{"@id":"https:\/\/sindromecharge.es\/index.php\/2021\/04\/21\/el-ayuntamiento-destinara-30-000-euros-para-atender-a-las-mujeres-con-discapacidad\/"},"author":{"name":"Charge","@id":"https:\/\/sindromecharge.es\/#\/schema\/person\/39a60ebe0a2b4d5a11179701e336b039"},"headline":"El Ayuntamiento destinar\u00e1 30.000 euros para atender a las mujeres con discapacidad","datePublished":"2021-04-21T15:42:21+00:00","mainEntityOfPage":{"@id":"https:\/\/sindromecharge.es\/index.php\/2021\/04\/21\/el-ayuntamiento-destinara-30-000-euros-para-atender-a-las-mujeres-con-discapacidad\/"},"wordCount":523,"commentCount":0,"keywords":["discapacidad"],"articleSection":["noticias"],"inLanguage":"es","potentialAction":[{"@type":"CommentAction","name":"Comment","target":["https:\/\/sindromecharge.es\/index.php\/2021\/04\/21\/el-ayuntamiento-destinara-30-000-euros-para-atender-a-las-mujeres-con-discapacidad\/#respond"]}]},{"@type":"WebPage","@id":"https:\/\/sindromecharge.es\/index.php\/2021\/04\/21\/el-ayuntamiento-destinara-30-000-euros-para-atender-a-las-mujeres-con-discapacidad\/","url":"https:\/\/sindromecharge.es\/index.php\/2021\/04\/21\/el-ayuntamiento-destinara-30-000-euros-para-atender-a-las-mujeres-con-discapacidad\/","name":"El Ayuntamiento destinar\u00e1 30.000 euros para atender a las mujeres con discapacidad - Asociaci\u00f3n Espa\u00f1ola S\u00edndrome de Charge","isPartOf":{"@id":"https:\/\/sindromecharge.es\/#website"},"datePublished":"2021-04-21T15:42:21+00:00","author":{"@id":"https:\/\/sindromecharge.es\/#\/schema\/person\/39a60ebe0a2b4d5a11179701e336b039"},"breadcrumb":{"@id":"https:\/\/sindromecharge.es\/index.php\/2021\/04\/21\/el-ayuntamiento-destinara-30-000-euros-para-atender-a-las-mujeres-con-discapacidad\/#breadcrumb"},"inLanguage":"es","potentialAction":[{"@type":"ReadAction","target":["https:\/\/sindromecharge.es\/index.php\/2021\/04\/21\/el-ayuntamiento-destinara-30-000-euros-para-atender-a-las-mujeres-con-discapacidad\/"]}]},{"@type":"BreadcrumbList","@id":"https:\/\/sindromecharge.es\/index.php\/2021\/04\/21\/el-ayuntamiento-destinara-30-000-euros-para-atender-a-las-mujeres-con-discapacidad\/#breadcrumb","itemListElement":[{"@type":"ListItem","position":1,"name":"Portada","item":"https:\/\/sindromecharge.es\/"},{"@type":"ListItem","position":2,"name":"El Ayuntamiento destinar\u00e1 30.000 euros para atender a las mujeres con discapacidad"}]},{"@type":"WebSite","@id":"https:\/\/sindromecharge.es\/#website","url":"https:\/\/sindromecharge.es\/","name":"Asociaci\u00f3n Espa\u00f1ola S\u00edndrome de Charge","description":"","potentialAction":[{"@type":"SearchAction","target":{"@type":"EntryPoint","urlTemplate":"https:\/\/sindromecharge.es\/?s={search_term_string}"},"query-input":{"@type":"PropertyValueSpecification","valueRequired":true,"valueName":"search_term_string"}}],"inLanguage":"es"},{"@type":"Person","@id":"https:\/\/sindromecharge.es\/#\/schema\/person\/39a60ebe0a2b4d5a11179701e336b039","name":"Charge","image":{"@type":"ImageObject","inLanguage":"es","@id":"https:\/\/secure.gravatar.com\/avatar\/c3b46e32a0fc3b093a0873fb767bf3293de856293065e84ef06b7ec7a8acfb98?s=96&d=identicon&r=x","url":"https:\/\/secure.gravatar.com\/avatar\/c3b46e32a0fc3b093a0873fb767bf3293de856293065e84ef06b7ec7a8acfb98?s=96&d=identicon&r=x","contentUrl":"https:\/\/secure.gravatar.com\/avatar\/c3b46e32a0fc3b093a0873fb767bf3293de856293065e84ef06b7ec7a8acfb98?s=96&d=identicon&r=x","caption":"Charge"},"url":"https:\/\/sindromecharge.es\/index.php\/author\/admin\/"}]}},"_links":{"self":[{"href":"https:\/\/sindromecharge.es\/index.php\/wp-json\/wp\/v2\/posts\/7072","targetHints":{"allow":["GET"]}}],"collection":[{"href":"https:\/\/sindromecharge.es\/index.php\/wp-json\/wp\/v2\/posts"}],"about":[{"href":"https:\/\/sindromecharge.es\/index.php\/wp-json\/wp\/v2\/types\/post"}],"author":[{"embeddable":true,"href":"https:\/\/sindromecharge.es\/index.php\/wp-json\/wp\/v2\/users\/1"}],"replies":[{"embeddable":true,"href":"https:\/\/sindromecharge.es\/index.php\/wp-json\/wp\/v2\/comments?post=7072"}],"version-history":[{"count":0,"href":"https:\/\/sindromecharge.es\/index.php\/wp-json\/wp\/v2\/posts\/7072\/revisions"}],"wp:attachment":[{"href":"https:\/\/sindromecharge.es\/index.php\/wp-json\/wp\/v2\/media?parent=7072"}],"wp:term":[{"taxonomy":"category","embeddable":true,"href":"https:\/\/sindromecharge.es\/index.php\/wp-json\/wp\/v2\/categories?post=7072"},{"taxonomy":"post_tag","embeddable":true,"href":"https:\/\/sindromecharge.es\/index.php\/wp-json\/wp\/v2\/tags?post=7072"}],"curies":[{"name":"wp","href":"https:\/\/api.w.org\/{rel}","templated":true}]}}