{"id":7068,"date":"2021-04-21T15:45:33","date_gmt":"2021-04-21T15:45:33","guid":{"rendered":"https:\/\/sindromecharge.es\/index.php\/2021\/04\/21\/federico-gutierrez-larraya-la-norma-es-que-los-pacientes-con-cardiopatia-acudan-al-colegio\/"},"modified":"2021-04-21T15:45:33","modified_gmt":"2021-04-21T15:45:33","slug":"federico-gutierrez-larraya-la-norma-es-que-los-pacientes-con-cardiopatia-acudan-al-colegio","status":"publish","type":"post","link":"https:\/\/sindromecharge.es\/index.php\/2021\/04\/21\/federico-gutierrez-larraya-la-norma-es-que-los-pacientes-con-cardiopatia-acudan-al-colegio\/","title":{"rendered":"Federico Guti\u00e9rrez-Larraya: \u2018La norma es que los pacientes con cardiopat\u00eda acudan al colegio\u2019"},"content":{"rendered":"<p>Leemos en Menudos Corazones la siguiente noticia que os reproducimos de forma \u00edntegra: <\/p>\n<h5><strong>Para muchos menores con cardiopat\u00edas cong\u00e9nitas, la escolarizaci\u00f3n presencial en este curso marcado por la pandemia sigue siendo una asignatura pendiente.<\/strong><\/h5>\n<h5><strong>Sobre los beneficios de esta vuelta al colegio en el contexto epidemiol\u00f3gico actual y sobre la vacunaci\u00f3n de pacientes con cardiopat\u00edas, hablamos con el jefe de Servicio de Cardiolog\u00eda Pedi\u00e1trica del Hospital La Paz (Madrid), Federico Guti\u00e9rrez-Larraya.<\/strong><\/h5>\n<figure id=\"attachment_28818\" aria-describedby=\"caption-attachment-28818\" style=\"width: 300px\" class=\"wp-caption aligncenter\"><img loading=\"lazy\" decoding=\"async\" class=\"wp-image-28818 size-full\" src=\"https:\/\/www.menudoscorazones.org\/wp-content\/uploads\/2021\/04\/Dr.-Guti\u00e9rrez-Larraya.jpg\" alt=\"Retrato del Dr. Federico Guti\u00e9rrez Larraya\" width=\"300\" height=\"200\" \/><figcaption id=\"caption-attachment-28818\" class=\"wp-caption-text\">El jefe de Servicio de Cardiolog\u00eda Pedi\u00e1trica del Hospital La Paz, Federico Guti\u00e9rrez-Larraya.<\/figcaption><\/figure>\n<p><strong>En la fecha de esta entrevista, abril de 2021, \u00bfcu\u00e1l es la situaci\u00f3n de la covid-19 en la poblaci\u00f3n pedi\u00e1trica con cardiopat\u00edas cong\u00e9nitas?<\/strong><\/p>\n<p>Los m\u00e9dicos que trabajamos con ni\u00f1os estamos continuamente diciendo que no son adultos peque\u00f1os, sino que son completamente diferentes. En este a\u00f1o tan dif\u00edcil, en el que hemos tenido que aprender much\u00edsimo, hemos comprobado esta idea de una forma muy gr\u00e1fica.<\/p>\n<p>Porque la realidad es que los contagios entre ni\u00f1os son baj\u00edsimos con respecto a los que se dan en adultos, y la enfermedad se presenta en ellos de forma leve. Del total de la poblaci\u00f3n contagiada, entre un 10% y un 15% son ni\u00f1os.<\/p>\n<p>En este momento, seg\u00fan resultados de metaan\u00e1lisis publicados recientemente, de cada 160 ni\u00f1os y ni\u00f1as que se diagnostican de coronavirus, 1 ingresa en el hospital. Y de cada 22 pacientes pedi\u00e1tricos hospitalizados, apenas 1 tiene que ir a la UVI. \u00bfEstos que ingresan, aunque sean pocos, son mayormente cardi\u00f3patas? No, la verdad es que no.<\/p>\n<p>As\u00ed como en los adultos tenemos bastante establecido cu\u00e1les son los factores de riesgo (edad, tener enfermedad cardiaca o renal cr\u00f3nica, obesidad, tabaquismo), en el caso de los ni\u00f1os, por asemejarnos a esa pol\u00edtica que parece bastante cauta, precavida y prudente, metimos en el mismo grupo a los que tienen enfermedades cardiacas y a los que est\u00e1n inmunodeprimidos, entre otros.<\/p>\n<p>Y aunque tenemos m\u00e1s vigilados y protegidos a estos pacientes, especialmente a quienes, adem\u00e1s de cardiopat\u00edas, tienen cromosomopat\u00edas o d\u00e9ficit intelectual, no puedo decir que globalmente las cardiopat\u00edas conlleven mayor incidencia o mayor gravedad ante la infecci\u00f3n por covid-19.<\/p>\n<h3><span style=\"color: #d0103a\"><strong>Regreso a las aulas, \u00bfs\u00ed o no?<\/strong><\/span><\/h3>\n<p><strong>En el contexto actual, \u00bfcu\u00e1l es tu criterio en relaci\u00f3n con la asistencia presencial a los centros educativos de los menores con cardiopat\u00edas? <\/strong><\/p>\n<p>La norma es que los pacientes con cardiopat\u00eda acudan al colegio. En este momento, la experiencia de Espa\u00f1a y de otros pa\u00edses arroja como conclusi\u00f3n que los centros educativos son un sitio seguro tanto para los ni\u00f1os como para los cuidadores y el profesorado.<\/p>\n<p>En Alemania, que han abierto y cerrado los colegios una y otra vez, no ha habido ning\u00fan impacto sobre la morbilidad y mortalidad ni sobre la epidemiolog\u00eda general del virus. En Suecia o en Finlandia, en cambio, no se cerraron ning\u00fan d\u00eda y la mortalidad infantil no ha aumentado respecto a los a\u00f1os \u2018pre-covid\u2019.<\/p>\n<p>Aproximadamente hace un mes, el Centro Europeo de Prevenci\u00f3n de Enfermedades afirmaba que el riesgo de transmisi\u00f3n entre los ni\u00f1os y adultos que van a guarder\u00edas y colegios es menor; cuando el a\u00f1o pasado pens\u00e1bamos que los ni\u00f1os, probablemente, fueran transmisores silentes y grandes diseminadores de la enfermedad.<\/p>\n<p>Creo que en los colegios se est\u00e1 haciendo muy bien y deber\u00edamos aprender mucho de ellos. \u00bfOs acord\u00e1is del miedo que ten\u00edamos al final del verano pasado, esa sensaci\u00f3n de que \u00edbamos camino a una hecatombe? Los ni\u00f1os, el profesorado, las administraciones de los centros\u2026 nos han dado una lecci\u00f3n. Lo est\u00e1n haciendo bien.<\/p>\n<p>Quiz\u00e1 dentro de un a\u00f1o tengamos m\u00e1s conocimiento y lo que estoy afirmando ahora deba ser matizado. Pero, actualmente, atendiendo a lo que aseguran las instituciones sanitarias de peso, lo cierto es que el foco de contagio no est\u00e1 donde pens\u00e1bamos que estaba.<\/p>\n<h3><span style=\"color: #d0103a\"><strong>El riesgo de no socializar<\/strong><\/span><\/h3>\n<p><strong>\u00bfY cu\u00e1les ser\u00edan las excepciones a la regla? Es decir, aquellas cardiopat\u00edas o condiciones que desaconsejar\u00edan la incorporaci\u00f3n a las aulas.<\/strong><\/p>\n<p>Las excepciones de no hacerlo son de sentido com\u00fan. En primer lugar, seg\u00fan el criterio del cardi\u00f3logo que est\u00e1 llevando al paciente, pues hay varios factores que pueden incidir en esa decisi\u00f3n.<\/p>\n<p>Es importante destacar, adem\u00e1s, que hablamos de pacientes que est\u00e1n pendientes de una intervenci\u00f3n, o tienen complicaciones o cardiopat\u00edas muy severas\u2026 Que, vuelvo a decirlo, no son la mayor\u00eda.<\/p>\n<p>En cambio, las consecuencias de no ir al colegio s\u00ed que son muy duras. El confinamiento de este \u00faltimo a\u00f1o ha sido dif\u00edcil para todos. Pero en la infancia, a largo plazo, no asistir al cole podr\u00eda generar problemas.<\/p>\n<p>Sabemos que es bueno que los ni\u00f1os est\u00e9n integrados socialmente, se relacionen con iguales, adquieran unas normas y se puedan mirar tambi\u00e9n en el espejo de los dem\u00e1s ni\u00f1os.<\/p>\n<p>El \u2018riesgo 0\u2019 no existe, pero la probabilidad de contagio en este momento en los colegios es inferior a las dificultades sociales y de aprendizaje derivadas de no ir.<\/p>\n<p><strong>\u00bfPodr\u00edamos decir, entonces, que estar\u00eda contraindicada la asistencia al colegio de aquellos ni\u00f1os y ni\u00f1as a quienes, aunque no hubiera covid-19, se les recomendar\u00eda permanecer en sus domicilios?<\/strong><\/p>\n<p>S\u00ed, ser\u00edan ni\u00f1os que en a\u00f1os anteriores, con otras epidemias (gripe, bronquiolitis\u2026), tambi\u00e9n hubieran tenido limitada su asistencia al colegio.<\/p>\n<figure id=\"attachment_28820\" aria-describedby=\"caption-attachment-28820\" style=\"width: 702px\" class=\"wp-caption aligncenter\"><img loading=\"lazy\" decoding=\"async\" class=\"size-large wp-image-28820\" src=\"https:\/\/www.menudoscorazones.org\/wp-content\/uploads\/2021\/04\/Maru-y-Federico_Ram\u00f3n-y-Cajal-1024x681.jpg\" alt=\"El doctor junto a una de nuestras voluntarias en el Hospital Ram\u00f3n y Cajal, Maru.\" width=\"702\" height=\"467\" \/><figcaption id=\"caption-attachment-28820\" class=\"wp-caption-text\">El doctor Guti\u00e9rrez-Larraya junto a una de nuestras voluntarias, Maru, en el Hospital Ram\u00f3n y Cajal.<\/figcaption><\/figure>\n<p><strong>Sin embargo, observamos que sigue habiendo menores que, independientemente de la complejidad de su cardiopat\u00eda, permanecen en casa; en ocasiones acompa\u00f1ados de sus hermanos y hermanas.<\/strong><\/p>\n<p>Es una realidad que yo tambi\u00e9n veo en mis pacientes. En este sentido, quiero trasladar mi respeto general y mi comprensi\u00f3n a la decisi\u00f3n de la familia, porque a la gente debemos convencerla, no imponernos. Ya me gustar\u00eda a m\u00ed estar seguro mil por mil de lo que estoy afirmando, pero hablo del mundo de las probabilidades, en el que algo se puede escapar. Adem\u00e1s, hay multitud de circunstancias personales que llevan a tomar una u otra decisi\u00f3n.<\/p>\n<p>Por otra parte, yo creo que dos terceras partes de los ni\u00f1os con cardiopat\u00edas s\u00ed podr\u00edan asistir presencialmente a las aulas. Y habr\u00eda que dejar un tercio para esas otras circunstancias, m\u00e1s personales. Y por eso animo a las familias a considerarlo, discuto cada caso\u2026 No se trata solo de decirles: \u2018Tienes que llevar a tu hijo al colegio\u2019.<\/p>\n<p>En muchas ocasiones, tenemos una dificultad real de tiempo para asignar a estas conversaciones. Muchas familias lo necesitan, est\u00e1n realmente preocupadas, y no siempre podemos disponer de ese rato para hablar con cada una de ellas, la verdad.<\/p>\n<p>Por otra parte, tambi\u00e9n entiendo que la posici\u00f3n m\u00e9dica sea conservadora. En este \u00faltimo a\u00f1o ha habido informaci\u00f3n muy variada y tenemos que tener mucha precauci\u00f3n y mucha sensatez.<\/p>\n<h3><span style=\"color: #d0103a\"><strong>Adolescentes, m\u00e1s vulnerables<\/strong><\/span><\/h3>\n<p><strong>En el alumnado, \u00bfse podr\u00eda determinar a partir de qu\u00e9 edad existe m\u00e1s riesgo de contagio o peor pron\u00f3stico?<\/strong><\/p>\n<p>No hemos llegado a detallar este grado de diferenciaci\u00f3n por edades, pero s\u00ed tenemos una preocupaci\u00f3n muy grande con los adolescentes porque llevan un a\u00f1o en el que las hormonas se dan de bruces con la situaci\u00f3n general. Es un grupo particularmente vulnerable, pero no solo por la cardiopat\u00eda, si la tienen; sino vulnerable desde el punto de vista psicol\u00f3gico.<\/p>\n<p>El colegio o el instituto no es solo un lugar al que se va a aprender c\u00e1lculo; sino que todo lo que all\u00ed ocurre es una fuente enorme y muy importante de informaci\u00f3n, para la familia y tambi\u00e9n para los m\u00e9dicos, de lo que est\u00e1 pasando con sus hijos.<\/p>\n<p>Y este es un motivo m\u00e1s para animarlos a asistir a los centros.<\/p>\n<figure id=\"attachment_28819\" aria-describedby=\"caption-attachment-28819\" style=\"width: 582px\" class=\"wp-caption aligncenter\"><img loading=\"lazy\" decoding=\"async\" class=\"wp-image-28819 size-full\" src=\"https:\/\/www.menudoscorazones.org\/wp-content\/uploads\/2021\/04\/Dr.-Guti\u00e9rrez-Larraya_Vacunaci\u00f3n.jpeg\" alt=\"Vacunaci\u00f3n frente a la covid-19 del doctor Guti\u00e9rrez-Larraya \" width=\"582\" height=\"1024\" \/><figcaption id=\"caption-attachment-28819\" class=\"wp-caption-text\">Vacunaci\u00f3n frente a la covid-19 del doctor Guti\u00e9rrez-Larraya, en enero de 2021.<\/figcaption><\/figure>\n<p><strong>En la reciente actualizaci\u00f3n de la estrategia de vacunaci\u00f3n del Ministerio de Sanidad se ha incluido a personas trasplantadas y en espera de trasplante, entendemos que mayores de 16 a\u00f1os. <\/strong><\/p>\n<p>S\u00ed, as\u00ed es. En otros pa\u00edses no se ha considerado igual y est\u00e1n vacunando a partir de los 18 a\u00f1os.<\/p>\n<p><strong>A corto o medio plazo, \u00bfcrees posible la vacunaci\u00f3n a menores de 16 a\u00f1os?<\/strong><\/p>\n<p>Pfizer, en concreto, est\u00e1 reclutando pacientes de entre 12 y 16 a\u00f1os. Pero, hasta la fecha, al menos hasta donde tengo conocimiento, es solamente un ensayo que est\u00e1 en fase de reclutamiento. Y con ni\u00f1os por debajo de 12 a\u00f1os, no hay nada todav\u00eda. Por eso es responsabilidad de los adultos vacunarnos nosotros para conseguir ese \u2018efecto reba\u00f1o\u2019 del que tanto hablamos \u00faltimamente. Los m\u00e1s peque\u00f1os, que no pueden defenderse de otra manera, se beneficiar\u00e1n de nuestra propia vacunaci\u00f3n.<\/p>\n<p>Las vacunas son seguras y son buenas. Los efectos adversos que surgen de ellas son minoritarios y muy inferiores a los que surgen de la propia enfermedad.<\/p>\n<h3><span style=\"color: #d0103a\"><strong>Sobre la vacunaci\u00f3n<\/strong><\/span><\/h3>\n<p><strong>\u00bfSer\u00eda conveniente que las personas mayores de 16 a\u00f1os con cardiopat\u00edas cong\u00e9nitas complejas se incorporaran antes a los grupos de vacunaci\u00f3n?<\/strong><\/p>\n<p>S\u00ed, creo que s\u00ed en el caso de los pacientes en situaciones cl\u00ednicas m\u00e1s complejas, desde el punto de vista de su cardiopat\u00eda o porque tienen afectaciones varias. Este es un grupo que requiere una atenci\u00f3n particular.<\/p>\n<p>Precisamente, estos ser\u00edan los casos a los que nos referimos cuando hablamos de \u2018excepciones\u2019. Habr\u00e1 que precisar qu\u00e9 vacuna es la mejor, qu\u00e9 dosis\u2026 No es lo mismo un adulto de 70 kg que un adolescente con una cardiopat\u00eda que pesa 32 kg.<\/p>\n<p><strong>Para dise\u00f1ar la estrategia de vacunaci\u00f3n, \u00bfse consulta a los m\u00e9dicos de las distintas especialidades sobre qu\u00e9 pacientes deber\u00edan ser prioritarios?<\/strong><\/p>\n<p>Por supuesto, hay colectivos m\u00e9dicos muy concienciados, involucrados y comprometidos en esto. Y, desde luego, tanto desde el Ministerio de Sanidad como desde las Consejer\u00edas se cuenta con ellos.<\/p>\n<p>Desde fuera quiz\u00e1 se ve de una forma m\u00e1s superficial, pero desde dentro hay much\u00edsimo trabajo, gente dedicada de forma generosa y transparente que no duerme pensando en estas decisiones, dif\u00edciles de tomar.<\/p>\n<p><strong>Entonces, \u00bfse podr\u00eda asegurar que las personas adultas con cardiopat\u00edas complejas ser\u00e1n tomadas en cuenta para vacunarse antes?<\/strong><\/p>\n<p>S\u00ed, el mensaje es que hay gente que est\u00e1 cuidando y velando por ellas, que no est\u00e1n olvidadas. Es un colectivo que est\u00e1 representado y al que quiero transmitir un mensaje de \u00e1nimo.<\/p>\n<p><strong>\u00bfConsideras que habr\u00eda que dar prioridad en la vacunaci\u00f3n a personas cuidadoras de ni\u00f1os y ni\u00f1as con cardiopat\u00edas? <\/strong><\/p>\n<p>No lo s\u00e9. Hay colegas que se dedican a esto, hay estrategias epidemiol\u00f3gicas y con una matem\u00e1tica muy compleja. Creo que ser\u00eda desafortunado pronunciarme.<\/p>\n<p><strong>Con qu\u00e9 palabras quisieras finalizar esta entrevista\u2026<\/strong><\/p>\n<p>A riesgo de repetirme, mi mensaje es que todav\u00eda tenemos que ir con cuidado. Hay que confiar en la vacuna, pero debemos seguir poniendo de nuestra parte, con sensatez, calma, paciencia\u2026<\/p>\n<p>No nos olvidemos de la mascarilla, el lavado de manos, la distancia social\u2026 \u00a1Cuidado, cuidado y cuidado: no nos relajemos!<\/p>\n<p>Somos responsables de nuestros ni\u00f1os y ni\u00f1as con cardiopat\u00edas cong\u00e9nitas.<\/p>\n<p>Y quiero destacar y agradecer, por \u00faltimo, el importante papel que en momentos como este desempe\u00f1an organizaciones de pacientes como Menudos Corazones, canalizando y representando las inquietudes individuales.<\/p>\n<p>&nbsp;<\/p>\n<h5 style=\"text-align: center\"><strong>Si este contenido te ha parecido interesante, ay\u00fadanos a seguir ofreci\u00e9ndotelo:<\/strong><\/h5>\n<p><a href=\"https:\/\/www.menudoscorazones.org\/colabora\/asociate\/\"><img loading=\"lazy\" decoding=\"async\" class=\"aligncenter wp-image-28866 size-medium\" src=\"https:\/\/www.menudoscorazones.org\/wp-content\/uploads\/2021\/04\/Hazte-socio-1-300x121.png\" alt=\"\" width=\"300\" height=\"121\" \/><\/a><\/p>\n<p><a href=\"https:\/\/www.menudoscorazones.org\/colabora\/haz-un-donativo\/\"><img loading=\"lazy\" decoding=\"async\" class=\"aligncenter wp-image-28867 size-medium\" src=\"https:\/\/www.menudoscorazones.org\/wp-content\/uploads\/2021\/04\/Haz-un-donativo-2-1-300x121.png\" alt=\"\" width=\"300\" height=\"121\" \/><\/a><\/p>\n<h5 style=\"text-align: center\"><strong>Tambi\u00e9n puedes dejarnos tus datos <a href=\"https:\/\/www.menudoscorazones.org\/contacto\/\">aqu\u00ed<\/a> para recibir informaci\u00f3n sobre cardiopat\u00edas cong\u00e9nitas en tu correo electr\u00f3nico.<\/strong><\/h5>\n<h5 style=\"text-align: center\"><\/h5>\n<p>&nbsp;<\/p>\n<p>La entrada <a rel=\"nofollow\" href=\"https:\/\/www.menudoscorazones.org\/2021\/federico-gutierrez-larraya-la-norma-es-que-los-pacientes-con-cardiopatia-acudan-al-colegio\/\">Federico Guti\u00e9rrez-Larraya: &#8216;La norma es que los pacientes con cardiopat\u00eda acudan al colegio&#8217;<\/a> aparece primero en <a rel=\"nofollow\" href=\"https:\/\/www.menudoscorazones.org\">Menudos Corazones<\/a>.<\/p>\n<p>Fuente: Menudos Corazones <a href=\"https:\/\/www.menudoscorazones.org\/2021\/federico-gutierrez-larraya-la-norma-es-que-los-pacientes-con-cardiopatia-acudan-al-colegio\/\" target=\"_blank\" rel=\"noopener\">Federico Guti\u00e9rrez-Larraya: \u2018La norma es que los pacientes con cardiopat\u00eda acudan al colegio\u2019<\/a><\/p>\n","protected":false},"excerpt":{"rendered":"<p>Leemos en Menudos Corazones la siguiente noticia que os reproducimos de forma \u00edntegra: Para muchos menores con cardiopat\u00edas cong\u00e9nitas, la escolarizaci\u00f3n presencial en este curso marcado por la pandemia sigue siendo una asignatura pendiente. Sobre los beneficios de esta vuelta al colegio en el contexto epidemiol\u00f3gico actual y sobre la vacunaci\u00f3n de pacientes con cardiopat\u00edas, [&hellip;]<\/p>\n","protected":false},"author":1,"featured_media":0,"comment_status":"open","ping_status":"closed","sticky":false,"template":"","format":"standard","meta":{"footnotes":""},"categories":[8],"tags":[113],"class_list":["post-7068","post","type-post","status-publish","format-standard","hentry","category-noticias","tag-corazon"],"yoast_head":"<!-- This site is optimized with the Yoast SEO plugin v27.5 - https:\/\/yoast.com\/product\/yoast-seo-wordpress\/ -->\n<title>Federico Guti\u00e9rrez-Larraya: \u2018La norma es que los pacientes con cardiopat\u00eda acudan al colegio\u2019 - Asociaci\u00f3n Espa\u00f1ola S\u00edndrome de Charge<\/title>\n<meta name=\"robots\" content=\"index, follow, max-snippet:-1, max-image-preview:large, max-video-preview:-1\" \/>\n<link rel=\"canonical\" href=\"https:\/\/sindromecharge.es\/index.php\/2021\/04\/21\/federico-gutierrez-larraya-la-norma-es-que-los-pacientes-con-cardiopatia-acudan-al-colegio\/\" \/>\n<meta property=\"og:locale\" content=\"es_ES\" \/>\n<meta property=\"og:type\" content=\"article\" \/>\n<meta property=\"og:title\" content=\"Federico Guti\u00e9rrez-Larraya: \u2018La norma es que los pacientes con cardiopat\u00eda acudan al colegio\u2019 - Asociaci\u00f3n Espa\u00f1ola S\u00edndrome de Charge\" \/>\n<meta property=\"og:description\" content=\"Leemos en Menudos Corazones la siguiente noticia que os reproducimos de forma \u00edntegra: Para muchos menores con cardiopat\u00edas cong\u00e9nitas, la escolarizaci\u00f3n presencial en este curso marcado por la pandemia sigue siendo una asignatura pendiente. Sobre los beneficios de esta vuelta al colegio en el contexto epidemiol\u00f3gico actual y sobre la vacunaci\u00f3n de pacientes con cardiopat\u00edas, [&hellip;]\" \/>\n<meta property=\"og:url\" content=\"https:\/\/sindromecharge.es\/index.php\/2021\/04\/21\/federico-gutierrez-larraya-la-norma-es-que-los-pacientes-con-cardiopatia-acudan-al-colegio\/\" \/>\n<meta property=\"og:site_name\" content=\"Asociaci\u00f3n Espa\u00f1ola S\u00edndrome de Charge\" \/>\n<meta property=\"article:publisher\" content=\"https:\/\/www.facebook.com\/asociacionsindromecharge\" \/>\n<meta property=\"article:published_time\" content=\"2021-04-21T15:45:33+00:00\" \/>\n<meta property=\"og:image\" content=\"https:\/\/www.menudoscorazones.org\/wp-content\/uploads\/2021\/04\/Dr.-Guti\u00e9rrez-Larraya.jpg\" \/>\n<meta name=\"author\" content=\"Charge\" \/>\n<meta name=\"twitter:card\" content=\"summary_large_image\" \/>\n<meta name=\"twitter:creator\" content=\"@sindromecharge\" \/>\n<meta name=\"twitter:site\" content=\"@sindromecharge\" \/>\n<meta name=\"twitter:label1\" content=\"Escrito por\" \/>\n\t<meta name=\"twitter:data1\" content=\"Charge\" \/>\n\t<meta name=\"twitter:label2\" content=\"Tiempo de lectura\" \/>\n\t<meta name=\"twitter:data2\" content=\"10 minutos\" \/>\n<script type=\"application\/ld+json\" class=\"yoast-schema-graph\">{\"@context\":\"https:\\\/\\\/schema.org\",\"@graph\":[{\"@type\":\"Article\",\"@id\":\"https:\\\/\\\/sindromecharge.es\\\/index.php\\\/2021\\\/04\\\/21\\\/federico-gutierrez-larraya-la-norma-es-que-los-pacientes-con-cardiopatia-acudan-al-colegio\\\/#article\",\"isPartOf\":{\"@id\":\"https:\\\/\\\/sindromecharge.es\\\/index.php\\\/2021\\\/04\\\/21\\\/federico-gutierrez-larraya-la-norma-es-que-los-pacientes-con-cardiopatia-acudan-al-colegio\\\/\"},\"author\":{\"name\":\"Charge\",\"@id\":\"https:\\\/\\\/sindromecharge.es\\\/#\\\/schema\\\/person\\\/39a60ebe0a2b4d5a11179701e336b039\"},\"headline\":\"Federico Guti\u00e9rrez-Larraya: \u2018La norma es que los pacientes con cardiopat\u00eda acudan al colegio\u2019\",\"datePublished\":\"2021-04-21T15:45:33+00:00\",\"mainEntityOfPage\":{\"@id\":\"https:\\\/\\\/sindromecharge.es\\\/index.php\\\/2021\\\/04\\\/21\\\/federico-gutierrez-larraya-la-norma-es-que-los-pacientes-con-cardiopatia-acudan-al-colegio\\\/\"},\"wordCount\":2075,\"commentCount\":0,\"image\":{\"@id\":\"https:\\\/\\\/sindromecharge.es\\\/index.php\\\/2021\\\/04\\\/21\\\/federico-gutierrez-larraya-la-norma-es-que-los-pacientes-con-cardiopatia-acudan-al-colegio\\\/#primaryimage\"},\"thumbnailUrl\":\"https:\\\/\\\/www.menudoscorazones.org\\\/wp-content\\\/uploads\\\/2021\\\/04\\\/Hazte-socio-1-300x121.png\",\"keywords\":[\"corazon\"],\"articleSection\":[\"noticias\"],\"inLanguage\":\"es\",\"potentialAction\":[{\"@type\":\"CommentAction\",\"name\":\"Comment\",\"target\":[\"https:\\\/\\\/sindromecharge.es\\\/index.php\\\/2021\\\/04\\\/21\\\/federico-gutierrez-larraya-la-norma-es-que-los-pacientes-con-cardiopatia-acudan-al-colegio\\\/#respond\"]}]},{\"@type\":\"WebPage\",\"@id\":\"https:\\\/\\\/sindromecharge.es\\\/index.php\\\/2021\\\/04\\\/21\\\/federico-gutierrez-larraya-la-norma-es-que-los-pacientes-con-cardiopatia-acudan-al-colegio\\\/\",\"url\":\"https:\\\/\\\/sindromecharge.es\\\/index.php\\\/2021\\\/04\\\/21\\\/federico-gutierrez-larraya-la-norma-es-que-los-pacientes-con-cardiopatia-acudan-al-colegio\\\/\",\"name\":\"Federico Guti\u00e9rrez-Larraya: \u2018La norma es que los pacientes con cardiopat\u00eda acudan al colegio\u2019 - Asociaci\u00f3n Espa\u00f1ola S\u00edndrome de Charge\",\"isPartOf\":{\"@id\":\"https:\\\/\\\/sindromecharge.es\\\/#website\"},\"primaryImageOfPage\":{\"@id\":\"https:\\\/\\\/sindromecharge.es\\\/index.php\\\/2021\\\/04\\\/21\\\/federico-gutierrez-larraya-la-norma-es-que-los-pacientes-con-cardiopatia-acudan-al-colegio\\\/#primaryimage\"},\"image\":{\"@id\":\"https:\\\/\\\/sindromecharge.es\\\/index.php\\\/2021\\\/04\\\/21\\\/federico-gutierrez-larraya-la-norma-es-que-los-pacientes-con-cardiopatia-acudan-al-colegio\\\/#primaryimage\"},\"thumbnailUrl\":\"https:\\\/\\\/www.menudoscorazones.org\\\/wp-content\\\/uploads\\\/2021\\\/04\\\/Hazte-socio-1-300x121.png\",\"datePublished\":\"2021-04-21T15:45:33+00:00\",\"author\":{\"@id\":\"https:\\\/\\\/sindromecharge.es\\\/#\\\/schema\\\/person\\\/39a60ebe0a2b4d5a11179701e336b039\"},\"breadcrumb\":{\"@id\":\"https:\\\/\\\/sindromecharge.es\\\/index.php\\\/2021\\\/04\\\/21\\\/federico-gutierrez-larraya-la-norma-es-que-los-pacientes-con-cardiopatia-acudan-al-colegio\\\/#breadcrumb\"},\"inLanguage\":\"es\",\"potentialAction\":[{\"@type\":\"ReadAction\",\"target\":[\"https:\\\/\\\/sindromecharge.es\\\/index.php\\\/2021\\\/04\\\/21\\\/federico-gutierrez-larraya-la-norma-es-que-los-pacientes-con-cardiopatia-acudan-al-colegio\\\/\"]}]},{\"@type\":\"ImageObject\",\"inLanguage\":\"es\",\"@id\":\"https:\\\/\\\/sindromecharge.es\\\/index.php\\\/2021\\\/04\\\/21\\\/federico-gutierrez-larraya-la-norma-es-que-los-pacientes-con-cardiopatia-acudan-al-colegio\\\/#primaryimage\",\"url\":\"https:\\\/\\\/www.menudoscorazones.org\\\/wp-content\\\/uploads\\\/2021\\\/04\\\/Hazte-socio-1-300x121.png\",\"contentUrl\":\"https:\\\/\\\/www.menudoscorazones.org\\\/wp-content\\\/uploads\\\/2021\\\/04\\\/Hazte-socio-1-300x121.png\"},{\"@type\":\"BreadcrumbList\",\"@id\":\"https:\\\/\\\/sindromecharge.es\\\/index.php\\\/2021\\\/04\\\/21\\\/federico-gutierrez-larraya-la-norma-es-que-los-pacientes-con-cardiopatia-acudan-al-colegio\\\/#breadcrumb\",\"itemListElement\":[{\"@type\":\"ListItem\",\"position\":1,\"name\":\"Portada\",\"item\":\"https:\\\/\\\/sindromecharge.es\\\/\"},{\"@type\":\"ListItem\",\"position\":2,\"name\":\"Federico Guti\u00e9rrez-Larraya: \u2018La norma es que los pacientes con cardiopat\u00eda acudan al colegio\u2019\"}]},{\"@type\":\"WebSite\",\"@id\":\"https:\\\/\\\/sindromecharge.es\\\/#website\",\"url\":\"https:\\\/\\\/sindromecharge.es\\\/\",\"name\":\"Asociaci\u00f3n Espa\u00f1ola S\u00edndrome de Charge\",\"description\":\"\",\"potentialAction\":[{\"@type\":\"SearchAction\",\"target\":{\"@type\":\"EntryPoint\",\"urlTemplate\":\"https:\\\/\\\/sindromecharge.es\\\/?s={search_term_string}\"},\"query-input\":{\"@type\":\"PropertyValueSpecification\",\"valueRequired\":true,\"valueName\":\"search_term_string\"}}],\"inLanguage\":\"es\"},{\"@type\":\"Person\",\"@id\":\"https:\\\/\\\/sindromecharge.es\\\/#\\\/schema\\\/person\\\/39a60ebe0a2b4d5a11179701e336b039\",\"name\":\"Charge\",\"image\":{\"@type\":\"ImageObject\",\"inLanguage\":\"es\",\"@id\":\"https:\\\/\\\/secure.gravatar.com\\\/avatar\\\/c3b46e32a0fc3b093a0873fb767bf3293de856293065e84ef06b7ec7a8acfb98?s=96&d=identicon&r=x\",\"url\":\"https:\\\/\\\/secure.gravatar.com\\\/avatar\\\/c3b46e32a0fc3b093a0873fb767bf3293de856293065e84ef06b7ec7a8acfb98?s=96&d=identicon&r=x\",\"contentUrl\":\"https:\\\/\\\/secure.gravatar.com\\\/avatar\\\/c3b46e32a0fc3b093a0873fb767bf3293de856293065e84ef06b7ec7a8acfb98?s=96&d=identicon&r=x\",\"caption\":\"Charge\"},\"url\":\"https:\\\/\\\/sindromecharge.es\\\/index.php\\\/author\\\/admin\\\/\"}]}<\/script>\n<!-- \/ Yoast SEO plugin. -->","yoast_head_json":{"title":"Federico Guti\u00e9rrez-Larraya: \u2018La norma es que los pacientes con cardiopat\u00eda acudan al colegio\u2019 - Asociaci\u00f3n Espa\u00f1ola S\u00edndrome de Charge","robots":{"index":"index","follow":"follow","max-snippet":"max-snippet:-1","max-image-preview":"max-image-preview:large","max-video-preview":"max-video-preview:-1"},"canonical":"https:\/\/sindromecharge.es\/index.php\/2021\/04\/21\/federico-gutierrez-larraya-la-norma-es-que-los-pacientes-con-cardiopatia-acudan-al-colegio\/","og_locale":"es_ES","og_type":"article","og_title":"Federico Guti\u00e9rrez-Larraya: \u2018La norma es que los pacientes con cardiopat\u00eda acudan al colegio\u2019 - Asociaci\u00f3n Espa\u00f1ola S\u00edndrome de Charge","og_description":"Leemos en Menudos Corazones la siguiente noticia que os reproducimos de forma \u00edntegra: Para muchos menores con cardiopat\u00edas cong\u00e9nitas, la escolarizaci\u00f3n presencial en este curso marcado por la pandemia sigue siendo una asignatura pendiente. Sobre los beneficios de esta vuelta al colegio en el contexto epidemiol\u00f3gico actual y sobre la vacunaci\u00f3n de pacientes con cardiopat\u00edas, [&hellip;]","og_url":"https:\/\/sindromecharge.es\/index.php\/2021\/04\/21\/federico-gutierrez-larraya-la-norma-es-que-los-pacientes-con-cardiopatia-acudan-al-colegio\/","og_site_name":"Asociaci\u00f3n Espa\u00f1ola S\u00edndrome de Charge","article_publisher":"https:\/\/www.facebook.com\/asociacionsindromecharge","article_published_time":"2021-04-21T15:45:33+00:00","og_image":[{"url":"https:\/\/www.menudoscorazones.org\/wp-content\/uploads\/2021\/04\/Dr.-Guti\u00e9rrez-Larraya.jpg","type":"","width":"","height":""}],"author":"Charge","twitter_card":"summary_large_image","twitter_creator":"@sindromecharge","twitter_site":"@sindromecharge","twitter_misc":{"Escrito por":"Charge","Tiempo de lectura":"10 minutos"},"schema":{"@context":"https:\/\/schema.org","@graph":[{"@type":"Article","@id":"https:\/\/sindromecharge.es\/index.php\/2021\/04\/21\/federico-gutierrez-larraya-la-norma-es-que-los-pacientes-con-cardiopatia-acudan-al-colegio\/#article","isPartOf":{"@id":"https:\/\/sindromecharge.es\/index.php\/2021\/04\/21\/federico-gutierrez-larraya-la-norma-es-que-los-pacientes-con-cardiopatia-acudan-al-colegio\/"},"author":{"name":"Charge","@id":"https:\/\/sindromecharge.es\/#\/schema\/person\/39a60ebe0a2b4d5a11179701e336b039"},"headline":"Federico Guti\u00e9rrez-Larraya: \u2018La norma es que los pacientes con cardiopat\u00eda acudan al colegio\u2019","datePublished":"2021-04-21T15:45:33+00:00","mainEntityOfPage":{"@id":"https:\/\/sindromecharge.es\/index.php\/2021\/04\/21\/federico-gutierrez-larraya-la-norma-es-que-los-pacientes-con-cardiopatia-acudan-al-colegio\/"},"wordCount":2075,"commentCount":0,"image":{"@id":"https:\/\/sindromecharge.es\/index.php\/2021\/04\/21\/federico-gutierrez-larraya-la-norma-es-que-los-pacientes-con-cardiopatia-acudan-al-colegio\/#primaryimage"},"thumbnailUrl":"https:\/\/www.menudoscorazones.org\/wp-content\/uploads\/2021\/04\/Hazte-socio-1-300x121.png","keywords":["corazon"],"articleSection":["noticias"],"inLanguage":"es","potentialAction":[{"@type":"CommentAction","name":"Comment","target":["https:\/\/sindromecharge.es\/index.php\/2021\/04\/21\/federico-gutierrez-larraya-la-norma-es-que-los-pacientes-con-cardiopatia-acudan-al-colegio\/#respond"]}]},{"@type":"WebPage","@id":"https:\/\/sindromecharge.es\/index.php\/2021\/04\/21\/federico-gutierrez-larraya-la-norma-es-que-los-pacientes-con-cardiopatia-acudan-al-colegio\/","url":"https:\/\/sindromecharge.es\/index.php\/2021\/04\/21\/federico-gutierrez-larraya-la-norma-es-que-los-pacientes-con-cardiopatia-acudan-al-colegio\/","name":"Federico Guti\u00e9rrez-Larraya: \u2018La norma es que los pacientes con cardiopat\u00eda acudan al colegio\u2019 - Asociaci\u00f3n Espa\u00f1ola S\u00edndrome de Charge","isPartOf":{"@id":"https:\/\/sindromecharge.es\/#website"},"primaryImageOfPage":{"@id":"https:\/\/sindromecharge.es\/index.php\/2021\/04\/21\/federico-gutierrez-larraya-la-norma-es-que-los-pacientes-con-cardiopatia-acudan-al-colegio\/#primaryimage"},"image":{"@id":"https:\/\/sindromecharge.es\/index.php\/2021\/04\/21\/federico-gutierrez-larraya-la-norma-es-que-los-pacientes-con-cardiopatia-acudan-al-colegio\/#primaryimage"},"thumbnailUrl":"https:\/\/www.menudoscorazones.org\/wp-content\/uploads\/2021\/04\/Hazte-socio-1-300x121.png","datePublished":"2021-04-21T15:45:33+00:00","author":{"@id":"https:\/\/sindromecharge.es\/#\/schema\/person\/39a60ebe0a2b4d5a11179701e336b039"},"breadcrumb":{"@id":"https:\/\/sindromecharge.es\/index.php\/2021\/04\/21\/federico-gutierrez-larraya-la-norma-es-que-los-pacientes-con-cardiopatia-acudan-al-colegio\/#breadcrumb"},"inLanguage":"es","potentialAction":[{"@type":"ReadAction","target":["https:\/\/sindromecharge.es\/index.php\/2021\/04\/21\/federico-gutierrez-larraya-la-norma-es-que-los-pacientes-con-cardiopatia-acudan-al-colegio\/"]}]},{"@type":"ImageObject","inLanguage":"es","@id":"https:\/\/sindromecharge.es\/index.php\/2021\/04\/21\/federico-gutierrez-larraya-la-norma-es-que-los-pacientes-con-cardiopatia-acudan-al-colegio\/#primaryimage","url":"https:\/\/www.menudoscorazones.org\/wp-content\/uploads\/2021\/04\/Hazte-socio-1-300x121.png","contentUrl":"https:\/\/www.menudoscorazones.org\/wp-content\/uploads\/2021\/04\/Hazte-socio-1-300x121.png"},{"@type":"BreadcrumbList","@id":"https:\/\/sindromecharge.es\/index.php\/2021\/04\/21\/federico-gutierrez-larraya-la-norma-es-que-los-pacientes-con-cardiopatia-acudan-al-colegio\/#breadcrumb","itemListElement":[{"@type":"ListItem","position":1,"name":"Portada","item":"https:\/\/sindromecharge.es\/"},{"@type":"ListItem","position":2,"name":"Federico Guti\u00e9rrez-Larraya: \u2018La norma es que los pacientes con cardiopat\u00eda acudan al colegio\u2019"}]},{"@type":"WebSite","@id":"https:\/\/sindromecharge.es\/#website","url":"https:\/\/sindromecharge.es\/","name":"Asociaci\u00f3n Espa\u00f1ola S\u00edndrome de Charge","description":"","potentialAction":[{"@type":"SearchAction","target":{"@type":"EntryPoint","urlTemplate":"https:\/\/sindromecharge.es\/?s={search_term_string}"},"query-input":{"@type":"PropertyValueSpecification","valueRequired":true,"valueName":"search_term_string"}}],"inLanguage":"es"},{"@type":"Person","@id":"https:\/\/sindromecharge.es\/#\/schema\/person\/39a60ebe0a2b4d5a11179701e336b039","name":"Charge","image":{"@type":"ImageObject","inLanguage":"es","@id":"https:\/\/secure.gravatar.com\/avatar\/c3b46e32a0fc3b093a0873fb767bf3293de856293065e84ef06b7ec7a8acfb98?s=96&d=identicon&r=x","url":"https:\/\/secure.gravatar.com\/avatar\/c3b46e32a0fc3b093a0873fb767bf3293de856293065e84ef06b7ec7a8acfb98?s=96&d=identicon&r=x","contentUrl":"https:\/\/secure.gravatar.com\/avatar\/c3b46e32a0fc3b093a0873fb767bf3293de856293065e84ef06b7ec7a8acfb98?s=96&d=identicon&r=x","caption":"Charge"},"url":"https:\/\/sindromecharge.es\/index.php\/author\/admin\/"}]}},"_links":{"self":[{"href":"https:\/\/sindromecharge.es\/index.php\/wp-json\/wp\/v2\/posts\/7068","targetHints":{"allow":["GET"]}}],"collection":[{"href":"https:\/\/sindromecharge.es\/index.php\/wp-json\/wp\/v2\/posts"}],"about":[{"href":"https:\/\/sindromecharge.es\/index.php\/wp-json\/wp\/v2\/types\/post"}],"author":[{"embeddable":true,"href":"https:\/\/sindromecharge.es\/index.php\/wp-json\/wp\/v2\/users\/1"}],"replies":[{"embeddable":true,"href":"https:\/\/sindromecharge.es\/index.php\/wp-json\/wp\/v2\/comments?post=7068"}],"version-history":[{"count":0,"href":"https:\/\/sindromecharge.es\/index.php\/wp-json\/wp\/v2\/posts\/7068\/revisions"}],"wp:attachment":[{"href":"https:\/\/sindromecharge.es\/index.php\/wp-json\/wp\/v2\/media?parent=7068"}],"wp:term":[{"taxonomy":"category","embeddable":true,"href":"https:\/\/sindromecharge.es\/index.php\/wp-json\/wp\/v2\/categories?post=7068"},{"taxonomy":"post_tag","embeddable":true,"href":"https:\/\/sindromecharge.es\/index.php\/wp-json\/wp\/v2\/tags?post=7068"}],"curies":[{"name":"wp","href":"https:\/\/api.w.org\/{rel}","templated":true}]}}