{"id":7065,"date":"2021-04-21T13:04:19","date_gmt":"2021-04-21T13:04:19","guid":{"rendered":"https:\/\/sindromecharge.es\/index.php\/2021\/04\/21\/la-marcha-asprona-renueva-el-8-de-mayo-su-compromiso-con-la-inclusion-social-y-afianza-su-formato-online\/"},"modified":"2021-04-21T13:04:19","modified_gmt":"2021-04-21T13:04:19","slug":"la-marcha-asprona-renueva-el-8-de-mayo-su-compromiso-con-la-inclusion-social-y-afianza-su-formato-online","status":"publish","type":"post","link":"https:\/\/sindromecharge.es\/index.php\/2021\/04\/21\/la-marcha-asprona-renueva-el-8-de-mayo-su-compromiso-con-la-inclusion-social-y-afianza-su-formato-online\/","title":{"rendered":"La Marcha Asprona renueva el 8 de mayo su compromiso con la inclusi\u00f3n social y afianza su formato online"},"content":{"rendered":"<p>Leemos en 20minutos la siguiente noticia que os reproducimos de forma \u00edntegra: <\/p>\n<p>Cada andar\u00edn elige \u00aba su manera\u00bb c\u00f3mo participar: desde casa, por calles cercanas, jardines, por su barrio o siguiendo alguna de las rutas propuestas.<\/p>\n<p>El \u00e9xito es participar. Ajustado siempre a la normativa COVID, el reto de caminar desde cualquier lugar ayudar\u00e1 a poner en valor a las personas con discapacidad intelectual a trav\u00e9s del ejercicio f\u00edsico al aire libre, del respeto al medio ambiente y de la solidaridad por una sociedad m\u00e1s inclusiva, las se\u00f1as de identidad de La Marcha.<\/p>\n<p>Gracias a los m\u00e1s de 35.000 euros recaudados el a\u00f1o pasado, Fundaci\u00f3n Personas Valladolid pudo iniciar la construcci\u00f3n de una unidad residencial en Viana de Cega.<\/p>\n<p>Las aportaciones a la Marcha Asprona de esta edici\u00f3n ir\u00e1n destinadas a su equipamiento. Gracias a los pasos de andarines y patrocinadores, est\u00e1 m\u00e1s cerca cambiar la vida de 18 personas con grandes necesidades de apoyo que recibir\u00e1n atenci\u00f3n integral en este centro.<\/p>\n<p>LA MARCHA INVISIBLE<\/p>\n<p>Con esta edici\u00f3n nace tambi\u00e9n el concepto de &#8216;La marcha invisible&#8230; con los pies en el suelo&#8217;, un recorrido imaginario hecho con las donaciones de calzado que hagan los participantes y que seguir\u00e1 las huellas de Miguel Delibes en su ruta por el Campo Grande.<\/p>\n<p>Cada persona inscrita a la 44\u00ba Marcha Asprona podr\u00e1 donar un par de calzado con el que se crear\u00e1 un camino invisible, una gran hilera de zapatos y zapatillas que partir\u00e1 desde la estatua del escritor vallisoletano, en la Plaza de Zorrilla. Todo el calzado donado en la marcha invisible por los participantes lo recoger\u00e1 la Asociaci\u00f3n Amigos de Gambia e ir\u00e1 destinado a ayudar a las gentes y ni\u00f1os m\u00e1s desfavorecidos de este pa\u00eds africano.<\/p>\n<p>C\u00d3MO HACER LA MARCHA<\/p>\n<p>Desde hoy ya est\u00e1n abiertas las inscripciones s\u00f3lo a trav\u00e9s de la web<\/p>\n<p>Fuente: 20minutos <a href=\"https:\/\/www.20minutos.es\/noticia\/4667166\/0\/la-marcha-asprona-renueva-el-8-de-mayo-su-compromiso-con-la-inclusion-social-y-afianza-su-formato-online\/\" target=\"_blank\" rel=\"noopener\">La Marcha Asprona renueva el 8 de mayo su compromiso con la inclusi\u00f3n social y afianza su formato online<\/a><\/p>\n","protected":false},"excerpt":{"rendered":"<p>Leemos en 20minutos la siguiente noticia que os reproducimos de forma \u00edntegra: Cada andar\u00edn elige \u00aba su manera\u00bb c\u00f3mo participar: desde casa, por calles cercanas, jardines, por su barrio o siguiendo alguna de las rutas propuestas. El \u00e9xito es participar. Ajustado siempre a la normativa COVID, el reto de caminar desde cualquier lugar ayudar\u00e1 a [&hellip;]<\/p>\n","protected":false},"author":1,"featured_media":0,"comment_status":"open","ping_status":"closed","sticky":false,"template":"","format":"standard","meta":{"footnotes":""},"categories":[8],"tags":[31],"class_list":["post-7065","post","type-post","status-publish","format-standard","hentry","category-noticias","tag-discapacidad"],"yoast_head":"<!-- This site is optimized with the Yoast SEO plugin v27.5 - https:\/\/yoast.com\/product\/yoast-seo-wordpress\/ -->\n<title>La Marcha Asprona renueva el 8 de mayo su compromiso con la inclusi\u00f3n social y afianza su formato online - Asociaci\u00f3n Espa\u00f1ola S\u00edndrome de Charge<\/title>\n<meta name=\"robots\" content=\"index, follow, max-snippet:-1, max-image-preview:large, max-video-preview:-1\" \/>\n<link rel=\"canonical\" href=\"https:\/\/sindromecharge.es\/index.php\/2021\/04\/21\/la-marcha-asprona-renueva-el-8-de-mayo-su-compromiso-con-la-inclusion-social-y-afianza-su-formato-online\/\" \/>\n<meta property=\"og:locale\" content=\"es_ES\" \/>\n<meta property=\"og:type\" content=\"article\" \/>\n<meta property=\"og:title\" content=\"La Marcha Asprona renueva el 8 de mayo su compromiso con la inclusi\u00f3n social y afianza su formato online - Asociaci\u00f3n Espa\u00f1ola S\u00edndrome de Charge\" \/>\n<meta property=\"og:description\" content=\"Leemos en 20minutos la siguiente noticia que os reproducimos de forma \u00edntegra: Cada andar\u00edn elige \u00aba su manera\u00bb c\u00f3mo participar: desde casa, por calles cercanas, jardines, por su barrio o siguiendo alguna de las rutas propuestas. El \u00e9xito es participar. Ajustado siempre a la normativa COVID, el reto de caminar desde cualquier lugar ayudar\u00e1 a [&hellip;]\" \/>\n<meta property=\"og:url\" content=\"https:\/\/sindromecharge.es\/index.php\/2021\/04\/21\/la-marcha-asprona-renueva-el-8-de-mayo-su-compromiso-con-la-inclusion-social-y-afianza-su-formato-online\/\" \/>\n<meta property=\"og:site_name\" content=\"Asociaci\u00f3n Espa\u00f1ola S\u00edndrome de Charge\" \/>\n<meta property=\"article:publisher\" content=\"https:\/\/www.facebook.com\/asociacionsindromecharge\" \/>\n<meta property=\"article:published_time\" content=\"2021-04-21T13:04:19+00:00\" \/>\n<meta property=\"og:image\" content=\"https:\/\/sindromecharge.es\/wp-content\/uploads\/2013\/09\/logodecharge300x98.png\" \/>\n\t<meta property=\"og:image:width\" content=\"300\" \/>\n\t<meta property=\"og:image:height\" content=\"98\" \/>\n\t<meta property=\"og:image:type\" content=\"image\/png\" \/>\n<meta name=\"author\" content=\"Charge\" \/>\n<meta name=\"twitter:card\" content=\"summary_large_image\" \/>\n<meta name=\"twitter:creator\" content=\"@sindromecharge\" \/>\n<meta name=\"twitter:site\" content=\"@sindromecharge\" \/>\n<meta name=\"twitter:label1\" content=\"Escrito por\" \/>\n\t<meta name=\"twitter:data1\" content=\"Charge\" \/>\n\t<meta name=\"twitter:label2\" content=\"Tiempo de lectura\" \/>\n\t<meta name=\"twitter:data2\" content=\"2 minutos\" \/>\n<script type=\"application\/ld+json\" class=\"yoast-schema-graph\">{\"@context\":\"https:\\\/\\\/schema.org\",\"@graph\":[{\"@type\":\"Article\",\"@id\":\"https:\\\/\\\/sindromecharge.es\\\/index.php\\\/2021\\\/04\\\/21\\\/la-marcha-asprona-renueva-el-8-de-mayo-su-compromiso-con-la-inclusion-social-y-afianza-su-formato-online\\\/#article\",\"isPartOf\":{\"@id\":\"https:\\\/\\\/sindromecharge.es\\\/index.php\\\/2021\\\/04\\\/21\\\/la-marcha-asprona-renueva-el-8-de-mayo-su-compromiso-con-la-inclusion-social-y-afianza-su-formato-online\\\/\"},\"author\":{\"name\":\"Charge\",\"@id\":\"https:\\\/\\\/sindromecharge.es\\\/#\\\/schema\\\/person\\\/39a60ebe0a2b4d5a11179701e336b039\"},\"headline\":\"La Marcha Asprona renueva el 8 de mayo su compromiso con la inclusi\u00f3n social y afianza su formato online\",\"datePublished\":\"2021-04-21T13:04:19+00:00\",\"mainEntityOfPage\":{\"@id\":\"https:\\\/\\\/sindromecharge.es\\\/index.php\\\/2021\\\/04\\\/21\\\/la-marcha-asprona-renueva-el-8-de-mayo-su-compromiso-con-la-inclusion-social-y-afianza-su-formato-online\\\/\"},\"wordCount\":365,\"commentCount\":0,\"keywords\":[\"discapacidad\"],\"articleSection\":[\"noticias\"],\"inLanguage\":\"es\",\"potentialAction\":[{\"@type\":\"CommentAction\",\"name\":\"Comment\",\"target\":[\"https:\\\/\\\/sindromecharge.es\\\/index.php\\\/2021\\\/04\\\/21\\\/la-marcha-asprona-renueva-el-8-de-mayo-su-compromiso-con-la-inclusion-social-y-afianza-su-formato-online\\\/#respond\"]}]},{\"@type\":\"WebPage\",\"@id\":\"https:\\\/\\\/sindromecharge.es\\\/index.php\\\/2021\\\/04\\\/21\\\/la-marcha-asprona-renueva-el-8-de-mayo-su-compromiso-con-la-inclusion-social-y-afianza-su-formato-online\\\/\",\"url\":\"https:\\\/\\\/sindromecharge.es\\\/index.php\\\/2021\\\/04\\\/21\\\/la-marcha-asprona-renueva-el-8-de-mayo-su-compromiso-con-la-inclusion-social-y-afianza-su-formato-online\\\/\",\"name\":\"La Marcha Asprona renueva el 8 de mayo su compromiso con la inclusi\u00f3n social y afianza su formato online - Asociaci\u00f3n Espa\u00f1ola S\u00edndrome de Charge\",\"isPartOf\":{\"@id\":\"https:\\\/\\\/sindromecharge.es\\\/#website\"},\"datePublished\":\"2021-04-21T13:04:19+00:00\",\"author\":{\"@id\":\"https:\\\/\\\/sindromecharge.es\\\/#\\\/schema\\\/person\\\/39a60ebe0a2b4d5a11179701e336b039\"},\"breadcrumb\":{\"@id\":\"https:\\\/\\\/sindromecharge.es\\\/index.php\\\/2021\\\/04\\\/21\\\/la-marcha-asprona-renueva-el-8-de-mayo-su-compromiso-con-la-inclusion-social-y-afianza-su-formato-online\\\/#breadcrumb\"},\"inLanguage\":\"es\",\"potentialAction\":[{\"@type\":\"ReadAction\",\"target\":[\"https:\\\/\\\/sindromecharge.es\\\/index.php\\\/2021\\\/04\\\/21\\\/la-marcha-asprona-renueva-el-8-de-mayo-su-compromiso-con-la-inclusion-social-y-afianza-su-formato-online\\\/\"]}]},{\"@type\":\"BreadcrumbList\",\"@id\":\"https:\\\/\\\/sindromecharge.es\\\/index.php\\\/2021\\\/04\\\/21\\\/la-marcha-asprona-renueva-el-8-de-mayo-su-compromiso-con-la-inclusion-social-y-afianza-su-formato-online\\\/#breadcrumb\",\"itemListElement\":[{\"@type\":\"ListItem\",\"position\":1,\"name\":\"Portada\",\"item\":\"https:\\\/\\\/sindromecharge.es\\\/\"},{\"@type\":\"ListItem\",\"position\":2,\"name\":\"La Marcha Asprona renueva el 8 de mayo su compromiso con la inclusi\u00f3n social y afianza su formato online\"}]},{\"@type\":\"WebSite\",\"@id\":\"https:\\\/\\\/sindromecharge.es\\\/#website\",\"url\":\"https:\\\/\\\/sindromecharge.es\\\/\",\"name\":\"Asociaci\u00f3n Espa\u00f1ola S\u00edndrome de Charge\",\"description\":\"\",\"potentialAction\":[{\"@type\":\"SearchAction\",\"target\":{\"@type\":\"EntryPoint\",\"urlTemplate\":\"https:\\\/\\\/sindromecharge.es\\\/?s={search_term_string}\"},\"query-input\":{\"@type\":\"PropertyValueSpecification\",\"valueRequired\":true,\"valueName\":\"search_term_string\"}}],\"inLanguage\":\"es\"},{\"@type\":\"Person\",\"@id\":\"https:\\\/\\\/sindromecharge.es\\\/#\\\/schema\\\/person\\\/39a60ebe0a2b4d5a11179701e336b039\",\"name\":\"Charge\",\"image\":{\"@type\":\"ImageObject\",\"inLanguage\":\"es\",\"@id\":\"https:\\\/\\\/secure.gravatar.com\\\/avatar\\\/c3b46e32a0fc3b093a0873fb767bf3293de856293065e84ef06b7ec7a8acfb98?s=96&d=identicon&r=x\",\"url\":\"https:\\\/\\\/secure.gravatar.com\\\/avatar\\\/c3b46e32a0fc3b093a0873fb767bf3293de856293065e84ef06b7ec7a8acfb98?s=96&d=identicon&r=x\",\"contentUrl\":\"https:\\\/\\\/secure.gravatar.com\\\/avatar\\\/c3b46e32a0fc3b093a0873fb767bf3293de856293065e84ef06b7ec7a8acfb98?s=96&d=identicon&r=x\",\"caption\":\"Charge\"},\"url\":\"https:\\\/\\\/sindromecharge.es\\\/index.php\\\/author\\\/admin\\\/\"}]}<\/script>\n<!-- \/ Yoast SEO plugin. -->","yoast_head_json":{"title":"La Marcha Asprona renueva el 8 de mayo su compromiso con la inclusi\u00f3n social y afianza su formato online - Asociaci\u00f3n Espa\u00f1ola S\u00edndrome de Charge","robots":{"index":"index","follow":"follow","max-snippet":"max-snippet:-1","max-image-preview":"max-image-preview:large","max-video-preview":"max-video-preview:-1"},"canonical":"https:\/\/sindromecharge.es\/index.php\/2021\/04\/21\/la-marcha-asprona-renueva-el-8-de-mayo-su-compromiso-con-la-inclusion-social-y-afianza-su-formato-online\/","og_locale":"es_ES","og_type":"article","og_title":"La Marcha Asprona renueva el 8 de mayo su compromiso con la inclusi\u00f3n social y afianza su formato online - Asociaci\u00f3n Espa\u00f1ola S\u00edndrome de Charge","og_description":"Leemos en 20minutos la siguiente noticia que os reproducimos de forma \u00edntegra: Cada andar\u00edn elige \u00aba su manera\u00bb c\u00f3mo participar: desde casa, por calles cercanas, jardines, por su barrio o siguiendo alguna de las rutas propuestas. El \u00e9xito es participar. Ajustado siempre a la normativa COVID, el reto de caminar desde cualquier lugar ayudar\u00e1 a [&hellip;]","og_url":"https:\/\/sindromecharge.es\/index.php\/2021\/04\/21\/la-marcha-asprona-renueva-el-8-de-mayo-su-compromiso-con-la-inclusion-social-y-afianza-su-formato-online\/","og_site_name":"Asociaci\u00f3n Espa\u00f1ola S\u00edndrome de Charge","article_publisher":"https:\/\/www.facebook.com\/asociacionsindromecharge","article_published_time":"2021-04-21T13:04:19+00:00","og_image":[{"width":300,"height":98,"url":"https:\/\/sindromecharge.es\/wp-content\/uploads\/2013\/09\/logodecharge300x98.png","type":"image\/png"}],"author":"Charge","twitter_card":"summary_large_image","twitter_creator":"@sindromecharge","twitter_site":"@sindromecharge","twitter_misc":{"Escrito por":"Charge","Tiempo de lectura":"2 minutos"},"schema":{"@context":"https:\/\/schema.org","@graph":[{"@type":"Article","@id":"https:\/\/sindromecharge.es\/index.php\/2021\/04\/21\/la-marcha-asprona-renueva-el-8-de-mayo-su-compromiso-con-la-inclusion-social-y-afianza-su-formato-online\/#article","isPartOf":{"@id":"https:\/\/sindromecharge.es\/index.php\/2021\/04\/21\/la-marcha-asprona-renueva-el-8-de-mayo-su-compromiso-con-la-inclusion-social-y-afianza-su-formato-online\/"},"author":{"name":"Charge","@id":"https:\/\/sindromecharge.es\/#\/schema\/person\/39a60ebe0a2b4d5a11179701e336b039"},"headline":"La Marcha Asprona renueva el 8 de mayo su compromiso con la inclusi\u00f3n social y afianza su formato online","datePublished":"2021-04-21T13:04:19+00:00","mainEntityOfPage":{"@id":"https:\/\/sindromecharge.es\/index.php\/2021\/04\/21\/la-marcha-asprona-renueva-el-8-de-mayo-su-compromiso-con-la-inclusion-social-y-afianza-su-formato-online\/"},"wordCount":365,"commentCount":0,"keywords":["discapacidad"],"articleSection":["noticias"],"inLanguage":"es","potentialAction":[{"@type":"CommentAction","name":"Comment","target":["https:\/\/sindromecharge.es\/index.php\/2021\/04\/21\/la-marcha-asprona-renueva-el-8-de-mayo-su-compromiso-con-la-inclusion-social-y-afianza-su-formato-online\/#respond"]}]},{"@type":"WebPage","@id":"https:\/\/sindromecharge.es\/index.php\/2021\/04\/21\/la-marcha-asprona-renueva-el-8-de-mayo-su-compromiso-con-la-inclusion-social-y-afianza-su-formato-online\/","url":"https:\/\/sindromecharge.es\/index.php\/2021\/04\/21\/la-marcha-asprona-renueva-el-8-de-mayo-su-compromiso-con-la-inclusion-social-y-afianza-su-formato-online\/","name":"La Marcha Asprona renueva el 8 de mayo su compromiso con la inclusi\u00f3n social y afianza su formato online - Asociaci\u00f3n Espa\u00f1ola S\u00edndrome de Charge","isPartOf":{"@id":"https:\/\/sindromecharge.es\/#website"},"datePublished":"2021-04-21T13:04:19+00:00","author":{"@id":"https:\/\/sindromecharge.es\/#\/schema\/person\/39a60ebe0a2b4d5a11179701e336b039"},"breadcrumb":{"@id":"https:\/\/sindromecharge.es\/index.php\/2021\/04\/21\/la-marcha-asprona-renueva-el-8-de-mayo-su-compromiso-con-la-inclusion-social-y-afianza-su-formato-online\/#breadcrumb"},"inLanguage":"es","potentialAction":[{"@type":"ReadAction","target":["https:\/\/sindromecharge.es\/index.php\/2021\/04\/21\/la-marcha-asprona-renueva-el-8-de-mayo-su-compromiso-con-la-inclusion-social-y-afianza-su-formato-online\/"]}]},{"@type":"BreadcrumbList","@id":"https:\/\/sindromecharge.es\/index.php\/2021\/04\/21\/la-marcha-asprona-renueva-el-8-de-mayo-su-compromiso-con-la-inclusion-social-y-afianza-su-formato-online\/#breadcrumb","itemListElement":[{"@type":"ListItem","position":1,"name":"Portada","item":"https:\/\/sindromecharge.es\/"},{"@type":"ListItem","position":2,"name":"La Marcha Asprona renueva el 8 de mayo su compromiso con la inclusi\u00f3n social y afianza su formato online"}]},{"@type":"WebSite","@id":"https:\/\/sindromecharge.es\/#website","url":"https:\/\/sindromecharge.es\/","name":"Asociaci\u00f3n Espa\u00f1ola S\u00edndrome de Charge","description":"","potentialAction":[{"@type":"SearchAction","target":{"@type":"EntryPoint","urlTemplate":"https:\/\/sindromecharge.es\/?s={search_term_string}"},"query-input":{"@type":"PropertyValueSpecification","valueRequired":true,"valueName":"search_term_string"}}],"inLanguage":"es"},{"@type":"Person","@id":"https:\/\/sindromecharge.es\/#\/schema\/person\/39a60ebe0a2b4d5a11179701e336b039","name":"Charge","image":{"@type":"ImageObject","inLanguage":"es","@id":"https:\/\/secure.gravatar.com\/avatar\/c3b46e32a0fc3b093a0873fb767bf3293de856293065e84ef06b7ec7a8acfb98?s=96&d=identicon&r=x","url":"https:\/\/secure.gravatar.com\/avatar\/c3b46e32a0fc3b093a0873fb767bf3293de856293065e84ef06b7ec7a8acfb98?s=96&d=identicon&r=x","contentUrl":"https:\/\/secure.gravatar.com\/avatar\/c3b46e32a0fc3b093a0873fb767bf3293de856293065e84ef06b7ec7a8acfb98?s=96&d=identicon&r=x","caption":"Charge"},"url":"https:\/\/sindromecharge.es\/index.php\/author\/admin\/"}]}},"_links":{"self":[{"href":"https:\/\/sindromecharge.es\/index.php\/wp-json\/wp\/v2\/posts\/7065","targetHints":{"allow":["GET"]}}],"collection":[{"href":"https:\/\/sindromecharge.es\/index.php\/wp-json\/wp\/v2\/posts"}],"about":[{"href":"https:\/\/sindromecharge.es\/index.php\/wp-json\/wp\/v2\/types\/post"}],"author":[{"embeddable":true,"href":"https:\/\/sindromecharge.es\/index.php\/wp-json\/wp\/v2\/users\/1"}],"replies":[{"embeddable":true,"href":"https:\/\/sindromecharge.es\/index.php\/wp-json\/wp\/v2\/comments?post=7065"}],"version-history":[{"count":0,"href":"https:\/\/sindromecharge.es\/index.php\/wp-json\/wp\/v2\/posts\/7065\/revisions"}],"wp:attachment":[{"href":"https:\/\/sindromecharge.es\/index.php\/wp-json\/wp\/v2\/media?parent=7065"}],"wp:term":[{"taxonomy":"category","embeddable":true,"href":"https:\/\/sindromecharge.es\/index.php\/wp-json\/wp\/v2\/categories?post=7065"},{"taxonomy":"post_tag","embeddable":true,"href":"https:\/\/sindromecharge.es\/index.php\/wp-json\/wp\/v2\/tags?post=7065"}],"curies":[{"name":"wp","href":"https:\/\/api.w.org\/{rel}","templated":true}]}}