{"id":7064,"date":"2021-04-21T12:14:54","date_gmt":"2021-04-21T12:14:54","guid":{"rendered":"https:\/\/sindromecharge.es\/index.php\/2021\/04\/21\/antequera-y-su-comarca-contaran-con-un-nuevo-centro-residencial-para-personas-con-discapacidad-intelectual\/"},"modified":"2021-04-21T12:14:54","modified_gmt":"2021-04-21T12:14:54","slug":"antequera-y-su-comarca-contaran-con-un-nuevo-centro-residencial-para-personas-con-discapacidad-intelectual","status":"publish","type":"post","link":"https:\/\/sindromecharge.es\/index.php\/2021\/04\/21\/antequera-y-su-comarca-contaran-con-un-nuevo-centro-residencial-para-personas-con-discapacidad-intelectual\/","title":{"rendered":"Antequera y su comarca contar\u00e1n con un nuevo centro residencial para personas con discapacidad intelectual"},"content":{"rendered":"<p>Leemos en 20minutos la siguiente noticia que os reproducimos de forma \u00edntegra: <\/p>\n<p>Ruiz, durante la visita, ha informado del nuevo plan de impulso que su departamento ha puesto en marcha para los centros de d\u00eda de personas con discapacidad y de personas mayores y los centros ocupacionales que prioriza esta prestaci\u00f3n en los Programas Individuales de Atenci\u00f3n a la dependencia.<\/p>\n<p>\u00abAyer mismo, el Consejo de Gobierno aprob\u00f3 nuevas medidas en relaci\u00f3n con estos centros con el objetivo de recuperar un servicio que ha sido fundamental para las personas en situaci\u00f3n de dependencia hasta el inicio de la pandemia por COVID-19, cuando el n\u00famero de personas usuarias ascend\u00eda a m\u00e1s de 14.000 en toda Andaluc\u00eda\u00bb, ha se\u00f1alado.<\/p>\n<p>Al respecto, ha agregado que \u00abahora que, gracias a la garant\u00eda de la vacunaci\u00f3n frente al coronavirus, estos centros vuelven a ser lugares seguros para las personas mayores y con discapacidad, la Consejer\u00eda de Igualdad va a priorizar esta prestaci\u00f3n as\u00ed como la tramitaci\u00f3n de los expedientes a la espera de resoluci\u00f3n\u00bb.<\/p>\n<p>Tambi\u00e9n la consejera ha recordado que tras la aprobaci\u00f3n de la Orden de 8 de abril de la Consejer\u00eda de Salud y Familias, \u00abestos centros han actualizado sus medidas sanitarias y preventivas de salud p\u00fablica. Todas ellas, medidas orientadas a minimizar la transmisi\u00f3n de la infecci\u00f3n, restringiendo la presencialidad o la ocupaci\u00f3n\u00bb.<\/p>\n<p>Por otra parte, se ha ampliado hasta el 31 de mayo las medidas econ\u00f3micas para estos centros que garantizan la financiaci\u00f3n de las plazas concertadas y ocupadas por personas beneficiarias en situaci\u00f3n de dependencia.<\/p>\n<p>\u00abEn el caso de imposibilidad de incorporaci\u00f3n de la persona beneficiaria a la actividad presencial en el centro, en situaciones acreditadas por la autoridad sanitaria competente, se proceder\u00e1 a la reserva de plaza. En este caso, los centros deber\u00e1n realizar tareas diarias de seguimiento domiciliario o de car\u00e1cter telem\u00e1tico adaptadas a cada situaci\u00f3n concreta con el objetivo de verificar que la personas queda debidamente atendida en todas sus necesidades\u00bb, ha subrayado Ruiz.<\/p>\n<p>La Agencia de Servicios Sociales y Dependencia de Andaluc\u00eda, entidad adscrita a la Consejer\u00eda de Igualdad, abonar\u00e1 por las plazas ocupadas, cuando sus titulares no acudan de manera presencial en estos casos, la diferencia resultante entre el coste de cada plaza establecido y las cantidades que deber\u00edan abonar los titulares.<\/p>\n<p>Asimismo, mientras la persona reciba el servicio de manera no presencial, se le aplicar\u00e1 una reducci\u00f3n del 60 por ciento en la aportaci\u00f3n correspondiente al servicio.<\/p>\n<p>M\u00c1LAGA<\/p>\n<p>Seg\u00fan datos del Sistema Integrado de Servicios Sociales, el n\u00famero de personas con un grado de discapacidad reconocido igual o superior al 33% en el municipio de Antequera asciende a 3.287 (1.594 hombres y 1.693 mujeres). En  la totalidad de la provincia de M\u00e1laga, son 117.145 personas (56.703 hombres y 60.442 mujeres).<\/p>\n<p>En concreto, con diagn\u00f3stico de discapacidad intelectual, el n\u00famero total de personas en la provincia de M\u00e1laga es de 10.899 (6.396 hombres y 4.503 mujeres).<\/p>\n<p>Adipa se constituy\u00f3 en 1976 como organizaci\u00f3n no gubernamental con el objetivo de atender a personas con discapacidad intelectual en las \u00e1reas asistencial, ocupacional, laboral, etc\u00e9tera, con la finalidad de su total integraci\u00f3n social.<\/p>\n<p>En la actualidad, cuenta con cinco centros: un centro de d\u00eda con 40 plazas autorizadas, todas ellas concertadas con la Agencia de Servicios Sociales y Dependencia de Andaluc\u00eda; un centro de d\u00eda ocupacional con 100 plazas, de las que 80 son concertadas; una residencia para personas gravemente afectadas de 36 plazas, de las que 34 se encuentran en el concierto social; y dos viviendas tuteladas de 10 plazas cada una con todas ellas concertadas.<\/p>\n<p>Durante la visita, la consejera ha estado acompa\u00f1ada por el director general de Personas con Discapacidad e Inclusi\u00f3n, Marcial G\u00f3mez; la delegada territorial de Igualdad, Pol\u00edticas Sociales y Conciliaci\u00f3n en M\u00e1laga, Mar\u00eda Dolores Fern\u00e1ndez; el presidente de Adipa, Mariano Mir; el vicepresidente, Ignacio Luque; el gerente, Miguel \u00c1ngel Ruiz-Calder\u00f3n; y Diego Gonz\u00e1lez.<\/p>\n<p>Fuente: 20minutos <a href=\"https:\/\/www.20minutos.es\/noticia\/4667020\/0\/antequera-y-su-comarca-contaran-con-un-nuevo-centro-residencial-para-personas-con-discapacidad-intelectual\/\" target=\"_blank\" rel=\"noopener\">Antequera y su comarca contar\u00e1n con un nuevo centro residencial para personas con discapacidad intelectual<\/a><\/p>\n","protected":false},"excerpt":{"rendered":"<p>Leemos en 20minutos la siguiente noticia que os reproducimos de forma \u00edntegra: Ruiz, durante la visita, ha informado del nuevo plan de impulso que su departamento ha puesto en marcha para los centros de d\u00eda de personas con discapacidad y de personas mayores y los centros ocupacionales que prioriza esta prestaci\u00f3n en los Programas Individuales [&hellip;]<\/p>\n","protected":false},"author":1,"featured_media":0,"comment_status":"open","ping_status":"closed","sticky":false,"template":"","format":"standard","meta":{"footnotes":""},"categories":[8],"tags":[31],"class_list":["post-7064","post","type-post","status-publish","format-standard","hentry","category-noticias","tag-discapacidad"],"yoast_head":"<!-- This site is optimized with the Yoast SEO plugin v27.5 - https:\/\/yoast.com\/product\/yoast-seo-wordpress\/ -->\n<title>Antequera y su comarca contar\u00e1n con un nuevo centro residencial para personas con discapacidad intelectual - Asociaci\u00f3n Espa\u00f1ola S\u00edndrome de Charge<\/title>\n<meta name=\"robots\" content=\"index, follow, max-snippet:-1, max-image-preview:large, max-video-preview:-1\" \/>\n<link rel=\"canonical\" href=\"https:\/\/sindromecharge.es\/index.php\/2021\/04\/21\/antequera-y-su-comarca-contaran-con-un-nuevo-centro-residencial-para-personas-con-discapacidad-intelectual\/\" \/>\n<meta property=\"og:locale\" content=\"es_ES\" \/>\n<meta property=\"og:type\" content=\"article\" \/>\n<meta property=\"og:title\" content=\"Antequera y su comarca contar\u00e1n con un nuevo centro residencial para personas con discapacidad intelectual - Asociaci\u00f3n Espa\u00f1ola S\u00edndrome de Charge\" \/>\n<meta property=\"og:description\" content=\"Leemos en 20minutos la siguiente noticia que os reproducimos de forma \u00edntegra: Ruiz, durante la visita, ha informado del nuevo plan de impulso que su departamento ha puesto en marcha para los centros de d\u00eda de personas con discapacidad y de personas mayores y los centros ocupacionales que prioriza esta prestaci\u00f3n en los Programas Individuales [&hellip;]\" \/>\n<meta property=\"og:url\" content=\"https:\/\/sindromecharge.es\/index.php\/2021\/04\/21\/antequera-y-su-comarca-contaran-con-un-nuevo-centro-residencial-para-personas-con-discapacidad-intelectual\/\" \/>\n<meta property=\"og:site_name\" content=\"Asociaci\u00f3n Espa\u00f1ola S\u00edndrome de Charge\" \/>\n<meta property=\"article:publisher\" content=\"https:\/\/www.facebook.com\/asociacionsindromecharge\" \/>\n<meta property=\"article:published_time\" content=\"2021-04-21T12:14:54+00:00\" \/>\n<meta property=\"og:image\" content=\"https:\/\/sindromecharge.es\/wp-content\/uploads\/2013\/09\/logodecharge300x98.png\" \/>\n\t<meta property=\"og:image:width\" content=\"300\" \/>\n\t<meta property=\"og:image:height\" content=\"98\" \/>\n\t<meta property=\"og:image:type\" content=\"image\/png\" \/>\n<meta name=\"author\" content=\"Charge\" \/>\n<meta name=\"twitter:card\" content=\"summary_large_image\" \/>\n<meta name=\"twitter:creator\" content=\"@sindromecharge\" \/>\n<meta name=\"twitter:site\" content=\"@sindromecharge\" \/>\n<meta name=\"twitter:label1\" content=\"Escrito por\" \/>\n\t<meta name=\"twitter:data1\" content=\"Charge\" \/>\n\t<meta name=\"twitter:label2\" content=\"Tiempo de lectura\" \/>\n\t<meta name=\"twitter:data2\" content=\"3 minutos\" \/>\n<script type=\"application\/ld+json\" class=\"yoast-schema-graph\">{\"@context\":\"https:\\\/\\\/schema.org\",\"@graph\":[{\"@type\":\"Article\",\"@id\":\"https:\\\/\\\/sindromecharge.es\\\/index.php\\\/2021\\\/04\\\/21\\\/antequera-y-su-comarca-contaran-con-un-nuevo-centro-residencial-para-personas-con-discapacidad-intelectual\\\/#article\",\"isPartOf\":{\"@id\":\"https:\\\/\\\/sindromecharge.es\\\/index.php\\\/2021\\\/04\\\/21\\\/antequera-y-su-comarca-contaran-con-un-nuevo-centro-residencial-para-personas-con-discapacidad-intelectual\\\/\"},\"author\":{\"name\":\"Charge\",\"@id\":\"https:\\\/\\\/sindromecharge.es\\\/#\\\/schema\\\/person\\\/39a60ebe0a2b4d5a11179701e336b039\"},\"headline\":\"Antequera y su comarca contar\u00e1n con un nuevo centro residencial para personas con discapacidad intelectual\",\"datePublished\":\"2021-04-21T12:14:54+00:00\",\"mainEntityOfPage\":{\"@id\":\"https:\\\/\\\/sindromecharge.es\\\/index.php\\\/2021\\\/04\\\/21\\\/antequera-y-su-comarca-contaran-con-un-nuevo-centro-residencial-para-personas-con-discapacidad-intelectual\\\/\"},\"wordCount\":712,\"commentCount\":0,\"keywords\":[\"discapacidad\"],\"articleSection\":[\"noticias\"],\"inLanguage\":\"es\",\"potentialAction\":[{\"@type\":\"CommentAction\",\"name\":\"Comment\",\"target\":[\"https:\\\/\\\/sindromecharge.es\\\/index.php\\\/2021\\\/04\\\/21\\\/antequera-y-su-comarca-contaran-con-un-nuevo-centro-residencial-para-personas-con-discapacidad-intelectual\\\/#respond\"]}]},{\"@type\":\"WebPage\",\"@id\":\"https:\\\/\\\/sindromecharge.es\\\/index.php\\\/2021\\\/04\\\/21\\\/antequera-y-su-comarca-contaran-con-un-nuevo-centro-residencial-para-personas-con-discapacidad-intelectual\\\/\",\"url\":\"https:\\\/\\\/sindromecharge.es\\\/index.php\\\/2021\\\/04\\\/21\\\/antequera-y-su-comarca-contaran-con-un-nuevo-centro-residencial-para-personas-con-discapacidad-intelectual\\\/\",\"name\":\"Antequera y su comarca contar\u00e1n con un nuevo centro residencial para personas con discapacidad intelectual - Asociaci\u00f3n Espa\u00f1ola S\u00edndrome de Charge\",\"isPartOf\":{\"@id\":\"https:\\\/\\\/sindromecharge.es\\\/#website\"},\"datePublished\":\"2021-04-21T12:14:54+00:00\",\"author\":{\"@id\":\"https:\\\/\\\/sindromecharge.es\\\/#\\\/schema\\\/person\\\/39a60ebe0a2b4d5a11179701e336b039\"},\"breadcrumb\":{\"@id\":\"https:\\\/\\\/sindromecharge.es\\\/index.php\\\/2021\\\/04\\\/21\\\/antequera-y-su-comarca-contaran-con-un-nuevo-centro-residencial-para-personas-con-discapacidad-intelectual\\\/#breadcrumb\"},\"inLanguage\":\"es\",\"potentialAction\":[{\"@type\":\"ReadAction\",\"target\":[\"https:\\\/\\\/sindromecharge.es\\\/index.php\\\/2021\\\/04\\\/21\\\/antequera-y-su-comarca-contaran-con-un-nuevo-centro-residencial-para-personas-con-discapacidad-intelectual\\\/\"]}]},{\"@type\":\"BreadcrumbList\",\"@id\":\"https:\\\/\\\/sindromecharge.es\\\/index.php\\\/2021\\\/04\\\/21\\\/antequera-y-su-comarca-contaran-con-un-nuevo-centro-residencial-para-personas-con-discapacidad-intelectual\\\/#breadcrumb\",\"itemListElement\":[{\"@type\":\"ListItem\",\"position\":1,\"name\":\"Portada\",\"item\":\"https:\\\/\\\/sindromecharge.es\\\/\"},{\"@type\":\"ListItem\",\"position\":2,\"name\":\"Antequera y su comarca contar\u00e1n con un nuevo centro residencial para personas con discapacidad intelectual\"}]},{\"@type\":\"WebSite\",\"@id\":\"https:\\\/\\\/sindromecharge.es\\\/#website\",\"url\":\"https:\\\/\\\/sindromecharge.es\\\/\",\"name\":\"Asociaci\u00f3n Espa\u00f1ola S\u00edndrome de Charge\",\"description\":\"\",\"potentialAction\":[{\"@type\":\"SearchAction\",\"target\":{\"@type\":\"EntryPoint\",\"urlTemplate\":\"https:\\\/\\\/sindromecharge.es\\\/?s={search_term_string}\"},\"query-input\":{\"@type\":\"PropertyValueSpecification\",\"valueRequired\":true,\"valueName\":\"search_term_string\"}}],\"inLanguage\":\"es\"},{\"@type\":\"Person\",\"@id\":\"https:\\\/\\\/sindromecharge.es\\\/#\\\/schema\\\/person\\\/39a60ebe0a2b4d5a11179701e336b039\",\"name\":\"Charge\",\"image\":{\"@type\":\"ImageObject\",\"inLanguage\":\"es\",\"@id\":\"https:\\\/\\\/secure.gravatar.com\\\/avatar\\\/c3b46e32a0fc3b093a0873fb767bf3293de856293065e84ef06b7ec7a8acfb98?s=96&d=identicon&r=x\",\"url\":\"https:\\\/\\\/secure.gravatar.com\\\/avatar\\\/c3b46e32a0fc3b093a0873fb767bf3293de856293065e84ef06b7ec7a8acfb98?s=96&d=identicon&r=x\",\"contentUrl\":\"https:\\\/\\\/secure.gravatar.com\\\/avatar\\\/c3b46e32a0fc3b093a0873fb767bf3293de856293065e84ef06b7ec7a8acfb98?s=96&d=identicon&r=x\",\"caption\":\"Charge\"},\"url\":\"https:\\\/\\\/sindromecharge.es\\\/index.php\\\/author\\\/admin\\\/\"}]}<\/script>\n<!-- \/ Yoast SEO plugin. -->","yoast_head_json":{"title":"Antequera y su comarca contar\u00e1n con un nuevo centro residencial para personas con discapacidad intelectual - Asociaci\u00f3n Espa\u00f1ola S\u00edndrome de Charge","robots":{"index":"index","follow":"follow","max-snippet":"max-snippet:-1","max-image-preview":"max-image-preview:large","max-video-preview":"max-video-preview:-1"},"canonical":"https:\/\/sindromecharge.es\/index.php\/2021\/04\/21\/antequera-y-su-comarca-contaran-con-un-nuevo-centro-residencial-para-personas-con-discapacidad-intelectual\/","og_locale":"es_ES","og_type":"article","og_title":"Antequera y su comarca contar\u00e1n con un nuevo centro residencial para personas con discapacidad intelectual - Asociaci\u00f3n Espa\u00f1ola S\u00edndrome de Charge","og_description":"Leemos en 20minutos la siguiente noticia que os reproducimos de forma \u00edntegra: Ruiz, durante la visita, ha informado del nuevo plan de impulso que su departamento ha puesto en marcha para los centros de d\u00eda de personas con discapacidad y de personas mayores y los centros ocupacionales que prioriza esta prestaci\u00f3n en los Programas Individuales [&hellip;]","og_url":"https:\/\/sindromecharge.es\/index.php\/2021\/04\/21\/antequera-y-su-comarca-contaran-con-un-nuevo-centro-residencial-para-personas-con-discapacidad-intelectual\/","og_site_name":"Asociaci\u00f3n Espa\u00f1ola S\u00edndrome de Charge","article_publisher":"https:\/\/www.facebook.com\/asociacionsindromecharge","article_published_time":"2021-04-21T12:14:54+00:00","og_image":[{"width":300,"height":98,"url":"https:\/\/sindromecharge.es\/wp-content\/uploads\/2013\/09\/logodecharge300x98.png","type":"image\/png"}],"author":"Charge","twitter_card":"summary_large_image","twitter_creator":"@sindromecharge","twitter_site":"@sindromecharge","twitter_misc":{"Escrito por":"Charge","Tiempo de lectura":"3 minutos"},"schema":{"@context":"https:\/\/schema.org","@graph":[{"@type":"Article","@id":"https:\/\/sindromecharge.es\/index.php\/2021\/04\/21\/antequera-y-su-comarca-contaran-con-un-nuevo-centro-residencial-para-personas-con-discapacidad-intelectual\/#article","isPartOf":{"@id":"https:\/\/sindromecharge.es\/index.php\/2021\/04\/21\/antequera-y-su-comarca-contaran-con-un-nuevo-centro-residencial-para-personas-con-discapacidad-intelectual\/"},"author":{"name":"Charge","@id":"https:\/\/sindromecharge.es\/#\/schema\/person\/39a60ebe0a2b4d5a11179701e336b039"},"headline":"Antequera y su comarca contar\u00e1n con un nuevo centro residencial para personas con discapacidad intelectual","datePublished":"2021-04-21T12:14:54+00:00","mainEntityOfPage":{"@id":"https:\/\/sindromecharge.es\/index.php\/2021\/04\/21\/antequera-y-su-comarca-contaran-con-un-nuevo-centro-residencial-para-personas-con-discapacidad-intelectual\/"},"wordCount":712,"commentCount":0,"keywords":["discapacidad"],"articleSection":["noticias"],"inLanguage":"es","potentialAction":[{"@type":"CommentAction","name":"Comment","target":["https:\/\/sindromecharge.es\/index.php\/2021\/04\/21\/antequera-y-su-comarca-contaran-con-un-nuevo-centro-residencial-para-personas-con-discapacidad-intelectual\/#respond"]}]},{"@type":"WebPage","@id":"https:\/\/sindromecharge.es\/index.php\/2021\/04\/21\/antequera-y-su-comarca-contaran-con-un-nuevo-centro-residencial-para-personas-con-discapacidad-intelectual\/","url":"https:\/\/sindromecharge.es\/index.php\/2021\/04\/21\/antequera-y-su-comarca-contaran-con-un-nuevo-centro-residencial-para-personas-con-discapacidad-intelectual\/","name":"Antequera y su comarca contar\u00e1n con un nuevo centro residencial para personas con discapacidad intelectual - Asociaci\u00f3n Espa\u00f1ola S\u00edndrome de Charge","isPartOf":{"@id":"https:\/\/sindromecharge.es\/#website"},"datePublished":"2021-04-21T12:14:54+00:00","author":{"@id":"https:\/\/sindromecharge.es\/#\/schema\/person\/39a60ebe0a2b4d5a11179701e336b039"},"breadcrumb":{"@id":"https:\/\/sindromecharge.es\/index.php\/2021\/04\/21\/antequera-y-su-comarca-contaran-con-un-nuevo-centro-residencial-para-personas-con-discapacidad-intelectual\/#breadcrumb"},"inLanguage":"es","potentialAction":[{"@type":"ReadAction","target":["https:\/\/sindromecharge.es\/index.php\/2021\/04\/21\/antequera-y-su-comarca-contaran-con-un-nuevo-centro-residencial-para-personas-con-discapacidad-intelectual\/"]}]},{"@type":"BreadcrumbList","@id":"https:\/\/sindromecharge.es\/index.php\/2021\/04\/21\/antequera-y-su-comarca-contaran-con-un-nuevo-centro-residencial-para-personas-con-discapacidad-intelectual\/#breadcrumb","itemListElement":[{"@type":"ListItem","position":1,"name":"Portada","item":"https:\/\/sindromecharge.es\/"},{"@type":"ListItem","position":2,"name":"Antequera y su comarca contar\u00e1n con un nuevo centro residencial para personas con discapacidad intelectual"}]},{"@type":"WebSite","@id":"https:\/\/sindromecharge.es\/#website","url":"https:\/\/sindromecharge.es\/","name":"Asociaci\u00f3n Espa\u00f1ola S\u00edndrome de Charge","description":"","potentialAction":[{"@type":"SearchAction","target":{"@type":"EntryPoint","urlTemplate":"https:\/\/sindromecharge.es\/?s={search_term_string}"},"query-input":{"@type":"PropertyValueSpecification","valueRequired":true,"valueName":"search_term_string"}}],"inLanguage":"es"},{"@type":"Person","@id":"https:\/\/sindromecharge.es\/#\/schema\/person\/39a60ebe0a2b4d5a11179701e336b039","name":"Charge","image":{"@type":"ImageObject","inLanguage":"es","@id":"https:\/\/secure.gravatar.com\/avatar\/c3b46e32a0fc3b093a0873fb767bf3293de856293065e84ef06b7ec7a8acfb98?s=96&d=identicon&r=x","url":"https:\/\/secure.gravatar.com\/avatar\/c3b46e32a0fc3b093a0873fb767bf3293de856293065e84ef06b7ec7a8acfb98?s=96&d=identicon&r=x","contentUrl":"https:\/\/secure.gravatar.com\/avatar\/c3b46e32a0fc3b093a0873fb767bf3293de856293065e84ef06b7ec7a8acfb98?s=96&d=identicon&r=x","caption":"Charge"},"url":"https:\/\/sindromecharge.es\/index.php\/author\/admin\/"}]}},"_links":{"self":[{"href":"https:\/\/sindromecharge.es\/index.php\/wp-json\/wp\/v2\/posts\/7064","targetHints":{"allow":["GET"]}}],"collection":[{"href":"https:\/\/sindromecharge.es\/index.php\/wp-json\/wp\/v2\/posts"}],"about":[{"href":"https:\/\/sindromecharge.es\/index.php\/wp-json\/wp\/v2\/types\/post"}],"author":[{"embeddable":true,"href":"https:\/\/sindromecharge.es\/index.php\/wp-json\/wp\/v2\/users\/1"}],"replies":[{"embeddable":true,"href":"https:\/\/sindromecharge.es\/index.php\/wp-json\/wp\/v2\/comments?post=7064"}],"version-history":[{"count":0,"href":"https:\/\/sindromecharge.es\/index.php\/wp-json\/wp\/v2\/posts\/7064\/revisions"}],"wp:attachment":[{"href":"https:\/\/sindromecharge.es\/index.php\/wp-json\/wp\/v2\/media?parent=7064"}],"wp:term":[{"taxonomy":"category","embeddable":true,"href":"https:\/\/sindromecharge.es\/index.php\/wp-json\/wp\/v2\/categories?post=7064"},{"taxonomy":"post_tag","embeddable":true,"href":"https:\/\/sindromecharge.es\/index.php\/wp-json\/wp\/v2\/tags?post=7064"}],"curies":[{"name":"wp","href":"https:\/\/api.w.org\/{rel}","templated":true}]}}