{"id":7063,"date":"2021-04-21T11:16:13","date_gmt":"2021-04-21T11:16:13","guid":{"rendered":"https:\/\/sindromecharge.es\/index.php\/2021\/04\/21\/barcelona-implanta-un-sistema-pionero-para-guiar-a-personas-invidentes-en-el-transporte-publico\/"},"modified":"2021-04-21T11:16:13","modified_gmt":"2021-04-21T11:16:13","slug":"barcelona-implanta-un-sistema-pionero-para-guiar-a-personas-invidentes-en-el-transporte-publico","status":"publish","type":"post","link":"https:\/\/sindromecharge.es\/index.php\/2021\/04\/21\/barcelona-implanta-un-sistema-pionero-para-guiar-a-personas-invidentes-en-el-transporte-publico\/","title":{"rendered":"Barcelona implanta un sistema pionero para guiar a personas invidentes en el transporte p\u00fablico"},"content":{"rendered":"<p>Leemos en 20minutos la siguiente noticia que os reproducimos de forma \u00edntegra: <\/p>\n<p><strong>Barcelona<\/strong> da un paso adelante en la adaptaci\u00f3n del <strong>transporte p\u00fablico para las personas invidentes. <\/strong>Transportes Metropolitanos de Barcelona (TMB) ha implantado <strong>etiquetas inteligentes<\/strong> en las m\u00e1s de 2.600 paradas de <strong>autob\u00fas<\/strong> y 161 estaciones de <strong>metro, <\/strong>que se podr\u00e1n <strong>escanear <\/strong>con el m\u00f3vil para recibir orientaciones precisas e informaci\u00f3n \u00fatil para moverse por e transporte p\u00fablico. As\u00ed, la capital catalana se ha convertido en la <strong>primera ciudad del mundo<\/strong> en disponer de este sistema.<\/p>\n<p>Para utilizar este servicio, el usuario tiene que descargar en su dispositivo m\u00f3vil la <a href=\"https:\/\/www.tmb.cat\/es\/barcelona\/aplicaciones-descargas\/tmb-go\" target=\"_blank\" rel=\"noopener\">aplicaci\u00f3n <strong>\u2018TMBgo\u2019, <\/strong><\/a>clicar sobre el bot\u00f3n \u2018Escaea\u2019 y situar la c\u00e1mara delante de la etiqueta, que recuerda a un c\u00f3digo QR con colores, para <strong>escanearla. <\/strong>As\u00ed, tendr\u00e1n acceso a<strong> informaci\u00f3n en tiempo real<\/strong> sobre los pr\u00f3ximos autobuses y trenes y sus niveles de ocupaci\u00f3n, as\u00ed como recibir avisos si hay alguna incidencia en el servicio. <\/p>\n<p>Adem\u00e1s, la \u2018app\u2019 tambi\u00e9n ofrece lectura de titulares y <strong>noticias<\/strong> de actualidad, <strong>audiolibros,<\/strong> audios para practicar ingl\u00e9s y la agenda de la ciudad, entre otras funcionalidades. <\/p>\n<p>Fuente: 20minutos <a href=\"https:\/\/www.20minutos.es\/noticia\/4666753\/0\/barcelona-implanta-sistema-pionero-guiar-personas-invidentes-transporte-publico\/\" target=\"_blank\" rel=\"noopener\">Barcelona implanta un sistema pionero para guiar a personas invidentes en el transporte p\u00fablico<\/a><\/p>\n","protected":false},"excerpt":{"rendered":"<p>Leemos en 20minutos la siguiente noticia que os reproducimos de forma \u00edntegra: Barcelona da un paso adelante en la adaptaci\u00f3n del transporte p\u00fablico para las personas invidentes. Transportes Metropolitanos de Barcelona (TMB) ha implantado etiquetas inteligentes en las m\u00e1s de 2.600 paradas de autob\u00fas y 161 estaciones de metro, que se podr\u00e1n escanear con el [&hellip;]<\/p>\n","protected":false},"author":1,"featured_media":0,"comment_status":"open","ping_status":"closed","sticky":false,"template":"","format":"standard","meta":{"footnotes":""},"categories":[8],"tags":[31],"class_list":["post-7063","post","type-post","status-publish","format-standard","hentry","category-noticias","tag-discapacidad"],"yoast_head":"<!-- This site is optimized with the Yoast SEO plugin v27.5 - https:\/\/yoast.com\/product\/yoast-seo-wordpress\/ -->\n<title>Barcelona implanta un sistema pionero para guiar a personas invidentes en el transporte p\u00fablico - Asociaci\u00f3n Espa\u00f1ola S\u00edndrome de Charge<\/title>\n<meta name=\"robots\" content=\"index, follow, max-snippet:-1, max-image-preview:large, max-video-preview:-1\" \/>\n<link rel=\"canonical\" href=\"https:\/\/sindromecharge.es\/index.php\/2021\/04\/21\/barcelona-implanta-un-sistema-pionero-para-guiar-a-personas-invidentes-en-el-transporte-publico\/\" \/>\n<meta property=\"og:locale\" content=\"es_ES\" \/>\n<meta property=\"og:type\" content=\"article\" \/>\n<meta property=\"og:title\" content=\"Barcelona implanta un sistema pionero para guiar a personas invidentes en el transporte p\u00fablico - Asociaci\u00f3n Espa\u00f1ola S\u00edndrome de Charge\" \/>\n<meta property=\"og:description\" content=\"Leemos en 20minutos la siguiente noticia que os reproducimos de forma \u00edntegra: Barcelona da un paso adelante en la adaptaci\u00f3n del transporte p\u00fablico para las personas invidentes. Transportes Metropolitanos de Barcelona (TMB) ha implantado etiquetas inteligentes en las m\u00e1s de 2.600 paradas de autob\u00fas y 161 estaciones de metro, que se podr\u00e1n escanear con el [&hellip;]\" \/>\n<meta property=\"og:url\" content=\"https:\/\/sindromecharge.es\/index.php\/2021\/04\/21\/barcelona-implanta-un-sistema-pionero-para-guiar-a-personas-invidentes-en-el-transporte-publico\/\" \/>\n<meta property=\"og:site_name\" content=\"Asociaci\u00f3n Espa\u00f1ola S\u00edndrome de Charge\" \/>\n<meta property=\"article:publisher\" content=\"https:\/\/www.facebook.com\/asociacionsindromecharge\" \/>\n<meta property=\"article:published_time\" content=\"2021-04-21T11:16:13+00:00\" \/>\n<meta property=\"og:image\" content=\"https:\/\/sindromecharge.es\/wp-content\/uploads\/2013\/09\/logodecharge300x98.png\" \/>\n\t<meta property=\"og:image:width\" content=\"300\" \/>\n\t<meta property=\"og:image:height\" content=\"98\" \/>\n\t<meta property=\"og:image:type\" content=\"image\/png\" \/>\n<meta name=\"author\" content=\"Charge\" \/>\n<meta name=\"twitter:card\" content=\"summary_large_image\" \/>\n<meta name=\"twitter:creator\" content=\"@sindromecharge\" \/>\n<meta name=\"twitter:site\" content=\"@sindromecharge\" \/>\n<meta name=\"twitter:label1\" content=\"Escrito por\" \/>\n\t<meta name=\"twitter:data1\" content=\"Charge\" \/>\n\t<meta name=\"twitter:label2\" content=\"Tiempo de lectura\" \/>\n\t<meta name=\"twitter:data2\" content=\"1 minuto\" \/>\n<script type=\"application\/ld+json\" class=\"yoast-schema-graph\">{\"@context\":\"https:\\\/\\\/schema.org\",\"@graph\":[{\"@type\":\"Article\",\"@id\":\"https:\\\/\\\/sindromecharge.es\\\/index.php\\\/2021\\\/04\\\/21\\\/barcelona-implanta-un-sistema-pionero-para-guiar-a-personas-invidentes-en-el-transporte-publico\\\/#article\",\"isPartOf\":{\"@id\":\"https:\\\/\\\/sindromecharge.es\\\/index.php\\\/2021\\\/04\\\/21\\\/barcelona-implanta-un-sistema-pionero-para-guiar-a-personas-invidentes-en-el-transporte-publico\\\/\"},\"author\":{\"name\":\"Charge\",\"@id\":\"https:\\\/\\\/sindromecharge.es\\\/#\\\/schema\\\/person\\\/39a60ebe0a2b4d5a11179701e336b039\"},\"headline\":\"Barcelona implanta un sistema pionero para guiar a personas invidentes en el transporte p\u00fablico\",\"datePublished\":\"2021-04-21T11:16:13+00:00\",\"mainEntityOfPage\":{\"@id\":\"https:\\\/\\\/sindromecharge.es\\\/index.php\\\/2021\\\/04\\\/21\\\/barcelona-implanta-un-sistema-pionero-para-guiar-a-personas-invidentes-en-el-transporte-publico\\\/\"},\"wordCount\":232,\"commentCount\":0,\"keywords\":[\"discapacidad\"],\"articleSection\":[\"noticias\"],\"inLanguage\":\"es\",\"potentialAction\":[{\"@type\":\"CommentAction\",\"name\":\"Comment\",\"target\":[\"https:\\\/\\\/sindromecharge.es\\\/index.php\\\/2021\\\/04\\\/21\\\/barcelona-implanta-un-sistema-pionero-para-guiar-a-personas-invidentes-en-el-transporte-publico\\\/#respond\"]}]},{\"@type\":\"WebPage\",\"@id\":\"https:\\\/\\\/sindromecharge.es\\\/index.php\\\/2021\\\/04\\\/21\\\/barcelona-implanta-un-sistema-pionero-para-guiar-a-personas-invidentes-en-el-transporte-publico\\\/\",\"url\":\"https:\\\/\\\/sindromecharge.es\\\/index.php\\\/2021\\\/04\\\/21\\\/barcelona-implanta-un-sistema-pionero-para-guiar-a-personas-invidentes-en-el-transporte-publico\\\/\",\"name\":\"Barcelona implanta un sistema pionero para guiar a personas invidentes en el transporte p\u00fablico - Asociaci\u00f3n Espa\u00f1ola S\u00edndrome de Charge\",\"isPartOf\":{\"@id\":\"https:\\\/\\\/sindromecharge.es\\\/#website\"},\"datePublished\":\"2021-04-21T11:16:13+00:00\",\"author\":{\"@id\":\"https:\\\/\\\/sindromecharge.es\\\/#\\\/schema\\\/person\\\/39a60ebe0a2b4d5a11179701e336b039\"},\"breadcrumb\":{\"@id\":\"https:\\\/\\\/sindromecharge.es\\\/index.php\\\/2021\\\/04\\\/21\\\/barcelona-implanta-un-sistema-pionero-para-guiar-a-personas-invidentes-en-el-transporte-publico\\\/#breadcrumb\"},\"inLanguage\":\"es\",\"potentialAction\":[{\"@type\":\"ReadAction\",\"target\":[\"https:\\\/\\\/sindromecharge.es\\\/index.php\\\/2021\\\/04\\\/21\\\/barcelona-implanta-un-sistema-pionero-para-guiar-a-personas-invidentes-en-el-transporte-publico\\\/\"]}]},{\"@type\":\"BreadcrumbList\",\"@id\":\"https:\\\/\\\/sindromecharge.es\\\/index.php\\\/2021\\\/04\\\/21\\\/barcelona-implanta-un-sistema-pionero-para-guiar-a-personas-invidentes-en-el-transporte-publico\\\/#breadcrumb\",\"itemListElement\":[{\"@type\":\"ListItem\",\"position\":1,\"name\":\"Portada\",\"item\":\"https:\\\/\\\/sindromecharge.es\\\/\"},{\"@type\":\"ListItem\",\"position\":2,\"name\":\"Barcelona implanta un sistema pionero para guiar a personas invidentes en el transporte p\u00fablico\"}]},{\"@type\":\"WebSite\",\"@id\":\"https:\\\/\\\/sindromecharge.es\\\/#website\",\"url\":\"https:\\\/\\\/sindromecharge.es\\\/\",\"name\":\"Asociaci\u00f3n Espa\u00f1ola S\u00edndrome de Charge\",\"description\":\"\",\"potentialAction\":[{\"@type\":\"SearchAction\",\"target\":{\"@type\":\"EntryPoint\",\"urlTemplate\":\"https:\\\/\\\/sindromecharge.es\\\/?s={search_term_string}\"},\"query-input\":{\"@type\":\"PropertyValueSpecification\",\"valueRequired\":true,\"valueName\":\"search_term_string\"}}],\"inLanguage\":\"es\"},{\"@type\":\"Person\",\"@id\":\"https:\\\/\\\/sindromecharge.es\\\/#\\\/schema\\\/person\\\/39a60ebe0a2b4d5a11179701e336b039\",\"name\":\"Charge\",\"image\":{\"@type\":\"ImageObject\",\"inLanguage\":\"es\",\"@id\":\"https:\\\/\\\/secure.gravatar.com\\\/avatar\\\/c3b46e32a0fc3b093a0873fb767bf3293de856293065e84ef06b7ec7a8acfb98?s=96&d=identicon&r=x\",\"url\":\"https:\\\/\\\/secure.gravatar.com\\\/avatar\\\/c3b46e32a0fc3b093a0873fb767bf3293de856293065e84ef06b7ec7a8acfb98?s=96&d=identicon&r=x\",\"contentUrl\":\"https:\\\/\\\/secure.gravatar.com\\\/avatar\\\/c3b46e32a0fc3b093a0873fb767bf3293de856293065e84ef06b7ec7a8acfb98?s=96&d=identicon&r=x\",\"caption\":\"Charge\"},\"url\":\"https:\\\/\\\/sindromecharge.es\\\/index.php\\\/author\\\/admin\\\/\"}]}<\/script>\n<!-- \/ Yoast SEO plugin. -->","yoast_head_json":{"title":"Barcelona implanta un sistema pionero para guiar a personas invidentes en el transporte p\u00fablico - Asociaci\u00f3n Espa\u00f1ola S\u00edndrome de Charge","robots":{"index":"index","follow":"follow","max-snippet":"max-snippet:-1","max-image-preview":"max-image-preview:large","max-video-preview":"max-video-preview:-1"},"canonical":"https:\/\/sindromecharge.es\/index.php\/2021\/04\/21\/barcelona-implanta-un-sistema-pionero-para-guiar-a-personas-invidentes-en-el-transporte-publico\/","og_locale":"es_ES","og_type":"article","og_title":"Barcelona implanta un sistema pionero para guiar a personas invidentes en el transporte p\u00fablico - Asociaci\u00f3n Espa\u00f1ola S\u00edndrome de Charge","og_description":"Leemos en 20minutos la siguiente noticia que os reproducimos de forma \u00edntegra: Barcelona da un paso adelante en la adaptaci\u00f3n del transporte p\u00fablico para las personas invidentes. Transportes Metropolitanos de Barcelona (TMB) ha implantado etiquetas inteligentes en las m\u00e1s de 2.600 paradas de autob\u00fas y 161 estaciones de metro, que se podr\u00e1n escanear con el [&hellip;]","og_url":"https:\/\/sindromecharge.es\/index.php\/2021\/04\/21\/barcelona-implanta-un-sistema-pionero-para-guiar-a-personas-invidentes-en-el-transporte-publico\/","og_site_name":"Asociaci\u00f3n Espa\u00f1ola S\u00edndrome de Charge","article_publisher":"https:\/\/www.facebook.com\/asociacionsindromecharge","article_published_time":"2021-04-21T11:16:13+00:00","og_image":[{"width":300,"height":98,"url":"https:\/\/sindromecharge.es\/wp-content\/uploads\/2013\/09\/logodecharge300x98.png","type":"image\/png"}],"author":"Charge","twitter_card":"summary_large_image","twitter_creator":"@sindromecharge","twitter_site":"@sindromecharge","twitter_misc":{"Escrito por":"Charge","Tiempo de lectura":"1 minuto"},"schema":{"@context":"https:\/\/schema.org","@graph":[{"@type":"Article","@id":"https:\/\/sindromecharge.es\/index.php\/2021\/04\/21\/barcelona-implanta-un-sistema-pionero-para-guiar-a-personas-invidentes-en-el-transporte-publico\/#article","isPartOf":{"@id":"https:\/\/sindromecharge.es\/index.php\/2021\/04\/21\/barcelona-implanta-un-sistema-pionero-para-guiar-a-personas-invidentes-en-el-transporte-publico\/"},"author":{"name":"Charge","@id":"https:\/\/sindromecharge.es\/#\/schema\/person\/39a60ebe0a2b4d5a11179701e336b039"},"headline":"Barcelona implanta un sistema pionero para guiar a personas invidentes en el transporte p\u00fablico","datePublished":"2021-04-21T11:16:13+00:00","mainEntityOfPage":{"@id":"https:\/\/sindromecharge.es\/index.php\/2021\/04\/21\/barcelona-implanta-un-sistema-pionero-para-guiar-a-personas-invidentes-en-el-transporte-publico\/"},"wordCount":232,"commentCount":0,"keywords":["discapacidad"],"articleSection":["noticias"],"inLanguage":"es","potentialAction":[{"@type":"CommentAction","name":"Comment","target":["https:\/\/sindromecharge.es\/index.php\/2021\/04\/21\/barcelona-implanta-un-sistema-pionero-para-guiar-a-personas-invidentes-en-el-transporte-publico\/#respond"]}]},{"@type":"WebPage","@id":"https:\/\/sindromecharge.es\/index.php\/2021\/04\/21\/barcelona-implanta-un-sistema-pionero-para-guiar-a-personas-invidentes-en-el-transporte-publico\/","url":"https:\/\/sindromecharge.es\/index.php\/2021\/04\/21\/barcelona-implanta-un-sistema-pionero-para-guiar-a-personas-invidentes-en-el-transporte-publico\/","name":"Barcelona implanta un sistema pionero para guiar a personas invidentes en el transporte p\u00fablico - Asociaci\u00f3n Espa\u00f1ola S\u00edndrome de Charge","isPartOf":{"@id":"https:\/\/sindromecharge.es\/#website"},"datePublished":"2021-04-21T11:16:13+00:00","author":{"@id":"https:\/\/sindromecharge.es\/#\/schema\/person\/39a60ebe0a2b4d5a11179701e336b039"},"breadcrumb":{"@id":"https:\/\/sindromecharge.es\/index.php\/2021\/04\/21\/barcelona-implanta-un-sistema-pionero-para-guiar-a-personas-invidentes-en-el-transporte-publico\/#breadcrumb"},"inLanguage":"es","potentialAction":[{"@type":"ReadAction","target":["https:\/\/sindromecharge.es\/index.php\/2021\/04\/21\/barcelona-implanta-un-sistema-pionero-para-guiar-a-personas-invidentes-en-el-transporte-publico\/"]}]},{"@type":"BreadcrumbList","@id":"https:\/\/sindromecharge.es\/index.php\/2021\/04\/21\/barcelona-implanta-un-sistema-pionero-para-guiar-a-personas-invidentes-en-el-transporte-publico\/#breadcrumb","itemListElement":[{"@type":"ListItem","position":1,"name":"Portada","item":"https:\/\/sindromecharge.es\/"},{"@type":"ListItem","position":2,"name":"Barcelona implanta un sistema pionero para guiar a personas invidentes en el transporte p\u00fablico"}]},{"@type":"WebSite","@id":"https:\/\/sindromecharge.es\/#website","url":"https:\/\/sindromecharge.es\/","name":"Asociaci\u00f3n Espa\u00f1ola S\u00edndrome de Charge","description":"","potentialAction":[{"@type":"SearchAction","target":{"@type":"EntryPoint","urlTemplate":"https:\/\/sindromecharge.es\/?s={search_term_string}"},"query-input":{"@type":"PropertyValueSpecification","valueRequired":true,"valueName":"search_term_string"}}],"inLanguage":"es"},{"@type":"Person","@id":"https:\/\/sindromecharge.es\/#\/schema\/person\/39a60ebe0a2b4d5a11179701e336b039","name":"Charge","image":{"@type":"ImageObject","inLanguage":"es","@id":"https:\/\/secure.gravatar.com\/avatar\/c3b46e32a0fc3b093a0873fb767bf3293de856293065e84ef06b7ec7a8acfb98?s=96&d=identicon&r=x","url":"https:\/\/secure.gravatar.com\/avatar\/c3b46e32a0fc3b093a0873fb767bf3293de856293065e84ef06b7ec7a8acfb98?s=96&d=identicon&r=x","contentUrl":"https:\/\/secure.gravatar.com\/avatar\/c3b46e32a0fc3b093a0873fb767bf3293de856293065e84ef06b7ec7a8acfb98?s=96&d=identicon&r=x","caption":"Charge"},"url":"https:\/\/sindromecharge.es\/index.php\/author\/admin\/"}]}},"_links":{"self":[{"href":"https:\/\/sindromecharge.es\/index.php\/wp-json\/wp\/v2\/posts\/7063","targetHints":{"allow":["GET"]}}],"collection":[{"href":"https:\/\/sindromecharge.es\/index.php\/wp-json\/wp\/v2\/posts"}],"about":[{"href":"https:\/\/sindromecharge.es\/index.php\/wp-json\/wp\/v2\/types\/post"}],"author":[{"embeddable":true,"href":"https:\/\/sindromecharge.es\/index.php\/wp-json\/wp\/v2\/users\/1"}],"replies":[{"embeddable":true,"href":"https:\/\/sindromecharge.es\/index.php\/wp-json\/wp\/v2\/comments?post=7063"}],"version-history":[{"count":0,"href":"https:\/\/sindromecharge.es\/index.php\/wp-json\/wp\/v2\/posts\/7063\/revisions"}],"wp:attachment":[{"href":"https:\/\/sindromecharge.es\/index.php\/wp-json\/wp\/v2\/media?parent=7063"}],"wp:term":[{"taxonomy":"category","embeddable":true,"href":"https:\/\/sindromecharge.es\/index.php\/wp-json\/wp\/v2\/categories?post=7063"},{"taxonomy":"post_tag","embeddable":true,"href":"https:\/\/sindromecharge.es\/index.php\/wp-json\/wp\/v2\/tags?post=7063"}],"curies":[{"name":"wp","href":"https:\/\/api.w.org\/{rel}","templated":true}]}}