{"id":7060,"date":"2021-04-21T07:30:09","date_gmt":"2021-04-21T07:30:09","guid":{"rendered":"https:\/\/sindromecharge.es\/index.php\/2021\/04\/21\/cermi-la-rioja-se-reune-con-el-gobierno-regional-y-celebra-su-asamblea-anual-de-modo-presencial-y-online\/"},"modified":"2021-04-21T07:30:09","modified_gmt":"2021-04-21T07:30:09","slug":"cermi-la-rioja-se-reune-con-el-gobierno-regional-y-celebra-su-asamblea-anual-de-modo-presencial-y-online","status":"publish","type":"post","link":"https:\/\/sindromecharge.es\/index.php\/2021\/04\/21\/cermi-la-rioja-se-reune-con-el-gobierno-regional-y-celebra-su-asamblea-anual-de-modo-presencial-y-online\/","title":{"rendered":"CERMI-La Rioja se re\u00fane con el Gobierno Regional y celebra su Asamblea anual de modo presencial y online"},"content":{"rendered":"<p>Leemos en 20minutos la siguiente noticia que os reproducimos de forma \u00edntegra: <\/p>\n<p>En este encuentro repasaron los principales asuntos de la agenda pol\u00edtica regional de la discapacidad. Asimismo, se plante\u00f3 la necesidad imperiosa de apoyo al Colectivo de las personas con discapacidad, las familias y entidades del tejido asociativo, para atenuar el impacto desmedido de la pandemia del coronavirus, solicitando que se tenga en cuenta la vacunaci\u00f3n prioritaria de las personas con discapacidad residentes en La Rioja que quedan por inmunizarse as\u00ed como de su entorno de cuidados y apoyos. En este mismo asunto expusieron la urgencia de crear un fondo extraordinario econ\u00f3mico de rescate del Tercer Sector Social riojano que ayude a remontar los terribles efectos de la crisis pand\u00e9mica en las estructuras de la discapacidad, exhaustas tras este a\u00f1o de presi\u00f3n exorbitada.<\/p>\n<p>Tambi\u00e9n demandaron de la presidenta riojana que los nuevos recursos que reciba la Comunidad de los Fondos Europeos de Transformaci\u00f3n, Recuperaci\u00f3n y Resiliencia se apliquen preferentemente a fines de cohesi\u00f3n e inclusi\u00f3n social. Finalmente el movimiento CERMI hizo referencia a aspectos como la extensi\u00f3n de la asistencia personal, la reactivaci\u00f3n de las pol\u00edticas activas de empleo, la educaci\u00f3n inclusiva y la accesibilidad universal.<\/p>\n<p>Por la tarde y en el sal\u00f3n de actos del Centro Cultural Ibercaja, CERMI-La Rioja realiz\u00f3 su Asamblea General ordinaria con la participaci\u00f3n de los representantes de las Asociaciones Miembro, unos presencialmente y otros de forma telem\u00e1tica.<\/p>\n<p>La presidenta de la Plataforma CERMI-La Rioja, Manoli Muro, tras dar la bienvenida a los participantes y agradecer la presencia del presidente del CERMI Estatal, Luis Cayo P\u00e9rez Bueno, realiz\u00f3 una breve exposici\u00f3n en la que record\u00f3 los muchos problemas que las personas con discapacidad est\u00e1n teniendo desde el origen de la pandemia y la declaraci\u00f3n por parte del Gobierno de Espa\u00f1a del &#8216;Estado de Alarma&#8217; el pasado 14 de marzo de 2020, \u00abpor lo que todos tuvimos que quedarnos en casa\u00bb.<\/p>\n<p>Agradeci\u00f3 a los gerentes y equipos de las residencias por anticiparse a que el virus entrara en ellas a lo que se uni\u00f3 que los usuarios fueron atendidos telem\u00e1ticamente, \u00absin que en ning\u00fan momento faltara el apoyo de los familiares\u00bb, felicitando a todos por esta labor realizada. Record\u00f3 a las dos personas con discapacidad de esta Comunidad que fallecieron por la COVID-19, mostrando su esperanza en el futuro \u00abpues esto pasar\u00e1 y volveremos a la normalidad\u00bb.<\/p>\n<p>Tras la aprobaci\u00f3n de las cuentas del pasado a\u00f1o 2020 y el presupuesto para este ejercicio econ\u00f3mico, el t\u00e9cnico de este Comit\u00e9, \u00c1lvaro Azofra, expuso el Plan de Acci\u00f3n que se viene desarrollando este a\u00f1o, centr\u00e1ndose en conseguir un nuevo Plan de la Discapacidad en colaboraci\u00f3n con el Ayuntamiento de Logro\u00f1o; la visita a la nueva estaci\u00f3n de autobuses para exponer medidas de mejora; poder continuar con el plan de formaci\u00f3n de los conductores de autobuses en el tratamiento que deben tener con las personas con discapacidad; el lanzamiento de la campa\u00f1a de sensibilizaci\u00f3n sobre las plazas de aparcamientos de las personas con discapacidad en las calles, basada en el trabajo realizado por la Asociaci\u00f3n La Rioja sin Barreras; la publicaci\u00f3n del libro de relatos &#8216;Cuenta con la discapacidad&#8217;; la presentaci\u00f3n del Contrato Marco con la Fundaci\u00f3n CERMI-Mujeres y la firma del Contrato Programa con el CERMI Estatal de una duraci\u00f3n de 5 a\u00f1os.<\/p>\n<p>El presidente del CERMI Estatal, Luis Cayo P\u00e9rez Bueno, adem\u00e1s de mostrar su placer por estar en Logro\u00f1o y recordar el papel de la presidenta de CERMI-La Rioja y vicepresidenta del CERMI Estatal, Manoli Muro, se fij\u00f3 en la \u00abcasa com\u00fan de la discapacidad pues si gana el CERMI, ganamos todas las entidades que lo conforman\u00bb, mostrando su \u00abagradecimiento y gratitud\u00bb a todos y planteando c\u00f3mo hubiera sido este tiempo sin el movimiento asociativo \u00abque ha servido de tractor\u00bb e indicando que seguramente el balance de dolor hubiera sido mayor. Finalmente anim\u00f3 a todos los representantes de las entidades a \u00abtrabajar en favor del proyecto de una vida cooperativa\u00bb sin pensar \u00abno ya en lo que saco sino en lo que puedo aportar\u00bb, resaltando la cohesi\u00f3n y la puesta en com\u00fan de todas las Entidades del movimiento CERMI.<\/p>\n<p>Manoli Muro cerr\u00f3 la Asamblea 2021 recordando que hace 40 a\u00f1os entr\u00f3 en este mundo de las personas con discapacidad del que es muy dif\u00edcil salir y \u00aben el que no hab\u00eda nada\u00bb, por lo que apost\u00f3 por \u00abestar siempre unidos y solventar la falta de entendimiento\u00bb.<\/p>\n<p>Fuente: 20minutos <a href=\"https:\/\/www.20minutos.es\/noticia\/4666347\/0\/cermi-la-rioja-se-reune-con-el-gobierno-regional-y-celebra-su-asamblea-anual-de-modo-presencial-y-online\/\" target=\"_blank\" rel=\"noopener\">CERMI-La Rioja se re\u00fane con el Gobierno Regional y celebra su Asamblea anual de modo presencial y online<\/a><\/p>\n","protected":false},"excerpt":{"rendered":"<p>Leemos en 20minutos la siguiente noticia que os reproducimos de forma \u00edntegra: En este encuentro repasaron los principales asuntos de la agenda pol\u00edtica regional de la discapacidad. Asimismo, se plante\u00f3 la necesidad imperiosa de apoyo al Colectivo de las personas con discapacidad, las familias y entidades del tejido asociativo, para atenuar el impacto desmedido de [&hellip;]<\/p>\n","protected":false},"author":1,"featured_media":0,"comment_status":"open","ping_status":"closed","sticky":false,"template":"","format":"standard","meta":{"footnotes":""},"categories":[8],"tags":[31],"class_list":["post-7060","post","type-post","status-publish","format-standard","hentry","category-noticias","tag-discapacidad"],"yoast_head":"<!-- This site is optimized with the Yoast SEO plugin v27.5 - https:\/\/yoast.com\/product\/yoast-seo-wordpress\/ -->\n<title>CERMI-La Rioja se re\u00fane con el Gobierno Regional y celebra su Asamblea anual de modo presencial y online - Asociaci\u00f3n Espa\u00f1ola S\u00edndrome de Charge<\/title>\n<meta name=\"robots\" content=\"index, follow, max-snippet:-1, max-image-preview:large, max-video-preview:-1\" \/>\n<link rel=\"canonical\" href=\"https:\/\/sindromecharge.es\/index.php\/2021\/04\/21\/cermi-la-rioja-se-reune-con-el-gobierno-regional-y-celebra-su-asamblea-anual-de-modo-presencial-y-online\/\" \/>\n<meta property=\"og:locale\" content=\"es_ES\" \/>\n<meta property=\"og:type\" content=\"article\" \/>\n<meta property=\"og:title\" content=\"CERMI-La Rioja se re\u00fane con el Gobierno Regional y celebra su Asamblea anual de modo presencial y online - Asociaci\u00f3n Espa\u00f1ola S\u00edndrome de Charge\" \/>\n<meta property=\"og:description\" content=\"Leemos en 20minutos la siguiente noticia que os reproducimos de forma \u00edntegra: En este encuentro repasaron los principales asuntos de la agenda pol\u00edtica regional de la discapacidad. Asimismo, se plante\u00f3 la necesidad imperiosa de apoyo al Colectivo de las personas con discapacidad, las familias y entidades del tejido asociativo, para atenuar el impacto desmedido de [&hellip;]\" \/>\n<meta property=\"og:url\" content=\"https:\/\/sindromecharge.es\/index.php\/2021\/04\/21\/cermi-la-rioja-se-reune-con-el-gobierno-regional-y-celebra-su-asamblea-anual-de-modo-presencial-y-online\/\" \/>\n<meta property=\"og:site_name\" content=\"Asociaci\u00f3n Espa\u00f1ola S\u00edndrome de Charge\" \/>\n<meta property=\"article:publisher\" content=\"https:\/\/www.facebook.com\/asociacionsindromecharge\" \/>\n<meta property=\"article:published_time\" content=\"2021-04-21T07:30:09+00:00\" \/>\n<meta property=\"og:image\" content=\"https:\/\/sindromecharge.es\/wp-content\/uploads\/2013\/09\/logodecharge300x98.png\" \/>\n\t<meta property=\"og:image:width\" content=\"300\" \/>\n\t<meta property=\"og:image:height\" content=\"98\" \/>\n\t<meta property=\"og:image:type\" content=\"image\/png\" \/>\n<meta name=\"author\" content=\"Charge\" \/>\n<meta name=\"twitter:card\" content=\"summary_large_image\" \/>\n<meta name=\"twitter:creator\" content=\"@sindromecharge\" \/>\n<meta name=\"twitter:site\" content=\"@sindromecharge\" \/>\n<meta name=\"twitter:label1\" content=\"Escrito por\" \/>\n\t<meta name=\"twitter:data1\" content=\"Charge\" \/>\n\t<meta name=\"twitter:label2\" content=\"Tiempo de lectura\" \/>\n\t<meta name=\"twitter:data2\" content=\"4 minutos\" \/>\n<script type=\"application\/ld+json\" class=\"yoast-schema-graph\">{\"@context\":\"https:\\\/\\\/schema.org\",\"@graph\":[{\"@type\":\"Article\",\"@id\":\"https:\\\/\\\/sindromecharge.es\\\/index.php\\\/2021\\\/04\\\/21\\\/cermi-la-rioja-se-reune-con-el-gobierno-regional-y-celebra-su-asamblea-anual-de-modo-presencial-y-online\\\/#article\",\"isPartOf\":{\"@id\":\"https:\\\/\\\/sindromecharge.es\\\/index.php\\\/2021\\\/04\\\/21\\\/cermi-la-rioja-se-reune-con-el-gobierno-regional-y-celebra-su-asamblea-anual-de-modo-presencial-y-online\\\/\"},\"author\":{\"name\":\"Charge\",\"@id\":\"https:\\\/\\\/sindromecharge.es\\\/#\\\/schema\\\/person\\\/39a60ebe0a2b4d5a11179701e336b039\"},\"headline\":\"CERMI-La Rioja se re\u00fane con el Gobierno Regional y celebra su Asamblea anual de modo presencial y online\",\"datePublished\":\"2021-04-21T07:30:09+00:00\",\"mainEntityOfPage\":{\"@id\":\"https:\\\/\\\/sindromecharge.es\\\/index.php\\\/2021\\\/04\\\/21\\\/cermi-la-rioja-se-reune-con-el-gobierno-regional-y-celebra-su-asamblea-anual-de-modo-presencial-y-online\\\/\"},\"wordCount\":819,\"commentCount\":0,\"keywords\":[\"discapacidad\"],\"articleSection\":[\"noticias\"],\"inLanguage\":\"es\",\"potentialAction\":[{\"@type\":\"CommentAction\",\"name\":\"Comment\",\"target\":[\"https:\\\/\\\/sindromecharge.es\\\/index.php\\\/2021\\\/04\\\/21\\\/cermi-la-rioja-se-reune-con-el-gobierno-regional-y-celebra-su-asamblea-anual-de-modo-presencial-y-online\\\/#respond\"]}]},{\"@type\":\"WebPage\",\"@id\":\"https:\\\/\\\/sindromecharge.es\\\/index.php\\\/2021\\\/04\\\/21\\\/cermi-la-rioja-se-reune-con-el-gobierno-regional-y-celebra-su-asamblea-anual-de-modo-presencial-y-online\\\/\",\"url\":\"https:\\\/\\\/sindromecharge.es\\\/index.php\\\/2021\\\/04\\\/21\\\/cermi-la-rioja-se-reune-con-el-gobierno-regional-y-celebra-su-asamblea-anual-de-modo-presencial-y-online\\\/\",\"name\":\"CERMI-La Rioja se re\u00fane con el Gobierno Regional y celebra su Asamblea anual de modo presencial y online - Asociaci\u00f3n Espa\u00f1ola S\u00edndrome de Charge\",\"isPartOf\":{\"@id\":\"https:\\\/\\\/sindromecharge.es\\\/#website\"},\"datePublished\":\"2021-04-21T07:30:09+00:00\",\"author\":{\"@id\":\"https:\\\/\\\/sindromecharge.es\\\/#\\\/schema\\\/person\\\/39a60ebe0a2b4d5a11179701e336b039\"},\"breadcrumb\":{\"@id\":\"https:\\\/\\\/sindromecharge.es\\\/index.php\\\/2021\\\/04\\\/21\\\/cermi-la-rioja-se-reune-con-el-gobierno-regional-y-celebra-su-asamblea-anual-de-modo-presencial-y-online\\\/#breadcrumb\"},\"inLanguage\":\"es\",\"potentialAction\":[{\"@type\":\"ReadAction\",\"target\":[\"https:\\\/\\\/sindromecharge.es\\\/index.php\\\/2021\\\/04\\\/21\\\/cermi-la-rioja-se-reune-con-el-gobierno-regional-y-celebra-su-asamblea-anual-de-modo-presencial-y-online\\\/\"]}]},{\"@type\":\"BreadcrumbList\",\"@id\":\"https:\\\/\\\/sindromecharge.es\\\/index.php\\\/2021\\\/04\\\/21\\\/cermi-la-rioja-se-reune-con-el-gobierno-regional-y-celebra-su-asamblea-anual-de-modo-presencial-y-online\\\/#breadcrumb\",\"itemListElement\":[{\"@type\":\"ListItem\",\"position\":1,\"name\":\"Portada\",\"item\":\"https:\\\/\\\/sindromecharge.es\\\/\"},{\"@type\":\"ListItem\",\"position\":2,\"name\":\"CERMI-La Rioja se re\u00fane con el Gobierno Regional y celebra su Asamblea anual de modo presencial y online\"}]},{\"@type\":\"WebSite\",\"@id\":\"https:\\\/\\\/sindromecharge.es\\\/#website\",\"url\":\"https:\\\/\\\/sindromecharge.es\\\/\",\"name\":\"Asociaci\u00f3n Espa\u00f1ola S\u00edndrome de Charge\",\"description\":\"\",\"potentialAction\":[{\"@type\":\"SearchAction\",\"target\":{\"@type\":\"EntryPoint\",\"urlTemplate\":\"https:\\\/\\\/sindromecharge.es\\\/?s={search_term_string}\"},\"query-input\":{\"@type\":\"PropertyValueSpecification\",\"valueRequired\":true,\"valueName\":\"search_term_string\"}}],\"inLanguage\":\"es\"},{\"@type\":\"Person\",\"@id\":\"https:\\\/\\\/sindromecharge.es\\\/#\\\/schema\\\/person\\\/39a60ebe0a2b4d5a11179701e336b039\",\"name\":\"Charge\",\"image\":{\"@type\":\"ImageObject\",\"inLanguage\":\"es\",\"@id\":\"https:\\\/\\\/secure.gravatar.com\\\/avatar\\\/c3b46e32a0fc3b093a0873fb767bf3293de856293065e84ef06b7ec7a8acfb98?s=96&d=identicon&r=x\",\"url\":\"https:\\\/\\\/secure.gravatar.com\\\/avatar\\\/c3b46e32a0fc3b093a0873fb767bf3293de856293065e84ef06b7ec7a8acfb98?s=96&d=identicon&r=x\",\"contentUrl\":\"https:\\\/\\\/secure.gravatar.com\\\/avatar\\\/c3b46e32a0fc3b093a0873fb767bf3293de856293065e84ef06b7ec7a8acfb98?s=96&d=identicon&r=x\",\"caption\":\"Charge\"},\"url\":\"https:\\\/\\\/sindromecharge.es\\\/index.php\\\/author\\\/admin\\\/\"}]}<\/script>\n<!-- \/ Yoast SEO plugin. -->","yoast_head_json":{"title":"CERMI-La Rioja se re\u00fane con el Gobierno Regional y celebra su Asamblea anual de modo presencial y online - Asociaci\u00f3n Espa\u00f1ola S\u00edndrome de Charge","robots":{"index":"index","follow":"follow","max-snippet":"max-snippet:-1","max-image-preview":"max-image-preview:large","max-video-preview":"max-video-preview:-1"},"canonical":"https:\/\/sindromecharge.es\/index.php\/2021\/04\/21\/cermi-la-rioja-se-reune-con-el-gobierno-regional-y-celebra-su-asamblea-anual-de-modo-presencial-y-online\/","og_locale":"es_ES","og_type":"article","og_title":"CERMI-La Rioja se re\u00fane con el Gobierno Regional y celebra su Asamblea anual de modo presencial y online - Asociaci\u00f3n Espa\u00f1ola S\u00edndrome de Charge","og_description":"Leemos en 20minutos la siguiente noticia que os reproducimos de forma \u00edntegra: En este encuentro repasaron los principales asuntos de la agenda pol\u00edtica regional de la discapacidad. Asimismo, se plante\u00f3 la necesidad imperiosa de apoyo al Colectivo de las personas con discapacidad, las familias y entidades del tejido asociativo, para atenuar el impacto desmedido de [&hellip;]","og_url":"https:\/\/sindromecharge.es\/index.php\/2021\/04\/21\/cermi-la-rioja-se-reune-con-el-gobierno-regional-y-celebra-su-asamblea-anual-de-modo-presencial-y-online\/","og_site_name":"Asociaci\u00f3n Espa\u00f1ola S\u00edndrome de Charge","article_publisher":"https:\/\/www.facebook.com\/asociacionsindromecharge","article_published_time":"2021-04-21T07:30:09+00:00","og_image":[{"width":300,"height":98,"url":"https:\/\/sindromecharge.es\/wp-content\/uploads\/2013\/09\/logodecharge300x98.png","type":"image\/png"}],"author":"Charge","twitter_card":"summary_large_image","twitter_creator":"@sindromecharge","twitter_site":"@sindromecharge","twitter_misc":{"Escrito por":"Charge","Tiempo de lectura":"4 minutos"},"schema":{"@context":"https:\/\/schema.org","@graph":[{"@type":"Article","@id":"https:\/\/sindromecharge.es\/index.php\/2021\/04\/21\/cermi-la-rioja-se-reune-con-el-gobierno-regional-y-celebra-su-asamblea-anual-de-modo-presencial-y-online\/#article","isPartOf":{"@id":"https:\/\/sindromecharge.es\/index.php\/2021\/04\/21\/cermi-la-rioja-se-reune-con-el-gobierno-regional-y-celebra-su-asamblea-anual-de-modo-presencial-y-online\/"},"author":{"name":"Charge","@id":"https:\/\/sindromecharge.es\/#\/schema\/person\/39a60ebe0a2b4d5a11179701e336b039"},"headline":"CERMI-La Rioja se re\u00fane con el Gobierno Regional y celebra su Asamblea anual de modo presencial y online","datePublished":"2021-04-21T07:30:09+00:00","mainEntityOfPage":{"@id":"https:\/\/sindromecharge.es\/index.php\/2021\/04\/21\/cermi-la-rioja-se-reune-con-el-gobierno-regional-y-celebra-su-asamblea-anual-de-modo-presencial-y-online\/"},"wordCount":819,"commentCount":0,"keywords":["discapacidad"],"articleSection":["noticias"],"inLanguage":"es","potentialAction":[{"@type":"CommentAction","name":"Comment","target":["https:\/\/sindromecharge.es\/index.php\/2021\/04\/21\/cermi-la-rioja-se-reune-con-el-gobierno-regional-y-celebra-su-asamblea-anual-de-modo-presencial-y-online\/#respond"]}]},{"@type":"WebPage","@id":"https:\/\/sindromecharge.es\/index.php\/2021\/04\/21\/cermi-la-rioja-se-reune-con-el-gobierno-regional-y-celebra-su-asamblea-anual-de-modo-presencial-y-online\/","url":"https:\/\/sindromecharge.es\/index.php\/2021\/04\/21\/cermi-la-rioja-se-reune-con-el-gobierno-regional-y-celebra-su-asamblea-anual-de-modo-presencial-y-online\/","name":"CERMI-La Rioja se re\u00fane con el Gobierno Regional y celebra su Asamblea anual de modo presencial y online - Asociaci\u00f3n Espa\u00f1ola S\u00edndrome de Charge","isPartOf":{"@id":"https:\/\/sindromecharge.es\/#website"},"datePublished":"2021-04-21T07:30:09+00:00","author":{"@id":"https:\/\/sindromecharge.es\/#\/schema\/person\/39a60ebe0a2b4d5a11179701e336b039"},"breadcrumb":{"@id":"https:\/\/sindromecharge.es\/index.php\/2021\/04\/21\/cermi-la-rioja-se-reune-con-el-gobierno-regional-y-celebra-su-asamblea-anual-de-modo-presencial-y-online\/#breadcrumb"},"inLanguage":"es","potentialAction":[{"@type":"ReadAction","target":["https:\/\/sindromecharge.es\/index.php\/2021\/04\/21\/cermi-la-rioja-se-reune-con-el-gobierno-regional-y-celebra-su-asamblea-anual-de-modo-presencial-y-online\/"]}]},{"@type":"BreadcrumbList","@id":"https:\/\/sindromecharge.es\/index.php\/2021\/04\/21\/cermi-la-rioja-se-reune-con-el-gobierno-regional-y-celebra-su-asamblea-anual-de-modo-presencial-y-online\/#breadcrumb","itemListElement":[{"@type":"ListItem","position":1,"name":"Portada","item":"https:\/\/sindromecharge.es\/"},{"@type":"ListItem","position":2,"name":"CERMI-La Rioja se re\u00fane con el Gobierno Regional y celebra su Asamblea anual de modo presencial y online"}]},{"@type":"WebSite","@id":"https:\/\/sindromecharge.es\/#website","url":"https:\/\/sindromecharge.es\/","name":"Asociaci\u00f3n Espa\u00f1ola S\u00edndrome de Charge","description":"","potentialAction":[{"@type":"SearchAction","target":{"@type":"EntryPoint","urlTemplate":"https:\/\/sindromecharge.es\/?s={search_term_string}"},"query-input":{"@type":"PropertyValueSpecification","valueRequired":true,"valueName":"search_term_string"}}],"inLanguage":"es"},{"@type":"Person","@id":"https:\/\/sindromecharge.es\/#\/schema\/person\/39a60ebe0a2b4d5a11179701e336b039","name":"Charge","image":{"@type":"ImageObject","inLanguage":"es","@id":"https:\/\/secure.gravatar.com\/avatar\/c3b46e32a0fc3b093a0873fb767bf3293de856293065e84ef06b7ec7a8acfb98?s=96&d=identicon&r=x","url":"https:\/\/secure.gravatar.com\/avatar\/c3b46e32a0fc3b093a0873fb767bf3293de856293065e84ef06b7ec7a8acfb98?s=96&d=identicon&r=x","contentUrl":"https:\/\/secure.gravatar.com\/avatar\/c3b46e32a0fc3b093a0873fb767bf3293de856293065e84ef06b7ec7a8acfb98?s=96&d=identicon&r=x","caption":"Charge"},"url":"https:\/\/sindromecharge.es\/index.php\/author\/admin\/"}]}},"_links":{"self":[{"href":"https:\/\/sindromecharge.es\/index.php\/wp-json\/wp\/v2\/posts\/7060","targetHints":{"allow":["GET"]}}],"collection":[{"href":"https:\/\/sindromecharge.es\/index.php\/wp-json\/wp\/v2\/posts"}],"about":[{"href":"https:\/\/sindromecharge.es\/index.php\/wp-json\/wp\/v2\/types\/post"}],"author":[{"embeddable":true,"href":"https:\/\/sindromecharge.es\/index.php\/wp-json\/wp\/v2\/users\/1"}],"replies":[{"embeddable":true,"href":"https:\/\/sindromecharge.es\/index.php\/wp-json\/wp\/v2\/comments?post=7060"}],"version-history":[{"count":0,"href":"https:\/\/sindromecharge.es\/index.php\/wp-json\/wp\/v2\/posts\/7060\/revisions"}],"wp:attachment":[{"href":"https:\/\/sindromecharge.es\/index.php\/wp-json\/wp\/v2\/media?parent=7060"}],"wp:term":[{"taxonomy":"category","embeddable":true,"href":"https:\/\/sindromecharge.es\/index.php\/wp-json\/wp\/v2\/categories?post=7060"},{"taxonomy":"post_tag","embeddable":true,"href":"https:\/\/sindromecharge.es\/index.php\/wp-json\/wp\/v2\/tags?post=7060"}],"curies":[{"name":"wp","href":"https:\/\/api.w.org\/{rel}","templated":true}]}}