{"id":7059,"date":"2021-04-20T10:31:22","date_gmt":"2021-04-20T10:31:22","guid":{"rendered":"https:\/\/sindromecharge.es\/index.php\/2021\/04\/20\/politica-social-asegura-que-casi-se-ha-vacunado-al-100-de-las-residencias-de-mayores-y-discapacitados\/"},"modified":"2021-04-20T10:31:22","modified_gmt":"2021-04-20T10:31:22","slug":"politica-social-asegura-que-casi-se-ha-vacunado-al-100-de-las-residencias-de-mayores-y-discapacitados","status":"publish","type":"post","link":"https:\/\/sindromecharge.es\/index.php\/2021\/04\/20\/politica-social-asegura-que-casi-se-ha-vacunado-al-100-de-las-residencias-de-mayores-y-discapacitados\/","title":{"rendered":"Pol\u00edtica Social asegura que casi se ha vacunado &quot;al 100%&quot; de las residencias de mayores y discapacitados"},"content":{"rendered":"<p>Leemos en 20minutos la siguiente noticia que os reproducimos de forma \u00edntegra: <\/p>\n<p>En una vista al centro de discapacitados de Sarria, Fabiola Garc\u00eda ha puntualizado que puede \u00abhaber alg\u00fan caso residual que no ha sido vacunado, pero por un motivo u otro se est\u00e1 haciendo una repesca de aquellas personas que no estaban en el centro o no han querido vacunarse y tiene la oportunidad ahora de volver a hacerlo\u00bb.<\/p>\n<p>\u00abEl \u00e9xito de la vacunaci\u00f3n en todas las residencias de Galicia demuestra que la vacunaci\u00f3n es \u00fatil y necesaria, y es el preludio de lo que supondr\u00e1 en el resto de la poblaci\u00f3n\u00bb, ha defendido.<\/p>\n<p>En cuanto a la \u00abdesescalada\u00bb en estas residencias de mayores y de discapacitados, la conselleira ha incidido en que \u00abla vacunaci\u00f3n tendr\u00e1 sus frutos y el hecho de que todas las personas, tanto trabajadores como residentes est\u00e9n inmunizados hacen que el comit\u00e9 cl\u00ednico avale una apertura cada vez mayor de estos centros\u00bb.<\/p>\n<p>\u00abDesde este viernes pueden recibir hasta tres visitas a la semana, cuatro horas al d\u00eda. Queremos continuar ampliando esas aperturas y que puedan volver a la normalidad que es algo que los familiares y los usuarios necesitan\u00bb, ha sostenido.<\/p>\n<p>DESESCALADA<\/p>\n<p>Preguntada sobre si se puede concluir con esa \u00abdesescalada\u00bb en mayo o en junio, ha comentado que \u00ablo antes posible\u00bb y que est\u00e1 pendiente \u00abde las decisiones del comit\u00e9 cl\u00ednico\u00bb. \u00abEstamos esperando que avance un poco m\u00e1s la vacunaci\u00f3n en el resto de la poblaci\u00f3n para que se pueda salir sin tanto riesgo aunque, es cierto, el riesgo cero no existe mientras toda la poblaci\u00f3n no est\u00e9 vacunada\u00bb, ha resuelto.<\/p>\n<p>Con todo, la conselle\u00edra de Pol\u00edtica Social conf\u00eda que \u00abantes del verano\u00bb se pueda ahondar en esa desescalada. \u00abEsperamos que antes\u00bb, ha apostillado.<\/p>\n<p>Fabiola Garc\u00eda ha visitado el Centro de Atenci\u00f3n a personas con Discapacidad de Sarria donde anunci\u00f3 la renovaci\u00f3n de la cubierta con una inversi\u00f3n de 400.000 euros.<\/p>\n<p>\u00abTambi\u00e9n voy a aprovechar la visita para darles las gracias a los trabajadores por el esfuerzo de todos estos meses de pandemia sanitaria, que estuvieron al pie del ca\u00f1\u00f3n atendiendo a todas las personas con discapacidad y aunque hubo alg\u00fan positivo en el centro, se comportaron de forma ejemplar y fueron capaces de contener ese brote de coronavirus\u00bb, ha concluido la conselleira de Pol\u00edtica Social.<\/p>\n<p>Fuente: 20minutos <a href=\"https:\/\/www.20minutos.es\/noticia\/4664990\/0\/politica-social-asegura-que-casi-se-ha-vacunado-al-100-de-las-residencias-de-mayores-y-discapacitados\/\" target=\"_blank\" rel=\"noopener\">Pol\u00edtica Social asegura que casi se ha vacunado &quot;al 100%&quot; de las residencias de mayores y discapacitados<\/a><\/p>\n","protected":false},"excerpt":{"rendered":"<p>Leemos en 20minutos la siguiente noticia que os reproducimos de forma \u00edntegra: En una vista al centro de discapacitados de Sarria, Fabiola Garc\u00eda ha puntualizado que puede \u00abhaber alg\u00fan caso residual que no ha sido vacunado, pero por un motivo u otro se est\u00e1 haciendo una repesca de aquellas personas que no estaban en el [&hellip;]<\/p>\n","protected":false},"author":1,"featured_media":0,"comment_status":"open","ping_status":"closed","sticky":false,"template":"","format":"standard","meta":{"footnotes":""},"categories":[8],"tags":[31],"class_list":["post-7059","post","type-post","status-publish","format-standard","hentry","category-noticias","tag-discapacidad"],"yoast_head":"<!-- This site is optimized with the Yoast SEO plugin v27.5 - https:\/\/yoast.com\/product\/yoast-seo-wordpress\/ -->\n<title>Pol\u00edtica Social asegura que casi se ha vacunado &quot;al 100%&quot; de las residencias de mayores y discapacitados - Asociaci\u00f3n Espa\u00f1ola S\u00edndrome de Charge<\/title>\n<meta name=\"robots\" content=\"index, follow, max-snippet:-1, max-image-preview:large, max-video-preview:-1\" \/>\n<link rel=\"canonical\" href=\"https:\/\/sindromecharge.es\/index.php\/2021\/04\/20\/politica-social-asegura-que-casi-se-ha-vacunado-al-100-de-las-residencias-de-mayores-y-discapacitados\/\" \/>\n<meta property=\"og:locale\" content=\"es_ES\" \/>\n<meta property=\"og:type\" content=\"article\" \/>\n<meta property=\"og:title\" content=\"Pol\u00edtica Social asegura que casi se ha vacunado &quot;al 100%&quot; de las residencias de mayores y discapacitados - Asociaci\u00f3n Espa\u00f1ola S\u00edndrome de Charge\" \/>\n<meta property=\"og:description\" content=\"Leemos en 20minutos la siguiente noticia que os reproducimos de forma \u00edntegra: En una vista al centro de discapacitados de Sarria, Fabiola Garc\u00eda ha puntualizado que puede \u00abhaber alg\u00fan caso residual que no ha sido vacunado, pero por un motivo u otro se est\u00e1 haciendo una repesca de aquellas personas que no estaban en el [&hellip;]\" \/>\n<meta property=\"og:url\" content=\"https:\/\/sindromecharge.es\/index.php\/2021\/04\/20\/politica-social-asegura-que-casi-se-ha-vacunado-al-100-de-las-residencias-de-mayores-y-discapacitados\/\" \/>\n<meta property=\"og:site_name\" content=\"Asociaci\u00f3n Espa\u00f1ola S\u00edndrome de Charge\" \/>\n<meta property=\"article:publisher\" content=\"https:\/\/www.facebook.com\/asociacionsindromecharge\" \/>\n<meta property=\"article:published_time\" content=\"2021-04-20T10:31:22+00:00\" \/>\n<meta property=\"og:image\" content=\"https:\/\/sindromecharge.es\/wp-content\/uploads\/2013\/09\/logodecharge300x98.png\" \/>\n\t<meta property=\"og:image:width\" content=\"300\" \/>\n\t<meta property=\"og:image:height\" content=\"98\" \/>\n\t<meta property=\"og:image:type\" content=\"image\/png\" \/>\n<meta name=\"author\" content=\"Charge\" \/>\n<meta name=\"twitter:card\" content=\"summary_large_image\" \/>\n<meta name=\"twitter:creator\" content=\"@sindromecharge\" \/>\n<meta name=\"twitter:site\" content=\"@sindromecharge\" \/>\n<meta name=\"twitter:label1\" content=\"Escrito por\" \/>\n\t<meta name=\"twitter:data1\" content=\"Charge\" \/>\n\t<meta name=\"twitter:label2\" content=\"Tiempo de lectura\" \/>\n\t<meta name=\"twitter:data2\" content=\"2 minutos\" \/>\n<script type=\"application\/ld+json\" class=\"yoast-schema-graph\">{\"@context\":\"https:\\\/\\\/schema.org\",\"@graph\":[{\"@type\":\"Article\",\"@id\":\"https:\\\/\\\/sindromecharge.es\\\/index.php\\\/2021\\\/04\\\/20\\\/politica-social-asegura-que-casi-se-ha-vacunado-al-100-de-las-residencias-de-mayores-y-discapacitados\\\/#article\",\"isPartOf\":{\"@id\":\"https:\\\/\\\/sindromecharge.es\\\/index.php\\\/2021\\\/04\\\/20\\\/politica-social-asegura-que-casi-se-ha-vacunado-al-100-de-las-residencias-de-mayores-y-discapacitados\\\/\"},\"author\":{\"name\":\"Charge\",\"@id\":\"https:\\\/\\\/sindromecharge.es\\\/#\\\/schema\\\/person\\\/39a60ebe0a2b4d5a11179701e336b039\"},\"headline\":\"Pol\u00edtica Social asegura que casi se ha vacunado &quot;al 100%&quot; de las residencias de mayores y discapacitados\",\"datePublished\":\"2021-04-20T10:31:22+00:00\",\"mainEntityOfPage\":{\"@id\":\"https:\\\/\\\/sindromecharge.es\\\/index.php\\\/2021\\\/04\\\/20\\\/politica-social-asegura-que-casi-se-ha-vacunado-al-100-de-las-residencias-de-mayores-y-discapacitados\\\/\"},\"wordCount\":446,\"commentCount\":0,\"keywords\":[\"discapacidad\"],\"articleSection\":[\"noticias\"],\"inLanguage\":\"es\",\"potentialAction\":[{\"@type\":\"CommentAction\",\"name\":\"Comment\",\"target\":[\"https:\\\/\\\/sindromecharge.es\\\/index.php\\\/2021\\\/04\\\/20\\\/politica-social-asegura-que-casi-se-ha-vacunado-al-100-de-las-residencias-de-mayores-y-discapacitados\\\/#respond\"]}]},{\"@type\":\"WebPage\",\"@id\":\"https:\\\/\\\/sindromecharge.es\\\/index.php\\\/2021\\\/04\\\/20\\\/politica-social-asegura-que-casi-se-ha-vacunado-al-100-de-las-residencias-de-mayores-y-discapacitados\\\/\",\"url\":\"https:\\\/\\\/sindromecharge.es\\\/index.php\\\/2021\\\/04\\\/20\\\/politica-social-asegura-que-casi-se-ha-vacunado-al-100-de-las-residencias-de-mayores-y-discapacitados\\\/\",\"name\":\"Pol\u00edtica Social asegura que casi se ha vacunado &quot;al 100%&quot; de las residencias de mayores y discapacitados - Asociaci\u00f3n Espa\u00f1ola S\u00edndrome de Charge\",\"isPartOf\":{\"@id\":\"https:\\\/\\\/sindromecharge.es\\\/#website\"},\"datePublished\":\"2021-04-20T10:31:22+00:00\",\"author\":{\"@id\":\"https:\\\/\\\/sindromecharge.es\\\/#\\\/schema\\\/person\\\/39a60ebe0a2b4d5a11179701e336b039\"},\"breadcrumb\":{\"@id\":\"https:\\\/\\\/sindromecharge.es\\\/index.php\\\/2021\\\/04\\\/20\\\/politica-social-asegura-que-casi-se-ha-vacunado-al-100-de-las-residencias-de-mayores-y-discapacitados\\\/#breadcrumb\"},\"inLanguage\":\"es\",\"potentialAction\":[{\"@type\":\"ReadAction\",\"target\":[\"https:\\\/\\\/sindromecharge.es\\\/index.php\\\/2021\\\/04\\\/20\\\/politica-social-asegura-que-casi-se-ha-vacunado-al-100-de-las-residencias-de-mayores-y-discapacitados\\\/\"]}]},{\"@type\":\"BreadcrumbList\",\"@id\":\"https:\\\/\\\/sindromecharge.es\\\/index.php\\\/2021\\\/04\\\/20\\\/politica-social-asegura-que-casi-se-ha-vacunado-al-100-de-las-residencias-de-mayores-y-discapacitados\\\/#breadcrumb\",\"itemListElement\":[{\"@type\":\"ListItem\",\"position\":1,\"name\":\"Portada\",\"item\":\"https:\\\/\\\/sindromecharge.es\\\/\"},{\"@type\":\"ListItem\",\"position\":2,\"name\":\"Pol\u00edtica Social asegura que casi se ha vacunado &quot;al 100%&quot; de las residencias de mayores y discapacitados\"}]},{\"@type\":\"WebSite\",\"@id\":\"https:\\\/\\\/sindromecharge.es\\\/#website\",\"url\":\"https:\\\/\\\/sindromecharge.es\\\/\",\"name\":\"Asociaci\u00f3n Espa\u00f1ola S\u00edndrome de Charge\",\"description\":\"\",\"potentialAction\":[{\"@type\":\"SearchAction\",\"target\":{\"@type\":\"EntryPoint\",\"urlTemplate\":\"https:\\\/\\\/sindromecharge.es\\\/?s={search_term_string}\"},\"query-input\":{\"@type\":\"PropertyValueSpecification\",\"valueRequired\":true,\"valueName\":\"search_term_string\"}}],\"inLanguage\":\"es\"},{\"@type\":\"Person\",\"@id\":\"https:\\\/\\\/sindromecharge.es\\\/#\\\/schema\\\/person\\\/39a60ebe0a2b4d5a11179701e336b039\",\"name\":\"Charge\",\"image\":{\"@type\":\"ImageObject\",\"inLanguage\":\"es\",\"@id\":\"https:\\\/\\\/secure.gravatar.com\\\/avatar\\\/c3b46e32a0fc3b093a0873fb767bf3293de856293065e84ef06b7ec7a8acfb98?s=96&d=identicon&r=x\",\"url\":\"https:\\\/\\\/secure.gravatar.com\\\/avatar\\\/c3b46e32a0fc3b093a0873fb767bf3293de856293065e84ef06b7ec7a8acfb98?s=96&d=identicon&r=x\",\"contentUrl\":\"https:\\\/\\\/secure.gravatar.com\\\/avatar\\\/c3b46e32a0fc3b093a0873fb767bf3293de856293065e84ef06b7ec7a8acfb98?s=96&d=identicon&r=x\",\"caption\":\"Charge\"},\"url\":\"https:\\\/\\\/sindromecharge.es\\\/index.php\\\/author\\\/admin\\\/\"}]}<\/script>\n<!-- \/ Yoast SEO plugin. -->","yoast_head_json":{"title":"Pol\u00edtica Social asegura que casi se ha vacunado &quot;al 100%&quot; de las residencias de mayores y discapacitados - Asociaci\u00f3n Espa\u00f1ola S\u00edndrome de Charge","robots":{"index":"index","follow":"follow","max-snippet":"max-snippet:-1","max-image-preview":"max-image-preview:large","max-video-preview":"max-video-preview:-1"},"canonical":"https:\/\/sindromecharge.es\/index.php\/2021\/04\/20\/politica-social-asegura-que-casi-se-ha-vacunado-al-100-de-las-residencias-de-mayores-y-discapacitados\/","og_locale":"es_ES","og_type":"article","og_title":"Pol\u00edtica Social asegura que casi se ha vacunado &quot;al 100%&quot; de las residencias de mayores y discapacitados - Asociaci\u00f3n Espa\u00f1ola S\u00edndrome de Charge","og_description":"Leemos en 20minutos la siguiente noticia que os reproducimos de forma \u00edntegra: En una vista al centro de discapacitados de Sarria, Fabiola Garc\u00eda ha puntualizado que puede \u00abhaber alg\u00fan caso residual que no ha sido vacunado, pero por un motivo u otro se est\u00e1 haciendo una repesca de aquellas personas que no estaban en el [&hellip;]","og_url":"https:\/\/sindromecharge.es\/index.php\/2021\/04\/20\/politica-social-asegura-que-casi-se-ha-vacunado-al-100-de-las-residencias-de-mayores-y-discapacitados\/","og_site_name":"Asociaci\u00f3n Espa\u00f1ola S\u00edndrome de Charge","article_publisher":"https:\/\/www.facebook.com\/asociacionsindromecharge","article_published_time":"2021-04-20T10:31:22+00:00","og_image":[{"width":300,"height":98,"url":"https:\/\/sindromecharge.es\/wp-content\/uploads\/2013\/09\/logodecharge300x98.png","type":"image\/png"}],"author":"Charge","twitter_card":"summary_large_image","twitter_creator":"@sindromecharge","twitter_site":"@sindromecharge","twitter_misc":{"Escrito por":"Charge","Tiempo de lectura":"2 minutos"},"schema":{"@context":"https:\/\/schema.org","@graph":[{"@type":"Article","@id":"https:\/\/sindromecharge.es\/index.php\/2021\/04\/20\/politica-social-asegura-que-casi-se-ha-vacunado-al-100-de-las-residencias-de-mayores-y-discapacitados\/#article","isPartOf":{"@id":"https:\/\/sindromecharge.es\/index.php\/2021\/04\/20\/politica-social-asegura-que-casi-se-ha-vacunado-al-100-de-las-residencias-de-mayores-y-discapacitados\/"},"author":{"name":"Charge","@id":"https:\/\/sindromecharge.es\/#\/schema\/person\/39a60ebe0a2b4d5a11179701e336b039"},"headline":"Pol\u00edtica Social asegura que casi se ha vacunado &quot;al 100%&quot; de las residencias de mayores y discapacitados","datePublished":"2021-04-20T10:31:22+00:00","mainEntityOfPage":{"@id":"https:\/\/sindromecharge.es\/index.php\/2021\/04\/20\/politica-social-asegura-que-casi-se-ha-vacunado-al-100-de-las-residencias-de-mayores-y-discapacitados\/"},"wordCount":446,"commentCount":0,"keywords":["discapacidad"],"articleSection":["noticias"],"inLanguage":"es","potentialAction":[{"@type":"CommentAction","name":"Comment","target":["https:\/\/sindromecharge.es\/index.php\/2021\/04\/20\/politica-social-asegura-que-casi-se-ha-vacunado-al-100-de-las-residencias-de-mayores-y-discapacitados\/#respond"]}]},{"@type":"WebPage","@id":"https:\/\/sindromecharge.es\/index.php\/2021\/04\/20\/politica-social-asegura-que-casi-se-ha-vacunado-al-100-de-las-residencias-de-mayores-y-discapacitados\/","url":"https:\/\/sindromecharge.es\/index.php\/2021\/04\/20\/politica-social-asegura-que-casi-se-ha-vacunado-al-100-de-las-residencias-de-mayores-y-discapacitados\/","name":"Pol\u00edtica Social asegura que casi se ha vacunado &quot;al 100%&quot; de las residencias de mayores y discapacitados - Asociaci\u00f3n Espa\u00f1ola S\u00edndrome de Charge","isPartOf":{"@id":"https:\/\/sindromecharge.es\/#website"},"datePublished":"2021-04-20T10:31:22+00:00","author":{"@id":"https:\/\/sindromecharge.es\/#\/schema\/person\/39a60ebe0a2b4d5a11179701e336b039"},"breadcrumb":{"@id":"https:\/\/sindromecharge.es\/index.php\/2021\/04\/20\/politica-social-asegura-que-casi-se-ha-vacunado-al-100-de-las-residencias-de-mayores-y-discapacitados\/#breadcrumb"},"inLanguage":"es","potentialAction":[{"@type":"ReadAction","target":["https:\/\/sindromecharge.es\/index.php\/2021\/04\/20\/politica-social-asegura-que-casi-se-ha-vacunado-al-100-de-las-residencias-de-mayores-y-discapacitados\/"]}]},{"@type":"BreadcrumbList","@id":"https:\/\/sindromecharge.es\/index.php\/2021\/04\/20\/politica-social-asegura-que-casi-se-ha-vacunado-al-100-de-las-residencias-de-mayores-y-discapacitados\/#breadcrumb","itemListElement":[{"@type":"ListItem","position":1,"name":"Portada","item":"https:\/\/sindromecharge.es\/"},{"@type":"ListItem","position":2,"name":"Pol\u00edtica Social asegura que casi se ha vacunado &quot;al 100%&quot; de las residencias de mayores y discapacitados"}]},{"@type":"WebSite","@id":"https:\/\/sindromecharge.es\/#website","url":"https:\/\/sindromecharge.es\/","name":"Asociaci\u00f3n Espa\u00f1ola S\u00edndrome de Charge","description":"","potentialAction":[{"@type":"SearchAction","target":{"@type":"EntryPoint","urlTemplate":"https:\/\/sindromecharge.es\/?s={search_term_string}"},"query-input":{"@type":"PropertyValueSpecification","valueRequired":true,"valueName":"search_term_string"}}],"inLanguage":"es"},{"@type":"Person","@id":"https:\/\/sindromecharge.es\/#\/schema\/person\/39a60ebe0a2b4d5a11179701e336b039","name":"Charge","image":{"@type":"ImageObject","inLanguage":"es","@id":"https:\/\/secure.gravatar.com\/avatar\/c3b46e32a0fc3b093a0873fb767bf3293de856293065e84ef06b7ec7a8acfb98?s=96&d=identicon&r=x","url":"https:\/\/secure.gravatar.com\/avatar\/c3b46e32a0fc3b093a0873fb767bf3293de856293065e84ef06b7ec7a8acfb98?s=96&d=identicon&r=x","contentUrl":"https:\/\/secure.gravatar.com\/avatar\/c3b46e32a0fc3b093a0873fb767bf3293de856293065e84ef06b7ec7a8acfb98?s=96&d=identicon&r=x","caption":"Charge"},"url":"https:\/\/sindromecharge.es\/index.php\/author\/admin\/"}]}},"_links":{"self":[{"href":"https:\/\/sindromecharge.es\/index.php\/wp-json\/wp\/v2\/posts\/7059","targetHints":{"allow":["GET"]}}],"collection":[{"href":"https:\/\/sindromecharge.es\/index.php\/wp-json\/wp\/v2\/posts"}],"about":[{"href":"https:\/\/sindromecharge.es\/index.php\/wp-json\/wp\/v2\/types\/post"}],"author":[{"embeddable":true,"href":"https:\/\/sindromecharge.es\/index.php\/wp-json\/wp\/v2\/users\/1"}],"replies":[{"embeddable":true,"href":"https:\/\/sindromecharge.es\/index.php\/wp-json\/wp\/v2\/comments?post=7059"}],"version-history":[{"count":0,"href":"https:\/\/sindromecharge.es\/index.php\/wp-json\/wp\/v2\/posts\/7059\/revisions"}],"wp:attachment":[{"href":"https:\/\/sindromecharge.es\/index.php\/wp-json\/wp\/v2\/media?parent=7059"}],"wp:term":[{"taxonomy":"category","embeddable":true,"href":"https:\/\/sindromecharge.es\/index.php\/wp-json\/wp\/v2\/categories?post=7059"},{"taxonomy":"post_tag","embeddable":true,"href":"https:\/\/sindromecharge.es\/index.php\/wp-json\/wp\/v2\/tags?post=7059"}],"curies":[{"name":"wp","href":"https:\/\/api.w.org\/{rel}","templated":true}]}}