{"id":7058,"date":"2021-04-19T10:17:14","date_gmt":"2021-04-19T10:17:14","guid":{"rendered":"https:\/\/sindromecharge.es\/index.php\/2021\/04\/19\/un-centenar-de-personas-atendido-por-predif-cyl-gracias-al-07-de-la-declaracion-de-la-renta\/"},"modified":"2021-04-19T10:17:14","modified_gmt":"2021-04-19T10:17:14","slug":"un-centenar-de-personas-atendido-por-predif-cyl-gracias-al-07-de-la-declaracion-de-la-renta","status":"publish","type":"post","link":"https:\/\/sindromecharge.es\/index.php\/2021\/04\/19\/un-centenar-de-personas-atendido-por-predif-cyl-gracias-al-07-de-la-declaracion-de-la-renta\/","title":{"rendered":"Un centenar de personas atendido por PREDIF CyL gracias al 0,7 % de la declaraci\u00f3n de la renta"},"content":{"rendered":"<p>Leemos en 20minutos la siguiente noticia que os reproducimos de forma \u00edntegra: <\/p>\n<p>Con este sencillo gesto, se destina el 0,7 % del IRPF a la realizaci\u00f3n de programas desarrollados por entidades y ONG del \u00e1mbito de la Acci\u00f3n Social, la Cooperaci\u00f3n al Desarrollo y la Protecci\u00f3n del Medio Ambiente.<\/p>\n<p>Gracias a esta casilla, desde que se puso en marcha el Servicio Integral de Asistencia Personal (SIAP) en 2016, las personas que recibieron el servicio a trav\u00e9s de la asignaci\u00f3n del IRPF aumentaron casi un 27 % el pasado a\u00f1o y la contrataci\u00f3n, cerca del 22 %.<\/p>\n<p>En concreto, en 2020, del total de los servicios que se llevaron a cabo por parte de PREDIF CyL, casi un 9 % se ejecutaron gracias a la asignaci\u00f3n del IRPF. Asimismo, se formaron un total de 76 personas como asistente personal, se adquiri\u00f3 equipamiento de apoyo al SIAP y un veh\u00edculo adaptado.<\/p>\n<p>Tambi\u00e9n se destin\u00f3 parte de esta retribuci\u00f3n a la difusi\u00f3n y promoci\u00f3n del SIAP a trav\u00e9s de jornadas y charlas informativas y al servicio de asesor\u00eda personalizada, lo que, en definitiva, contribuy\u00f3 al incremento de personas que han podido ser atendidas.<\/p>\n<p>Espec\u00edficamente, la incertidumbre por la COVID-19 ha reforzado este apoyo profesional para que las personas vulnerables puedan desarrollar su vida con garant\u00edas en su entorno habitual, como las personas mayores que eligieron este servicio como una alternativa para mantener su autonom\u00eda viviendo en sus domicilios en condiciones de seguridad, en lugar de en residencias.<\/p>\n<p>El objetivo de la campa\u00f1a &#8216;X Solidaria&#8217; es conseguir que la sociedad sea consciente de la necesidad de marcar la casilla de fines sociales en su declaraci\u00f3n de la renta, sobre todo ese 45 % de contribuyentes que a\u00fan no lo hacen, bien porque marcan solamente la casilla de la Iglesia cat\u00f3lica (11 %), bien porque no marcan ninguna (34 %) dejando en blanco su asignaci\u00f3n.<\/p>\n<p>Aun as\u00ed, en 2020 se recaudaron 387 millones de euros, 26 millones m\u00e1s que en 2019, gracias a los m\u00e1s de 11 millones y medio de personas (360.000 m\u00e1s que en el ejercicio anterior) que ya marcaron la casilla 106.<\/p>\n<p>Ha habido un incremento de contribuyentes solidarios de casi dos millones y medio en los \u00faltimos diez a\u00f1os.<\/p>\n<p>Fuente: 20minutos <a href=\"https:\/\/www.20minutos.es\/noticia\/4663291\/0\/un-centenar-de-personas-atendido-por-predif-cyl-gracias-al-0-7-de-la-declaracion-de-la-renta\/\" target=\"_blank\" rel=\"noopener\">Un centenar de personas atendido por PREDIF CyL gracias al 0,7 % de la declaraci\u00f3n de la renta<\/a><\/p>\n","protected":false},"excerpt":{"rendered":"<p>Leemos en 20minutos la siguiente noticia que os reproducimos de forma \u00edntegra: Con este sencillo gesto, se destina el 0,7 % del IRPF a la realizaci\u00f3n de programas desarrollados por entidades y ONG del \u00e1mbito de la Acci\u00f3n Social, la Cooperaci\u00f3n al Desarrollo y la Protecci\u00f3n del Medio Ambiente. Gracias a esta casilla, desde que [&hellip;]<\/p>\n","protected":false},"author":1,"featured_media":0,"comment_status":"open","ping_status":"closed","sticky":false,"template":"","format":"standard","meta":{"footnotes":""},"categories":[8],"tags":[31],"class_list":["post-7058","post","type-post","status-publish","format-standard","hentry","category-noticias","tag-discapacidad"],"yoast_head":"<!-- This site is optimized with the Yoast SEO plugin v27.5 - https:\/\/yoast.com\/product\/yoast-seo-wordpress\/ -->\n<title>Un centenar de personas atendido por PREDIF CyL gracias al 0,7 % de la declaraci\u00f3n de la renta - Asociaci\u00f3n Espa\u00f1ola S\u00edndrome de Charge<\/title>\n<meta name=\"robots\" content=\"index, follow, max-snippet:-1, max-image-preview:large, max-video-preview:-1\" \/>\n<link rel=\"canonical\" href=\"https:\/\/sindromecharge.es\/index.php\/2021\/04\/19\/un-centenar-de-personas-atendido-por-predif-cyl-gracias-al-07-de-la-declaracion-de-la-renta\/\" \/>\n<meta property=\"og:locale\" content=\"es_ES\" \/>\n<meta property=\"og:type\" content=\"article\" \/>\n<meta property=\"og:title\" content=\"Un centenar de personas atendido por PREDIF CyL gracias al 0,7 % de la declaraci\u00f3n de la renta - Asociaci\u00f3n Espa\u00f1ola S\u00edndrome de Charge\" \/>\n<meta property=\"og:description\" content=\"Leemos en 20minutos la siguiente noticia que os reproducimos de forma \u00edntegra: Con este sencillo gesto, se destina el 0,7 % del IRPF a la realizaci\u00f3n de programas desarrollados por entidades y ONG del \u00e1mbito de la Acci\u00f3n Social, la Cooperaci\u00f3n al Desarrollo y la Protecci\u00f3n del Medio Ambiente. Gracias a esta casilla, desde que [&hellip;]\" \/>\n<meta property=\"og:url\" content=\"https:\/\/sindromecharge.es\/index.php\/2021\/04\/19\/un-centenar-de-personas-atendido-por-predif-cyl-gracias-al-07-de-la-declaracion-de-la-renta\/\" \/>\n<meta property=\"og:site_name\" content=\"Asociaci\u00f3n Espa\u00f1ola S\u00edndrome de Charge\" \/>\n<meta property=\"article:publisher\" content=\"https:\/\/www.facebook.com\/asociacionsindromecharge\" \/>\n<meta property=\"article:published_time\" content=\"2021-04-19T10:17:14+00:00\" \/>\n<meta property=\"og:image\" content=\"https:\/\/sindromecharge.es\/wp-content\/uploads\/2013\/09\/logodecharge300x98.png\" \/>\n\t<meta property=\"og:image:width\" content=\"300\" \/>\n\t<meta property=\"og:image:height\" content=\"98\" \/>\n\t<meta property=\"og:image:type\" content=\"image\/png\" \/>\n<meta name=\"author\" content=\"Charge\" \/>\n<meta name=\"twitter:card\" content=\"summary_large_image\" \/>\n<meta name=\"twitter:creator\" content=\"@sindromecharge\" \/>\n<meta name=\"twitter:site\" content=\"@sindromecharge\" \/>\n<meta name=\"twitter:label1\" content=\"Escrito por\" \/>\n\t<meta name=\"twitter:data1\" content=\"Charge\" \/>\n\t<meta name=\"twitter:label2\" content=\"Tiempo de lectura\" \/>\n\t<meta name=\"twitter:data2\" content=\"2 minutos\" \/>\n<script type=\"application\/ld+json\" class=\"yoast-schema-graph\">{\"@context\":\"https:\\\/\\\/schema.org\",\"@graph\":[{\"@type\":\"Article\",\"@id\":\"https:\\\/\\\/sindromecharge.es\\\/index.php\\\/2021\\\/04\\\/19\\\/un-centenar-de-personas-atendido-por-predif-cyl-gracias-al-07-de-la-declaracion-de-la-renta\\\/#article\",\"isPartOf\":{\"@id\":\"https:\\\/\\\/sindromecharge.es\\\/index.php\\\/2021\\\/04\\\/19\\\/un-centenar-de-personas-atendido-por-predif-cyl-gracias-al-07-de-la-declaracion-de-la-renta\\\/\"},\"author\":{\"name\":\"Charge\",\"@id\":\"https:\\\/\\\/sindromecharge.es\\\/#\\\/schema\\\/person\\\/39a60ebe0a2b4d5a11179701e336b039\"},\"headline\":\"Un centenar de personas atendido por PREDIF CyL gracias al 0,7 % de la declaraci\u00f3n de la renta\",\"datePublished\":\"2021-04-19T10:17:14+00:00\",\"mainEntityOfPage\":{\"@id\":\"https:\\\/\\\/sindromecharge.es\\\/index.php\\\/2021\\\/04\\\/19\\\/un-centenar-de-personas-atendido-por-predif-cyl-gracias-al-07-de-la-declaracion-de-la-renta\\\/\"},\"wordCount\":408,\"commentCount\":0,\"keywords\":[\"discapacidad\"],\"articleSection\":[\"noticias\"],\"inLanguage\":\"es\",\"potentialAction\":[{\"@type\":\"CommentAction\",\"name\":\"Comment\",\"target\":[\"https:\\\/\\\/sindromecharge.es\\\/index.php\\\/2021\\\/04\\\/19\\\/un-centenar-de-personas-atendido-por-predif-cyl-gracias-al-07-de-la-declaracion-de-la-renta\\\/#respond\"]}]},{\"@type\":\"WebPage\",\"@id\":\"https:\\\/\\\/sindromecharge.es\\\/index.php\\\/2021\\\/04\\\/19\\\/un-centenar-de-personas-atendido-por-predif-cyl-gracias-al-07-de-la-declaracion-de-la-renta\\\/\",\"url\":\"https:\\\/\\\/sindromecharge.es\\\/index.php\\\/2021\\\/04\\\/19\\\/un-centenar-de-personas-atendido-por-predif-cyl-gracias-al-07-de-la-declaracion-de-la-renta\\\/\",\"name\":\"Un centenar de personas atendido por PREDIF CyL gracias al 0,7 % de la declaraci\u00f3n de la renta - Asociaci\u00f3n Espa\u00f1ola S\u00edndrome de Charge\",\"isPartOf\":{\"@id\":\"https:\\\/\\\/sindromecharge.es\\\/#website\"},\"datePublished\":\"2021-04-19T10:17:14+00:00\",\"author\":{\"@id\":\"https:\\\/\\\/sindromecharge.es\\\/#\\\/schema\\\/person\\\/39a60ebe0a2b4d5a11179701e336b039\"},\"breadcrumb\":{\"@id\":\"https:\\\/\\\/sindromecharge.es\\\/index.php\\\/2021\\\/04\\\/19\\\/un-centenar-de-personas-atendido-por-predif-cyl-gracias-al-07-de-la-declaracion-de-la-renta\\\/#breadcrumb\"},\"inLanguage\":\"es\",\"potentialAction\":[{\"@type\":\"ReadAction\",\"target\":[\"https:\\\/\\\/sindromecharge.es\\\/index.php\\\/2021\\\/04\\\/19\\\/un-centenar-de-personas-atendido-por-predif-cyl-gracias-al-07-de-la-declaracion-de-la-renta\\\/\"]}]},{\"@type\":\"BreadcrumbList\",\"@id\":\"https:\\\/\\\/sindromecharge.es\\\/index.php\\\/2021\\\/04\\\/19\\\/un-centenar-de-personas-atendido-por-predif-cyl-gracias-al-07-de-la-declaracion-de-la-renta\\\/#breadcrumb\",\"itemListElement\":[{\"@type\":\"ListItem\",\"position\":1,\"name\":\"Portada\",\"item\":\"https:\\\/\\\/sindromecharge.es\\\/\"},{\"@type\":\"ListItem\",\"position\":2,\"name\":\"Un centenar de personas atendido por PREDIF CyL gracias al 0,7 % de la declaraci\u00f3n de la renta\"}]},{\"@type\":\"WebSite\",\"@id\":\"https:\\\/\\\/sindromecharge.es\\\/#website\",\"url\":\"https:\\\/\\\/sindromecharge.es\\\/\",\"name\":\"Asociaci\u00f3n Espa\u00f1ola S\u00edndrome de Charge\",\"description\":\"\",\"potentialAction\":[{\"@type\":\"SearchAction\",\"target\":{\"@type\":\"EntryPoint\",\"urlTemplate\":\"https:\\\/\\\/sindromecharge.es\\\/?s={search_term_string}\"},\"query-input\":{\"@type\":\"PropertyValueSpecification\",\"valueRequired\":true,\"valueName\":\"search_term_string\"}}],\"inLanguage\":\"es\"},{\"@type\":\"Person\",\"@id\":\"https:\\\/\\\/sindromecharge.es\\\/#\\\/schema\\\/person\\\/39a60ebe0a2b4d5a11179701e336b039\",\"name\":\"Charge\",\"image\":{\"@type\":\"ImageObject\",\"inLanguage\":\"es\",\"@id\":\"https:\\\/\\\/secure.gravatar.com\\\/avatar\\\/c3b46e32a0fc3b093a0873fb767bf3293de856293065e84ef06b7ec7a8acfb98?s=96&d=identicon&r=x\",\"url\":\"https:\\\/\\\/secure.gravatar.com\\\/avatar\\\/c3b46e32a0fc3b093a0873fb767bf3293de856293065e84ef06b7ec7a8acfb98?s=96&d=identicon&r=x\",\"contentUrl\":\"https:\\\/\\\/secure.gravatar.com\\\/avatar\\\/c3b46e32a0fc3b093a0873fb767bf3293de856293065e84ef06b7ec7a8acfb98?s=96&d=identicon&r=x\",\"caption\":\"Charge\"},\"url\":\"https:\\\/\\\/sindromecharge.es\\\/index.php\\\/author\\\/admin\\\/\"}]}<\/script>\n<!-- \/ Yoast SEO plugin. -->","yoast_head_json":{"title":"Un centenar de personas atendido por PREDIF CyL gracias al 0,7 % de la declaraci\u00f3n de la renta - Asociaci\u00f3n Espa\u00f1ola S\u00edndrome de Charge","robots":{"index":"index","follow":"follow","max-snippet":"max-snippet:-1","max-image-preview":"max-image-preview:large","max-video-preview":"max-video-preview:-1"},"canonical":"https:\/\/sindromecharge.es\/index.php\/2021\/04\/19\/un-centenar-de-personas-atendido-por-predif-cyl-gracias-al-07-de-la-declaracion-de-la-renta\/","og_locale":"es_ES","og_type":"article","og_title":"Un centenar de personas atendido por PREDIF CyL gracias al 0,7 % de la declaraci\u00f3n de la renta - Asociaci\u00f3n Espa\u00f1ola S\u00edndrome de Charge","og_description":"Leemos en 20minutos la siguiente noticia que os reproducimos de forma \u00edntegra: Con este sencillo gesto, se destina el 0,7 % del IRPF a la realizaci\u00f3n de programas desarrollados por entidades y ONG del \u00e1mbito de la Acci\u00f3n Social, la Cooperaci\u00f3n al Desarrollo y la Protecci\u00f3n del Medio Ambiente. Gracias a esta casilla, desde que [&hellip;]","og_url":"https:\/\/sindromecharge.es\/index.php\/2021\/04\/19\/un-centenar-de-personas-atendido-por-predif-cyl-gracias-al-07-de-la-declaracion-de-la-renta\/","og_site_name":"Asociaci\u00f3n Espa\u00f1ola S\u00edndrome de Charge","article_publisher":"https:\/\/www.facebook.com\/asociacionsindromecharge","article_published_time":"2021-04-19T10:17:14+00:00","og_image":[{"width":300,"height":98,"url":"https:\/\/sindromecharge.es\/wp-content\/uploads\/2013\/09\/logodecharge300x98.png","type":"image\/png"}],"author":"Charge","twitter_card":"summary_large_image","twitter_creator":"@sindromecharge","twitter_site":"@sindromecharge","twitter_misc":{"Escrito por":"Charge","Tiempo de lectura":"2 minutos"},"schema":{"@context":"https:\/\/schema.org","@graph":[{"@type":"Article","@id":"https:\/\/sindromecharge.es\/index.php\/2021\/04\/19\/un-centenar-de-personas-atendido-por-predif-cyl-gracias-al-07-de-la-declaracion-de-la-renta\/#article","isPartOf":{"@id":"https:\/\/sindromecharge.es\/index.php\/2021\/04\/19\/un-centenar-de-personas-atendido-por-predif-cyl-gracias-al-07-de-la-declaracion-de-la-renta\/"},"author":{"name":"Charge","@id":"https:\/\/sindromecharge.es\/#\/schema\/person\/39a60ebe0a2b4d5a11179701e336b039"},"headline":"Un centenar de personas atendido por PREDIF CyL gracias al 0,7 % de la declaraci\u00f3n de la renta","datePublished":"2021-04-19T10:17:14+00:00","mainEntityOfPage":{"@id":"https:\/\/sindromecharge.es\/index.php\/2021\/04\/19\/un-centenar-de-personas-atendido-por-predif-cyl-gracias-al-07-de-la-declaracion-de-la-renta\/"},"wordCount":408,"commentCount":0,"keywords":["discapacidad"],"articleSection":["noticias"],"inLanguage":"es","potentialAction":[{"@type":"CommentAction","name":"Comment","target":["https:\/\/sindromecharge.es\/index.php\/2021\/04\/19\/un-centenar-de-personas-atendido-por-predif-cyl-gracias-al-07-de-la-declaracion-de-la-renta\/#respond"]}]},{"@type":"WebPage","@id":"https:\/\/sindromecharge.es\/index.php\/2021\/04\/19\/un-centenar-de-personas-atendido-por-predif-cyl-gracias-al-07-de-la-declaracion-de-la-renta\/","url":"https:\/\/sindromecharge.es\/index.php\/2021\/04\/19\/un-centenar-de-personas-atendido-por-predif-cyl-gracias-al-07-de-la-declaracion-de-la-renta\/","name":"Un centenar de personas atendido por PREDIF CyL gracias al 0,7 % de la declaraci\u00f3n de la renta - Asociaci\u00f3n Espa\u00f1ola S\u00edndrome de Charge","isPartOf":{"@id":"https:\/\/sindromecharge.es\/#website"},"datePublished":"2021-04-19T10:17:14+00:00","author":{"@id":"https:\/\/sindromecharge.es\/#\/schema\/person\/39a60ebe0a2b4d5a11179701e336b039"},"breadcrumb":{"@id":"https:\/\/sindromecharge.es\/index.php\/2021\/04\/19\/un-centenar-de-personas-atendido-por-predif-cyl-gracias-al-07-de-la-declaracion-de-la-renta\/#breadcrumb"},"inLanguage":"es","potentialAction":[{"@type":"ReadAction","target":["https:\/\/sindromecharge.es\/index.php\/2021\/04\/19\/un-centenar-de-personas-atendido-por-predif-cyl-gracias-al-07-de-la-declaracion-de-la-renta\/"]}]},{"@type":"BreadcrumbList","@id":"https:\/\/sindromecharge.es\/index.php\/2021\/04\/19\/un-centenar-de-personas-atendido-por-predif-cyl-gracias-al-07-de-la-declaracion-de-la-renta\/#breadcrumb","itemListElement":[{"@type":"ListItem","position":1,"name":"Portada","item":"https:\/\/sindromecharge.es\/"},{"@type":"ListItem","position":2,"name":"Un centenar de personas atendido por PREDIF CyL gracias al 0,7 % de la declaraci\u00f3n de la renta"}]},{"@type":"WebSite","@id":"https:\/\/sindromecharge.es\/#website","url":"https:\/\/sindromecharge.es\/","name":"Asociaci\u00f3n Espa\u00f1ola S\u00edndrome de Charge","description":"","potentialAction":[{"@type":"SearchAction","target":{"@type":"EntryPoint","urlTemplate":"https:\/\/sindromecharge.es\/?s={search_term_string}"},"query-input":{"@type":"PropertyValueSpecification","valueRequired":true,"valueName":"search_term_string"}}],"inLanguage":"es"},{"@type":"Person","@id":"https:\/\/sindromecharge.es\/#\/schema\/person\/39a60ebe0a2b4d5a11179701e336b039","name":"Charge","image":{"@type":"ImageObject","inLanguage":"es","@id":"https:\/\/secure.gravatar.com\/avatar\/c3b46e32a0fc3b093a0873fb767bf3293de856293065e84ef06b7ec7a8acfb98?s=96&d=identicon&r=x","url":"https:\/\/secure.gravatar.com\/avatar\/c3b46e32a0fc3b093a0873fb767bf3293de856293065e84ef06b7ec7a8acfb98?s=96&d=identicon&r=x","contentUrl":"https:\/\/secure.gravatar.com\/avatar\/c3b46e32a0fc3b093a0873fb767bf3293de856293065e84ef06b7ec7a8acfb98?s=96&d=identicon&r=x","caption":"Charge"},"url":"https:\/\/sindromecharge.es\/index.php\/author\/admin\/"}]}},"_links":{"self":[{"href":"https:\/\/sindromecharge.es\/index.php\/wp-json\/wp\/v2\/posts\/7058","targetHints":{"allow":["GET"]}}],"collection":[{"href":"https:\/\/sindromecharge.es\/index.php\/wp-json\/wp\/v2\/posts"}],"about":[{"href":"https:\/\/sindromecharge.es\/index.php\/wp-json\/wp\/v2\/types\/post"}],"author":[{"embeddable":true,"href":"https:\/\/sindromecharge.es\/index.php\/wp-json\/wp\/v2\/users\/1"}],"replies":[{"embeddable":true,"href":"https:\/\/sindromecharge.es\/index.php\/wp-json\/wp\/v2\/comments?post=7058"}],"version-history":[{"count":0,"href":"https:\/\/sindromecharge.es\/index.php\/wp-json\/wp\/v2\/posts\/7058\/revisions"}],"wp:attachment":[{"href":"https:\/\/sindromecharge.es\/index.php\/wp-json\/wp\/v2\/media?parent=7058"}],"wp:term":[{"taxonomy":"category","embeddable":true,"href":"https:\/\/sindromecharge.es\/index.php\/wp-json\/wp\/v2\/categories?post=7058"},{"taxonomy":"post_tag","embeddable":true,"href":"https:\/\/sindromecharge.es\/index.php\/wp-json\/wp\/v2\/tags?post=7058"}],"curies":[{"name":"wp","href":"https:\/\/api.w.org\/{rel}","templated":true}]}}