{"id":7057,"date":"2021-04-19T09:18:42","date_gmt":"2021-04-19T09:18:42","guid":{"rendered":"https:\/\/sindromecharge.es\/index.php\/2021\/04\/19\/la-fundacion-once-apoya-a-mas-de-1-800-emprendedores-con-discapacidad-y-a-1-500-universitarios-en-practicas\/"},"modified":"2021-04-19T09:18:42","modified_gmt":"2021-04-19T09:18:42","slug":"la-fundacion-once-apoya-a-mas-de-1-800-emprendedores-con-discapacidad-y-a-1-500-universitarios-en-practicas","status":"publish","type":"post","link":"https:\/\/sindromecharge.es\/index.php\/2021\/04\/19\/la-fundacion-once-apoya-a-mas-de-1-800-emprendedores-con-discapacidad-y-a-1-500-universitarios-en-practicas\/","title":{"rendered":"La Fundaci\u00f3n ONCE apoya a m\u00e1s de 1.800 emprendedores con discapacidad y a 1.500 universitarios en pr\u00e1cticas"},"content":{"rendered":"<p>Leemos en 20minutos la siguiente noticia que os reproducimos de forma \u00edntegra: <\/p>\n<p>Emprendedores y universitarios siempre merecen nuestro apoyo y m\u00e1s aquellos que lo hacen pese a una <a href=\"https:\/\/www.20minutos.es\/minuteca\/discapacidad\/\" title=\"Discapacidad\">discapacidad<\/a>. En ese sentido, <strong>el papel de la Fundaci\u00f3n ONCE sigue siendo b\u00e1sico y hasta seminal.<\/strong> En este momento su apoyo lo han sentido m\u00e1s de 1.800 emprendedores y m\u00e1s 1.500 universitarios para poder hacer sus pr\u00e1cticas laborales.<\/p>\n<p>Desde que <a href=\"https:\/\/www.20minutos.es\/minuteca\/fundacion-once\/\" title=\"Fundaci\u00f3n Once\">Fundaci\u00f3n ONCE<\/a> se pusiera en marcha, en 1988, se han otorgado ayudas a 1.853 personas con discapacidad para que pudieran poner en marcha su proyecto de vida empresarial.<strong> En total ha destinado 15,8 millones de euros a fondo perdido.<\/strong> Actualmente, desarrolla el programa Por Talento Emprende (cofinanciado por el Fondo Social Europeo) con el que se quiere fomentar el autoempleo y la integraci\u00f3n laboral de estas personas.<\/p>\n<p>El 60% de las personas con <a href=\"https:\/\/www.20minutos.es\/minuteca\/discapacidad-intelectual\/\" title=\"Discapacidad intelectual\">discapacidad<\/a> que reciben las ayudas son hombres, y el 57% tienen entre 30 y 45 a\u00f1os. El <strong>desequilibrio de g\u00e9nero se est\u00e1 corrigiendo lentamente<\/strong> a trav\u00e9s de las propias condiciones de la convocatoria de ayudas que est\u00e1 actualmente abierta.<\/p>\n<p>En el periodo de ejecuci\u00f3n 2018-2022, Fundaci\u00f3n ONCE destinar\u00e1 2,6 millones de euros para impulsar el <a href=\"https:\/\/www.20minutos.es\/minuteca\/emprendedores\/\" title=\"Emprendedores\">emprendimiento<\/a> de personas con discapacidad. Adem\u00e1s, en esta convocatoria se han incorporado criterios espec\u00edficos para <strong>favorecer, por ejemplo, el emprendimiento de las mujeres<\/strong> con discapacidad.<\/p>\n<p>Los emprendedores <strong>reciben una ayuda econ\u00f3mica fija y m\u00ednima de 3.000 euros<\/strong> que se puede incrementar en funci\u00f3n de su perfil: hasta 2.000 euros m\u00e1s los colectivos con discapacidad con especial dificultad; 1.000 euros m\u00e1s a mujeres, parados de larga duraci\u00f3n, mayores de 45 a\u00f1os e <a href=\"https:\/\/www.20minutos.es\/minuteca\/inmigrantes\/\" title=\"Inmigrantes\">inmigrantes<\/a>; hasta 2.000 euros m\u00e1s a v\u00edctimas de <a href=\"https:\/\/www.20minutos.es\/minuteca\/violencia-de-genero\/\" title=\"Violencia de g\u00e9nero\">violencia de g\u00e9nero<\/a>, familias monoparentales y hogares con todos los miembros en <a href=\"https:\/\/www.20minutos.es\/minuteca\/paro\/\" title=\"Paro\">paro<\/a> e hijos menores a cargo. El total no puede superar los 18.000 euros.<\/p>\n<p>Y tambi\u00e9n los universitarios. 1.528 alumnos con discapacidad de <a href=\"https:\/\/www.20minutos.es\/minuteca\/universidades\/\" title=\"Universidades\">universidades<\/a> y centros adscritos de toda Espa\u00f1a se han beneficiado del <strong>programa de pr\u00e1cticas laborales Fundaci\u00f3n ONCE-Crue Universidades Espa\u00f1olas<\/strong>, de ellos 291 corresponden a la convocatoria 2020-2021.<\/p>\n<p>La iniciativa, que va ya por su quinta edici\u00f3n, pretende <strong>mejorar la carrera profesional de los universitarios con discapacidad<\/strong>, a quienes facilita el acceso a una primera experiencia laboral. Los beneficiarios de la \u00faltima convocatoria han empezado sus pr\u00e1cticas en el mes de marzo.<\/p>\n<p>En funci\u00f3n de las bases de la convocatoria, los <a href=\"https:\/\/www.20minutos.es\/deportes\/minuteca\/estudiantes\/\" title=\"Estudiantes\">estudiantes<\/a> percibir\u00e1n <strong>una beca de 1.800 euros por los tres meses de pr\u00e1cticas<\/strong>, un periodo ampliable a seis a instancias de la empresa. Las pr\u00e1cticas podr\u00e1n desarrollarse en grandes empresas, <a href=\"https:\/\/www.20minutos.es\/minuteca\/pymes\/\" title=\"Pymes\">pymes<\/a>, microempresas, entidades de la Econom\u00eda Social y del tercer sector, as\u00ed como en otras instituciones y entidades p\u00fablicas o privadas.<\/p>\n<p>Pueden beneficiarse de este programa los alumnos universitarios que tengan una discapacidad reconocida igual o superior al 33%; est\u00e9n matriculados en grado o m\u00e1ster (oficial o propio) en alguna universidad espa\u00f1ola o centro adscrito, y que hayan superado m\u00e1s del 50% de los cr\u00e9ditos de grado y\/o master del correspondiente t\u00edtulo universitario. <strong>Se prioriza a los estudiantes de \u00faltimo curso<\/strong> y no podr\u00e1n mantener relaci\u00f3n contractual de tipo laboral, de prestaci\u00f3n de servicios o asimilable en el momento de disfrutar de la beca.<\/p>\n<p>Fuente: 20minutos <a href=\"https:\/\/www.20minutos.es\/noticia\/4663187\/0\/la-fundacion-once-apoya-a-mas-de-1-800-emprendedores-con-discapacidad-y-a-1-500-universitarios-en-practicas\/\" target=\"_blank\" rel=\"noopener\">La Fundaci\u00f3n ONCE apoya a m\u00e1s de 1.800 emprendedores con discapacidad y a 1.500 universitarios en pr\u00e1cticas<\/a><\/p>\n","protected":false},"excerpt":{"rendered":"<p>Leemos en 20minutos la siguiente noticia que os reproducimos de forma \u00edntegra: Emprendedores y universitarios siempre merecen nuestro apoyo y m\u00e1s aquellos que lo hacen pese a una discapacidad. En ese sentido, el papel de la Fundaci\u00f3n ONCE sigue siendo b\u00e1sico y hasta seminal. En este momento su apoyo lo han sentido m\u00e1s de 1.800 [&hellip;]<\/p>\n","protected":false},"author":1,"featured_media":0,"comment_status":"open","ping_status":"closed","sticky":false,"template":"","format":"standard","meta":{"footnotes":""},"categories":[8],"tags":[31],"class_list":["post-7057","post","type-post","status-publish","format-standard","hentry","category-noticias","tag-discapacidad"],"yoast_head":"<!-- This site is optimized with the Yoast SEO plugin v27.5 - https:\/\/yoast.com\/product\/yoast-seo-wordpress\/ -->\n<title>La Fundaci\u00f3n ONCE apoya a m\u00e1s de 1.800 emprendedores con discapacidad y a 1.500 universitarios en pr\u00e1cticas - Asociaci\u00f3n Espa\u00f1ola S\u00edndrome de Charge<\/title>\n<meta name=\"robots\" content=\"index, follow, max-snippet:-1, max-image-preview:large, max-video-preview:-1\" \/>\n<link rel=\"canonical\" href=\"https:\/\/sindromecharge.es\/index.php\/2021\/04\/19\/la-fundacion-once-apoya-a-mas-de-1-800-emprendedores-con-discapacidad-y-a-1-500-universitarios-en-practicas\/\" \/>\n<meta property=\"og:locale\" content=\"es_ES\" \/>\n<meta property=\"og:type\" content=\"article\" \/>\n<meta property=\"og:title\" content=\"La Fundaci\u00f3n ONCE apoya a m\u00e1s de 1.800 emprendedores con discapacidad y a 1.500 universitarios en pr\u00e1cticas - Asociaci\u00f3n Espa\u00f1ola S\u00edndrome de Charge\" \/>\n<meta property=\"og:description\" content=\"Leemos en 20minutos la siguiente noticia que os reproducimos de forma \u00edntegra: Emprendedores y universitarios siempre merecen nuestro apoyo y m\u00e1s aquellos que lo hacen pese a una discapacidad. En ese sentido, el papel de la Fundaci\u00f3n ONCE sigue siendo b\u00e1sico y hasta seminal. En este momento su apoyo lo han sentido m\u00e1s de 1.800 [&hellip;]\" \/>\n<meta property=\"og:url\" content=\"https:\/\/sindromecharge.es\/index.php\/2021\/04\/19\/la-fundacion-once-apoya-a-mas-de-1-800-emprendedores-con-discapacidad-y-a-1-500-universitarios-en-practicas\/\" \/>\n<meta property=\"og:site_name\" content=\"Asociaci\u00f3n Espa\u00f1ola S\u00edndrome de Charge\" \/>\n<meta property=\"article:publisher\" content=\"https:\/\/www.facebook.com\/asociacionsindromecharge\" \/>\n<meta property=\"article:published_time\" content=\"2021-04-19T09:18:42+00:00\" \/>\n<meta property=\"og:image\" content=\"https:\/\/sindromecharge.es\/wp-content\/uploads\/2013\/09\/logodecharge300x98.png\" \/>\n\t<meta property=\"og:image:width\" content=\"300\" \/>\n\t<meta property=\"og:image:height\" content=\"98\" \/>\n\t<meta property=\"og:image:type\" content=\"image\/png\" \/>\n<meta name=\"author\" content=\"Charge\" \/>\n<meta name=\"twitter:card\" content=\"summary_large_image\" \/>\n<meta name=\"twitter:creator\" content=\"@sindromecharge\" \/>\n<meta name=\"twitter:site\" content=\"@sindromecharge\" \/>\n<meta name=\"twitter:label1\" content=\"Escrito por\" \/>\n\t<meta name=\"twitter:data1\" content=\"Charge\" \/>\n\t<meta name=\"twitter:label2\" content=\"Tiempo de lectura\" \/>\n\t<meta name=\"twitter:data2\" content=\"3 minutos\" \/>\n<script type=\"application\/ld+json\" class=\"yoast-schema-graph\">{\"@context\":\"https:\\\/\\\/schema.org\",\"@graph\":[{\"@type\":\"Article\",\"@id\":\"https:\\\/\\\/sindromecharge.es\\\/index.php\\\/2021\\\/04\\\/19\\\/la-fundacion-once-apoya-a-mas-de-1-800-emprendedores-con-discapacidad-y-a-1-500-universitarios-en-practicas\\\/#article\",\"isPartOf\":{\"@id\":\"https:\\\/\\\/sindromecharge.es\\\/index.php\\\/2021\\\/04\\\/19\\\/la-fundacion-once-apoya-a-mas-de-1-800-emprendedores-con-discapacidad-y-a-1-500-universitarios-en-practicas\\\/\"},\"author\":{\"name\":\"Charge\",\"@id\":\"https:\\\/\\\/sindromecharge.es\\\/#\\\/schema\\\/person\\\/39a60ebe0a2b4d5a11179701e336b039\"},\"headline\":\"La Fundaci\u00f3n ONCE apoya a m\u00e1s de 1.800 emprendedores con discapacidad y a 1.500 universitarios en pr\u00e1cticas\",\"datePublished\":\"2021-04-19T09:18:42+00:00\",\"mainEntityOfPage\":{\"@id\":\"https:\\\/\\\/sindromecharge.es\\\/index.php\\\/2021\\\/04\\\/19\\\/la-fundacion-once-apoya-a-mas-de-1-800-emprendedores-con-discapacidad-y-a-1-500-universitarios-en-practicas\\\/\"},\"wordCount\":590,\"commentCount\":0,\"keywords\":[\"discapacidad\"],\"articleSection\":[\"noticias\"],\"inLanguage\":\"es\",\"potentialAction\":[{\"@type\":\"CommentAction\",\"name\":\"Comment\",\"target\":[\"https:\\\/\\\/sindromecharge.es\\\/index.php\\\/2021\\\/04\\\/19\\\/la-fundacion-once-apoya-a-mas-de-1-800-emprendedores-con-discapacidad-y-a-1-500-universitarios-en-practicas\\\/#respond\"]}]},{\"@type\":\"WebPage\",\"@id\":\"https:\\\/\\\/sindromecharge.es\\\/index.php\\\/2021\\\/04\\\/19\\\/la-fundacion-once-apoya-a-mas-de-1-800-emprendedores-con-discapacidad-y-a-1-500-universitarios-en-practicas\\\/\",\"url\":\"https:\\\/\\\/sindromecharge.es\\\/index.php\\\/2021\\\/04\\\/19\\\/la-fundacion-once-apoya-a-mas-de-1-800-emprendedores-con-discapacidad-y-a-1-500-universitarios-en-practicas\\\/\",\"name\":\"La Fundaci\u00f3n ONCE apoya a m\u00e1s de 1.800 emprendedores con discapacidad y a 1.500 universitarios en pr\u00e1cticas - Asociaci\u00f3n Espa\u00f1ola S\u00edndrome de Charge\",\"isPartOf\":{\"@id\":\"https:\\\/\\\/sindromecharge.es\\\/#website\"},\"datePublished\":\"2021-04-19T09:18:42+00:00\",\"author\":{\"@id\":\"https:\\\/\\\/sindromecharge.es\\\/#\\\/schema\\\/person\\\/39a60ebe0a2b4d5a11179701e336b039\"},\"breadcrumb\":{\"@id\":\"https:\\\/\\\/sindromecharge.es\\\/index.php\\\/2021\\\/04\\\/19\\\/la-fundacion-once-apoya-a-mas-de-1-800-emprendedores-con-discapacidad-y-a-1-500-universitarios-en-practicas\\\/#breadcrumb\"},\"inLanguage\":\"es\",\"potentialAction\":[{\"@type\":\"ReadAction\",\"target\":[\"https:\\\/\\\/sindromecharge.es\\\/index.php\\\/2021\\\/04\\\/19\\\/la-fundacion-once-apoya-a-mas-de-1-800-emprendedores-con-discapacidad-y-a-1-500-universitarios-en-practicas\\\/\"]}]},{\"@type\":\"BreadcrumbList\",\"@id\":\"https:\\\/\\\/sindromecharge.es\\\/index.php\\\/2021\\\/04\\\/19\\\/la-fundacion-once-apoya-a-mas-de-1-800-emprendedores-con-discapacidad-y-a-1-500-universitarios-en-practicas\\\/#breadcrumb\",\"itemListElement\":[{\"@type\":\"ListItem\",\"position\":1,\"name\":\"Portada\",\"item\":\"https:\\\/\\\/sindromecharge.es\\\/\"},{\"@type\":\"ListItem\",\"position\":2,\"name\":\"La Fundaci\u00f3n ONCE apoya a m\u00e1s de 1.800 emprendedores con discapacidad y a 1.500 universitarios en pr\u00e1cticas\"}]},{\"@type\":\"WebSite\",\"@id\":\"https:\\\/\\\/sindromecharge.es\\\/#website\",\"url\":\"https:\\\/\\\/sindromecharge.es\\\/\",\"name\":\"Asociaci\u00f3n Espa\u00f1ola S\u00edndrome de Charge\",\"description\":\"\",\"potentialAction\":[{\"@type\":\"SearchAction\",\"target\":{\"@type\":\"EntryPoint\",\"urlTemplate\":\"https:\\\/\\\/sindromecharge.es\\\/?s={search_term_string}\"},\"query-input\":{\"@type\":\"PropertyValueSpecification\",\"valueRequired\":true,\"valueName\":\"search_term_string\"}}],\"inLanguage\":\"es\"},{\"@type\":\"Person\",\"@id\":\"https:\\\/\\\/sindromecharge.es\\\/#\\\/schema\\\/person\\\/39a60ebe0a2b4d5a11179701e336b039\",\"name\":\"Charge\",\"image\":{\"@type\":\"ImageObject\",\"inLanguage\":\"es\",\"@id\":\"https:\\\/\\\/secure.gravatar.com\\\/avatar\\\/c3b46e32a0fc3b093a0873fb767bf3293de856293065e84ef06b7ec7a8acfb98?s=96&d=identicon&r=x\",\"url\":\"https:\\\/\\\/secure.gravatar.com\\\/avatar\\\/c3b46e32a0fc3b093a0873fb767bf3293de856293065e84ef06b7ec7a8acfb98?s=96&d=identicon&r=x\",\"contentUrl\":\"https:\\\/\\\/secure.gravatar.com\\\/avatar\\\/c3b46e32a0fc3b093a0873fb767bf3293de856293065e84ef06b7ec7a8acfb98?s=96&d=identicon&r=x\",\"caption\":\"Charge\"},\"url\":\"https:\\\/\\\/sindromecharge.es\\\/index.php\\\/author\\\/admin\\\/\"}]}<\/script>\n<!-- \/ Yoast SEO plugin. -->","yoast_head_json":{"title":"La Fundaci\u00f3n ONCE apoya a m\u00e1s de 1.800 emprendedores con discapacidad y a 1.500 universitarios en pr\u00e1cticas - Asociaci\u00f3n Espa\u00f1ola S\u00edndrome de Charge","robots":{"index":"index","follow":"follow","max-snippet":"max-snippet:-1","max-image-preview":"max-image-preview:large","max-video-preview":"max-video-preview:-1"},"canonical":"https:\/\/sindromecharge.es\/index.php\/2021\/04\/19\/la-fundacion-once-apoya-a-mas-de-1-800-emprendedores-con-discapacidad-y-a-1-500-universitarios-en-practicas\/","og_locale":"es_ES","og_type":"article","og_title":"La Fundaci\u00f3n ONCE apoya a m\u00e1s de 1.800 emprendedores con discapacidad y a 1.500 universitarios en pr\u00e1cticas - Asociaci\u00f3n Espa\u00f1ola S\u00edndrome de Charge","og_description":"Leemos en 20minutos la siguiente noticia que os reproducimos de forma \u00edntegra: Emprendedores y universitarios siempre merecen nuestro apoyo y m\u00e1s aquellos que lo hacen pese a una discapacidad. En ese sentido, el papel de la Fundaci\u00f3n ONCE sigue siendo b\u00e1sico y hasta seminal. En este momento su apoyo lo han sentido m\u00e1s de 1.800 [&hellip;]","og_url":"https:\/\/sindromecharge.es\/index.php\/2021\/04\/19\/la-fundacion-once-apoya-a-mas-de-1-800-emprendedores-con-discapacidad-y-a-1-500-universitarios-en-practicas\/","og_site_name":"Asociaci\u00f3n Espa\u00f1ola S\u00edndrome de Charge","article_publisher":"https:\/\/www.facebook.com\/asociacionsindromecharge","article_published_time":"2021-04-19T09:18:42+00:00","og_image":[{"width":300,"height":98,"url":"https:\/\/sindromecharge.es\/wp-content\/uploads\/2013\/09\/logodecharge300x98.png","type":"image\/png"}],"author":"Charge","twitter_card":"summary_large_image","twitter_creator":"@sindromecharge","twitter_site":"@sindromecharge","twitter_misc":{"Escrito por":"Charge","Tiempo de lectura":"3 minutos"},"schema":{"@context":"https:\/\/schema.org","@graph":[{"@type":"Article","@id":"https:\/\/sindromecharge.es\/index.php\/2021\/04\/19\/la-fundacion-once-apoya-a-mas-de-1-800-emprendedores-con-discapacidad-y-a-1-500-universitarios-en-practicas\/#article","isPartOf":{"@id":"https:\/\/sindromecharge.es\/index.php\/2021\/04\/19\/la-fundacion-once-apoya-a-mas-de-1-800-emprendedores-con-discapacidad-y-a-1-500-universitarios-en-practicas\/"},"author":{"name":"Charge","@id":"https:\/\/sindromecharge.es\/#\/schema\/person\/39a60ebe0a2b4d5a11179701e336b039"},"headline":"La Fundaci\u00f3n ONCE apoya a m\u00e1s de 1.800 emprendedores con discapacidad y a 1.500 universitarios en pr\u00e1cticas","datePublished":"2021-04-19T09:18:42+00:00","mainEntityOfPage":{"@id":"https:\/\/sindromecharge.es\/index.php\/2021\/04\/19\/la-fundacion-once-apoya-a-mas-de-1-800-emprendedores-con-discapacidad-y-a-1-500-universitarios-en-practicas\/"},"wordCount":590,"commentCount":0,"keywords":["discapacidad"],"articleSection":["noticias"],"inLanguage":"es","potentialAction":[{"@type":"CommentAction","name":"Comment","target":["https:\/\/sindromecharge.es\/index.php\/2021\/04\/19\/la-fundacion-once-apoya-a-mas-de-1-800-emprendedores-con-discapacidad-y-a-1-500-universitarios-en-practicas\/#respond"]}]},{"@type":"WebPage","@id":"https:\/\/sindromecharge.es\/index.php\/2021\/04\/19\/la-fundacion-once-apoya-a-mas-de-1-800-emprendedores-con-discapacidad-y-a-1-500-universitarios-en-practicas\/","url":"https:\/\/sindromecharge.es\/index.php\/2021\/04\/19\/la-fundacion-once-apoya-a-mas-de-1-800-emprendedores-con-discapacidad-y-a-1-500-universitarios-en-practicas\/","name":"La Fundaci\u00f3n ONCE apoya a m\u00e1s de 1.800 emprendedores con discapacidad y a 1.500 universitarios en pr\u00e1cticas - Asociaci\u00f3n Espa\u00f1ola S\u00edndrome de Charge","isPartOf":{"@id":"https:\/\/sindromecharge.es\/#website"},"datePublished":"2021-04-19T09:18:42+00:00","author":{"@id":"https:\/\/sindromecharge.es\/#\/schema\/person\/39a60ebe0a2b4d5a11179701e336b039"},"breadcrumb":{"@id":"https:\/\/sindromecharge.es\/index.php\/2021\/04\/19\/la-fundacion-once-apoya-a-mas-de-1-800-emprendedores-con-discapacidad-y-a-1-500-universitarios-en-practicas\/#breadcrumb"},"inLanguage":"es","potentialAction":[{"@type":"ReadAction","target":["https:\/\/sindromecharge.es\/index.php\/2021\/04\/19\/la-fundacion-once-apoya-a-mas-de-1-800-emprendedores-con-discapacidad-y-a-1-500-universitarios-en-practicas\/"]}]},{"@type":"BreadcrumbList","@id":"https:\/\/sindromecharge.es\/index.php\/2021\/04\/19\/la-fundacion-once-apoya-a-mas-de-1-800-emprendedores-con-discapacidad-y-a-1-500-universitarios-en-practicas\/#breadcrumb","itemListElement":[{"@type":"ListItem","position":1,"name":"Portada","item":"https:\/\/sindromecharge.es\/"},{"@type":"ListItem","position":2,"name":"La Fundaci\u00f3n ONCE apoya a m\u00e1s de 1.800 emprendedores con discapacidad y a 1.500 universitarios en pr\u00e1cticas"}]},{"@type":"WebSite","@id":"https:\/\/sindromecharge.es\/#website","url":"https:\/\/sindromecharge.es\/","name":"Asociaci\u00f3n Espa\u00f1ola S\u00edndrome de Charge","description":"","potentialAction":[{"@type":"SearchAction","target":{"@type":"EntryPoint","urlTemplate":"https:\/\/sindromecharge.es\/?s={search_term_string}"},"query-input":{"@type":"PropertyValueSpecification","valueRequired":true,"valueName":"search_term_string"}}],"inLanguage":"es"},{"@type":"Person","@id":"https:\/\/sindromecharge.es\/#\/schema\/person\/39a60ebe0a2b4d5a11179701e336b039","name":"Charge","image":{"@type":"ImageObject","inLanguage":"es","@id":"https:\/\/secure.gravatar.com\/avatar\/c3b46e32a0fc3b093a0873fb767bf3293de856293065e84ef06b7ec7a8acfb98?s=96&d=identicon&r=x","url":"https:\/\/secure.gravatar.com\/avatar\/c3b46e32a0fc3b093a0873fb767bf3293de856293065e84ef06b7ec7a8acfb98?s=96&d=identicon&r=x","contentUrl":"https:\/\/secure.gravatar.com\/avatar\/c3b46e32a0fc3b093a0873fb767bf3293de856293065e84ef06b7ec7a8acfb98?s=96&d=identicon&r=x","caption":"Charge"},"url":"https:\/\/sindromecharge.es\/index.php\/author\/admin\/"}]}},"_links":{"self":[{"href":"https:\/\/sindromecharge.es\/index.php\/wp-json\/wp\/v2\/posts\/7057","targetHints":{"allow":["GET"]}}],"collection":[{"href":"https:\/\/sindromecharge.es\/index.php\/wp-json\/wp\/v2\/posts"}],"about":[{"href":"https:\/\/sindromecharge.es\/index.php\/wp-json\/wp\/v2\/types\/post"}],"author":[{"embeddable":true,"href":"https:\/\/sindromecharge.es\/index.php\/wp-json\/wp\/v2\/users\/1"}],"replies":[{"embeddable":true,"href":"https:\/\/sindromecharge.es\/index.php\/wp-json\/wp\/v2\/comments?post=7057"}],"version-history":[{"count":0,"href":"https:\/\/sindromecharge.es\/index.php\/wp-json\/wp\/v2\/posts\/7057\/revisions"}],"wp:attachment":[{"href":"https:\/\/sindromecharge.es\/index.php\/wp-json\/wp\/v2\/media?parent=7057"}],"wp:term":[{"taxonomy":"category","embeddable":true,"href":"https:\/\/sindromecharge.es\/index.php\/wp-json\/wp\/v2\/categories?post=7057"},{"taxonomy":"post_tag","embeddable":true,"href":"https:\/\/sindromecharge.es\/index.php\/wp-json\/wp\/v2\/tags?post=7057"}],"curies":[{"name":"wp","href":"https:\/\/api.w.org\/{rel}","templated":true}]}}