{"id":7053,"date":"2021-04-18T10:38:10","date_gmt":"2021-04-18T10:38:10","guid":{"rendered":"https:\/\/sindromecharge.es\/index.php\/2021\/04\/18\/el-gobierno-de-cantabria-trabaja-en-una-revision-de-los-procedimientos-para-obtener-el-grado-de-discapacidad\/"},"modified":"2021-04-18T10:38:10","modified_gmt":"2021-04-18T10:38:10","slug":"el-gobierno-de-cantabria-trabaja-en-una-revision-de-los-procedimientos-para-obtener-el-grado-de-discapacidad","status":"publish","type":"post","link":"https:\/\/sindromecharge.es\/index.php\/2021\/04\/18\/el-gobierno-de-cantabria-trabaja-en-una-revision-de-los-procedimientos-para-obtener-el-grado-de-discapacidad\/","title":{"rendered":"El Gobierno de Cantabria trabaja en una revisi\u00f3n de los procedimientos para obtener el grado de discapacidad"},"content":{"rendered":"<p>Leemos en 20minutos la siguiente noticia que os reproducimos de forma \u00edntegra: <\/p>\n<p>En un comunicado, el Ejecutivo regional ha recordado que el Instituto C\u00e1ntabro de Servicios Sociales (ICASS), dependiente de la Consejer\u00eda, ya puso en marcha en diciembre el segundo EVO (Equipo de Valoraci\u00f3n y Orientaci\u00f3n) en Cantabria, lo que ha supuesto ampliar el n\u00famero de profesionales dedicados a esta tarea.<\/p>\n<p>Ahora, la Consejer\u00eda ha iniciado un proceso de revisi\u00f3n del Decreto por el que se regula la organizaci\u00f3n, estructura y procedimientos de estos Centros, gracias al cual \u00abse podr\u00e1n adoptar nuevas medidas para la implementaci\u00f3n y modernizaci\u00f3n tecnol\u00f3gica de los procesos telem\u00e1ticos, simplificando y agilizando los procedimientos\u00bb, seg\u00fan ha explicado \u00c1lvarez.<\/p>\n<p>A este respecto, la consejera ha apuntado que el tiempo actual en la resoluci\u00f3n de las solicitudes se acerca al a\u00f1o, un plazo que, seg\u00fan ha afirmado, \u00abno es aceptable\u00bb.<\/p>\n<p>Seg\u00fan ha se\u00f1alado, esta demora en el reconocimiento del grado de discapacidad es un \u00abproblema hist\u00f3rico\u00bb que se arrastra desde hace \u00abmuchos a\u00f1os\u00bb y que afecta a todas las comunidades aut\u00f3nomas, algunas de las cuales tienen un tiempo medio de resoluci\u00f3n de alrededor de 2 a\u00f1os.<\/p>\n<p>El Gobierno de Cantabria, junto a otras autonom\u00edas, tambi\u00e9n ha pedido al Ministerio de Derechos Sociales y Agenda 2030 que habilite \u00abpasarelas\u00bb que permitan el paso autom\u00e1tico entre dependencia y discapacidad, evitando as\u00ed duplicar los procedimientos administrativos.<\/p>\n<p>El EVO II est\u00e1 ubicado en las instalaciones del Servicio de Atenci\u00f3n a la Infancia, Adolescencia y Familia del ICASS (Calle Canalejas, 42), se suma al que ya est\u00e1 operativo en Ca\u00f1ad\u00edo, y ha permitido, en estos primeros meses de funcionamiento, \u00abacercar este servicio a la ciudadan\u00eda y contribuir a reducir los tiempos de espera\u00bb en cuanto a la resoluci\u00f3n de las solicitudes y certificaci\u00f3n del grado.<\/p>\n<p>El personal del EVO II est\u00e1 constituido por dos equipos de profesionales, integrado cada uno por un profesional m\u00e9dico, un psic\u00f3logo y un trabajador social, perfectamente preparados para efectuar las valoraciones de los usuarios que solicitan el reconocimiento de un grado de discapacidad.<\/p>\n<p>Fuente: 20minutos <a href=\"https:\/\/www.20minutos.es\/noticia\/4662257\/0\/el-gobierno-de-cantabria-trabaja-en-una-revision-de-los-procedimientos-para-obtener-el-grado-de-discapacidad\/\" target=\"_blank\" rel=\"noopener\">El Gobierno de Cantabria trabaja en una revisi\u00f3n de los procedimientos para obtener el grado de discapacidad<\/a><\/p>\n","protected":false},"excerpt":{"rendered":"<p>Leemos en 20minutos la siguiente noticia que os reproducimos de forma \u00edntegra: En un comunicado, el Ejecutivo regional ha recordado que el Instituto C\u00e1ntabro de Servicios Sociales (ICASS), dependiente de la Consejer\u00eda, ya puso en marcha en diciembre el segundo EVO (Equipo de Valoraci\u00f3n y Orientaci\u00f3n) en Cantabria, lo que ha supuesto ampliar el n\u00famero [&hellip;]<\/p>\n","protected":false},"author":1,"featured_media":0,"comment_status":"open","ping_status":"closed","sticky":false,"template":"","format":"standard","meta":{"footnotes":""},"categories":[8],"tags":[31],"class_list":["post-7053","post","type-post","status-publish","format-standard","hentry","category-noticias","tag-discapacidad"],"yoast_head":"<!-- This site is optimized with the Yoast SEO plugin v27.5 - https:\/\/yoast.com\/product\/yoast-seo-wordpress\/ -->\n<title>El Gobierno de Cantabria trabaja en una revisi\u00f3n de los procedimientos para obtener el grado de discapacidad - Asociaci\u00f3n Espa\u00f1ola S\u00edndrome de Charge<\/title>\n<meta name=\"robots\" content=\"index, follow, max-snippet:-1, max-image-preview:large, max-video-preview:-1\" \/>\n<link rel=\"canonical\" href=\"https:\/\/sindromecharge.es\/index.php\/2021\/04\/18\/el-gobierno-de-cantabria-trabaja-en-una-revision-de-los-procedimientos-para-obtener-el-grado-de-discapacidad\/\" \/>\n<meta property=\"og:locale\" content=\"es_ES\" \/>\n<meta property=\"og:type\" content=\"article\" \/>\n<meta property=\"og:title\" content=\"El Gobierno de Cantabria trabaja en una revisi\u00f3n de los procedimientos para obtener el grado de discapacidad - Asociaci\u00f3n Espa\u00f1ola S\u00edndrome de Charge\" \/>\n<meta property=\"og:description\" content=\"Leemos en 20minutos la siguiente noticia que os reproducimos de forma \u00edntegra: En un comunicado, el Ejecutivo regional ha recordado que el Instituto C\u00e1ntabro de Servicios Sociales (ICASS), dependiente de la Consejer\u00eda, ya puso en marcha en diciembre el segundo EVO (Equipo de Valoraci\u00f3n y Orientaci\u00f3n) en Cantabria, lo que ha supuesto ampliar el n\u00famero [&hellip;]\" \/>\n<meta property=\"og:url\" content=\"https:\/\/sindromecharge.es\/index.php\/2021\/04\/18\/el-gobierno-de-cantabria-trabaja-en-una-revision-de-los-procedimientos-para-obtener-el-grado-de-discapacidad\/\" \/>\n<meta property=\"og:site_name\" content=\"Asociaci\u00f3n Espa\u00f1ola S\u00edndrome de Charge\" \/>\n<meta property=\"article:publisher\" content=\"https:\/\/www.facebook.com\/asociacionsindromecharge\" \/>\n<meta property=\"article:published_time\" content=\"2021-04-18T10:38:10+00:00\" \/>\n<meta property=\"og:image\" content=\"https:\/\/sindromecharge.es\/wp-content\/uploads\/2013\/09\/logodecharge300x98.png\" \/>\n\t<meta property=\"og:image:width\" content=\"300\" \/>\n\t<meta property=\"og:image:height\" content=\"98\" \/>\n\t<meta property=\"og:image:type\" content=\"image\/png\" \/>\n<meta name=\"author\" content=\"Charge\" \/>\n<meta name=\"twitter:card\" content=\"summary_large_image\" \/>\n<meta name=\"twitter:creator\" content=\"@sindromecharge\" \/>\n<meta name=\"twitter:site\" content=\"@sindromecharge\" \/>\n<meta name=\"twitter:label1\" content=\"Escrito por\" \/>\n\t<meta name=\"twitter:data1\" content=\"Charge\" \/>\n\t<meta name=\"twitter:label2\" content=\"Tiempo de lectura\" \/>\n\t<meta name=\"twitter:data2\" content=\"2 minutos\" \/>\n<script type=\"application\/ld+json\" class=\"yoast-schema-graph\">{\"@context\":\"https:\\\/\\\/schema.org\",\"@graph\":[{\"@type\":\"Article\",\"@id\":\"https:\\\/\\\/sindromecharge.es\\\/index.php\\\/2021\\\/04\\\/18\\\/el-gobierno-de-cantabria-trabaja-en-una-revision-de-los-procedimientos-para-obtener-el-grado-de-discapacidad\\\/#article\",\"isPartOf\":{\"@id\":\"https:\\\/\\\/sindromecharge.es\\\/index.php\\\/2021\\\/04\\\/18\\\/el-gobierno-de-cantabria-trabaja-en-una-revision-de-los-procedimientos-para-obtener-el-grado-de-discapacidad\\\/\"},\"author\":{\"name\":\"Charge\",\"@id\":\"https:\\\/\\\/sindromecharge.es\\\/#\\\/schema\\\/person\\\/39a60ebe0a2b4d5a11179701e336b039\"},\"headline\":\"El Gobierno de Cantabria trabaja en una revisi\u00f3n de los procedimientos para obtener el grado de discapacidad\",\"datePublished\":\"2021-04-18T10:38:10+00:00\",\"mainEntityOfPage\":{\"@id\":\"https:\\\/\\\/sindromecharge.es\\\/index.php\\\/2021\\\/04\\\/18\\\/el-gobierno-de-cantabria-trabaja-en-una-revision-de-los-procedimientos-para-obtener-el-grado-de-discapacidad\\\/\"},\"wordCount\":405,\"commentCount\":0,\"keywords\":[\"discapacidad\"],\"articleSection\":[\"noticias\"],\"inLanguage\":\"es\",\"potentialAction\":[{\"@type\":\"CommentAction\",\"name\":\"Comment\",\"target\":[\"https:\\\/\\\/sindromecharge.es\\\/index.php\\\/2021\\\/04\\\/18\\\/el-gobierno-de-cantabria-trabaja-en-una-revision-de-los-procedimientos-para-obtener-el-grado-de-discapacidad\\\/#respond\"]}]},{\"@type\":\"WebPage\",\"@id\":\"https:\\\/\\\/sindromecharge.es\\\/index.php\\\/2021\\\/04\\\/18\\\/el-gobierno-de-cantabria-trabaja-en-una-revision-de-los-procedimientos-para-obtener-el-grado-de-discapacidad\\\/\",\"url\":\"https:\\\/\\\/sindromecharge.es\\\/index.php\\\/2021\\\/04\\\/18\\\/el-gobierno-de-cantabria-trabaja-en-una-revision-de-los-procedimientos-para-obtener-el-grado-de-discapacidad\\\/\",\"name\":\"El Gobierno de Cantabria trabaja en una revisi\u00f3n de los procedimientos para obtener el grado de discapacidad - Asociaci\u00f3n Espa\u00f1ola S\u00edndrome de Charge\",\"isPartOf\":{\"@id\":\"https:\\\/\\\/sindromecharge.es\\\/#website\"},\"datePublished\":\"2021-04-18T10:38:10+00:00\",\"author\":{\"@id\":\"https:\\\/\\\/sindromecharge.es\\\/#\\\/schema\\\/person\\\/39a60ebe0a2b4d5a11179701e336b039\"},\"breadcrumb\":{\"@id\":\"https:\\\/\\\/sindromecharge.es\\\/index.php\\\/2021\\\/04\\\/18\\\/el-gobierno-de-cantabria-trabaja-en-una-revision-de-los-procedimientos-para-obtener-el-grado-de-discapacidad\\\/#breadcrumb\"},\"inLanguage\":\"es\",\"potentialAction\":[{\"@type\":\"ReadAction\",\"target\":[\"https:\\\/\\\/sindromecharge.es\\\/index.php\\\/2021\\\/04\\\/18\\\/el-gobierno-de-cantabria-trabaja-en-una-revision-de-los-procedimientos-para-obtener-el-grado-de-discapacidad\\\/\"]}]},{\"@type\":\"BreadcrumbList\",\"@id\":\"https:\\\/\\\/sindromecharge.es\\\/index.php\\\/2021\\\/04\\\/18\\\/el-gobierno-de-cantabria-trabaja-en-una-revision-de-los-procedimientos-para-obtener-el-grado-de-discapacidad\\\/#breadcrumb\",\"itemListElement\":[{\"@type\":\"ListItem\",\"position\":1,\"name\":\"Portada\",\"item\":\"https:\\\/\\\/sindromecharge.es\\\/\"},{\"@type\":\"ListItem\",\"position\":2,\"name\":\"El Gobierno de Cantabria trabaja en una revisi\u00f3n de los procedimientos para obtener el grado de discapacidad\"}]},{\"@type\":\"WebSite\",\"@id\":\"https:\\\/\\\/sindromecharge.es\\\/#website\",\"url\":\"https:\\\/\\\/sindromecharge.es\\\/\",\"name\":\"Asociaci\u00f3n Espa\u00f1ola S\u00edndrome de Charge\",\"description\":\"\",\"potentialAction\":[{\"@type\":\"SearchAction\",\"target\":{\"@type\":\"EntryPoint\",\"urlTemplate\":\"https:\\\/\\\/sindromecharge.es\\\/?s={search_term_string}\"},\"query-input\":{\"@type\":\"PropertyValueSpecification\",\"valueRequired\":true,\"valueName\":\"search_term_string\"}}],\"inLanguage\":\"es\"},{\"@type\":\"Person\",\"@id\":\"https:\\\/\\\/sindromecharge.es\\\/#\\\/schema\\\/person\\\/39a60ebe0a2b4d5a11179701e336b039\",\"name\":\"Charge\",\"image\":{\"@type\":\"ImageObject\",\"inLanguage\":\"es\",\"@id\":\"https:\\\/\\\/secure.gravatar.com\\\/avatar\\\/c3b46e32a0fc3b093a0873fb767bf3293de856293065e84ef06b7ec7a8acfb98?s=96&d=identicon&r=x\",\"url\":\"https:\\\/\\\/secure.gravatar.com\\\/avatar\\\/c3b46e32a0fc3b093a0873fb767bf3293de856293065e84ef06b7ec7a8acfb98?s=96&d=identicon&r=x\",\"contentUrl\":\"https:\\\/\\\/secure.gravatar.com\\\/avatar\\\/c3b46e32a0fc3b093a0873fb767bf3293de856293065e84ef06b7ec7a8acfb98?s=96&d=identicon&r=x\",\"caption\":\"Charge\"},\"url\":\"https:\\\/\\\/sindromecharge.es\\\/index.php\\\/author\\\/admin\\\/\"}]}<\/script>\n<!-- \/ Yoast SEO plugin. -->","yoast_head_json":{"title":"El Gobierno de Cantabria trabaja en una revisi\u00f3n de los procedimientos para obtener el grado de discapacidad - Asociaci\u00f3n Espa\u00f1ola S\u00edndrome de Charge","robots":{"index":"index","follow":"follow","max-snippet":"max-snippet:-1","max-image-preview":"max-image-preview:large","max-video-preview":"max-video-preview:-1"},"canonical":"https:\/\/sindromecharge.es\/index.php\/2021\/04\/18\/el-gobierno-de-cantabria-trabaja-en-una-revision-de-los-procedimientos-para-obtener-el-grado-de-discapacidad\/","og_locale":"es_ES","og_type":"article","og_title":"El Gobierno de Cantabria trabaja en una revisi\u00f3n de los procedimientos para obtener el grado de discapacidad - Asociaci\u00f3n Espa\u00f1ola S\u00edndrome de Charge","og_description":"Leemos en 20minutos la siguiente noticia que os reproducimos de forma \u00edntegra: En un comunicado, el Ejecutivo regional ha recordado que el Instituto C\u00e1ntabro de Servicios Sociales (ICASS), dependiente de la Consejer\u00eda, ya puso en marcha en diciembre el segundo EVO (Equipo de Valoraci\u00f3n y Orientaci\u00f3n) en Cantabria, lo que ha supuesto ampliar el n\u00famero [&hellip;]","og_url":"https:\/\/sindromecharge.es\/index.php\/2021\/04\/18\/el-gobierno-de-cantabria-trabaja-en-una-revision-de-los-procedimientos-para-obtener-el-grado-de-discapacidad\/","og_site_name":"Asociaci\u00f3n Espa\u00f1ola S\u00edndrome de Charge","article_publisher":"https:\/\/www.facebook.com\/asociacionsindromecharge","article_published_time":"2021-04-18T10:38:10+00:00","og_image":[{"width":300,"height":98,"url":"https:\/\/sindromecharge.es\/wp-content\/uploads\/2013\/09\/logodecharge300x98.png","type":"image\/png"}],"author":"Charge","twitter_card":"summary_large_image","twitter_creator":"@sindromecharge","twitter_site":"@sindromecharge","twitter_misc":{"Escrito por":"Charge","Tiempo de lectura":"2 minutos"},"schema":{"@context":"https:\/\/schema.org","@graph":[{"@type":"Article","@id":"https:\/\/sindromecharge.es\/index.php\/2021\/04\/18\/el-gobierno-de-cantabria-trabaja-en-una-revision-de-los-procedimientos-para-obtener-el-grado-de-discapacidad\/#article","isPartOf":{"@id":"https:\/\/sindromecharge.es\/index.php\/2021\/04\/18\/el-gobierno-de-cantabria-trabaja-en-una-revision-de-los-procedimientos-para-obtener-el-grado-de-discapacidad\/"},"author":{"name":"Charge","@id":"https:\/\/sindromecharge.es\/#\/schema\/person\/39a60ebe0a2b4d5a11179701e336b039"},"headline":"El Gobierno de Cantabria trabaja en una revisi\u00f3n de los procedimientos para obtener el grado de discapacidad","datePublished":"2021-04-18T10:38:10+00:00","mainEntityOfPage":{"@id":"https:\/\/sindromecharge.es\/index.php\/2021\/04\/18\/el-gobierno-de-cantabria-trabaja-en-una-revision-de-los-procedimientos-para-obtener-el-grado-de-discapacidad\/"},"wordCount":405,"commentCount":0,"keywords":["discapacidad"],"articleSection":["noticias"],"inLanguage":"es","potentialAction":[{"@type":"CommentAction","name":"Comment","target":["https:\/\/sindromecharge.es\/index.php\/2021\/04\/18\/el-gobierno-de-cantabria-trabaja-en-una-revision-de-los-procedimientos-para-obtener-el-grado-de-discapacidad\/#respond"]}]},{"@type":"WebPage","@id":"https:\/\/sindromecharge.es\/index.php\/2021\/04\/18\/el-gobierno-de-cantabria-trabaja-en-una-revision-de-los-procedimientos-para-obtener-el-grado-de-discapacidad\/","url":"https:\/\/sindromecharge.es\/index.php\/2021\/04\/18\/el-gobierno-de-cantabria-trabaja-en-una-revision-de-los-procedimientos-para-obtener-el-grado-de-discapacidad\/","name":"El Gobierno de Cantabria trabaja en una revisi\u00f3n de los procedimientos para obtener el grado de discapacidad - Asociaci\u00f3n Espa\u00f1ola S\u00edndrome de Charge","isPartOf":{"@id":"https:\/\/sindromecharge.es\/#website"},"datePublished":"2021-04-18T10:38:10+00:00","author":{"@id":"https:\/\/sindromecharge.es\/#\/schema\/person\/39a60ebe0a2b4d5a11179701e336b039"},"breadcrumb":{"@id":"https:\/\/sindromecharge.es\/index.php\/2021\/04\/18\/el-gobierno-de-cantabria-trabaja-en-una-revision-de-los-procedimientos-para-obtener-el-grado-de-discapacidad\/#breadcrumb"},"inLanguage":"es","potentialAction":[{"@type":"ReadAction","target":["https:\/\/sindromecharge.es\/index.php\/2021\/04\/18\/el-gobierno-de-cantabria-trabaja-en-una-revision-de-los-procedimientos-para-obtener-el-grado-de-discapacidad\/"]}]},{"@type":"BreadcrumbList","@id":"https:\/\/sindromecharge.es\/index.php\/2021\/04\/18\/el-gobierno-de-cantabria-trabaja-en-una-revision-de-los-procedimientos-para-obtener-el-grado-de-discapacidad\/#breadcrumb","itemListElement":[{"@type":"ListItem","position":1,"name":"Portada","item":"https:\/\/sindromecharge.es\/"},{"@type":"ListItem","position":2,"name":"El Gobierno de Cantabria trabaja en una revisi\u00f3n de los procedimientos para obtener el grado de discapacidad"}]},{"@type":"WebSite","@id":"https:\/\/sindromecharge.es\/#website","url":"https:\/\/sindromecharge.es\/","name":"Asociaci\u00f3n Espa\u00f1ola S\u00edndrome de Charge","description":"","potentialAction":[{"@type":"SearchAction","target":{"@type":"EntryPoint","urlTemplate":"https:\/\/sindromecharge.es\/?s={search_term_string}"},"query-input":{"@type":"PropertyValueSpecification","valueRequired":true,"valueName":"search_term_string"}}],"inLanguage":"es"},{"@type":"Person","@id":"https:\/\/sindromecharge.es\/#\/schema\/person\/39a60ebe0a2b4d5a11179701e336b039","name":"Charge","image":{"@type":"ImageObject","inLanguage":"es","@id":"https:\/\/secure.gravatar.com\/avatar\/c3b46e32a0fc3b093a0873fb767bf3293de856293065e84ef06b7ec7a8acfb98?s=96&d=identicon&r=x","url":"https:\/\/secure.gravatar.com\/avatar\/c3b46e32a0fc3b093a0873fb767bf3293de856293065e84ef06b7ec7a8acfb98?s=96&d=identicon&r=x","contentUrl":"https:\/\/secure.gravatar.com\/avatar\/c3b46e32a0fc3b093a0873fb767bf3293de856293065e84ef06b7ec7a8acfb98?s=96&d=identicon&r=x","caption":"Charge"},"url":"https:\/\/sindromecharge.es\/index.php\/author\/admin\/"}]}},"_links":{"self":[{"href":"https:\/\/sindromecharge.es\/index.php\/wp-json\/wp\/v2\/posts\/7053","targetHints":{"allow":["GET"]}}],"collection":[{"href":"https:\/\/sindromecharge.es\/index.php\/wp-json\/wp\/v2\/posts"}],"about":[{"href":"https:\/\/sindromecharge.es\/index.php\/wp-json\/wp\/v2\/types\/post"}],"author":[{"embeddable":true,"href":"https:\/\/sindromecharge.es\/index.php\/wp-json\/wp\/v2\/users\/1"}],"replies":[{"embeddable":true,"href":"https:\/\/sindromecharge.es\/index.php\/wp-json\/wp\/v2\/comments?post=7053"}],"version-history":[{"count":0,"href":"https:\/\/sindromecharge.es\/index.php\/wp-json\/wp\/v2\/posts\/7053\/revisions"}],"wp:attachment":[{"href":"https:\/\/sindromecharge.es\/index.php\/wp-json\/wp\/v2\/media?parent=7053"}],"wp:term":[{"taxonomy":"category","embeddable":true,"href":"https:\/\/sindromecharge.es\/index.php\/wp-json\/wp\/v2\/categories?post=7053"},{"taxonomy":"post_tag","embeddable":true,"href":"https:\/\/sindromecharge.es\/index.php\/wp-json\/wp\/v2\/tags?post=7053"}],"curies":[{"name":"wp","href":"https:\/\/api.w.org\/{rel}","templated":true}]}}