{"id":7050,"date":"2021-04-16T14:51:16","date_gmt":"2021-04-16T14:51:16","guid":{"rendered":"https:\/\/sindromecharge.es\/index.php\/2021\/04\/16\/ampros-pone-en-marcha-viviendas-inclusivas-en-laredo-para-personas-con-discapacidad-intelectual\/"},"modified":"2021-04-16T14:51:16","modified_gmt":"2021-04-16T14:51:16","slug":"ampros-pone-en-marcha-viviendas-inclusivas-en-laredo-para-personas-con-discapacidad-intelectual","status":"publish","type":"post","link":"https:\/\/sindromecharge.es\/index.php\/2021\/04\/16\/ampros-pone-en-marcha-viviendas-inclusivas-en-laredo-para-personas-con-discapacidad-intelectual\/","title":{"rendered":"Ampros pone en marcha viviendas inclusivas en Laredo para personas con discapacidad intelectual"},"content":{"rendered":"<p>Leemos en 20minutos la siguiente noticia que os reproducimos de forma \u00edntegra: <\/p>\n<p>As\u00ed lo han informado en sendos comunicados Ampros y el Ayuntamiento, que han explicado que est\u00e1 ultimando los detalles de este proyecto, cuyas instalaciones han visitado este viernes la alcaldesa de Laredo, Charo Losa, y los concejales de Servicios Sociales, Juanjo Revuelta; de Obras, Pedro Diego; y de Hacienda y Contrataci\u00f3n, Carmen Garc\u00eda, acompa\u00f1ados por la presidenta de la entidad, Carmen S\u00e1nchez, y el director y gerente, Roberto \u00c1lvarez.<\/p>\n<p>Este proyecto, que est\u00e1 enclavado en la Puebla Vieja, tiene un enfoque \u00abinnovador\u00bb, que plantea disponer de una residencia integrada en un edificio comunitario para que las personas con discapacidad intelectual puedan vivir en un entorno inclusivo.<\/p>\n<p>La iniciativa naci\u00f3 fruto de la colaboraci\u00f3n de Ampros y la Consejer\u00eda de Obras P\u00fablicas del Gobierno de Cantabria, que suscribieron un acuerdo por el que la entidad adquiri\u00f3 en propiedad casi 400 metros cuadrados de cuatro locales de un edificio de la promoci\u00f3n de Viviendas de Protecci\u00f3n Oficial (VPO) de la calle Ruayusera n\u00famero 13, acondicionadas como tuteladas.<\/p>\n<p>Asimismo, se alquilaron tres viviendas en el mismo edificio destinadas a proyectos de vida independiente (nueve plazas), con una inversi\u00f3n cercana a 1 mill\u00f3n de euros.<\/p>\n<p>El proyecto ha contado con la cofinanciaci\u00f3n de la Fundaci\u00f3n ONCE y las plazas estar\u00e1n concertadas con el Instituto C\u00e1ntabro de Servicios Sociales (ICASS).<\/p>\n<p>Fuente: 20minutos <a href=\"https:\/\/www.20minutos.es\/noticia\/4660731\/0\/ampros-pone-en-marcha-viviendas-inclusivas-en-laredo-para-personas-con-discapacidad-intelectual\/\" target=\"_blank\" rel=\"noopener\">Ampros pone en marcha viviendas inclusivas en Laredo para personas con discapacidad intelectual<\/a><\/p>\n","protected":false},"excerpt":{"rendered":"<p>Leemos en 20minutos la siguiente noticia que os reproducimos de forma \u00edntegra: As\u00ed lo han informado en sendos comunicados Ampros y el Ayuntamiento, que han explicado que est\u00e1 ultimando los detalles de este proyecto, cuyas instalaciones han visitado este viernes la alcaldesa de Laredo, Charo Losa, y los concejales de Servicios Sociales, Juanjo Revuelta; de [&hellip;]<\/p>\n","protected":false},"author":1,"featured_media":0,"comment_status":"open","ping_status":"closed","sticky":false,"template":"","format":"standard","meta":{"footnotes":""},"categories":[8],"tags":[31],"class_list":["post-7050","post","type-post","status-publish","format-standard","hentry","category-noticias","tag-discapacidad"],"yoast_head":"<!-- This site is optimized with the Yoast SEO plugin v27.5 - https:\/\/yoast.com\/product\/yoast-seo-wordpress\/ -->\n<title>Ampros pone en marcha viviendas inclusivas en Laredo para personas con discapacidad intelectual - Asociaci\u00f3n Espa\u00f1ola S\u00edndrome de Charge<\/title>\n<meta name=\"robots\" content=\"index, follow, max-snippet:-1, max-image-preview:large, max-video-preview:-1\" \/>\n<link rel=\"canonical\" href=\"https:\/\/sindromecharge.es\/index.php\/2021\/04\/16\/ampros-pone-en-marcha-viviendas-inclusivas-en-laredo-para-personas-con-discapacidad-intelectual\/\" \/>\n<meta property=\"og:locale\" content=\"es_ES\" \/>\n<meta property=\"og:type\" content=\"article\" \/>\n<meta property=\"og:title\" content=\"Ampros pone en marcha viviendas inclusivas en Laredo para personas con discapacidad intelectual - Asociaci\u00f3n Espa\u00f1ola S\u00edndrome de Charge\" \/>\n<meta property=\"og:description\" content=\"Leemos en 20minutos la siguiente noticia que os reproducimos de forma \u00edntegra: As\u00ed lo han informado en sendos comunicados Ampros y el Ayuntamiento, que han explicado que est\u00e1 ultimando los detalles de este proyecto, cuyas instalaciones han visitado este viernes la alcaldesa de Laredo, Charo Losa, y los concejales de Servicios Sociales, Juanjo Revuelta; de [&hellip;]\" \/>\n<meta property=\"og:url\" content=\"https:\/\/sindromecharge.es\/index.php\/2021\/04\/16\/ampros-pone-en-marcha-viviendas-inclusivas-en-laredo-para-personas-con-discapacidad-intelectual\/\" \/>\n<meta property=\"og:site_name\" content=\"Asociaci\u00f3n Espa\u00f1ola S\u00edndrome de Charge\" \/>\n<meta property=\"article:publisher\" content=\"https:\/\/www.facebook.com\/asociacionsindromecharge\" \/>\n<meta property=\"article:published_time\" content=\"2021-04-16T14:51:16+00:00\" \/>\n<meta property=\"og:image\" content=\"https:\/\/sindromecharge.es\/wp-content\/uploads\/2013\/09\/logodecharge300x98.png\" \/>\n\t<meta property=\"og:image:width\" content=\"300\" \/>\n\t<meta property=\"og:image:height\" content=\"98\" \/>\n\t<meta property=\"og:image:type\" content=\"image\/png\" \/>\n<meta name=\"author\" content=\"Charge\" \/>\n<meta name=\"twitter:card\" content=\"summary_large_image\" \/>\n<meta name=\"twitter:creator\" content=\"@sindromecharge\" \/>\n<meta name=\"twitter:site\" content=\"@sindromecharge\" \/>\n<meta name=\"twitter:label1\" content=\"Escrito por\" \/>\n\t<meta name=\"twitter:data1\" content=\"Charge\" \/>\n\t<meta name=\"twitter:label2\" content=\"Tiempo de lectura\" \/>\n\t<meta name=\"twitter:data2\" content=\"1 minuto\" \/>\n<script type=\"application\/ld+json\" class=\"yoast-schema-graph\">{\"@context\":\"https:\\\/\\\/schema.org\",\"@graph\":[{\"@type\":\"Article\",\"@id\":\"https:\\\/\\\/sindromecharge.es\\\/index.php\\\/2021\\\/04\\\/16\\\/ampros-pone-en-marcha-viviendas-inclusivas-en-laredo-para-personas-con-discapacidad-intelectual\\\/#article\",\"isPartOf\":{\"@id\":\"https:\\\/\\\/sindromecharge.es\\\/index.php\\\/2021\\\/04\\\/16\\\/ampros-pone-en-marcha-viviendas-inclusivas-en-laredo-para-personas-con-discapacidad-intelectual\\\/\"},\"author\":{\"name\":\"Charge\",\"@id\":\"https:\\\/\\\/sindromecharge.es\\\/#\\\/schema\\\/person\\\/39a60ebe0a2b4d5a11179701e336b039\"},\"headline\":\"Ampros pone en marcha viviendas inclusivas en Laredo para personas con discapacidad intelectual\",\"datePublished\":\"2021-04-16T14:51:16+00:00\",\"mainEntityOfPage\":{\"@id\":\"https:\\\/\\\/sindromecharge.es\\\/index.php\\\/2021\\\/04\\\/16\\\/ampros-pone-en-marcha-viviendas-inclusivas-en-laredo-para-personas-con-discapacidad-intelectual\\\/\"},\"wordCount\":268,\"commentCount\":0,\"keywords\":[\"discapacidad\"],\"articleSection\":[\"noticias\"],\"inLanguage\":\"es\",\"potentialAction\":[{\"@type\":\"CommentAction\",\"name\":\"Comment\",\"target\":[\"https:\\\/\\\/sindromecharge.es\\\/index.php\\\/2021\\\/04\\\/16\\\/ampros-pone-en-marcha-viviendas-inclusivas-en-laredo-para-personas-con-discapacidad-intelectual\\\/#respond\"]}]},{\"@type\":\"WebPage\",\"@id\":\"https:\\\/\\\/sindromecharge.es\\\/index.php\\\/2021\\\/04\\\/16\\\/ampros-pone-en-marcha-viviendas-inclusivas-en-laredo-para-personas-con-discapacidad-intelectual\\\/\",\"url\":\"https:\\\/\\\/sindromecharge.es\\\/index.php\\\/2021\\\/04\\\/16\\\/ampros-pone-en-marcha-viviendas-inclusivas-en-laredo-para-personas-con-discapacidad-intelectual\\\/\",\"name\":\"Ampros pone en marcha viviendas inclusivas en Laredo para personas con discapacidad intelectual - Asociaci\u00f3n Espa\u00f1ola S\u00edndrome de Charge\",\"isPartOf\":{\"@id\":\"https:\\\/\\\/sindromecharge.es\\\/#website\"},\"datePublished\":\"2021-04-16T14:51:16+00:00\",\"author\":{\"@id\":\"https:\\\/\\\/sindromecharge.es\\\/#\\\/schema\\\/person\\\/39a60ebe0a2b4d5a11179701e336b039\"},\"breadcrumb\":{\"@id\":\"https:\\\/\\\/sindromecharge.es\\\/index.php\\\/2021\\\/04\\\/16\\\/ampros-pone-en-marcha-viviendas-inclusivas-en-laredo-para-personas-con-discapacidad-intelectual\\\/#breadcrumb\"},\"inLanguage\":\"es\",\"potentialAction\":[{\"@type\":\"ReadAction\",\"target\":[\"https:\\\/\\\/sindromecharge.es\\\/index.php\\\/2021\\\/04\\\/16\\\/ampros-pone-en-marcha-viviendas-inclusivas-en-laredo-para-personas-con-discapacidad-intelectual\\\/\"]}]},{\"@type\":\"BreadcrumbList\",\"@id\":\"https:\\\/\\\/sindromecharge.es\\\/index.php\\\/2021\\\/04\\\/16\\\/ampros-pone-en-marcha-viviendas-inclusivas-en-laredo-para-personas-con-discapacidad-intelectual\\\/#breadcrumb\",\"itemListElement\":[{\"@type\":\"ListItem\",\"position\":1,\"name\":\"Portada\",\"item\":\"https:\\\/\\\/sindromecharge.es\\\/\"},{\"@type\":\"ListItem\",\"position\":2,\"name\":\"Ampros pone en marcha viviendas inclusivas en Laredo para personas con discapacidad intelectual\"}]},{\"@type\":\"WebSite\",\"@id\":\"https:\\\/\\\/sindromecharge.es\\\/#website\",\"url\":\"https:\\\/\\\/sindromecharge.es\\\/\",\"name\":\"Asociaci\u00f3n Espa\u00f1ola S\u00edndrome de Charge\",\"description\":\"\",\"potentialAction\":[{\"@type\":\"SearchAction\",\"target\":{\"@type\":\"EntryPoint\",\"urlTemplate\":\"https:\\\/\\\/sindromecharge.es\\\/?s={search_term_string}\"},\"query-input\":{\"@type\":\"PropertyValueSpecification\",\"valueRequired\":true,\"valueName\":\"search_term_string\"}}],\"inLanguage\":\"es\"},{\"@type\":\"Person\",\"@id\":\"https:\\\/\\\/sindromecharge.es\\\/#\\\/schema\\\/person\\\/39a60ebe0a2b4d5a11179701e336b039\",\"name\":\"Charge\",\"image\":{\"@type\":\"ImageObject\",\"inLanguage\":\"es\",\"@id\":\"https:\\\/\\\/secure.gravatar.com\\\/avatar\\\/c3b46e32a0fc3b093a0873fb767bf3293de856293065e84ef06b7ec7a8acfb98?s=96&d=identicon&r=x\",\"url\":\"https:\\\/\\\/secure.gravatar.com\\\/avatar\\\/c3b46e32a0fc3b093a0873fb767bf3293de856293065e84ef06b7ec7a8acfb98?s=96&d=identicon&r=x\",\"contentUrl\":\"https:\\\/\\\/secure.gravatar.com\\\/avatar\\\/c3b46e32a0fc3b093a0873fb767bf3293de856293065e84ef06b7ec7a8acfb98?s=96&d=identicon&r=x\",\"caption\":\"Charge\"},\"url\":\"https:\\\/\\\/sindromecharge.es\\\/index.php\\\/author\\\/admin\\\/\"}]}<\/script>\n<!-- \/ Yoast SEO plugin. -->","yoast_head_json":{"title":"Ampros pone en marcha viviendas inclusivas en Laredo para personas con discapacidad intelectual - Asociaci\u00f3n Espa\u00f1ola S\u00edndrome de Charge","robots":{"index":"index","follow":"follow","max-snippet":"max-snippet:-1","max-image-preview":"max-image-preview:large","max-video-preview":"max-video-preview:-1"},"canonical":"https:\/\/sindromecharge.es\/index.php\/2021\/04\/16\/ampros-pone-en-marcha-viviendas-inclusivas-en-laredo-para-personas-con-discapacidad-intelectual\/","og_locale":"es_ES","og_type":"article","og_title":"Ampros pone en marcha viviendas inclusivas en Laredo para personas con discapacidad intelectual - Asociaci\u00f3n Espa\u00f1ola S\u00edndrome de Charge","og_description":"Leemos en 20minutos la siguiente noticia que os reproducimos de forma \u00edntegra: As\u00ed lo han informado en sendos comunicados Ampros y el Ayuntamiento, que han explicado que est\u00e1 ultimando los detalles de este proyecto, cuyas instalaciones han visitado este viernes la alcaldesa de Laredo, Charo Losa, y los concejales de Servicios Sociales, Juanjo Revuelta; de [&hellip;]","og_url":"https:\/\/sindromecharge.es\/index.php\/2021\/04\/16\/ampros-pone-en-marcha-viviendas-inclusivas-en-laredo-para-personas-con-discapacidad-intelectual\/","og_site_name":"Asociaci\u00f3n Espa\u00f1ola S\u00edndrome de Charge","article_publisher":"https:\/\/www.facebook.com\/asociacionsindromecharge","article_published_time":"2021-04-16T14:51:16+00:00","og_image":[{"width":300,"height":98,"url":"https:\/\/sindromecharge.es\/wp-content\/uploads\/2013\/09\/logodecharge300x98.png","type":"image\/png"}],"author":"Charge","twitter_card":"summary_large_image","twitter_creator":"@sindromecharge","twitter_site":"@sindromecharge","twitter_misc":{"Escrito por":"Charge","Tiempo de lectura":"1 minuto"},"schema":{"@context":"https:\/\/schema.org","@graph":[{"@type":"Article","@id":"https:\/\/sindromecharge.es\/index.php\/2021\/04\/16\/ampros-pone-en-marcha-viviendas-inclusivas-en-laredo-para-personas-con-discapacidad-intelectual\/#article","isPartOf":{"@id":"https:\/\/sindromecharge.es\/index.php\/2021\/04\/16\/ampros-pone-en-marcha-viviendas-inclusivas-en-laredo-para-personas-con-discapacidad-intelectual\/"},"author":{"name":"Charge","@id":"https:\/\/sindromecharge.es\/#\/schema\/person\/39a60ebe0a2b4d5a11179701e336b039"},"headline":"Ampros pone en marcha viviendas inclusivas en Laredo para personas con discapacidad intelectual","datePublished":"2021-04-16T14:51:16+00:00","mainEntityOfPage":{"@id":"https:\/\/sindromecharge.es\/index.php\/2021\/04\/16\/ampros-pone-en-marcha-viviendas-inclusivas-en-laredo-para-personas-con-discapacidad-intelectual\/"},"wordCount":268,"commentCount":0,"keywords":["discapacidad"],"articleSection":["noticias"],"inLanguage":"es","potentialAction":[{"@type":"CommentAction","name":"Comment","target":["https:\/\/sindromecharge.es\/index.php\/2021\/04\/16\/ampros-pone-en-marcha-viviendas-inclusivas-en-laredo-para-personas-con-discapacidad-intelectual\/#respond"]}]},{"@type":"WebPage","@id":"https:\/\/sindromecharge.es\/index.php\/2021\/04\/16\/ampros-pone-en-marcha-viviendas-inclusivas-en-laredo-para-personas-con-discapacidad-intelectual\/","url":"https:\/\/sindromecharge.es\/index.php\/2021\/04\/16\/ampros-pone-en-marcha-viviendas-inclusivas-en-laredo-para-personas-con-discapacidad-intelectual\/","name":"Ampros pone en marcha viviendas inclusivas en Laredo para personas con discapacidad intelectual - Asociaci\u00f3n Espa\u00f1ola S\u00edndrome de Charge","isPartOf":{"@id":"https:\/\/sindromecharge.es\/#website"},"datePublished":"2021-04-16T14:51:16+00:00","author":{"@id":"https:\/\/sindromecharge.es\/#\/schema\/person\/39a60ebe0a2b4d5a11179701e336b039"},"breadcrumb":{"@id":"https:\/\/sindromecharge.es\/index.php\/2021\/04\/16\/ampros-pone-en-marcha-viviendas-inclusivas-en-laredo-para-personas-con-discapacidad-intelectual\/#breadcrumb"},"inLanguage":"es","potentialAction":[{"@type":"ReadAction","target":["https:\/\/sindromecharge.es\/index.php\/2021\/04\/16\/ampros-pone-en-marcha-viviendas-inclusivas-en-laredo-para-personas-con-discapacidad-intelectual\/"]}]},{"@type":"BreadcrumbList","@id":"https:\/\/sindromecharge.es\/index.php\/2021\/04\/16\/ampros-pone-en-marcha-viviendas-inclusivas-en-laredo-para-personas-con-discapacidad-intelectual\/#breadcrumb","itemListElement":[{"@type":"ListItem","position":1,"name":"Portada","item":"https:\/\/sindromecharge.es\/"},{"@type":"ListItem","position":2,"name":"Ampros pone en marcha viviendas inclusivas en Laredo para personas con discapacidad intelectual"}]},{"@type":"WebSite","@id":"https:\/\/sindromecharge.es\/#website","url":"https:\/\/sindromecharge.es\/","name":"Asociaci\u00f3n Espa\u00f1ola S\u00edndrome de Charge","description":"","potentialAction":[{"@type":"SearchAction","target":{"@type":"EntryPoint","urlTemplate":"https:\/\/sindromecharge.es\/?s={search_term_string}"},"query-input":{"@type":"PropertyValueSpecification","valueRequired":true,"valueName":"search_term_string"}}],"inLanguage":"es"},{"@type":"Person","@id":"https:\/\/sindromecharge.es\/#\/schema\/person\/39a60ebe0a2b4d5a11179701e336b039","name":"Charge","image":{"@type":"ImageObject","inLanguage":"es","@id":"https:\/\/secure.gravatar.com\/avatar\/c3b46e32a0fc3b093a0873fb767bf3293de856293065e84ef06b7ec7a8acfb98?s=96&d=identicon&r=x","url":"https:\/\/secure.gravatar.com\/avatar\/c3b46e32a0fc3b093a0873fb767bf3293de856293065e84ef06b7ec7a8acfb98?s=96&d=identicon&r=x","contentUrl":"https:\/\/secure.gravatar.com\/avatar\/c3b46e32a0fc3b093a0873fb767bf3293de856293065e84ef06b7ec7a8acfb98?s=96&d=identicon&r=x","caption":"Charge"},"url":"https:\/\/sindromecharge.es\/index.php\/author\/admin\/"}]}},"_links":{"self":[{"href":"https:\/\/sindromecharge.es\/index.php\/wp-json\/wp\/v2\/posts\/7050","targetHints":{"allow":["GET"]}}],"collection":[{"href":"https:\/\/sindromecharge.es\/index.php\/wp-json\/wp\/v2\/posts"}],"about":[{"href":"https:\/\/sindromecharge.es\/index.php\/wp-json\/wp\/v2\/types\/post"}],"author":[{"embeddable":true,"href":"https:\/\/sindromecharge.es\/index.php\/wp-json\/wp\/v2\/users\/1"}],"replies":[{"embeddable":true,"href":"https:\/\/sindromecharge.es\/index.php\/wp-json\/wp\/v2\/comments?post=7050"}],"version-history":[{"count":0,"href":"https:\/\/sindromecharge.es\/index.php\/wp-json\/wp\/v2\/posts\/7050\/revisions"}],"wp:attachment":[{"href":"https:\/\/sindromecharge.es\/index.php\/wp-json\/wp\/v2\/media?parent=7050"}],"wp:term":[{"taxonomy":"category","embeddable":true,"href":"https:\/\/sindromecharge.es\/index.php\/wp-json\/wp\/v2\/categories?post=7050"},{"taxonomy":"post_tag","embeddable":true,"href":"https:\/\/sindromecharge.es\/index.php\/wp-json\/wp\/v2\/tags?post=7050"}],"curies":[{"name":"wp","href":"https:\/\/api.w.org\/{rel}","templated":true}]}}