{"id":7049,"date":"2021-04-16T12:36:08","date_gmt":"2021-04-16T12:36:08","guid":{"rendered":"https:\/\/sindromecharge.es\/index.php\/2021\/04\/16\/el-psoe-pide-a-la-junta-que-desista-de-privatizar-los-servicios-sociales-y-reclama-reforzarlos\/"},"modified":"2021-04-16T12:36:08","modified_gmt":"2021-04-16T12:36:08","slug":"el-psoe-pide-a-la-junta-que-desista-de-privatizar-los-servicios-sociales-y-reclama-reforzarlos","status":"publish","type":"post","link":"https:\/\/sindromecharge.es\/index.php\/2021\/04\/16\/el-psoe-pide-a-la-junta-que-desista-de-privatizar-los-servicios-sociales-y-reclama-reforzarlos\/","title":{"rendered":"El PSOE pide a la Junta que desista de &quot;privatizar&quot; los servicios sociales y reclama reforzarlos"},"content":{"rendered":"<p>Leemos en 20minutos la siguiente noticia que os reproducimos de forma \u00edntegra: <\/p>\n<p>En rueda de prensa, Jim\u00e9nez ha rememorado la aprobaci\u00f3n de la Ley de Servicios Sociales de Andaluc\u00eda durante el Gobierno de Susana D\u00edaz como presidenta de la Junta, \u00abuna norma que el Gobierno de derechas de Andaluc\u00eda no est\u00e1 desarrollando\u00bb, ha criticado.<\/p>\n<p>\u00abDebemos evitar que la crisis social generada por el Covid sit\u00fae a los servicios sociales p\u00fablicos en la desatenci\u00f3n y la vulnerabilidad. Nos encontramos ante un sistema que estaba ya colapsado antes de la crisis sanitaria y que ahora, con el incremento considerable de usuarios, ha empeorado\u00bb, ha asegurado Ana Isabel Jim\u00e9nez.<\/p>\n<p>En ese contexto, ha acusado al Gobierno auton\u00f3mico de PP y Cs de querer \u00abprivatizar y modificar el modelo de servicios sociales, volviendo a la beneficencia con las tarjetas monedero como protagonista\u00bb, un programa de 17 millones de euros para los desfavorecidos canalizado a trav\u00e9s de las ONG. \u00abLa Junta est\u00e1 dejando de lado sus obligaciones como administraci\u00f3n p\u00fablica, provocando largas listas de espera para recibir la renta m\u00ednima de inserci\u00f3n o la dependencia\u00bb, ha alertado.<\/p>\n<p>FONDOS PARA LOS AYUNTAMIENTOS<\/p>\n<p>As\u00ed, ha detallado que la moci\u00f3n que el PSOE defender\u00e1 en los ayuntamientos pide al Gobierno andaluz \u00abque refuerce el sistema p\u00fablico de servicios sociales a trav\u00e9s de una distribuci\u00f3n extraordinaria de cr\u00e9ditos entre ayuntamientos de m\u00e1s de 20.000 habitantes y diputaciones, para la contrataci\u00f3n de profesionales\u00bb.<\/p>\n<p>Adem\u00e1s, la moci\u00f3n reclama a la Junta que incremente la financiaci\u00f3n a la administraci\u00f3n local a trav\u00e9s de la creaci\u00f3n de un Fondo Social (Patrica Social) para que los municipios puedan atender con agilidad a las familias m\u00e1s vulnerables, cubriendo desde sus necesidades alimentarias, hasta los suministros b\u00e1sicos, a trav\u00e9s de los servicios sociales comunitarios. \u00abLe exigimos tambi\u00e9n a Moreno Bonilla que garantice el cumplimiento de la Ley de Servicios Sociales y el derecho de acceso universal al conjunto de servicios y prestaciones\u00bb, ha a\u00f1adido.<\/p>\n<p>De otro lado, ha defendido el \u00abesfuerzo\u00bb del Gobierno central con el Ingreso M\u00ednimo Vital, que habr\u00eda llegado a unos 160.000 de los 850.000 hogares inicialmente previstos; los ERTE o la moratoria de las hipotecas.<\/p>\n<p>A su juicio, la \u00abrespuesta de la Junta en esta crisis ha sido torpe y lenta\u00bb. As\u00ed, frente a los diversos paquetes de ayudas anunciados por el Ejecutivo auton\u00f3mico para sectores afectados por la nueva crisis, ha criticado que el Gobierno andaluz \u00abpresuma de super\u00e1vit en el presupuesto de 2020 en vez de reforzar el sistema p\u00fablico de servicios sociales y la dependencia\u00bb.<\/p>\n<p>Por \u00faltimo, ha exigido al Ejecutivo de PP y Cs que se \u00abcomprometa a impulsar la dependencia en Andaluc\u00eda\u00bb. \u00abSu obligaci\u00f3n es no dejar morir una ley y un sistema en el que Andaluc\u00eda siempre ha sido referente nacional. Ahora, sin embargo, nuestra comunidad est\u00e1 a la cola en valoraciones y asignaci\u00f3n de recursos y los usuarios soportan listas de espera inhumanas para ser atendidos en centros residenciales y de d\u00eda\u00bb, ha criticado.<\/p>\n<p>Fuente: 20minutos <a href=\"https:\/\/www.20minutos.es\/noticia\/4660378\/0\/el-psoe-pide-a-la-junta-que-desista-de-privatizar-los-servicios-sociales-y-reclama-reforzarlos\/\" target=\"_blank\" rel=\"noopener\">El PSOE pide a la Junta que desista de &quot;privatizar&quot; los servicios sociales y reclama reforzarlos<\/a><\/p>\n","protected":false},"excerpt":{"rendered":"<p>Leemos en 20minutos la siguiente noticia que os reproducimos de forma \u00edntegra: En rueda de prensa, Jim\u00e9nez ha rememorado la aprobaci\u00f3n de la Ley de Servicios Sociales de Andaluc\u00eda durante el Gobierno de Susana D\u00edaz como presidenta de la Junta, \u00abuna norma que el Gobierno de derechas de Andaluc\u00eda no est\u00e1 desarrollando\u00bb, ha criticado. \u00abDebemos [&hellip;]<\/p>\n","protected":false},"author":1,"featured_media":0,"comment_status":"open","ping_status":"closed","sticky":false,"template":"","format":"standard","meta":{"footnotes":""},"categories":[8],"tags":[31],"class_list":["post-7049","post","type-post","status-publish","format-standard","hentry","category-noticias","tag-discapacidad"],"yoast_head":"<!-- This site is optimized with the Yoast SEO plugin v27.5 - https:\/\/yoast.com\/product\/yoast-seo-wordpress\/ -->\n<title>El PSOE pide a la Junta que desista de &quot;privatizar&quot; los servicios sociales y reclama reforzarlos - Asociaci\u00f3n Espa\u00f1ola S\u00edndrome de Charge<\/title>\n<meta name=\"robots\" content=\"index, follow, max-snippet:-1, max-image-preview:large, max-video-preview:-1\" \/>\n<link rel=\"canonical\" href=\"https:\/\/sindromecharge.es\/index.php\/2021\/04\/16\/el-psoe-pide-a-la-junta-que-desista-de-privatizar-los-servicios-sociales-y-reclama-reforzarlos\/\" \/>\n<meta property=\"og:locale\" content=\"es_ES\" \/>\n<meta property=\"og:type\" content=\"article\" \/>\n<meta property=\"og:title\" content=\"El PSOE pide a la Junta que desista de &quot;privatizar&quot; los servicios sociales y reclama reforzarlos - Asociaci\u00f3n Espa\u00f1ola S\u00edndrome de Charge\" \/>\n<meta property=\"og:description\" content=\"Leemos en 20minutos la siguiente noticia que os reproducimos de forma \u00edntegra: En rueda de prensa, Jim\u00e9nez ha rememorado la aprobaci\u00f3n de la Ley de Servicios Sociales de Andaluc\u00eda durante el Gobierno de Susana D\u00edaz como presidenta de la Junta, \u00abuna norma que el Gobierno de derechas de Andaluc\u00eda no est\u00e1 desarrollando\u00bb, ha criticado. \u00abDebemos [&hellip;]\" \/>\n<meta property=\"og:url\" content=\"https:\/\/sindromecharge.es\/index.php\/2021\/04\/16\/el-psoe-pide-a-la-junta-que-desista-de-privatizar-los-servicios-sociales-y-reclama-reforzarlos\/\" \/>\n<meta property=\"og:site_name\" content=\"Asociaci\u00f3n Espa\u00f1ola S\u00edndrome de Charge\" \/>\n<meta property=\"article:publisher\" content=\"https:\/\/www.facebook.com\/asociacionsindromecharge\" \/>\n<meta property=\"article:published_time\" content=\"2021-04-16T12:36:08+00:00\" \/>\n<meta property=\"og:image\" content=\"https:\/\/sindromecharge.es\/wp-content\/uploads\/2013\/09\/logodecharge300x98.png\" \/>\n\t<meta property=\"og:image:width\" content=\"300\" \/>\n\t<meta property=\"og:image:height\" content=\"98\" \/>\n\t<meta property=\"og:image:type\" content=\"image\/png\" \/>\n<meta name=\"author\" content=\"Charge\" \/>\n<meta name=\"twitter:card\" content=\"summary_large_image\" \/>\n<meta name=\"twitter:creator\" content=\"@sindromecharge\" \/>\n<meta name=\"twitter:site\" content=\"@sindromecharge\" \/>\n<meta name=\"twitter:label1\" content=\"Escrito por\" \/>\n\t<meta name=\"twitter:data1\" content=\"Charge\" \/>\n\t<meta name=\"twitter:label2\" content=\"Tiempo de lectura\" \/>\n\t<meta name=\"twitter:data2\" content=\"3 minutos\" \/>\n<script type=\"application\/ld+json\" class=\"yoast-schema-graph\">{\"@context\":\"https:\\\/\\\/schema.org\",\"@graph\":[{\"@type\":\"Article\",\"@id\":\"https:\\\/\\\/sindromecharge.es\\\/index.php\\\/2021\\\/04\\\/16\\\/el-psoe-pide-a-la-junta-que-desista-de-privatizar-los-servicios-sociales-y-reclama-reforzarlos\\\/#article\",\"isPartOf\":{\"@id\":\"https:\\\/\\\/sindromecharge.es\\\/index.php\\\/2021\\\/04\\\/16\\\/el-psoe-pide-a-la-junta-que-desista-de-privatizar-los-servicios-sociales-y-reclama-reforzarlos\\\/\"},\"author\":{\"name\":\"Charge\",\"@id\":\"https:\\\/\\\/sindromecharge.es\\\/#\\\/schema\\\/person\\\/39a60ebe0a2b4d5a11179701e336b039\"},\"headline\":\"El PSOE pide a la Junta que desista de &quot;privatizar&quot; los servicios sociales y reclama reforzarlos\",\"datePublished\":\"2021-04-16T12:36:08+00:00\",\"mainEntityOfPage\":{\"@id\":\"https:\\\/\\\/sindromecharge.es\\\/index.php\\\/2021\\\/04\\\/16\\\/el-psoe-pide-a-la-junta-que-desista-de-privatizar-los-servicios-sociales-y-reclama-reforzarlos\\\/\"},\"wordCount\":565,\"commentCount\":0,\"keywords\":[\"discapacidad\"],\"articleSection\":[\"noticias\"],\"inLanguage\":\"es\",\"potentialAction\":[{\"@type\":\"CommentAction\",\"name\":\"Comment\",\"target\":[\"https:\\\/\\\/sindromecharge.es\\\/index.php\\\/2021\\\/04\\\/16\\\/el-psoe-pide-a-la-junta-que-desista-de-privatizar-los-servicios-sociales-y-reclama-reforzarlos\\\/#respond\"]}]},{\"@type\":\"WebPage\",\"@id\":\"https:\\\/\\\/sindromecharge.es\\\/index.php\\\/2021\\\/04\\\/16\\\/el-psoe-pide-a-la-junta-que-desista-de-privatizar-los-servicios-sociales-y-reclama-reforzarlos\\\/\",\"url\":\"https:\\\/\\\/sindromecharge.es\\\/index.php\\\/2021\\\/04\\\/16\\\/el-psoe-pide-a-la-junta-que-desista-de-privatizar-los-servicios-sociales-y-reclama-reforzarlos\\\/\",\"name\":\"El PSOE pide a la Junta que desista de &quot;privatizar&quot; los servicios sociales y reclama reforzarlos - Asociaci\u00f3n Espa\u00f1ola S\u00edndrome de Charge\",\"isPartOf\":{\"@id\":\"https:\\\/\\\/sindromecharge.es\\\/#website\"},\"datePublished\":\"2021-04-16T12:36:08+00:00\",\"author\":{\"@id\":\"https:\\\/\\\/sindromecharge.es\\\/#\\\/schema\\\/person\\\/39a60ebe0a2b4d5a11179701e336b039\"},\"breadcrumb\":{\"@id\":\"https:\\\/\\\/sindromecharge.es\\\/index.php\\\/2021\\\/04\\\/16\\\/el-psoe-pide-a-la-junta-que-desista-de-privatizar-los-servicios-sociales-y-reclama-reforzarlos\\\/#breadcrumb\"},\"inLanguage\":\"es\",\"potentialAction\":[{\"@type\":\"ReadAction\",\"target\":[\"https:\\\/\\\/sindromecharge.es\\\/index.php\\\/2021\\\/04\\\/16\\\/el-psoe-pide-a-la-junta-que-desista-de-privatizar-los-servicios-sociales-y-reclama-reforzarlos\\\/\"]}]},{\"@type\":\"BreadcrumbList\",\"@id\":\"https:\\\/\\\/sindromecharge.es\\\/index.php\\\/2021\\\/04\\\/16\\\/el-psoe-pide-a-la-junta-que-desista-de-privatizar-los-servicios-sociales-y-reclama-reforzarlos\\\/#breadcrumb\",\"itemListElement\":[{\"@type\":\"ListItem\",\"position\":1,\"name\":\"Portada\",\"item\":\"https:\\\/\\\/sindromecharge.es\\\/\"},{\"@type\":\"ListItem\",\"position\":2,\"name\":\"El PSOE pide a la Junta que desista de &quot;privatizar&quot; los servicios sociales y reclama reforzarlos\"}]},{\"@type\":\"WebSite\",\"@id\":\"https:\\\/\\\/sindromecharge.es\\\/#website\",\"url\":\"https:\\\/\\\/sindromecharge.es\\\/\",\"name\":\"Asociaci\u00f3n Espa\u00f1ola S\u00edndrome de Charge\",\"description\":\"\",\"potentialAction\":[{\"@type\":\"SearchAction\",\"target\":{\"@type\":\"EntryPoint\",\"urlTemplate\":\"https:\\\/\\\/sindromecharge.es\\\/?s={search_term_string}\"},\"query-input\":{\"@type\":\"PropertyValueSpecification\",\"valueRequired\":true,\"valueName\":\"search_term_string\"}}],\"inLanguage\":\"es\"},{\"@type\":\"Person\",\"@id\":\"https:\\\/\\\/sindromecharge.es\\\/#\\\/schema\\\/person\\\/39a60ebe0a2b4d5a11179701e336b039\",\"name\":\"Charge\",\"image\":{\"@type\":\"ImageObject\",\"inLanguage\":\"es\",\"@id\":\"https:\\\/\\\/secure.gravatar.com\\\/avatar\\\/c3b46e32a0fc3b093a0873fb767bf3293de856293065e84ef06b7ec7a8acfb98?s=96&d=identicon&r=x\",\"url\":\"https:\\\/\\\/secure.gravatar.com\\\/avatar\\\/c3b46e32a0fc3b093a0873fb767bf3293de856293065e84ef06b7ec7a8acfb98?s=96&d=identicon&r=x\",\"contentUrl\":\"https:\\\/\\\/secure.gravatar.com\\\/avatar\\\/c3b46e32a0fc3b093a0873fb767bf3293de856293065e84ef06b7ec7a8acfb98?s=96&d=identicon&r=x\",\"caption\":\"Charge\"},\"url\":\"https:\\\/\\\/sindromecharge.es\\\/index.php\\\/author\\\/admin\\\/\"}]}<\/script>\n<!-- \/ Yoast SEO plugin. -->","yoast_head_json":{"title":"El PSOE pide a la Junta que desista de &quot;privatizar&quot; los servicios sociales y reclama reforzarlos - Asociaci\u00f3n Espa\u00f1ola S\u00edndrome de Charge","robots":{"index":"index","follow":"follow","max-snippet":"max-snippet:-1","max-image-preview":"max-image-preview:large","max-video-preview":"max-video-preview:-1"},"canonical":"https:\/\/sindromecharge.es\/index.php\/2021\/04\/16\/el-psoe-pide-a-la-junta-que-desista-de-privatizar-los-servicios-sociales-y-reclama-reforzarlos\/","og_locale":"es_ES","og_type":"article","og_title":"El PSOE pide a la Junta que desista de &quot;privatizar&quot; los servicios sociales y reclama reforzarlos - Asociaci\u00f3n Espa\u00f1ola S\u00edndrome de Charge","og_description":"Leemos en 20minutos la siguiente noticia que os reproducimos de forma \u00edntegra: En rueda de prensa, Jim\u00e9nez ha rememorado la aprobaci\u00f3n de la Ley de Servicios Sociales de Andaluc\u00eda durante el Gobierno de Susana D\u00edaz como presidenta de la Junta, \u00abuna norma que el Gobierno de derechas de Andaluc\u00eda no est\u00e1 desarrollando\u00bb, ha criticado. \u00abDebemos [&hellip;]","og_url":"https:\/\/sindromecharge.es\/index.php\/2021\/04\/16\/el-psoe-pide-a-la-junta-que-desista-de-privatizar-los-servicios-sociales-y-reclama-reforzarlos\/","og_site_name":"Asociaci\u00f3n Espa\u00f1ola S\u00edndrome de Charge","article_publisher":"https:\/\/www.facebook.com\/asociacionsindromecharge","article_published_time":"2021-04-16T12:36:08+00:00","og_image":[{"width":300,"height":98,"url":"https:\/\/sindromecharge.es\/wp-content\/uploads\/2013\/09\/logodecharge300x98.png","type":"image\/png"}],"author":"Charge","twitter_card":"summary_large_image","twitter_creator":"@sindromecharge","twitter_site":"@sindromecharge","twitter_misc":{"Escrito por":"Charge","Tiempo de lectura":"3 minutos"},"schema":{"@context":"https:\/\/schema.org","@graph":[{"@type":"Article","@id":"https:\/\/sindromecharge.es\/index.php\/2021\/04\/16\/el-psoe-pide-a-la-junta-que-desista-de-privatizar-los-servicios-sociales-y-reclama-reforzarlos\/#article","isPartOf":{"@id":"https:\/\/sindromecharge.es\/index.php\/2021\/04\/16\/el-psoe-pide-a-la-junta-que-desista-de-privatizar-los-servicios-sociales-y-reclama-reforzarlos\/"},"author":{"name":"Charge","@id":"https:\/\/sindromecharge.es\/#\/schema\/person\/39a60ebe0a2b4d5a11179701e336b039"},"headline":"El PSOE pide a la Junta que desista de &quot;privatizar&quot; los servicios sociales y reclama reforzarlos","datePublished":"2021-04-16T12:36:08+00:00","mainEntityOfPage":{"@id":"https:\/\/sindromecharge.es\/index.php\/2021\/04\/16\/el-psoe-pide-a-la-junta-que-desista-de-privatizar-los-servicios-sociales-y-reclama-reforzarlos\/"},"wordCount":565,"commentCount":0,"keywords":["discapacidad"],"articleSection":["noticias"],"inLanguage":"es","potentialAction":[{"@type":"CommentAction","name":"Comment","target":["https:\/\/sindromecharge.es\/index.php\/2021\/04\/16\/el-psoe-pide-a-la-junta-que-desista-de-privatizar-los-servicios-sociales-y-reclama-reforzarlos\/#respond"]}]},{"@type":"WebPage","@id":"https:\/\/sindromecharge.es\/index.php\/2021\/04\/16\/el-psoe-pide-a-la-junta-que-desista-de-privatizar-los-servicios-sociales-y-reclama-reforzarlos\/","url":"https:\/\/sindromecharge.es\/index.php\/2021\/04\/16\/el-psoe-pide-a-la-junta-que-desista-de-privatizar-los-servicios-sociales-y-reclama-reforzarlos\/","name":"El PSOE pide a la Junta que desista de &quot;privatizar&quot; los servicios sociales y reclama reforzarlos - Asociaci\u00f3n Espa\u00f1ola S\u00edndrome de Charge","isPartOf":{"@id":"https:\/\/sindromecharge.es\/#website"},"datePublished":"2021-04-16T12:36:08+00:00","author":{"@id":"https:\/\/sindromecharge.es\/#\/schema\/person\/39a60ebe0a2b4d5a11179701e336b039"},"breadcrumb":{"@id":"https:\/\/sindromecharge.es\/index.php\/2021\/04\/16\/el-psoe-pide-a-la-junta-que-desista-de-privatizar-los-servicios-sociales-y-reclama-reforzarlos\/#breadcrumb"},"inLanguage":"es","potentialAction":[{"@type":"ReadAction","target":["https:\/\/sindromecharge.es\/index.php\/2021\/04\/16\/el-psoe-pide-a-la-junta-que-desista-de-privatizar-los-servicios-sociales-y-reclama-reforzarlos\/"]}]},{"@type":"BreadcrumbList","@id":"https:\/\/sindromecharge.es\/index.php\/2021\/04\/16\/el-psoe-pide-a-la-junta-que-desista-de-privatizar-los-servicios-sociales-y-reclama-reforzarlos\/#breadcrumb","itemListElement":[{"@type":"ListItem","position":1,"name":"Portada","item":"https:\/\/sindromecharge.es\/"},{"@type":"ListItem","position":2,"name":"El PSOE pide a la Junta que desista de &quot;privatizar&quot; los servicios sociales y reclama reforzarlos"}]},{"@type":"WebSite","@id":"https:\/\/sindromecharge.es\/#website","url":"https:\/\/sindromecharge.es\/","name":"Asociaci\u00f3n Espa\u00f1ola S\u00edndrome de Charge","description":"","potentialAction":[{"@type":"SearchAction","target":{"@type":"EntryPoint","urlTemplate":"https:\/\/sindromecharge.es\/?s={search_term_string}"},"query-input":{"@type":"PropertyValueSpecification","valueRequired":true,"valueName":"search_term_string"}}],"inLanguage":"es"},{"@type":"Person","@id":"https:\/\/sindromecharge.es\/#\/schema\/person\/39a60ebe0a2b4d5a11179701e336b039","name":"Charge","image":{"@type":"ImageObject","inLanguage":"es","@id":"https:\/\/secure.gravatar.com\/avatar\/c3b46e32a0fc3b093a0873fb767bf3293de856293065e84ef06b7ec7a8acfb98?s=96&d=identicon&r=x","url":"https:\/\/secure.gravatar.com\/avatar\/c3b46e32a0fc3b093a0873fb767bf3293de856293065e84ef06b7ec7a8acfb98?s=96&d=identicon&r=x","contentUrl":"https:\/\/secure.gravatar.com\/avatar\/c3b46e32a0fc3b093a0873fb767bf3293de856293065e84ef06b7ec7a8acfb98?s=96&d=identicon&r=x","caption":"Charge"},"url":"https:\/\/sindromecharge.es\/index.php\/author\/admin\/"}]}},"_links":{"self":[{"href":"https:\/\/sindromecharge.es\/index.php\/wp-json\/wp\/v2\/posts\/7049","targetHints":{"allow":["GET"]}}],"collection":[{"href":"https:\/\/sindromecharge.es\/index.php\/wp-json\/wp\/v2\/posts"}],"about":[{"href":"https:\/\/sindromecharge.es\/index.php\/wp-json\/wp\/v2\/types\/post"}],"author":[{"embeddable":true,"href":"https:\/\/sindromecharge.es\/index.php\/wp-json\/wp\/v2\/users\/1"}],"replies":[{"embeddable":true,"href":"https:\/\/sindromecharge.es\/index.php\/wp-json\/wp\/v2\/comments?post=7049"}],"version-history":[{"count":0,"href":"https:\/\/sindromecharge.es\/index.php\/wp-json\/wp\/v2\/posts\/7049\/revisions"}],"wp:attachment":[{"href":"https:\/\/sindromecharge.es\/index.php\/wp-json\/wp\/v2\/media?parent=7049"}],"wp:term":[{"taxonomy":"category","embeddable":true,"href":"https:\/\/sindromecharge.es\/index.php\/wp-json\/wp\/v2\/categories?post=7049"},{"taxonomy":"post_tag","embeddable":true,"href":"https:\/\/sindromecharge.es\/index.php\/wp-json\/wp\/v2\/tags?post=7049"}],"curies":[{"name":"wp","href":"https:\/\/api.w.org\/{rel}","templated":true}]}}