{"id":7047,"date":"2021-04-16T08:28:58","date_gmt":"2021-04-16T08:28:58","guid":{"rendered":"https:\/\/sindromecharge.es\/index.php\/2021\/04\/16\/nos-unimos-al-dia-internacional-del-sindrome-de-wolf-hirschhorn\/"},"modified":"2021-04-16T08:28:58","modified_gmt":"2021-04-16T08:28:58","slug":"nos-unimos-al-dia-internacional-del-sindrome-de-wolf-hirschhorn","status":"publish","type":"post","link":"https:\/\/sindromecharge.es\/index.php\/2021\/04\/16\/nos-unimos-al-dia-internacional-del-sindrome-de-wolf-hirschhorn\/","title":{"rendered":"Nos unimos al D\u00eda Internacional del S\u00edndrome de Wolf-Hirschhorn"},"content":{"rendered":"<p>Leemos en FEDER la siguiente noticia que os reproducimos de forma \u00edntegra: <\/p>\n<p><p>Hoy, 16 de abril, se celebra el D\u00eda Internacional del S\u00edndrome Wolf-Hirschhorn (SWH) que tiene como objetivo principal sensibilizar sobre la realidad de las personas que conviven con esta patolog\u00eda poco frecuente. Por ello, desde la Federaci\u00f3n Espa\u00f1ola de Enfermedades Raras (FEDER) se suman para apoyar a las personas que conviven con esta patolog\u00eda y a sus familias.<\/p>\n<p>El S\u00edndrome de Wolf Hirschhorn es de origen gen\u00e9tico, causado por una deleci\u00f3n en el brazo corto del cromosoma 4, denominado tambi\u00e9n por ello S\u00edndrome 4p- (4p.16.3). Se caracteriza por rasgos faciales distintivos, retraso en el crecimiento, discapacidad intelectual, hipoton\u00eda, convulsiones epil\u00e9pticas. La prevalencia de esta patolog\u00eda se estima en 1 de cada 50000 nacimientos.<\/p>\n<p>\u201cDesde FEDER queremos transmitir nuestra fuerza a las personas con S\u00edndrome de Wolf-Hirschhorn y a sus familiares, quienes cada d\u00eda plantan cara a los desaf\u00edos que la patolog\u00eda les presenta. Adem\u00e1s, aplaudimos la labor diaria que realizan las asociaciones, pilar fundamental para garantizar el bienestar del colectivo\u201d afirma Juan Carri\u00f3n, Presidente de FEDER y su Fundaci\u00f3n.<\/p>\n<p>El movimiento asociativo trabaja de manera incansable para mejorar la calidad de vida de las personas y familiares que conviven con el S\u00edndrome Wolf-Hirschhorn, pues, a trav\u00e9s de su labor se logra informar a la sociedad sobre la patolog\u00eda, impulsando de esta manera la transformaci\u00f3n social. Adem\u00e1s, apoyan al entorno del paciente ofreci\u00e9ndole recursos y conocimiento, tambi\u00e9n, fomentan la investigaci\u00f3n y el estudio de la patolog\u00eda para as\u00ed, mirar al futuro con esperanza. Entidades como, Asociaci\u00f3n Espa\u00f1ola del S\u00edndrome de Wolf Hirschhorn y la Fundaci\u00f3n S\u00edndrome Wolf Hirschhorn o 4p- hacen posible todo ello y centran sus esfuerzos en garantizar el bienestar de pacientes y familiares.<\/p>\n<p>Desde la Fundaci\u00f3n S\u00edndrome Wolf-Hirschhorn o 4p-, como cada a\u00f1o, lanza una campa\u00f1a de visibilidad #PasaLaPalabraSWH con la que quieren potenciar la concienciaci\u00f3n social sobre esta enfermedad en redes sociales, a trav\u00e9s de la utilizaci\u00f3n de esta etiqueta.<\/p>\n<p>Por otro lado, la Asociaci\u00f3n Espa\u00f1ola del S\u00edndrome de Wolf-Hirschhorn con motivo de esta jornada solicitan que \u00abla sociedad se una a nuestros esfuerzos para divulgar informaci\u00f3n y concienciar a la sociedad sobre la existencia del s\u00edndrome. Urge apoyar la investigaci\u00f3n y ofrecer recursos sanitarios, educativos, apoyos terap\u00e9uticos y servicios de rehabilitaci\u00f3n especialziados. Ahora mucho m\u00e1s necesarios tras la suspensi\u00f3n de las terapias durante el confinamiento donde los padres y madres han tenido que ser las manos del terapeutica a distancia cuando ha sido posible\u00bb Adem\u00e1s, animan a la participaci\u00f3n en redes sociales a trav\u00e9s del hashtag #PorSuSonrisa<\/p>\n<p>\u00daltima actualizaci\u00f3n 16\/04\/2021<\/p>\n<\/p>\n<p>Fuente: FEDER <a href=\"https:\/\/enfermedades-raras.org\/index.php\/actualidad\/noticias-eventos\/2-feder\/15211-nos-unimos-al-d%C3%ADa-internacional-del-s%C3%ADndrome-de-wolf-hirschhorn\" target=\"_blank\" rel=\"noopener\">Nos unimos al D\u00eda Internacional del S\u00edndrome de Wolf-Hirschhorn<\/a><\/p>\n","protected":false},"excerpt":{"rendered":"<p>Leemos en FEDER la siguiente noticia que os reproducimos de forma \u00edntegra: Hoy, 16 de abril, se celebra el D\u00eda Internacional del S\u00edndrome Wolf-Hirschhorn (SWH) que tiene como objetivo principal sensibilizar sobre la realidad de las personas que conviven con esta patolog\u00eda poco frecuente. Por ello, desde la Federaci\u00f3n Espa\u00f1ola de Enfermedades Raras (FEDER) se [&hellip;]<\/p>\n","protected":false},"author":1,"featured_media":0,"comment_status":"open","ping_status":"closed","sticky":false,"template":"","format":"standard","meta":{"footnotes":""},"categories":[8],"tags":[36],"class_list":["post-7047","post","type-post","status-publish","format-standard","hentry","category-noticias","tag-enfermedades-raras"],"yoast_head":"<!-- This site is optimized with the Yoast SEO plugin v27.5 - https:\/\/yoast.com\/product\/yoast-seo-wordpress\/ -->\n<title>Nos unimos al D\u00eda Internacional del S\u00edndrome de Wolf-Hirschhorn - Asociaci\u00f3n Espa\u00f1ola S\u00edndrome de Charge<\/title>\n<meta name=\"robots\" content=\"index, follow, max-snippet:-1, max-image-preview:large, max-video-preview:-1\" \/>\n<link rel=\"canonical\" href=\"https:\/\/sindromecharge.es\/index.php\/2021\/04\/16\/nos-unimos-al-dia-internacional-del-sindrome-de-wolf-hirschhorn\/\" \/>\n<meta property=\"og:locale\" content=\"es_ES\" \/>\n<meta property=\"og:type\" content=\"article\" \/>\n<meta property=\"og:title\" content=\"Nos unimos al D\u00eda Internacional del S\u00edndrome de Wolf-Hirschhorn - Asociaci\u00f3n Espa\u00f1ola S\u00edndrome de Charge\" \/>\n<meta property=\"og:description\" content=\"Leemos en FEDER la siguiente noticia que os reproducimos de forma \u00edntegra: Hoy, 16 de abril, se celebra el D\u00eda Internacional del S\u00edndrome Wolf-Hirschhorn (SWH) que tiene como objetivo principal sensibilizar sobre la realidad de las personas que conviven con esta patolog\u00eda poco frecuente. Por ello, desde la Federaci\u00f3n Espa\u00f1ola de Enfermedades Raras (FEDER) se [&hellip;]\" \/>\n<meta property=\"og:url\" content=\"https:\/\/sindromecharge.es\/index.php\/2021\/04\/16\/nos-unimos-al-dia-internacional-del-sindrome-de-wolf-hirschhorn\/\" \/>\n<meta property=\"og:site_name\" content=\"Asociaci\u00f3n Espa\u00f1ola S\u00edndrome de Charge\" \/>\n<meta property=\"article:publisher\" content=\"https:\/\/www.facebook.com\/asociacionsindromecharge\" \/>\n<meta property=\"article:published_time\" content=\"2021-04-16T08:28:58+00:00\" \/>\n<meta property=\"og:image\" content=\"https:\/\/sindromecharge.es\/wp-content\/uploads\/2013\/09\/logodecharge300x98.png\" \/>\n\t<meta property=\"og:image:width\" content=\"300\" \/>\n\t<meta property=\"og:image:height\" content=\"98\" \/>\n\t<meta property=\"og:image:type\" content=\"image\/png\" \/>\n<meta name=\"author\" content=\"Charge\" \/>\n<meta name=\"twitter:card\" content=\"summary_large_image\" \/>\n<meta name=\"twitter:creator\" content=\"@sindromecharge\" \/>\n<meta name=\"twitter:site\" content=\"@sindromecharge\" \/>\n<meta name=\"twitter:label1\" content=\"Escrito por\" \/>\n\t<meta name=\"twitter:data1\" content=\"Charge\" \/>\n\t<meta name=\"twitter:label2\" content=\"Tiempo de lectura\" \/>\n\t<meta name=\"twitter:data2\" content=\"2 minutos\" \/>\n<script type=\"application\/ld+json\" class=\"yoast-schema-graph\">{\"@context\":\"https:\\\/\\\/schema.org\",\"@graph\":[{\"@type\":\"Article\",\"@id\":\"https:\\\/\\\/sindromecharge.es\\\/index.php\\\/2021\\\/04\\\/16\\\/nos-unimos-al-dia-internacional-del-sindrome-de-wolf-hirschhorn\\\/#article\",\"isPartOf\":{\"@id\":\"https:\\\/\\\/sindromecharge.es\\\/index.php\\\/2021\\\/04\\\/16\\\/nos-unimos-al-dia-internacional-del-sindrome-de-wolf-hirschhorn\\\/\"},\"author\":{\"name\":\"Charge\",\"@id\":\"https:\\\/\\\/sindromecharge.es\\\/#\\\/schema\\\/person\\\/39a60ebe0a2b4d5a11179701e336b039\"},\"headline\":\"Nos unimos al D\u00eda Internacional del S\u00edndrome de Wolf-Hirschhorn\",\"datePublished\":\"2021-04-16T08:28:58+00:00\",\"mainEntityOfPage\":{\"@id\":\"https:\\\/\\\/sindromecharge.es\\\/index.php\\\/2021\\\/04\\\/16\\\/nos-unimos-al-dia-internacional-del-sindrome-de-wolf-hirschhorn\\\/\"},\"wordCount\":501,\"commentCount\":0,\"keywords\":[\"enfermedades raras\"],\"articleSection\":[\"noticias\"],\"inLanguage\":\"es\",\"potentialAction\":[{\"@type\":\"CommentAction\",\"name\":\"Comment\",\"target\":[\"https:\\\/\\\/sindromecharge.es\\\/index.php\\\/2021\\\/04\\\/16\\\/nos-unimos-al-dia-internacional-del-sindrome-de-wolf-hirschhorn\\\/#respond\"]}]},{\"@type\":\"WebPage\",\"@id\":\"https:\\\/\\\/sindromecharge.es\\\/index.php\\\/2021\\\/04\\\/16\\\/nos-unimos-al-dia-internacional-del-sindrome-de-wolf-hirschhorn\\\/\",\"url\":\"https:\\\/\\\/sindromecharge.es\\\/index.php\\\/2021\\\/04\\\/16\\\/nos-unimos-al-dia-internacional-del-sindrome-de-wolf-hirschhorn\\\/\",\"name\":\"Nos unimos al D\u00eda Internacional del S\u00edndrome de Wolf-Hirschhorn - Asociaci\u00f3n Espa\u00f1ola S\u00edndrome de Charge\",\"isPartOf\":{\"@id\":\"https:\\\/\\\/sindromecharge.es\\\/#website\"},\"datePublished\":\"2021-04-16T08:28:58+00:00\",\"author\":{\"@id\":\"https:\\\/\\\/sindromecharge.es\\\/#\\\/schema\\\/person\\\/39a60ebe0a2b4d5a11179701e336b039\"},\"breadcrumb\":{\"@id\":\"https:\\\/\\\/sindromecharge.es\\\/index.php\\\/2021\\\/04\\\/16\\\/nos-unimos-al-dia-internacional-del-sindrome-de-wolf-hirschhorn\\\/#breadcrumb\"},\"inLanguage\":\"es\",\"potentialAction\":[{\"@type\":\"ReadAction\",\"target\":[\"https:\\\/\\\/sindromecharge.es\\\/index.php\\\/2021\\\/04\\\/16\\\/nos-unimos-al-dia-internacional-del-sindrome-de-wolf-hirschhorn\\\/\"]}]},{\"@type\":\"BreadcrumbList\",\"@id\":\"https:\\\/\\\/sindromecharge.es\\\/index.php\\\/2021\\\/04\\\/16\\\/nos-unimos-al-dia-internacional-del-sindrome-de-wolf-hirschhorn\\\/#breadcrumb\",\"itemListElement\":[{\"@type\":\"ListItem\",\"position\":1,\"name\":\"Portada\",\"item\":\"https:\\\/\\\/sindromecharge.es\\\/\"},{\"@type\":\"ListItem\",\"position\":2,\"name\":\"Nos unimos al D\u00eda Internacional del S\u00edndrome de Wolf-Hirschhorn\"}]},{\"@type\":\"WebSite\",\"@id\":\"https:\\\/\\\/sindromecharge.es\\\/#website\",\"url\":\"https:\\\/\\\/sindromecharge.es\\\/\",\"name\":\"Asociaci\u00f3n Espa\u00f1ola S\u00edndrome de Charge\",\"description\":\"\",\"potentialAction\":[{\"@type\":\"SearchAction\",\"target\":{\"@type\":\"EntryPoint\",\"urlTemplate\":\"https:\\\/\\\/sindromecharge.es\\\/?s={search_term_string}\"},\"query-input\":{\"@type\":\"PropertyValueSpecification\",\"valueRequired\":true,\"valueName\":\"search_term_string\"}}],\"inLanguage\":\"es\"},{\"@type\":\"Person\",\"@id\":\"https:\\\/\\\/sindromecharge.es\\\/#\\\/schema\\\/person\\\/39a60ebe0a2b4d5a11179701e336b039\",\"name\":\"Charge\",\"image\":{\"@type\":\"ImageObject\",\"inLanguage\":\"es\",\"@id\":\"https:\\\/\\\/secure.gravatar.com\\\/avatar\\\/c3b46e32a0fc3b093a0873fb767bf3293de856293065e84ef06b7ec7a8acfb98?s=96&d=identicon&r=x\",\"url\":\"https:\\\/\\\/secure.gravatar.com\\\/avatar\\\/c3b46e32a0fc3b093a0873fb767bf3293de856293065e84ef06b7ec7a8acfb98?s=96&d=identicon&r=x\",\"contentUrl\":\"https:\\\/\\\/secure.gravatar.com\\\/avatar\\\/c3b46e32a0fc3b093a0873fb767bf3293de856293065e84ef06b7ec7a8acfb98?s=96&d=identicon&r=x\",\"caption\":\"Charge\"},\"url\":\"https:\\\/\\\/sindromecharge.es\\\/index.php\\\/author\\\/admin\\\/\"}]}<\/script>\n<!-- \/ Yoast SEO plugin. -->","yoast_head_json":{"title":"Nos unimos al D\u00eda Internacional del S\u00edndrome de Wolf-Hirschhorn - Asociaci\u00f3n Espa\u00f1ola S\u00edndrome de Charge","robots":{"index":"index","follow":"follow","max-snippet":"max-snippet:-1","max-image-preview":"max-image-preview:large","max-video-preview":"max-video-preview:-1"},"canonical":"https:\/\/sindromecharge.es\/index.php\/2021\/04\/16\/nos-unimos-al-dia-internacional-del-sindrome-de-wolf-hirschhorn\/","og_locale":"es_ES","og_type":"article","og_title":"Nos unimos al D\u00eda Internacional del S\u00edndrome de Wolf-Hirschhorn - Asociaci\u00f3n Espa\u00f1ola S\u00edndrome de Charge","og_description":"Leemos en FEDER la siguiente noticia que os reproducimos de forma \u00edntegra: Hoy, 16 de abril, se celebra el D\u00eda Internacional del S\u00edndrome Wolf-Hirschhorn (SWH) que tiene como objetivo principal sensibilizar sobre la realidad de las personas que conviven con esta patolog\u00eda poco frecuente. Por ello, desde la Federaci\u00f3n Espa\u00f1ola de Enfermedades Raras (FEDER) se [&hellip;]","og_url":"https:\/\/sindromecharge.es\/index.php\/2021\/04\/16\/nos-unimos-al-dia-internacional-del-sindrome-de-wolf-hirschhorn\/","og_site_name":"Asociaci\u00f3n Espa\u00f1ola S\u00edndrome de Charge","article_publisher":"https:\/\/www.facebook.com\/asociacionsindromecharge","article_published_time":"2021-04-16T08:28:58+00:00","og_image":[{"width":300,"height":98,"url":"https:\/\/sindromecharge.es\/wp-content\/uploads\/2013\/09\/logodecharge300x98.png","type":"image\/png"}],"author":"Charge","twitter_card":"summary_large_image","twitter_creator":"@sindromecharge","twitter_site":"@sindromecharge","twitter_misc":{"Escrito por":"Charge","Tiempo de lectura":"2 minutos"},"schema":{"@context":"https:\/\/schema.org","@graph":[{"@type":"Article","@id":"https:\/\/sindromecharge.es\/index.php\/2021\/04\/16\/nos-unimos-al-dia-internacional-del-sindrome-de-wolf-hirschhorn\/#article","isPartOf":{"@id":"https:\/\/sindromecharge.es\/index.php\/2021\/04\/16\/nos-unimos-al-dia-internacional-del-sindrome-de-wolf-hirschhorn\/"},"author":{"name":"Charge","@id":"https:\/\/sindromecharge.es\/#\/schema\/person\/39a60ebe0a2b4d5a11179701e336b039"},"headline":"Nos unimos al D\u00eda Internacional del S\u00edndrome de Wolf-Hirschhorn","datePublished":"2021-04-16T08:28:58+00:00","mainEntityOfPage":{"@id":"https:\/\/sindromecharge.es\/index.php\/2021\/04\/16\/nos-unimos-al-dia-internacional-del-sindrome-de-wolf-hirschhorn\/"},"wordCount":501,"commentCount":0,"keywords":["enfermedades raras"],"articleSection":["noticias"],"inLanguage":"es","potentialAction":[{"@type":"CommentAction","name":"Comment","target":["https:\/\/sindromecharge.es\/index.php\/2021\/04\/16\/nos-unimos-al-dia-internacional-del-sindrome-de-wolf-hirschhorn\/#respond"]}]},{"@type":"WebPage","@id":"https:\/\/sindromecharge.es\/index.php\/2021\/04\/16\/nos-unimos-al-dia-internacional-del-sindrome-de-wolf-hirschhorn\/","url":"https:\/\/sindromecharge.es\/index.php\/2021\/04\/16\/nos-unimos-al-dia-internacional-del-sindrome-de-wolf-hirschhorn\/","name":"Nos unimos al D\u00eda Internacional del S\u00edndrome de Wolf-Hirschhorn - Asociaci\u00f3n Espa\u00f1ola S\u00edndrome de Charge","isPartOf":{"@id":"https:\/\/sindromecharge.es\/#website"},"datePublished":"2021-04-16T08:28:58+00:00","author":{"@id":"https:\/\/sindromecharge.es\/#\/schema\/person\/39a60ebe0a2b4d5a11179701e336b039"},"breadcrumb":{"@id":"https:\/\/sindromecharge.es\/index.php\/2021\/04\/16\/nos-unimos-al-dia-internacional-del-sindrome-de-wolf-hirschhorn\/#breadcrumb"},"inLanguage":"es","potentialAction":[{"@type":"ReadAction","target":["https:\/\/sindromecharge.es\/index.php\/2021\/04\/16\/nos-unimos-al-dia-internacional-del-sindrome-de-wolf-hirschhorn\/"]}]},{"@type":"BreadcrumbList","@id":"https:\/\/sindromecharge.es\/index.php\/2021\/04\/16\/nos-unimos-al-dia-internacional-del-sindrome-de-wolf-hirschhorn\/#breadcrumb","itemListElement":[{"@type":"ListItem","position":1,"name":"Portada","item":"https:\/\/sindromecharge.es\/"},{"@type":"ListItem","position":2,"name":"Nos unimos al D\u00eda Internacional del S\u00edndrome de Wolf-Hirschhorn"}]},{"@type":"WebSite","@id":"https:\/\/sindromecharge.es\/#website","url":"https:\/\/sindromecharge.es\/","name":"Asociaci\u00f3n Espa\u00f1ola S\u00edndrome de Charge","description":"","potentialAction":[{"@type":"SearchAction","target":{"@type":"EntryPoint","urlTemplate":"https:\/\/sindromecharge.es\/?s={search_term_string}"},"query-input":{"@type":"PropertyValueSpecification","valueRequired":true,"valueName":"search_term_string"}}],"inLanguage":"es"},{"@type":"Person","@id":"https:\/\/sindromecharge.es\/#\/schema\/person\/39a60ebe0a2b4d5a11179701e336b039","name":"Charge","image":{"@type":"ImageObject","inLanguage":"es","@id":"https:\/\/secure.gravatar.com\/avatar\/c3b46e32a0fc3b093a0873fb767bf3293de856293065e84ef06b7ec7a8acfb98?s=96&d=identicon&r=x","url":"https:\/\/secure.gravatar.com\/avatar\/c3b46e32a0fc3b093a0873fb767bf3293de856293065e84ef06b7ec7a8acfb98?s=96&d=identicon&r=x","contentUrl":"https:\/\/secure.gravatar.com\/avatar\/c3b46e32a0fc3b093a0873fb767bf3293de856293065e84ef06b7ec7a8acfb98?s=96&d=identicon&r=x","caption":"Charge"},"url":"https:\/\/sindromecharge.es\/index.php\/author\/admin\/"}]}},"_links":{"self":[{"href":"https:\/\/sindromecharge.es\/index.php\/wp-json\/wp\/v2\/posts\/7047","targetHints":{"allow":["GET"]}}],"collection":[{"href":"https:\/\/sindromecharge.es\/index.php\/wp-json\/wp\/v2\/posts"}],"about":[{"href":"https:\/\/sindromecharge.es\/index.php\/wp-json\/wp\/v2\/types\/post"}],"author":[{"embeddable":true,"href":"https:\/\/sindromecharge.es\/index.php\/wp-json\/wp\/v2\/users\/1"}],"replies":[{"embeddable":true,"href":"https:\/\/sindromecharge.es\/index.php\/wp-json\/wp\/v2\/comments?post=7047"}],"version-history":[{"count":0,"href":"https:\/\/sindromecharge.es\/index.php\/wp-json\/wp\/v2\/posts\/7047\/revisions"}],"wp:attachment":[{"href":"https:\/\/sindromecharge.es\/index.php\/wp-json\/wp\/v2\/media?parent=7047"}],"wp:term":[{"taxonomy":"category","embeddable":true,"href":"https:\/\/sindromecharge.es\/index.php\/wp-json\/wp\/v2\/categories?post=7047"},{"taxonomy":"post_tag","embeddable":true,"href":"https:\/\/sindromecharge.es\/index.php\/wp-json\/wp\/v2\/tags?post=7047"}],"curies":[{"name":"wp","href":"https:\/\/api.w.org\/{rel}","templated":true}]}}