{"id":7046,"date":"2021-04-16T07:42:56","date_gmt":"2021-04-16T07:42:56","guid":{"rendered":"https:\/\/sindromecharge.es\/index.php\/2021\/04\/16\/cumplimos-22-anos-y-queremos-darte-las-gracias-por-estar-a-nuestro-lado\/"},"modified":"2021-04-16T07:42:56","modified_gmt":"2021-04-16T07:42:56","slug":"cumplimos-22-anos-y-queremos-darte-las-gracias-por-estar-a-nuestro-lado","status":"publish","type":"post","link":"https:\/\/sindromecharge.es\/index.php\/2021\/04\/16\/cumplimos-22-anos-y-queremos-darte-las-gracias-por-estar-a-nuestro-lado\/","title":{"rendered":"Cumplimos 22 a\u00f1os y queremos darte las gracias por estar a nuestro lado"},"content":{"rendered":"<p>Leemos en FEDER la siguiente noticia que os reproducimos de forma \u00edntegra: <\/p>\n<p>&nbsp;<\/p>\n<p>El 17 de abril, nuestra Federaci\u00f3n cumple 22 a\u00f1os, m\u00e1s de dos d\u00e9cadas trabajando junto a nuestro movimiento asociativo para mejorar la calidad de vida de los m\u00e1s de tres millones de personas que conviven en Espa\u00f1a con alguna enfermedad poco frecuente. En este d\u00eda tan especial, queremos darte las gracias por estar a nuestro lado y por apoyar nuestra labor, sin ti, nada hubiese sido igual.<\/p>\n<p>A lo largo de estos m\u00e1s de 20 a\u00f1os, hemos ido creciendo con fuerza, pasando de ser siete a m\u00e1s de 385 entidades y asociaciones que hemos aunado esfuerzos para trabajar en red y potenciar el bienestar de nuestro colectivo. La familia FEDER representa a m\u00e1s de 1.300 patolog\u00edas y a casi 97.000 personas.<\/p>\n<p>Desde FEDER echamos la mirada atr\u00e1s y sentimos un enorme orgullo por ver todo lo que hemos construido, siempre al lado de nuestro tejido asociativo, nuestro motor. Adem\u00e1s, con vuestro apoyo podemos mirar hacia un futuro, en el que la ESPERANZA y la ILUSI\u00d3N son las protagonistas.<\/p>\n<p>Adem\u00e1s, en este aniversario queremos remarcar la importancia de la labor del tejido asociativo ya que, en estos \u00faltimos meses, nuestro colectivo se ha tenido que enfrentar a nuevos desaf\u00edos debido a la situaci\u00f3n actual. A trav\u00e9s de su dedicaci\u00f3n y esfuerzo, se ha conseguido poder dar pasos para mejorar la atenci\u00f3n de las personas que conviven con alguna enfermedad poco frecuente y la de sus familias.<\/p>\n<p>Desde nuestra Federaci\u00f3n os queremos felicitar por este aniversario y agradeceros vuestro calor y labor.<\/p>\n<p style=\"text-align: center\"><span style=\"font-size: 14pt\">\u00a1Por muchos a\u00f1os m\u00e1s a vuestro lado!<\/span><\/p>\n<p>\u00daltima actualizaci\u00f3n 17\/04\/2021<\/p>\n<p>&nbsp;<\/p>\n<p>Fuente: FEDER <a href=\"https:\/\/enfermedades-raras.org\/index.php\/actualidad\/noticias-eventos\/2-feder\/15209-cumplimos-22-a%C3%B1os-y-queremos-darte-las-gracias-por-estar-a-nuestro-lado\" target=\"_blank\" rel=\"noopener\">Cumplimos 22 a\u00f1os y queremos darte las gracias por estar a nuestro lado<\/a><\/p>\n","protected":false},"excerpt":{"rendered":"<p>Leemos en FEDER la siguiente noticia que os reproducimos de forma \u00edntegra: &nbsp; El 17 de abril, nuestra Federaci\u00f3n cumple 22 a\u00f1os, m\u00e1s de dos d\u00e9cadas trabajando junto a nuestro movimiento asociativo para mejorar la calidad de vida de los m\u00e1s de tres millones de personas que conviven en Espa\u00f1a con alguna enfermedad poco frecuente. [&hellip;]<\/p>\n","protected":false},"author":1,"featured_media":0,"comment_status":"open","ping_status":"closed","sticky":false,"template":"","format":"standard","meta":{"footnotes":""},"categories":[8],"tags":[36],"class_list":["post-7046","post","type-post","status-publish","format-standard","hentry","category-noticias","tag-enfermedades-raras"],"yoast_head":"<!-- This site is optimized with the Yoast SEO plugin v27.5 - https:\/\/yoast.com\/product\/yoast-seo-wordpress\/ -->\n<title>Cumplimos 22 a\u00f1os y queremos darte las gracias por estar a nuestro lado - Asociaci\u00f3n Espa\u00f1ola S\u00edndrome de Charge<\/title>\n<meta name=\"robots\" content=\"index, follow, max-snippet:-1, max-image-preview:large, max-video-preview:-1\" \/>\n<link rel=\"canonical\" href=\"https:\/\/sindromecharge.es\/index.php\/2021\/04\/16\/cumplimos-22-anos-y-queremos-darte-las-gracias-por-estar-a-nuestro-lado\/\" \/>\n<meta property=\"og:locale\" content=\"es_ES\" \/>\n<meta property=\"og:type\" content=\"article\" \/>\n<meta property=\"og:title\" content=\"Cumplimos 22 a\u00f1os y queremos darte las gracias por estar a nuestro lado - Asociaci\u00f3n Espa\u00f1ola S\u00edndrome de Charge\" \/>\n<meta property=\"og:description\" content=\"Leemos en FEDER la siguiente noticia que os reproducimos de forma \u00edntegra: &nbsp; El 17 de abril, nuestra Federaci\u00f3n cumple 22 a\u00f1os, m\u00e1s de dos d\u00e9cadas trabajando junto a nuestro movimiento asociativo para mejorar la calidad de vida de los m\u00e1s de tres millones de personas que conviven en Espa\u00f1a con alguna enfermedad poco frecuente. [&hellip;]\" \/>\n<meta property=\"og:url\" content=\"https:\/\/sindromecharge.es\/index.php\/2021\/04\/16\/cumplimos-22-anos-y-queremos-darte-las-gracias-por-estar-a-nuestro-lado\/\" \/>\n<meta property=\"og:site_name\" content=\"Asociaci\u00f3n Espa\u00f1ola S\u00edndrome de Charge\" \/>\n<meta property=\"article:publisher\" content=\"https:\/\/www.facebook.com\/asociacionsindromecharge\" \/>\n<meta property=\"article:published_time\" content=\"2021-04-16T07:42:56+00:00\" \/>\n<meta property=\"og:image\" content=\"https:\/\/sindromecharge.es\/wp-content\/uploads\/2013\/09\/logodecharge300x98.png\" \/>\n\t<meta property=\"og:image:width\" content=\"300\" \/>\n\t<meta property=\"og:image:height\" content=\"98\" \/>\n\t<meta property=\"og:image:type\" content=\"image\/png\" \/>\n<meta name=\"author\" content=\"Charge\" \/>\n<meta name=\"twitter:card\" content=\"summary_large_image\" \/>\n<meta name=\"twitter:creator\" content=\"@sindromecharge\" \/>\n<meta name=\"twitter:site\" content=\"@sindromecharge\" \/>\n<meta name=\"twitter:label1\" content=\"Escrito por\" \/>\n\t<meta name=\"twitter:data1\" content=\"Charge\" \/>\n\t<meta name=\"twitter:label2\" content=\"Tiempo de lectura\" \/>\n\t<meta name=\"twitter:data2\" content=\"2 minutos\" \/>\n<script type=\"application\/ld+json\" class=\"yoast-schema-graph\">{\"@context\":\"https:\\\/\\\/schema.org\",\"@graph\":[{\"@type\":\"Article\",\"@id\":\"https:\\\/\\\/sindromecharge.es\\\/index.php\\\/2021\\\/04\\\/16\\\/cumplimos-22-anos-y-queremos-darte-las-gracias-por-estar-a-nuestro-lado\\\/#article\",\"isPartOf\":{\"@id\":\"https:\\\/\\\/sindromecharge.es\\\/index.php\\\/2021\\\/04\\\/16\\\/cumplimos-22-anos-y-queremos-darte-las-gracias-por-estar-a-nuestro-lado\\\/\"},\"author\":{\"name\":\"Charge\",\"@id\":\"https:\\\/\\\/sindromecharge.es\\\/#\\\/schema\\\/person\\\/39a60ebe0a2b4d5a11179701e336b039\"},\"headline\":\"Cumplimos 22 a\u00f1os y queremos darte las gracias por estar a nuestro lado\",\"datePublished\":\"2021-04-16T07:42:56+00:00\",\"mainEntityOfPage\":{\"@id\":\"https:\\\/\\\/sindromecharge.es\\\/index.php\\\/2021\\\/04\\\/16\\\/cumplimos-22-anos-y-queremos-darte-las-gracias-por-estar-a-nuestro-lado\\\/\"},\"wordCount\":320,\"commentCount\":0,\"keywords\":[\"enfermedades raras\"],\"articleSection\":[\"noticias\"],\"inLanguage\":\"es\",\"potentialAction\":[{\"@type\":\"CommentAction\",\"name\":\"Comment\",\"target\":[\"https:\\\/\\\/sindromecharge.es\\\/index.php\\\/2021\\\/04\\\/16\\\/cumplimos-22-anos-y-queremos-darte-las-gracias-por-estar-a-nuestro-lado\\\/#respond\"]}]},{\"@type\":\"WebPage\",\"@id\":\"https:\\\/\\\/sindromecharge.es\\\/index.php\\\/2021\\\/04\\\/16\\\/cumplimos-22-anos-y-queremos-darte-las-gracias-por-estar-a-nuestro-lado\\\/\",\"url\":\"https:\\\/\\\/sindromecharge.es\\\/index.php\\\/2021\\\/04\\\/16\\\/cumplimos-22-anos-y-queremos-darte-las-gracias-por-estar-a-nuestro-lado\\\/\",\"name\":\"Cumplimos 22 a\u00f1os y queremos darte las gracias por estar a nuestro lado - Asociaci\u00f3n Espa\u00f1ola S\u00edndrome de Charge\",\"isPartOf\":{\"@id\":\"https:\\\/\\\/sindromecharge.es\\\/#website\"},\"datePublished\":\"2021-04-16T07:42:56+00:00\",\"author\":{\"@id\":\"https:\\\/\\\/sindromecharge.es\\\/#\\\/schema\\\/person\\\/39a60ebe0a2b4d5a11179701e336b039\"},\"breadcrumb\":{\"@id\":\"https:\\\/\\\/sindromecharge.es\\\/index.php\\\/2021\\\/04\\\/16\\\/cumplimos-22-anos-y-queremos-darte-las-gracias-por-estar-a-nuestro-lado\\\/#breadcrumb\"},\"inLanguage\":\"es\",\"potentialAction\":[{\"@type\":\"ReadAction\",\"target\":[\"https:\\\/\\\/sindromecharge.es\\\/index.php\\\/2021\\\/04\\\/16\\\/cumplimos-22-anos-y-queremos-darte-las-gracias-por-estar-a-nuestro-lado\\\/\"]}]},{\"@type\":\"BreadcrumbList\",\"@id\":\"https:\\\/\\\/sindromecharge.es\\\/index.php\\\/2021\\\/04\\\/16\\\/cumplimos-22-anos-y-queremos-darte-las-gracias-por-estar-a-nuestro-lado\\\/#breadcrumb\",\"itemListElement\":[{\"@type\":\"ListItem\",\"position\":1,\"name\":\"Portada\",\"item\":\"https:\\\/\\\/sindromecharge.es\\\/\"},{\"@type\":\"ListItem\",\"position\":2,\"name\":\"Cumplimos 22 a\u00f1os y queremos darte las gracias por estar a nuestro lado\"}]},{\"@type\":\"WebSite\",\"@id\":\"https:\\\/\\\/sindromecharge.es\\\/#website\",\"url\":\"https:\\\/\\\/sindromecharge.es\\\/\",\"name\":\"Asociaci\u00f3n Espa\u00f1ola S\u00edndrome de Charge\",\"description\":\"\",\"potentialAction\":[{\"@type\":\"SearchAction\",\"target\":{\"@type\":\"EntryPoint\",\"urlTemplate\":\"https:\\\/\\\/sindromecharge.es\\\/?s={search_term_string}\"},\"query-input\":{\"@type\":\"PropertyValueSpecification\",\"valueRequired\":true,\"valueName\":\"search_term_string\"}}],\"inLanguage\":\"es\"},{\"@type\":\"Person\",\"@id\":\"https:\\\/\\\/sindromecharge.es\\\/#\\\/schema\\\/person\\\/39a60ebe0a2b4d5a11179701e336b039\",\"name\":\"Charge\",\"image\":{\"@type\":\"ImageObject\",\"inLanguage\":\"es\",\"@id\":\"https:\\\/\\\/secure.gravatar.com\\\/avatar\\\/c3b46e32a0fc3b093a0873fb767bf3293de856293065e84ef06b7ec7a8acfb98?s=96&d=identicon&r=x\",\"url\":\"https:\\\/\\\/secure.gravatar.com\\\/avatar\\\/c3b46e32a0fc3b093a0873fb767bf3293de856293065e84ef06b7ec7a8acfb98?s=96&d=identicon&r=x\",\"contentUrl\":\"https:\\\/\\\/secure.gravatar.com\\\/avatar\\\/c3b46e32a0fc3b093a0873fb767bf3293de856293065e84ef06b7ec7a8acfb98?s=96&d=identicon&r=x\",\"caption\":\"Charge\"},\"url\":\"https:\\\/\\\/sindromecharge.es\\\/index.php\\\/author\\\/admin\\\/\"}]}<\/script>\n<!-- \/ Yoast SEO plugin. -->","yoast_head_json":{"title":"Cumplimos 22 a\u00f1os y queremos darte las gracias por estar a nuestro lado - Asociaci\u00f3n Espa\u00f1ola S\u00edndrome de Charge","robots":{"index":"index","follow":"follow","max-snippet":"max-snippet:-1","max-image-preview":"max-image-preview:large","max-video-preview":"max-video-preview:-1"},"canonical":"https:\/\/sindromecharge.es\/index.php\/2021\/04\/16\/cumplimos-22-anos-y-queremos-darte-las-gracias-por-estar-a-nuestro-lado\/","og_locale":"es_ES","og_type":"article","og_title":"Cumplimos 22 a\u00f1os y queremos darte las gracias por estar a nuestro lado - Asociaci\u00f3n Espa\u00f1ola S\u00edndrome de Charge","og_description":"Leemos en FEDER la siguiente noticia que os reproducimos de forma \u00edntegra: &nbsp; El 17 de abril, nuestra Federaci\u00f3n cumple 22 a\u00f1os, m\u00e1s de dos d\u00e9cadas trabajando junto a nuestro movimiento asociativo para mejorar la calidad de vida de los m\u00e1s de tres millones de personas que conviven en Espa\u00f1a con alguna enfermedad poco frecuente. [&hellip;]","og_url":"https:\/\/sindromecharge.es\/index.php\/2021\/04\/16\/cumplimos-22-anos-y-queremos-darte-las-gracias-por-estar-a-nuestro-lado\/","og_site_name":"Asociaci\u00f3n Espa\u00f1ola S\u00edndrome de Charge","article_publisher":"https:\/\/www.facebook.com\/asociacionsindromecharge","article_published_time":"2021-04-16T07:42:56+00:00","og_image":[{"width":300,"height":98,"url":"https:\/\/sindromecharge.es\/wp-content\/uploads\/2013\/09\/logodecharge300x98.png","type":"image\/png"}],"author":"Charge","twitter_card":"summary_large_image","twitter_creator":"@sindromecharge","twitter_site":"@sindromecharge","twitter_misc":{"Escrito por":"Charge","Tiempo de lectura":"2 minutos"},"schema":{"@context":"https:\/\/schema.org","@graph":[{"@type":"Article","@id":"https:\/\/sindromecharge.es\/index.php\/2021\/04\/16\/cumplimos-22-anos-y-queremos-darte-las-gracias-por-estar-a-nuestro-lado\/#article","isPartOf":{"@id":"https:\/\/sindromecharge.es\/index.php\/2021\/04\/16\/cumplimos-22-anos-y-queremos-darte-las-gracias-por-estar-a-nuestro-lado\/"},"author":{"name":"Charge","@id":"https:\/\/sindromecharge.es\/#\/schema\/person\/39a60ebe0a2b4d5a11179701e336b039"},"headline":"Cumplimos 22 a\u00f1os y queremos darte las gracias por estar a nuestro lado","datePublished":"2021-04-16T07:42:56+00:00","mainEntityOfPage":{"@id":"https:\/\/sindromecharge.es\/index.php\/2021\/04\/16\/cumplimos-22-anos-y-queremos-darte-las-gracias-por-estar-a-nuestro-lado\/"},"wordCount":320,"commentCount":0,"keywords":["enfermedades raras"],"articleSection":["noticias"],"inLanguage":"es","potentialAction":[{"@type":"CommentAction","name":"Comment","target":["https:\/\/sindromecharge.es\/index.php\/2021\/04\/16\/cumplimos-22-anos-y-queremos-darte-las-gracias-por-estar-a-nuestro-lado\/#respond"]}]},{"@type":"WebPage","@id":"https:\/\/sindromecharge.es\/index.php\/2021\/04\/16\/cumplimos-22-anos-y-queremos-darte-las-gracias-por-estar-a-nuestro-lado\/","url":"https:\/\/sindromecharge.es\/index.php\/2021\/04\/16\/cumplimos-22-anos-y-queremos-darte-las-gracias-por-estar-a-nuestro-lado\/","name":"Cumplimos 22 a\u00f1os y queremos darte las gracias por estar a nuestro lado - Asociaci\u00f3n Espa\u00f1ola S\u00edndrome de Charge","isPartOf":{"@id":"https:\/\/sindromecharge.es\/#website"},"datePublished":"2021-04-16T07:42:56+00:00","author":{"@id":"https:\/\/sindromecharge.es\/#\/schema\/person\/39a60ebe0a2b4d5a11179701e336b039"},"breadcrumb":{"@id":"https:\/\/sindromecharge.es\/index.php\/2021\/04\/16\/cumplimos-22-anos-y-queremos-darte-las-gracias-por-estar-a-nuestro-lado\/#breadcrumb"},"inLanguage":"es","potentialAction":[{"@type":"ReadAction","target":["https:\/\/sindromecharge.es\/index.php\/2021\/04\/16\/cumplimos-22-anos-y-queremos-darte-las-gracias-por-estar-a-nuestro-lado\/"]}]},{"@type":"BreadcrumbList","@id":"https:\/\/sindromecharge.es\/index.php\/2021\/04\/16\/cumplimos-22-anos-y-queremos-darte-las-gracias-por-estar-a-nuestro-lado\/#breadcrumb","itemListElement":[{"@type":"ListItem","position":1,"name":"Portada","item":"https:\/\/sindromecharge.es\/"},{"@type":"ListItem","position":2,"name":"Cumplimos 22 a\u00f1os y queremos darte las gracias por estar a nuestro lado"}]},{"@type":"WebSite","@id":"https:\/\/sindromecharge.es\/#website","url":"https:\/\/sindromecharge.es\/","name":"Asociaci\u00f3n Espa\u00f1ola S\u00edndrome de Charge","description":"","potentialAction":[{"@type":"SearchAction","target":{"@type":"EntryPoint","urlTemplate":"https:\/\/sindromecharge.es\/?s={search_term_string}"},"query-input":{"@type":"PropertyValueSpecification","valueRequired":true,"valueName":"search_term_string"}}],"inLanguage":"es"},{"@type":"Person","@id":"https:\/\/sindromecharge.es\/#\/schema\/person\/39a60ebe0a2b4d5a11179701e336b039","name":"Charge","image":{"@type":"ImageObject","inLanguage":"es","@id":"https:\/\/secure.gravatar.com\/avatar\/c3b46e32a0fc3b093a0873fb767bf3293de856293065e84ef06b7ec7a8acfb98?s=96&d=identicon&r=x","url":"https:\/\/secure.gravatar.com\/avatar\/c3b46e32a0fc3b093a0873fb767bf3293de856293065e84ef06b7ec7a8acfb98?s=96&d=identicon&r=x","contentUrl":"https:\/\/secure.gravatar.com\/avatar\/c3b46e32a0fc3b093a0873fb767bf3293de856293065e84ef06b7ec7a8acfb98?s=96&d=identicon&r=x","caption":"Charge"},"url":"https:\/\/sindromecharge.es\/index.php\/author\/admin\/"}]}},"_links":{"self":[{"href":"https:\/\/sindromecharge.es\/index.php\/wp-json\/wp\/v2\/posts\/7046","targetHints":{"allow":["GET"]}}],"collection":[{"href":"https:\/\/sindromecharge.es\/index.php\/wp-json\/wp\/v2\/posts"}],"about":[{"href":"https:\/\/sindromecharge.es\/index.php\/wp-json\/wp\/v2\/types\/post"}],"author":[{"embeddable":true,"href":"https:\/\/sindromecharge.es\/index.php\/wp-json\/wp\/v2\/users\/1"}],"replies":[{"embeddable":true,"href":"https:\/\/sindromecharge.es\/index.php\/wp-json\/wp\/v2\/comments?post=7046"}],"version-history":[{"count":0,"href":"https:\/\/sindromecharge.es\/index.php\/wp-json\/wp\/v2\/posts\/7046\/revisions"}],"wp:attachment":[{"href":"https:\/\/sindromecharge.es\/index.php\/wp-json\/wp\/v2\/media?parent=7046"}],"wp:term":[{"taxonomy":"category","embeddable":true,"href":"https:\/\/sindromecharge.es\/index.php\/wp-json\/wp\/v2\/categories?post=7046"},{"taxonomy":"post_tag","embeddable":true,"href":"https:\/\/sindromecharge.es\/index.php\/wp-json\/wp\/v2\/tags?post=7046"}],"curies":[{"name":"wp","href":"https:\/\/api.w.org\/{rel}","templated":true}]}}