{"id":7045,"date":"2021-04-16T05:41:27","date_gmt":"2021-04-16T05:41:27","guid":{"rendered":"https:\/\/sindromecharge.es\/index.php\/2021\/04\/16\/el-diccionario-infantil-de-la-sanidad-sostenible-acerca-a-los-menores-conceptos-clave-de-la-salud-y-el-entorno-sanitario\/"},"modified":"2021-04-16T05:41:27","modified_gmt":"2021-04-16T05:41:27","slug":"el-diccionario-infantil-de-la-sanidad-sostenible-acerca-a-los-menores-conceptos-clave-de-la-salud-y-el-entorno-sanitario","status":"publish","type":"post","link":"https:\/\/sindromecharge.es\/index.php\/2021\/04\/16\/el-diccionario-infantil-de-la-sanidad-sostenible-acerca-a-los-menores-conceptos-clave-de-la-salud-y-el-entorno-sanitario\/","title":{"rendered":"El diccionario infantil de la sanidad sostenible acerca a los menores conceptos clave de la salud y el entorno sanitario"},"content":{"rendered":"<p>Leemos en FEDER la siguiente noticia que os reproducimos de forma \u00edntegra: <\/p>\n<p><p>Fuente: Fundaci\u00f3n IDIS. Antibi\u00f3tico, bacteria, COVID-19, epidemia, gen, hospital, infecci\u00f3n, laboratorio, mascarilla, medicamento, neurona, paciente, vacuna&#8230; : son algunos de los m\u00e1s de 100 conceptos que recoge el \u201cDiccionario Infantil de la sanidad sostenible\u201d, desarrollado por el Instituto para el Desarrollo e Integraci\u00f3n de la Sanidad (Fundaci\u00f3n IDIS) y 50&amp;50 Gender Leadership y editado por La Esfera de los libros, coincidiendo con la conmemoraci\u00f3n del D\u00eda del Ni\u00f1o que se celebra hoy en Espa\u00f1a. Este \u00faltimo a\u00f1o los medios de comunicaci\u00f3n han copado sus contenidos con mucha informaci\u00f3n referida a la salud y la sanidad con motivo de la pandemia que estamos viviendo, un aspecto al que los ni\u00f1os no han sido ajenos; por esa raz\u00f3n, esta iniciativa pretende hacer una aproximaci\u00f3n a conceptos destacados sobre la salud y la sanidad, para ayudarles a comprender su relevancia y a entender mejor el entorno de la salud. \u201cDesde la Fundaci\u00f3n IDIS tenemos la esperanza de que este documento ayude a que los m\u00e1s j\u00f3venes entiendan la importancia de la salud y la utilidad de eso que llamamos sanidad. Somos conscientes de que queremos conseguir un mejor sistema sanitario que alcance a todos por igual. Un sistema que nos cuide, nos proteja y nos cure siempre que lo necesitemos\u201d, asegura la directora general de la Fundaci\u00f3n IDIS, Marta Villanueva.<\/p>\n<p>Por su parte, Gloria Lomana, presidenta de 50&amp;50 GL, y autora del diccionario, ha se\u00f1alado que \u00abhemos querido hacer un diccionario infantil dirigido a ni\u00f1as y ni\u00f1os a partir de los 8 a\u00f1os para construir con todos ellos la sociedad del futuro. Formar a la siguiente generaci\u00f3n de manera responsable y colaborativa es prioridad en 50&amp;50GL y un deber para todos los que pensamos que la salud es el bien m\u00e1s preciado y los pacientes han de estar en el centro del sistema sanitario. En 50&amp;50GL trabajamos por la inclusi\u00f3n y por mejorar la vida de las personas, en armon\u00eda.\u00bb<\/p>\n<p><span style=\"font-size: 12pt\">Compromiso con las pol\u00edticas sociales<\/span><\/p>\n<p>Los ni\u00f1os representan el futuro y su desarrollo saludable debe ser una de las m\u00e1ximas prioridades para la sociedad. En este sentido, la Fundaci\u00f3n IDIS da un paso m\u00e1s en su compromiso con las pol\u00edticas de responsabilidad social corporativa y, a trav\u00e9s de la puesta en marcha de este diccionario, muestra su implicaci\u00f3n con el cumplimiento de Objetivos de Desarrollo Sostenible (ODS) enmarcados en la Agenda 2030.<\/p>\n<p>A nivel de educaci\u00f3n de calidad (ODS 4), este Diccionario, que ha pasado la revisi\u00f3n pedag\u00f3gica del Colegio San Patricio de Madrid, pretende garantizar una educaci\u00f3n sanitaria inclusiva y de calidad ofreciendo oportunidades de aprendizaje a todos los ni\u00f1os. Adem\u00e1s, aboga por garantizar una vida saludable y promover el bienestar en todas las edades (ODS 3) y por crear alianzas que permitan alcanzar los objetivos (ODS 17). En este sentido, desde la Fundaci\u00f3n IDIS se apuesta por desarrollar una sanidad colaborativa en la que se trabaje de forma coordinada y al un\u00edsono, dentro de un sistema sanitario global.<\/p>\n<p>El ep\u00edlogo del Diccionario incorpora una panor\u00e1mica que se basa en la necesidad de cumplir una serie de compromisos y valores, construyendo un abecedario de t\u00e9rminos fundamentales: asistencia, bio\u00e9tica, ciencia\u2026 y as\u00ed hasta 18 valores entre los que se encuentran tambi\u00e9n innovaci\u00f3n, prevenci\u00f3n, tecnolog\u00eda, etc.<\/p>\n<p>La edici\u00f3n online del Diccionario est\u00e1 disponible en formato pdf en la web de la Fundaci\u00f3n IDIS y ser\u00e1 distribuido en edici\u00f3n impresa, de manera gratuita a hospitales (servicios de pediatr\u00eda, oncolog\u00eda infantil y cirug\u00eda pedi\u00e1trica) e instituciones de referencia en el plano asistencial infantil. Asimismo, estar\u00e1 disponible en librer\u00edas y los beneficios que puedan corresponder a la Fundaci\u00f3n IDIS se donar\u00e1n a la Federaci\u00f3n Espa\u00f1ola de Enfermedades Raras (FEDER).<\/p>\n<p><span style=\"font-size: 12pt\">Sobre IDIS<\/span><\/p>\n<p>La Fundaci\u00f3n IDIS es una entidad sin \u00e1nimo de lucro que tiene como objetivo poner en valor la aportaci\u00f3n de la sanidad privada a la sanidad de nuestro pa\u00eds y promover la mejora de la salud de todos los espa\u00f1oles. Para ello, fomenta y desarrolla todas las iniciativas que desde la sanidad privada est\u00e9n encaminadas a la consecuci\u00f3n de un \u00f3ptimo nivel asistencial y sanitario de todos los sectores de la poblaci\u00f3n.<\/p>\n<p>En la actualidad su Patronato est\u00e1 integrado por 25 grupos implicados en la sanidad privada de nuestro pa\u00eds: Analiza, Asisa, Asociaci\u00f3n Catalana de Entidades de Salud (ACES), Axa, Caser, Catalana Occidente, Divina Pastora, DKV, Farmaindustria, FENIN, GenesisCare, HM Hospitales, Hospital Perpetuo Socorro, Hospitales Cat\u00f3licos de Madrid, Hospiten, IMQ, MAPFRE, Orden Hospitalaria San Juan de Dios-Provincia B\u00e9tica, Quir\u00f3nsalud, Recoletas, Ribera Salud, Sanitas, SegurCaixa Adeslas, Teladoc Health y Vithas<\/p>\n<p>\u00daltima actualizaci\u00f3n 16\/04\/2021<\/p>\n<\/p>\n<p>Fuente: FEDER <a href=\"https:\/\/enfermedades-raras.org\/index.php\/actualidad\/noticias-eventos\/2-feder\/15205-el-diccionario-infantil-de-la-sanidad-sostenible-acerca-a-los-menores-conceptos-clave-de-la-salud-y-el-entorno-sanitario\" target=\"_blank\" rel=\"noopener\">El diccionario infantil de la sanidad sostenible acerca a los menores conceptos clave de la salud y el entorno sanitario<\/a><\/p>\n","protected":false},"excerpt":{"rendered":"<p>Leemos en FEDER la siguiente noticia que os reproducimos de forma \u00edntegra: Fuente: Fundaci\u00f3n IDIS. Antibi\u00f3tico, bacteria, COVID-19, epidemia, gen, hospital, infecci\u00f3n, laboratorio, mascarilla, medicamento, neurona, paciente, vacuna&#8230; : son algunos de los m\u00e1s de 100 conceptos que recoge el \u201cDiccionario Infantil de la sanidad sostenible\u201d, desarrollado por el Instituto para el Desarrollo e Integraci\u00f3n [&hellip;]<\/p>\n","protected":false},"author":1,"featured_media":0,"comment_status":"open","ping_status":"closed","sticky":false,"template":"","format":"standard","meta":{"footnotes":""},"categories":[8],"tags":[36],"class_list":["post-7045","post","type-post","status-publish","format-standard","hentry","category-noticias","tag-enfermedades-raras"],"yoast_head":"<!-- This site is optimized with the Yoast SEO plugin v27.5 - https:\/\/yoast.com\/product\/yoast-seo-wordpress\/ -->\n<title>El diccionario infantil de la sanidad sostenible acerca a los menores conceptos clave de la salud y el entorno sanitario - Asociaci\u00f3n Espa\u00f1ola S\u00edndrome de Charge<\/title>\n<meta name=\"robots\" content=\"index, follow, max-snippet:-1, max-image-preview:large, max-video-preview:-1\" \/>\n<link rel=\"canonical\" href=\"https:\/\/sindromecharge.es\/index.php\/2021\/04\/16\/el-diccionario-infantil-de-la-sanidad-sostenible-acerca-a-los-menores-conceptos-clave-de-la-salud-y-el-entorno-sanitario\/\" \/>\n<meta property=\"og:locale\" content=\"es_ES\" \/>\n<meta property=\"og:type\" content=\"article\" \/>\n<meta property=\"og:title\" content=\"El diccionario infantil de la sanidad sostenible acerca a los menores conceptos clave de la salud y el entorno sanitario - Asociaci\u00f3n Espa\u00f1ola S\u00edndrome de Charge\" \/>\n<meta property=\"og:description\" content=\"Leemos en FEDER la siguiente noticia que os reproducimos de forma \u00edntegra: Fuente: Fundaci\u00f3n IDIS. Antibi\u00f3tico, bacteria, COVID-19, epidemia, gen, hospital, infecci\u00f3n, laboratorio, mascarilla, medicamento, neurona, paciente, vacuna&#8230; : son algunos de los m\u00e1s de 100 conceptos que recoge el \u201cDiccionario Infantil de la sanidad sostenible\u201d, desarrollado por el Instituto para el Desarrollo e Integraci\u00f3n [&hellip;]\" \/>\n<meta property=\"og:url\" content=\"https:\/\/sindromecharge.es\/index.php\/2021\/04\/16\/el-diccionario-infantil-de-la-sanidad-sostenible-acerca-a-los-menores-conceptos-clave-de-la-salud-y-el-entorno-sanitario\/\" \/>\n<meta property=\"og:site_name\" content=\"Asociaci\u00f3n Espa\u00f1ola S\u00edndrome de Charge\" \/>\n<meta property=\"article:publisher\" content=\"https:\/\/www.facebook.com\/asociacionsindromecharge\" \/>\n<meta property=\"article:published_time\" content=\"2021-04-16T05:41:27+00:00\" \/>\n<meta property=\"og:image\" content=\"https:\/\/sindromecharge.es\/wp-content\/uploads\/2013\/09\/logodecharge300x98.png\" \/>\n\t<meta property=\"og:image:width\" content=\"300\" \/>\n\t<meta property=\"og:image:height\" content=\"98\" \/>\n\t<meta property=\"og:image:type\" content=\"image\/png\" \/>\n<meta name=\"author\" content=\"Charge\" \/>\n<meta name=\"twitter:card\" content=\"summary_large_image\" \/>\n<meta name=\"twitter:creator\" content=\"@sindromecharge\" \/>\n<meta name=\"twitter:site\" content=\"@sindromecharge\" \/>\n<meta name=\"twitter:label1\" content=\"Escrito por\" \/>\n\t<meta name=\"twitter:data1\" content=\"Charge\" \/>\n\t<meta name=\"twitter:label2\" content=\"Tiempo de lectura\" \/>\n\t<meta name=\"twitter:data2\" content=\"4 minutos\" \/>\n<script type=\"application\/ld+json\" class=\"yoast-schema-graph\">{\"@context\":\"https:\\\/\\\/schema.org\",\"@graph\":[{\"@type\":\"Article\",\"@id\":\"https:\\\/\\\/sindromecharge.es\\\/index.php\\\/2021\\\/04\\\/16\\\/el-diccionario-infantil-de-la-sanidad-sostenible-acerca-a-los-menores-conceptos-clave-de-la-salud-y-el-entorno-sanitario\\\/#article\",\"isPartOf\":{\"@id\":\"https:\\\/\\\/sindromecharge.es\\\/index.php\\\/2021\\\/04\\\/16\\\/el-diccionario-infantil-de-la-sanidad-sostenible-acerca-a-los-menores-conceptos-clave-de-la-salud-y-el-entorno-sanitario\\\/\"},\"author\":{\"name\":\"Charge\",\"@id\":\"https:\\\/\\\/sindromecharge.es\\\/#\\\/schema\\\/person\\\/39a60ebe0a2b4d5a11179701e336b039\"},\"headline\":\"El diccionario infantil de la sanidad sostenible acerca a los menores conceptos clave de la salud y el entorno sanitario\",\"datePublished\":\"2021-04-16T05:41:27+00:00\",\"mainEntityOfPage\":{\"@id\":\"https:\\\/\\\/sindromecharge.es\\\/index.php\\\/2021\\\/04\\\/16\\\/el-diccionario-infantil-de-la-sanidad-sostenible-acerca-a-los-menores-conceptos-clave-de-la-salud-y-el-entorno-sanitario\\\/\"},\"wordCount\":869,\"commentCount\":0,\"keywords\":[\"enfermedades raras\"],\"articleSection\":[\"noticias\"],\"inLanguage\":\"es\",\"potentialAction\":[{\"@type\":\"CommentAction\",\"name\":\"Comment\",\"target\":[\"https:\\\/\\\/sindromecharge.es\\\/index.php\\\/2021\\\/04\\\/16\\\/el-diccionario-infantil-de-la-sanidad-sostenible-acerca-a-los-menores-conceptos-clave-de-la-salud-y-el-entorno-sanitario\\\/#respond\"]}]},{\"@type\":\"WebPage\",\"@id\":\"https:\\\/\\\/sindromecharge.es\\\/index.php\\\/2021\\\/04\\\/16\\\/el-diccionario-infantil-de-la-sanidad-sostenible-acerca-a-los-menores-conceptos-clave-de-la-salud-y-el-entorno-sanitario\\\/\",\"url\":\"https:\\\/\\\/sindromecharge.es\\\/index.php\\\/2021\\\/04\\\/16\\\/el-diccionario-infantil-de-la-sanidad-sostenible-acerca-a-los-menores-conceptos-clave-de-la-salud-y-el-entorno-sanitario\\\/\",\"name\":\"El diccionario infantil de la sanidad sostenible acerca a los menores conceptos clave de la salud y el entorno sanitario - Asociaci\u00f3n Espa\u00f1ola S\u00edndrome de Charge\",\"isPartOf\":{\"@id\":\"https:\\\/\\\/sindromecharge.es\\\/#website\"},\"datePublished\":\"2021-04-16T05:41:27+00:00\",\"author\":{\"@id\":\"https:\\\/\\\/sindromecharge.es\\\/#\\\/schema\\\/person\\\/39a60ebe0a2b4d5a11179701e336b039\"},\"breadcrumb\":{\"@id\":\"https:\\\/\\\/sindromecharge.es\\\/index.php\\\/2021\\\/04\\\/16\\\/el-diccionario-infantil-de-la-sanidad-sostenible-acerca-a-los-menores-conceptos-clave-de-la-salud-y-el-entorno-sanitario\\\/#breadcrumb\"},\"inLanguage\":\"es\",\"potentialAction\":[{\"@type\":\"ReadAction\",\"target\":[\"https:\\\/\\\/sindromecharge.es\\\/index.php\\\/2021\\\/04\\\/16\\\/el-diccionario-infantil-de-la-sanidad-sostenible-acerca-a-los-menores-conceptos-clave-de-la-salud-y-el-entorno-sanitario\\\/\"]}]},{\"@type\":\"BreadcrumbList\",\"@id\":\"https:\\\/\\\/sindromecharge.es\\\/index.php\\\/2021\\\/04\\\/16\\\/el-diccionario-infantil-de-la-sanidad-sostenible-acerca-a-los-menores-conceptos-clave-de-la-salud-y-el-entorno-sanitario\\\/#breadcrumb\",\"itemListElement\":[{\"@type\":\"ListItem\",\"position\":1,\"name\":\"Portada\",\"item\":\"https:\\\/\\\/sindromecharge.es\\\/\"},{\"@type\":\"ListItem\",\"position\":2,\"name\":\"El diccionario infantil de la sanidad sostenible acerca a los menores conceptos clave de la salud y el entorno sanitario\"}]},{\"@type\":\"WebSite\",\"@id\":\"https:\\\/\\\/sindromecharge.es\\\/#website\",\"url\":\"https:\\\/\\\/sindromecharge.es\\\/\",\"name\":\"Asociaci\u00f3n Espa\u00f1ola S\u00edndrome de Charge\",\"description\":\"\",\"potentialAction\":[{\"@type\":\"SearchAction\",\"target\":{\"@type\":\"EntryPoint\",\"urlTemplate\":\"https:\\\/\\\/sindromecharge.es\\\/?s={search_term_string}\"},\"query-input\":{\"@type\":\"PropertyValueSpecification\",\"valueRequired\":true,\"valueName\":\"search_term_string\"}}],\"inLanguage\":\"es\"},{\"@type\":\"Person\",\"@id\":\"https:\\\/\\\/sindromecharge.es\\\/#\\\/schema\\\/person\\\/39a60ebe0a2b4d5a11179701e336b039\",\"name\":\"Charge\",\"image\":{\"@type\":\"ImageObject\",\"inLanguage\":\"es\",\"@id\":\"https:\\\/\\\/secure.gravatar.com\\\/avatar\\\/c3b46e32a0fc3b093a0873fb767bf3293de856293065e84ef06b7ec7a8acfb98?s=96&d=identicon&r=x\",\"url\":\"https:\\\/\\\/secure.gravatar.com\\\/avatar\\\/c3b46e32a0fc3b093a0873fb767bf3293de856293065e84ef06b7ec7a8acfb98?s=96&d=identicon&r=x\",\"contentUrl\":\"https:\\\/\\\/secure.gravatar.com\\\/avatar\\\/c3b46e32a0fc3b093a0873fb767bf3293de856293065e84ef06b7ec7a8acfb98?s=96&d=identicon&r=x\",\"caption\":\"Charge\"},\"url\":\"https:\\\/\\\/sindromecharge.es\\\/index.php\\\/author\\\/admin\\\/\"}]}<\/script>\n<!-- \/ Yoast SEO plugin. -->","yoast_head_json":{"title":"El diccionario infantil de la sanidad sostenible acerca a los menores conceptos clave de la salud y el entorno sanitario - Asociaci\u00f3n Espa\u00f1ola S\u00edndrome de Charge","robots":{"index":"index","follow":"follow","max-snippet":"max-snippet:-1","max-image-preview":"max-image-preview:large","max-video-preview":"max-video-preview:-1"},"canonical":"https:\/\/sindromecharge.es\/index.php\/2021\/04\/16\/el-diccionario-infantil-de-la-sanidad-sostenible-acerca-a-los-menores-conceptos-clave-de-la-salud-y-el-entorno-sanitario\/","og_locale":"es_ES","og_type":"article","og_title":"El diccionario infantil de la sanidad sostenible acerca a los menores conceptos clave de la salud y el entorno sanitario - Asociaci\u00f3n Espa\u00f1ola S\u00edndrome de Charge","og_description":"Leemos en FEDER la siguiente noticia que os reproducimos de forma \u00edntegra: Fuente: Fundaci\u00f3n IDIS. Antibi\u00f3tico, bacteria, COVID-19, epidemia, gen, hospital, infecci\u00f3n, laboratorio, mascarilla, medicamento, neurona, paciente, vacuna&#8230; : son algunos de los m\u00e1s de 100 conceptos que recoge el \u201cDiccionario Infantil de la sanidad sostenible\u201d, desarrollado por el Instituto para el Desarrollo e Integraci\u00f3n [&hellip;]","og_url":"https:\/\/sindromecharge.es\/index.php\/2021\/04\/16\/el-diccionario-infantil-de-la-sanidad-sostenible-acerca-a-los-menores-conceptos-clave-de-la-salud-y-el-entorno-sanitario\/","og_site_name":"Asociaci\u00f3n Espa\u00f1ola S\u00edndrome de Charge","article_publisher":"https:\/\/www.facebook.com\/asociacionsindromecharge","article_published_time":"2021-04-16T05:41:27+00:00","og_image":[{"width":300,"height":98,"url":"https:\/\/sindromecharge.es\/wp-content\/uploads\/2013\/09\/logodecharge300x98.png","type":"image\/png"}],"author":"Charge","twitter_card":"summary_large_image","twitter_creator":"@sindromecharge","twitter_site":"@sindromecharge","twitter_misc":{"Escrito por":"Charge","Tiempo de lectura":"4 minutos"},"schema":{"@context":"https:\/\/schema.org","@graph":[{"@type":"Article","@id":"https:\/\/sindromecharge.es\/index.php\/2021\/04\/16\/el-diccionario-infantil-de-la-sanidad-sostenible-acerca-a-los-menores-conceptos-clave-de-la-salud-y-el-entorno-sanitario\/#article","isPartOf":{"@id":"https:\/\/sindromecharge.es\/index.php\/2021\/04\/16\/el-diccionario-infantil-de-la-sanidad-sostenible-acerca-a-los-menores-conceptos-clave-de-la-salud-y-el-entorno-sanitario\/"},"author":{"name":"Charge","@id":"https:\/\/sindromecharge.es\/#\/schema\/person\/39a60ebe0a2b4d5a11179701e336b039"},"headline":"El diccionario infantil de la sanidad sostenible acerca a los menores conceptos clave de la salud y el entorno sanitario","datePublished":"2021-04-16T05:41:27+00:00","mainEntityOfPage":{"@id":"https:\/\/sindromecharge.es\/index.php\/2021\/04\/16\/el-diccionario-infantil-de-la-sanidad-sostenible-acerca-a-los-menores-conceptos-clave-de-la-salud-y-el-entorno-sanitario\/"},"wordCount":869,"commentCount":0,"keywords":["enfermedades raras"],"articleSection":["noticias"],"inLanguage":"es","potentialAction":[{"@type":"CommentAction","name":"Comment","target":["https:\/\/sindromecharge.es\/index.php\/2021\/04\/16\/el-diccionario-infantil-de-la-sanidad-sostenible-acerca-a-los-menores-conceptos-clave-de-la-salud-y-el-entorno-sanitario\/#respond"]}]},{"@type":"WebPage","@id":"https:\/\/sindromecharge.es\/index.php\/2021\/04\/16\/el-diccionario-infantil-de-la-sanidad-sostenible-acerca-a-los-menores-conceptos-clave-de-la-salud-y-el-entorno-sanitario\/","url":"https:\/\/sindromecharge.es\/index.php\/2021\/04\/16\/el-diccionario-infantil-de-la-sanidad-sostenible-acerca-a-los-menores-conceptos-clave-de-la-salud-y-el-entorno-sanitario\/","name":"El diccionario infantil de la sanidad sostenible acerca a los menores conceptos clave de la salud y el entorno sanitario - Asociaci\u00f3n Espa\u00f1ola S\u00edndrome de Charge","isPartOf":{"@id":"https:\/\/sindromecharge.es\/#website"},"datePublished":"2021-04-16T05:41:27+00:00","author":{"@id":"https:\/\/sindromecharge.es\/#\/schema\/person\/39a60ebe0a2b4d5a11179701e336b039"},"breadcrumb":{"@id":"https:\/\/sindromecharge.es\/index.php\/2021\/04\/16\/el-diccionario-infantil-de-la-sanidad-sostenible-acerca-a-los-menores-conceptos-clave-de-la-salud-y-el-entorno-sanitario\/#breadcrumb"},"inLanguage":"es","potentialAction":[{"@type":"ReadAction","target":["https:\/\/sindromecharge.es\/index.php\/2021\/04\/16\/el-diccionario-infantil-de-la-sanidad-sostenible-acerca-a-los-menores-conceptos-clave-de-la-salud-y-el-entorno-sanitario\/"]}]},{"@type":"BreadcrumbList","@id":"https:\/\/sindromecharge.es\/index.php\/2021\/04\/16\/el-diccionario-infantil-de-la-sanidad-sostenible-acerca-a-los-menores-conceptos-clave-de-la-salud-y-el-entorno-sanitario\/#breadcrumb","itemListElement":[{"@type":"ListItem","position":1,"name":"Portada","item":"https:\/\/sindromecharge.es\/"},{"@type":"ListItem","position":2,"name":"El diccionario infantil de la sanidad sostenible acerca a los menores conceptos clave de la salud y el entorno sanitario"}]},{"@type":"WebSite","@id":"https:\/\/sindromecharge.es\/#website","url":"https:\/\/sindromecharge.es\/","name":"Asociaci\u00f3n Espa\u00f1ola S\u00edndrome de Charge","description":"","potentialAction":[{"@type":"SearchAction","target":{"@type":"EntryPoint","urlTemplate":"https:\/\/sindromecharge.es\/?s={search_term_string}"},"query-input":{"@type":"PropertyValueSpecification","valueRequired":true,"valueName":"search_term_string"}}],"inLanguage":"es"},{"@type":"Person","@id":"https:\/\/sindromecharge.es\/#\/schema\/person\/39a60ebe0a2b4d5a11179701e336b039","name":"Charge","image":{"@type":"ImageObject","inLanguage":"es","@id":"https:\/\/secure.gravatar.com\/avatar\/c3b46e32a0fc3b093a0873fb767bf3293de856293065e84ef06b7ec7a8acfb98?s=96&d=identicon&r=x","url":"https:\/\/secure.gravatar.com\/avatar\/c3b46e32a0fc3b093a0873fb767bf3293de856293065e84ef06b7ec7a8acfb98?s=96&d=identicon&r=x","contentUrl":"https:\/\/secure.gravatar.com\/avatar\/c3b46e32a0fc3b093a0873fb767bf3293de856293065e84ef06b7ec7a8acfb98?s=96&d=identicon&r=x","caption":"Charge"},"url":"https:\/\/sindromecharge.es\/index.php\/author\/admin\/"}]}},"_links":{"self":[{"href":"https:\/\/sindromecharge.es\/index.php\/wp-json\/wp\/v2\/posts\/7045","targetHints":{"allow":["GET"]}}],"collection":[{"href":"https:\/\/sindromecharge.es\/index.php\/wp-json\/wp\/v2\/posts"}],"about":[{"href":"https:\/\/sindromecharge.es\/index.php\/wp-json\/wp\/v2\/types\/post"}],"author":[{"embeddable":true,"href":"https:\/\/sindromecharge.es\/index.php\/wp-json\/wp\/v2\/users\/1"}],"replies":[{"embeddable":true,"href":"https:\/\/sindromecharge.es\/index.php\/wp-json\/wp\/v2\/comments?post=7045"}],"version-history":[{"count":0,"href":"https:\/\/sindromecharge.es\/index.php\/wp-json\/wp\/v2\/posts\/7045\/revisions"}],"wp:attachment":[{"href":"https:\/\/sindromecharge.es\/index.php\/wp-json\/wp\/v2\/media?parent=7045"}],"wp:term":[{"taxonomy":"category","embeddable":true,"href":"https:\/\/sindromecharge.es\/index.php\/wp-json\/wp\/v2\/categories?post=7045"},{"taxonomy":"post_tag","embeddable":true,"href":"https:\/\/sindromecharge.es\/index.php\/wp-json\/wp\/v2\/tags?post=7045"}],"curies":[{"name":"wp","href":"https:\/\/api.w.org\/{rel}","templated":true}]}}