{"id":7043,"date":"2021-04-15T13:49:04","date_gmt":"2021-04-15T13:49:04","guid":{"rendered":"https:\/\/sindromecharge.es\/index.php\/2021\/04\/15\/el-tsxg-aplica-por-primera-vez-en-espana-la-discriminacion-por-apariencia-de-discapacidad-para-anular-un-despido\/"},"modified":"2021-04-15T13:49:04","modified_gmt":"2021-04-15T13:49:04","slug":"el-tsxg-aplica-por-primera-vez-en-espana-la-discriminacion-por-apariencia-de-discapacidad-para-anular-un-despido","status":"publish","type":"post","link":"https:\/\/sindromecharge.es\/index.php\/2021\/04\/15\/el-tsxg-aplica-por-primera-vez-en-espana-la-discriminacion-por-apariencia-de-discapacidad-para-anular-un-despido\/","title":{"rendered":"El TSXG aplica por primera vez en Espa\u00f1a la discriminaci\u00f3n por apariencia de discapacidad para anular un despido"},"content":{"rendered":"<p>Leemos en 20minutos la siguiente noticia que os reproducimos de forma \u00edntegra: <\/p>\n<p>Los magistrados consideran acreditado que un empresario de Ourense vulner\u00f3 la prohibici\u00f3n de discriminar por apariencia de discapacidad al despedir a un empleado el mismo d\u00eda que sufri\u00f3 un accidente laboral, tras haberlo visitado en el hospital y comprobar que, aparentemente, sus lesiones no se curar\u00edan a corto plazo.<\/p>\n<p>El trabajador, que conduc\u00eda una furgoneta de reparto, fue atropellado al cruzar un paso de peatones el 20 de julio de 2020. Debido al accidente, fue trasladado de urgencia al hospital, donde fue visitado por el empresario demandado, quien lo dio de baja en la Seguridad Social ese mismo d\u00eda.<\/p>\n<p>El TSXG subraya que esa \u00abapariencia razonable de discapacidad\u00bb del empleado \u00abla pudo apreciar\u00bb el empresario \u00abde propia mano, al acudir al hospital a interesarse por su salud el mismo d\u00eda del accidente\u00bb.<\/p>\n<p>La \u00abconexi\u00f3n temporal\u00bb entre el atropello, la visita hospitalaria y el despido es \u00abtan fuerte\u00bb, seg\u00fan subrayan los jueces, \u00abque no cabe ninguna otra conclusi\u00f3n m\u00e1s que asociar causalmente la apariencia de discapacidad con el despido, m\u00e1s si consideramos la ausencia de hechos que pudiesen acreditar una falta de diligencia previa en la prestaci\u00f3n de servicios\u00bb.<\/p>\n<p>La Sala entiende que los hechos objetivos, es decir, el atropello del trabajador por un veh\u00edculo que lo lanz\u00f3 contra la calzada y su traslado de urgencia al hospital, configuran \u00abuna apariencia razonable de incapacidad duradera en la persona del trabajador, en el sentido de que sus dolencias no presentaban una perspectiva bien delimitada en cuanto a su finalizaci\u00f3n a corto plazo o que dicha discapacidad pod\u00eda prolongarse significativamente antes del restablecimiento de esa persona\u00bb.<\/p>\n<p>El TSXG recuerda en este fallo pionero en Espa\u00f1a que la persona es discriminada \u00abpor la discapacidad que, en base a una apariencia, el sujeto discriminador cree que tiene, con independencia de que esa persona tenga o no tenga una discapacidad\u00bb.<\/p>\n<p>Fuente: 20minutos <a href=\"https:\/\/www.20minutos.es\/noticia\/4658851\/0\/el-tsxg-aplica-por-primera-vez-en-espana-la-discriminacion-por-apariencia-de-discapacidad-para-anular-un-despido\/\" target=\"_blank\" rel=\"noopener\">El TSXG aplica por primera vez en Espa\u00f1a la discriminaci\u00f3n por apariencia de discapacidad para anular un despido<\/a><\/p>\n","protected":false},"excerpt":{"rendered":"<p>Leemos en 20minutos la siguiente noticia que os reproducimos de forma \u00edntegra: Los magistrados consideran acreditado que un empresario de Ourense vulner\u00f3 la prohibici\u00f3n de discriminar por apariencia de discapacidad al despedir a un empleado el mismo d\u00eda que sufri\u00f3 un accidente laboral, tras haberlo visitado en el hospital y comprobar que, aparentemente, sus lesiones [&hellip;]<\/p>\n","protected":false},"author":1,"featured_media":0,"comment_status":"open","ping_status":"closed","sticky":false,"template":"","format":"standard","meta":{"footnotes":""},"categories":[8],"tags":[31],"class_list":["post-7043","post","type-post","status-publish","format-standard","hentry","category-noticias","tag-discapacidad"],"yoast_head":"<!-- This site is optimized with the Yoast SEO plugin v27.5 - https:\/\/yoast.com\/product\/yoast-seo-wordpress\/ -->\n<title>El TSXG aplica por primera vez en Espa\u00f1a la discriminaci\u00f3n por apariencia de discapacidad para anular un despido - Asociaci\u00f3n Espa\u00f1ola S\u00edndrome de Charge<\/title>\n<meta name=\"robots\" content=\"index, follow, max-snippet:-1, max-image-preview:large, max-video-preview:-1\" \/>\n<link rel=\"canonical\" href=\"https:\/\/sindromecharge.es\/index.php\/2021\/04\/15\/el-tsxg-aplica-por-primera-vez-en-espana-la-discriminacion-por-apariencia-de-discapacidad-para-anular-un-despido\/\" \/>\n<meta property=\"og:locale\" content=\"es_ES\" \/>\n<meta property=\"og:type\" content=\"article\" \/>\n<meta property=\"og:title\" content=\"El TSXG aplica por primera vez en Espa\u00f1a la discriminaci\u00f3n por apariencia de discapacidad para anular un despido - Asociaci\u00f3n Espa\u00f1ola S\u00edndrome de Charge\" \/>\n<meta property=\"og:description\" content=\"Leemos en 20minutos la siguiente noticia que os reproducimos de forma \u00edntegra: Los magistrados consideran acreditado que un empresario de Ourense vulner\u00f3 la prohibici\u00f3n de discriminar por apariencia de discapacidad al despedir a un empleado el mismo d\u00eda que sufri\u00f3 un accidente laboral, tras haberlo visitado en el hospital y comprobar que, aparentemente, sus lesiones [&hellip;]\" \/>\n<meta property=\"og:url\" content=\"https:\/\/sindromecharge.es\/index.php\/2021\/04\/15\/el-tsxg-aplica-por-primera-vez-en-espana-la-discriminacion-por-apariencia-de-discapacidad-para-anular-un-despido\/\" \/>\n<meta property=\"og:site_name\" content=\"Asociaci\u00f3n Espa\u00f1ola S\u00edndrome de Charge\" \/>\n<meta property=\"article:publisher\" content=\"https:\/\/www.facebook.com\/asociacionsindromecharge\" \/>\n<meta property=\"article:published_time\" content=\"2021-04-15T13:49:04+00:00\" \/>\n<meta property=\"og:image\" content=\"https:\/\/sindromecharge.es\/wp-content\/uploads\/2013\/09\/logodecharge300x98.png\" \/>\n\t<meta property=\"og:image:width\" content=\"300\" \/>\n\t<meta property=\"og:image:height\" content=\"98\" \/>\n\t<meta property=\"og:image:type\" content=\"image\/png\" \/>\n<meta name=\"author\" content=\"Charge\" \/>\n<meta name=\"twitter:card\" content=\"summary_large_image\" \/>\n<meta name=\"twitter:creator\" content=\"@sindromecharge\" \/>\n<meta name=\"twitter:site\" content=\"@sindromecharge\" \/>\n<meta name=\"twitter:label1\" content=\"Escrito por\" \/>\n\t<meta name=\"twitter:data1\" content=\"Charge\" \/>\n\t<meta name=\"twitter:label2\" content=\"Tiempo de lectura\" \/>\n\t<meta name=\"twitter:data2\" content=\"2 minutos\" \/>\n<script type=\"application\/ld+json\" class=\"yoast-schema-graph\">{\"@context\":\"https:\\\/\\\/schema.org\",\"@graph\":[{\"@type\":\"Article\",\"@id\":\"https:\\\/\\\/sindromecharge.es\\\/index.php\\\/2021\\\/04\\\/15\\\/el-tsxg-aplica-por-primera-vez-en-espana-la-discriminacion-por-apariencia-de-discapacidad-para-anular-un-despido\\\/#article\",\"isPartOf\":{\"@id\":\"https:\\\/\\\/sindromecharge.es\\\/index.php\\\/2021\\\/04\\\/15\\\/el-tsxg-aplica-por-primera-vez-en-espana-la-discriminacion-por-apariencia-de-discapacidad-para-anular-un-despido\\\/\"},\"author\":{\"name\":\"Charge\",\"@id\":\"https:\\\/\\\/sindromecharge.es\\\/#\\\/schema\\\/person\\\/39a60ebe0a2b4d5a11179701e336b039\"},\"headline\":\"El TSXG aplica por primera vez en Espa\u00f1a la discriminaci\u00f3n por apariencia de discapacidad para anular un despido\",\"datePublished\":\"2021-04-15T13:49:04+00:00\",\"mainEntityOfPage\":{\"@id\":\"https:\\\/\\\/sindromecharge.es\\\/index.php\\\/2021\\\/04\\\/15\\\/el-tsxg-aplica-por-primera-vez-en-espana-la-discriminacion-por-apariencia-de-discapacidad-para-anular-un-despido\\\/\"},\"wordCount\":372,\"commentCount\":0,\"keywords\":[\"discapacidad\"],\"articleSection\":[\"noticias\"],\"inLanguage\":\"es\",\"potentialAction\":[{\"@type\":\"CommentAction\",\"name\":\"Comment\",\"target\":[\"https:\\\/\\\/sindromecharge.es\\\/index.php\\\/2021\\\/04\\\/15\\\/el-tsxg-aplica-por-primera-vez-en-espana-la-discriminacion-por-apariencia-de-discapacidad-para-anular-un-despido\\\/#respond\"]}]},{\"@type\":\"WebPage\",\"@id\":\"https:\\\/\\\/sindromecharge.es\\\/index.php\\\/2021\\\/04\\\/15\\\/el-tsxg-aplica-por-primera-vez-en-espana-la-discriminacion-por-apariencia-de-discapacidad-para-anular-un-despido\\\/\",\"url\":\"https:\\\/\\\/sindromecharge.es\\\/index.php\\\/2021\\\/04\\\/15\\\/el-tsxg-aplica-por-primera-vez-en-espana-la-discriminacion-por-apariencia-de-discapacidad-para-anular-un-despido\\\/\",\"name\":\"El TSXG aplica por primera vez en Espa\u00f1a la discriminaci\u00f3n por apariencia de discapacidad para anular un despido - Asociaci\u00f3n Espa\u00f1ola S\u00edndrome de Charge\",\"isPartOf\":{\"@id\":\"https:\\\/\\\/sindromecharge.es\\\/#website\"},\"datePublished\":\"2021-04-15T13:49:04+00:00\",\"author\":{\"@id\":\"https:\\\/\\\/sindromecharge.es\\\/#\\\/schema\\\/person\\\/39a60ebe0a2b4d5a11179701e336b039\"},\"breadcrumb\":{\"@id\":\"https:\\\/\\\/sindromecharge.es\\\/index.php\\\/2021\\\/04\\\/15\\\/el-tsxg-aplica-por-primera-vez-en-espana-la-discriminacion-por-apariencia-de-discapacidad-para-anular-un-despido\\\/#breadcrumb\"},\"inLanguage\":\"es\",\"potentialAction\":[{\"@type\":\"ReadAction\",\"target\":[\"https:\\\/\\\/sindromecharge.es\\\/index.php\\\/2021\\\/04\\\/15\\\/el-tsxg-aplica-por-primera-vez-en-espana-la-discriminacion-por-apariencia-de-discapacidad-para-anular-un-despido\\\/\"]}]},{\"@type\":\"BreadcrumbList\",\"@id\":\"https:\\\/\\\/sindromecharge.es\\\/index.php\\\/2021\\\/04\\\/15\\\/el-tsxg-aplica-por-primera-vez-en-espana-la-discriminacion-por-apariencia-de-discapacidad-para-anular-un-despido\\\/#breadcrumb\",\"itemListElement\":[{\"@type\":\"ListItem\",\"position\":1,\"name\":\"Portada\",\"item\":\"https:\\\/\\\/sindromecharge.es\\\/\"},{\"@type\":\"ListItem\",\"position\":2,\"name\":\"El TSXG aplica por primera vez en Espa\u00f1a la discriminaci\u00f3n por apariencia de discapacidad para anular un despido\"}]},{\"@type\":\"WebSite\",\"@id\":\"https:\\\/\\\/sindromecharge.es\\\/#website\",\"url\":\"https:\\\/\\\/sindromecharge.es\\\/\",\"name\":\"Asociaci\u00f3n Espa\u00f1ola S\u00edndrome de Charge\",\"description\":\"\",\"potentialAction\":[{\"@type\":\"SearchAction\",\"target\":{\"@type\":\"EntryPoint\",\"urlTemplate\":\"https:\\\/\\\/sindromecharge.es\\\/?s={search_term_string}\"},\"query-input\":{\"@type\":\"PropertyValueSpecification\",\"valueRequired\":true,\"valueName\":\"search_term_string\"}}],\"inLanguage\":\"es\"},{\"@type\":\"Person\",\"@id\":\"https:\\\/\\\/sindromecharge.es\\\/#\\\/schema\\\/person\\\/39a60ebe0a2b4d5a11179701e336b039\",\"name\":\"Charge\",\"image\":{\"@type\":\"ImageObject\",\"inLanguage\":\"es\",\"@id\":\"https:\\\/\\\/secure.gravatar.com\\\/avatar\\\/c3b46e32a0fc3b093a0873fb767bf3293de856293065e84ef06b7ec7a8acfb98?s=96&d=identicon&r=x\",\"url\":\"https:\\\/\\\/secure.gravatar.com\\\/avatar\\\/c3b46e32a0fc3b093a0873fb767bf3293de856293065e84ef06b7ec7a8acfb98?s=96&d=identicon&r=x\",\"contentUrl\":\"https:\\\/\\\/secure.gravatar.com\\\/avatar\\\/c3b46e32a0fc3b093a0873fb767bf3293de856293065e84ef06b7ec7a8acfb98?s=96&d=identicon&r=x\",\"caption\":\"Charge\"},\"url\":\"https:\\\/\\\/sindromecharge.es\\\/index.php\\\/author\\\/admin\\\/\"}]}<\/script>\n<!-- \/ Yoast SEO plugin. -->","yoast_head_json":{"title":"El TSXG aplica por primera vez en Espa\u00f1a la discriminaci\u00f3n por apariencia de discapacidad para anular un despido - Asociaci\u00f3n Espa\u00f1ola S\u00edndrome de Charge","robots":{"index":"index","follow":"follow","max-snippet":"max-snippet:-1","max-image-preview":"max-image-preview:large","max-video-preview":"max-video-preview:-1"},"canonical":"https:\/\/sindromecharge.es\/index.php\/2021\/04\/15\/el-tsxg-aplica-por-primera-vez-en-espana-la-discriminacion-por-apariencia-de-discapacidad-para-anular-un-despido\/","og_locale":"es_ES","og_type":"article","og_title":"El TSXG aplica por primera vez en Espa\u00f1a la discriminaci\u00f3n por apariencia de discapacidad para anular un despido - Asociaci\u00f3n Espa\u00f1ola S\u00edndrome de Charge","og_description":"Leemos en 20minutos la siguiente noticia que os reproducimos de forma \u00edntegra: Los magistrados consideran acreditado que un empresario de Ourense vulner\u00f3 la prohibici\u00f3n de discriminar por apariencia de discapacidad al despedir a un empleado el mismo d\u00eda que sufri\u00f3 un accidente laboral, tras haberlo visitado en el hospital y comprobar que, aparentemente, sus lesiones [&hellip;]","og_url":"https:\/\/sindromecharge.es\/index.php\/2021\/04\/15\/el-tsxg-aplica-por-primera-vez-en-espana-la-discriminacion-por-apariencia-de-discapacidad-para-anular-un-despido\/","og_site_name":"Asociaci\u00f3n Espa\u00f1ola S\u00edndrome de Charge","article_publisher":"https:\/\/www.facebook.com\/asociacionsindromecharge","article_published_time":"2021-04-15T13:49:04+00:00","og_image":[{"width":300,"height":98,"url":"https:\/\/sindromecharge.es\/wp-content\/uploads\/2013\/09\/logodecharge300x98.png","type":"image\/png"}],"author":"Charge","twitter_card":"summary_large_image","twitter_creator":"@sindromecharge","twitter_site":"@sindromecharge","twitter_misc":{"Escrito por":"Charge","Tiempo de lectura":"2 minutos"},"schema":{"@context":"https:\/\/schema.org","@graph":[{"@type":"Article","@id":"https:\/\/sindromecharge.es\/index.php\/2021\/04\/15\/el-tsxg-aplica-por-primera-vez-en-espana-la-discriminacion-por-apariencia-de-discapacidad-para-anular-un-despido\/#article","isPartOf":{"@id":"https:\/\/sindromecharge.es\/index.php\/2021\/04\/15\/el-tsxg-aplica-por-primera-vez-en-espana-la-discriminacion-por-apariencia-de-discapacidad-para-anular-un-despido\/"},"author":{"name":"Charge","@id":"https:\/\/sindromecharge.es\/#\/schema\/person\/39a60ebe0a2b4d5a11179701e336b039"},"headline":"El TSXG aplica por primera vez en Espa\u00f1a la discriminaci\u00f3n por apariencia de discapacidad para anular un despido","datePublished":"2021-04-15T13:49:04+00:00","mainEntityOfPage":{"@id":"https:\/\/sindromecharge.es\/index.php\/2021\/04\/15\/el-tsxg-aplica-por-primera-vez-en-espana-la-discriminacion-por-apariencia-de-discapacidad-para-anular-un-despido\/"},"wordCount":372,"commentCount":0,"keywords":["discapacidad"],"articleSection":["noticias"],"inLanguage":"es","potentialAction":[{"@type":"CommentAction","name":"Comment","target":["https:\/\/sindromecharge.es\/index.php\/2021\/04\/15\/el-tsxg-aplica-por-primera-vez-en-espana-la-discriminacion-por-apariencia-de-discapacidad-para-anular-un-despido\/#respond"]}]},{"@type":"WebPage","@id":"https:\/\/sindromecharge.es\/index.php\/2021\/04\/15\/el-tsxg-aplica-por-primera-vez-en-espana-la-discriminacion-por-apariencia-de-discapacidad-para-anular-un-despido\/","url":"https:\/\/sindromecharge.es\/index.php\/2021\/04\/15\/el-tsxg-aplica-por-primera-vez-en-espana-la-discriminacion-por-apariencia-de-discapacidad-para-anular-un-despido\/","name":"El TSXG aplica por primera vez en Espa\u00f1a la discriminaci\u00f3n por apariencia de discapacidad para anular un despido - Asociaci\u00f3n Espa\u00f1ola S\u00edndrome de Charge","isPartOf":{"@id":"https:\/\/sindromecharge.es\/#website"},"datePublished":"2021-04-15T13:49:04+00:00","author":{"@id":"https:\/\/sindromecharge.es\/#\/schema\/person\/39a60ebe0a2b4d5a11179701e336b039"},"breadcrumb":{"@id":"https:\/\/sindromecharge.es\/index.php\/2021\/04\/15\/el-tsxg-aplica-por-primera-vez-en-espana-la-discriminacion-por-apariencia-de-discapacidad-para-anular-un-despido\/#breadcrumb"},"inLanguage":"es","potentialAction":[{"@type":"ReadAction","target":["https:\/\/sindromecharge.es\/index.php\/2021\/04\/15\/el-tsxg-aplica-por-primera-vez-en-espana-la-discriminacion-por-apariencia-de-discapacidad-para-anular-un-despido\/"]}]},{"@type":"BreadcrumbList","@id":"https:\/\/sindromecharge.es\/index.php\/2021\/04\/15\/el-tsxg-aplica-por-primera-vez-en-espana-la-discriminacion-por-apariencia-de-discapacidad-para-anular-un-despido\/#breadcrumb","itemListElement":[{"@type":"ListItem","position":1,"name":"Portada","item":"https:\/\/sindromecharge.es\/"},{"@type":"ListItem","position":2,"name":"El TSXG aplica por primera vez en Espa\u00f1a la discriminaci\u00f3n por apariencia de discapacidad para anular un despido"}]},{"@type":"WebSite","@id":"https:\/\/sindromecharge.es\/#website","url":"https:\/\/sindromecharge.es\/","name":"Asociaci\u00f3n Espa\u00f1ola S\u00edndrome de Charge","description":"","potentialAction":[{"@type":"SearchAction","target":{"@type":"EntryPoint","urlTemplate":"https:\/\/sindromecharge.es\/?s={search_term_string}"},"query-input":{"@type":"PropertyValueSpecification","valueRequired":true,"valueName":"search_term_string"}}],"inLanguage":"es"},{"@type":"Person","@id":"https:\/\/sindromecharge.es\/#\/schema\/person\/39a60ebe0a2b4d5a11179701e336b039","name":"Charge","image":{"@type":"ImageObject","inLanguage":"es","@id":"https:\/\/secure.gravatar.com\/avatar\/c3b46e32a0fc3b093a0873fb767bf3293de856293065e84ef06b7ec7a8acfb98?s=96&d=identicon&r=x","url":"https:\/\/secure.gravatar.com\/avatar\/c3b46e32a0fc3b093a0873fb767bf3293de856293065e84ef06b7ec7a8acfb98?s=96&d=identicon&r=x","contentUrl":"https:\/\/secure.gravatar.com\/avatar\/c3b46e32a0fc3b093a0873fb767bf3293de856293065e84ef06b7ec7a8acfb98?s=96&d=identicon&r=x","caption":"Charge"},"url":"https:\/\/sindromecharge.es\/index.php\/author\/admin\/"}]}},"_links":{"self":[{"href":"https:\/\/sindromecharge.es\/index.php\/wp-json\/wp\/v2\/posts\/7043","targetHints":{"allow":["GET"]}}],"collection":[{"href":"https:\/\/sindromecharge.es\/index.php\/wp-json\/wp\/v2\/posts"}],"about":[{"href":"https:\/\/sindromecharge.es\/index.php\/wp-json\/wp\/v2\/types\/post"}],"author":[{"embeddable":true,"href":"https:\/\/sindromecharge.es\/index.php\/wp-json\/wp\/v2\/users\/1"}],"replies":[{"embeddable":true,"href":"https:\/\/sindromecharge.es\/index.php\/wp-json\/wp\/v2\/comments?post=7043"}],"version-history":[{"count":0,"href":"https:\/\/sindromecharge.es\/index.php\/wp-json\/wp\/v2\/posts\/7043\/revisions"}],"wp:attachment":[{"href":"https:\/\/sindromecharge.es\/index.php\/wp-json\/wp\/v2\/media?parent=7043"}],"wp:term":[{"taxonomy":"category","embeddable":true,"href":"https:\/\/sindromecharge.es\/index.php\/wp-json\/wp\/v2\/categories?post=7043"},{"taxonomy":"post_tag","embeddable":true,"href":"https:\/\/sindromecharge.es\/index.php\/wp-json\/wp\/v2\/tags?post=7043"}],"curies":[{"name":"wp","href":"https:\/\/api.w.org\/{rel}","templated":true}]}}