{"id":7042,"date":"2021-04-15T11:31:24","date_gmt":"2021-04-15T11:31:24","guid":{"rendered":"https:\/\/sindromecharge.es\/index.php\/2021\/04\/15\/las-personas-con-discapacidad-ya-pueden-acogerse-por-primera-vez-a-una-deduccion-de-100-euros-en-la-renta\/"},"modified":"2021-04-15T11:31:24","modified_gmt":"2021-04-15T11:31:24","slug":"las-personas-con-discapacidad-ya-pueden-acogerse-por-primera-vez-a-una-deduccion-de-100-euros-en-la-renta","status":"publish","type":"post","link":"https:\/\/sindromecharge.es\/index.php\/2021\/04\/15\/las-personas-con-discapacidad-ya-pueden-acogerse-por-primera-vez-a-una-deduccion-de-100-euros-en-la-renta\/","title":{"rendered":"Las personas con discapacidad ya pueden acogerse por primera vez a una deducci\u00f3n de 100 euros en la Renta"},"content":{"rendered":"<p>Leemos en 20minutos la siguiente noticia que os reproducimos de forma \u00edntegra: <\/p>\n<p>La Consejer\u00eda, que ha articulado esta deducci\u00f3n a trav\u00e9s de la Agencia Tributaria de la Regi\u00f3n de Murcia, estima que se podr\u00e1n beneficiar cerca de 12.000 personas con discapacidad, con un ahorro acumulado de 1,2 millones de euros para estos ciudadanos.<\/p>\n<p>El objetivo de esta medida es beneficiar a aquellas personas con discapacidad que hayan registrado menores ingresos en 2020, por lo que los contribuyentes deber\u00e1n justificar determinados niveles de renta.<\/p>\n<p>En concreto, la suma de las bases imponibles general y del ahorro debe ser de hasta 19.000 euros en caso de tributaci\u00f3n individual, o de hasta 24.000 euros en caso de tributaci\u00f3n conjunta.<\/p>\n<p>El consejero de Econom\u00eda, Hacienda y Administraci\u00f3n Digital, Javier Celdr\u00e1n, ha explicado que \u00abse trata de una deducci\u00f3n de car\u00e1cter social que supone un apoyo para un colectivo con especiales dificultades, como las personas con discapacidad con menores niveles de ingresos\u00bb.<\/p>\n<p>Adem\u00e1s, la Consejer\u00eda tambi\u00e9n ha activado otras dos nuevas deducciones auton\u00f3micas que entran en vigor en la presente campa\u00f1a de la Renta: para contribuyentes que hayan contratado a una persona para la atenci\u00f3n de descendientes menores de 12 a\u00f1os (hasta 400 euros), y para contribuyentes que hayan acogido de forma no remunerada a mayores de 65 a\u00f1os y\/o personas con discapacidad (hasta 600 euros).<\/p>\n<p>Las diez deducciones que ya estaban vigentes se aplican por adquisici\u00f3n o rehabilitaci\u00f3n de vivienda por parte de personas de hasta 35 a\u00f1os; por donativos para protecci\u00f3n del patrimonio cultural o actividades culturales y deportivas; por donativos para investigaci\u00f3n biosanitaria; gastos de guarder\u00eda; por nacimiento o adopci\u00f3n; por adquisici\u00f3n de material escolar y libros de texto; por inversi\u00f3n en instalaciones de energ\u00edas renovables; por inversi\u00f3n en dispositivos de ahorro de agua, por inversi\u00f3n en entidades nuevas, y por inversiones en entidades del mercado alternativo burs\u00e1til.<\/p>\n<p>Fuente: 20minutos <a href=\"https:\/\/www.20minutos.es\/noticia\/4658401\/0\/las-personas-con-discapacidad-ya-pueden-acogerse-por-primera-vez-a-una-deduccion-de-100-euros-en-la-renta\/\" target=\"_blank\" rel=\"noopener\">Las personas con discapacidad ya pueden acogerse por primera vez a una deducci\u00f3n de 100 euros en la Renta<\/a><\/p>\n","protected":false},"excerpt":{"rendered":"<p>Leemos en 20minutos la siguiente noticia que os reproducimos de forma \u00edntegra: La Consejer\u00eda, que ha articulado esta deducci\u00f3n a trav\u00e9s de la Agencia Tributaria de la Regi\u00f3n de Murcia, estima que se podr\u00e1n beneficiar cerca de 12.000 personas con discapacidad, con un ahorro acumulado de 1,2 millones de euros para estos ciudadanos. El objetivo [&hellip;]<\/p>\n","protected":false},"author":1,"featured_media":0,"comment_status":"open","ping_status":"closed","sticky":false,"template":"","format":"standard","meta":{"footnotes":""},"categories":[8],"tags":[31],"class_list":["post-7042","post","type-post","status-publish","format-standard","hentry","category-noticias","tag-discapacidad"],"yoast_head":"<!-- This site is optimized with the Yoast SEO plugin v27.5 - https:\/\/yoast.com\/product\/yoast-seo-wordpress\/ -->\n<title>Las personas con discapacidad ya pueden acogerse por primera vez a una deducci\u00f3n de 100 euros en la Renta - Asociaci\u00f3n Espa\u00f1ola S\u00edndrome de Charge<\/title>\n<meta name=\"robots\" content=\"index, follow, max-snippet:-1, max-image-preview:large, max-video-preview:-1\" \/>\n<link rel=\"canonical\" href=\"https:\/\/sindromecharge.es\/index.php\/2021\/04\/15\/las-personas-con-discapacidad-ya-pueden-acogerse-por-primera-vez-a-una-deduccion-de-100-euros-en-la-renta\/\" \/>\n<meta property=\"og:locale\" content=\"es_ES\" \/>\n<meta property=\"og:type\" content=\"article\" \/>\n<meta property=\"og:title\" content=\"Las personas con discapacidad ya pueden acogerse por primera vez a una deducci\u00f3n de 100 euros en la Renta - Asociaci\u00f3n Espa\u00f1ola S\u00edndrome de Charge\" \/>\n<meta property=\"og:description\" content=\"Leemos en 20minutos la siguiente noticia que os reproducimos de forma \u00edntegra: La Consejer\u00eda, que ha articulado esta deducci\u00f3n a trav\u00e9s de la Agencia Tributaria de la Regi\u00f3n de Murcia, estima que se podr\u00e1n beneficiar cerca de 12.000 personas con discapacidad, con un ahorro acumulado de 1,2 millones de euros para estos ciudadanos. El objetivo [&hellip;]\" \/>\n<meta property=\"og:url\" content=\"https:\/\/sindromecharge.es\/index.php\/2021\/04\/15\/las-personas-con-discapacidad-ya-pueden-acogerse-por-primera-vez-a-una-deduccion-de-100-euros-en-la-renta\/\" \/>\n<meta property=\"og:site_name\" content=\"Asociaci\u00f3n Espa\u00f1ola S\u00edndrome de Charge\" \/>\n<meta property=\"article:publisher\" content=\"https:\/\/www.facebook.com\/asociacionsindromecharge\" \/>\n<meta property=\"article:published_time\" content=\"2021-04-15T11:31:24+00:00\" \/>\n<meta property=\"og:image\" content=\"https:\/\/sindromecharge.es\/wp-content\/uploads\/2013\/09\/logodecharge300x98.png\" \/>\n\t<meta property=\"og:image:width\" content=\"300\" \/>\n\t<meta property=\"og:image:height\" content=\"98\" \/>\n\t<meta property=\"og:image:type\" content=\"image\/png\" \/>\n<meta name=\"author\" content=\"Charge\" \/>\n<meta name=\"twitter:card\" content=\"summary_large_image\" \/>\n<meta name=\"twitter:creator\" content=\"@sindromecharge\" \/>\n<meta name=\"twitter:site\" content=\"@sindromecharge\" \/>\n<meta name=\"twitter:label1\" content=\"Escrito por\" \/>\n\t<meta name=\"twitter:data1\" content=\"Charge\" \/>\n\t<meta name=\"twitter:label2\" content=\"Tiempo de lectura\" \/>\n\t<meta name=\"twitter:data2\" content=\"2 minutos\" \/>\n<script type=\"application\/ld+json\" class=\"yoast-schema-graph\">{\"@context\":\"https:\\\/\\\/schema.org\",\"@graph\":[{\"@type\":\"Article\",\"@id\":\"https:\\\/\\\/sindromecharge.es\\\/index.php\\\/2021\\\/04\\\/15\\\/las-personas-con-discapacidad-ya-pueden-acogerse-por-primera-vez-a-una-deduccion-de-100-euros-en-la-renta\\\/#article\",\"isPartOf\":{\"@id\":\"https:\\\/\\\/sindromecharge.es\\\/index.php\\\/2021\\\/04\\\/15\\\/las-personas-con-discapacidad-ya-pueden-acogerse-por-primera-vez-a-una-deduccion-de-100-euros-en-la-renta\\\/\"},\"author\":{\"name\":\"Charge\",\"@id\":\"https:\\\/\\\/sindromecharge.es\\\/#\\\/schema\\\/person\\\/39a60ebe0a2b4d5a11179701e336b039\"},\"headline\":\"Las personas con discapacidad ya pueden acogerse por primera vez a una deducci\u00f3n de 100 euros en la Renta\",\"datePublished\":\"2021-04-15T11:31:24+00:00\",\"mainEntityOfPage\":{\"@id\":\"https:\\\/\\\/sindromecharge.es\\\/index.php\\\/2021\\\/04\\\/15\\\/las-personas-con-discapacidad-ya-pueden-acogerse-por-primera-vez-a-una-deduccion-de-100-euros-en-la-renta\\\/\"},\"wordCount\":371,\"commentCount\":0,\"keywords\":[\"discapacidad\"],\"articleSection\":[\"noticias\"],\"inLanguage\":\"es\",\"potentialAction\":[{\"@type\":\"CommentAction\",\"name\":\"Comment\",\"target\":[\"https:\\\/\\\/sindromecharge.es\\\/index.php\\\/2021\\\/04\\\/15\\\/las-personas-con-discapacidad-ya-pueden-acogerse-por-primera-vez-a-una-deduccion-de-100-euros-en-la-renta\\\/#respond\"]}]},{\"@type\":\"WebPage\",\"@id\":\"https:\\\/\\\/sindromecharge.es\\\/index.php\\\/2021\\\/04\\\/15\\\/las-personas-con-discapacidad-ya-pueden-acogerse-por-primera-vez-a-una-deduccion-de-100-euros-en-la-renta\\\/\",\"url\":\"https:\\\/\\\/sindromecharge.es\\\/index.php\\\/2021\\\/04\\\/15\\\/las-personas-con-discapacidad-ya-pueden-acogerse-por-primera-vez-a-una-deduccion-de-100-euros-en-la-renta\\\/\",\"name\":\"Las personas con discapacidad ya pueden acogerse por primera vez a una deducci\u00f3n de 100 euros en la Renta - Asociaci\u00f3n Espa\u00f1ola S\u00edndrome de Charge\",\"isPartOf\":{\"@id\":\"https:\\\/\\\/sindromecharge.es\\\/#website\"},\"datePublished\":\"2021-04-15T11:31:24+00:00\",\"author\":{\"@id\":\"https:\\\/\\\/sindromecharge.es\\\/#\\\/schema\\\/person\\\/39a60ebe0a2b4d5a11179701e336b039\"},\"breadcrumb\":{\"@id\":\"https:\\\/\\\/sindromecharge.es\\\/index.php\\\/2021\\\/04\\\/15\\\/las-personas-con-discapacidad-ya-pueden-acogerse-por-primera-vez-a-una-deduccion-de-100-euros-en-la-renta\\\/#breadcrumb\"},\"inLanguage\":\"es\",\"potentialAction\":[{\"@type\":\"ReadAction\",\"target\":[\"https:\\\/\\\/sindromecharge.es\\\/index.php\\\/2021\\\/04\\\/15\\\/las-personas-con-discapacidad-ya-pueden-acogerse-por-primera-vez-a-una-deduccion-de-100-euros-en-la-renta\\\/\"]}]},{\"@type\":\"BreadcrumbList\",\"@id\":\"https:\\\/\\\/sindromecharge.es\\\/index.php\\\/2021\\\/04\\\/15\\\/las-personas-con-discapacidad-ya-pueden-acogerse-por-primera-vez-a-una-deduccion-de-100-euros-en-la-renta\\\/#breadcrumb\",\"itemListElement\":[{\"@type\":\"ListItem\",\"position\":1,\"name\":\"Portada\",\"item\":\"https:\\\/\\\/sindromecharge.es\\\/\"},{\"@type\":\"ListItem\",\"position\":2,\"name\":\"Las personas con discapacidad ya pueden acogerse por primera vez a una deducci\u00f3n de 100 euros en la Renta\"}]},{\"@type\":\"WebSite\",\"@id\":\"https:\\\/\\\/sindromecharge.es\\\/#website\",\"url\":\"https:\\\/\\\/sindromecharge.es\\\/\",\"name\":\"Asociaci\u00f3n Espa\u00f1ola S\u00edndrome de Charge\",\"description\":\"\",\"potentialAction\":[{\"@type\":\"SearchAction\",\"target\":{\"@type\":\"EntryPoint\",\"urlTemplate\":\"https:\\\/\\\/sindromecharge.es\\\/?s={search_term_string}\"},\"query-input\":{\"@type\":\"PropertyValueSpecification\",\"valueRequired\":true,\"valueName\":\"search_term_string\"}}],\"inLanguage\":\"es\"},{\"@type\":\"Person\",\"@id\":\"https:\\\/\\\/sindromecharge.es\\\/#\\\/schema\\\/person\\\/39a60ebe0a2b4d5a11179701e336b039\",\"name\":\"Charge\",\"image\":{\"@type\":\"ImageObject\",\"inLanguage\":\"es\",\"@id\":\"https:\\\/\\\/secure.gravatar.com\\\/avatar\\\/c3b46e32a0fc3b093a0873fb767bf3293de856293065e84ef06b7ec7a8acfb98?s=96&d=identicon&r=x\",\"url\":\"https:\\\/\\\/secure.gravatar.com\\\/avatar\\\/c3b46e32a0fc3b093a0873fb767bf3293de856293065e84ef06b7ec7a8acfb98?s=96&d=identicon&r=x\",\"contentUrl\":\"https:\\\/\\\/secure.gravatar.com\\\/avatar\\\/c3b46e32a0fc3b093a0873fb767bf3293de856293065e84ef06b7ec7a8acfb98?s=96&d=identicon&r=x\",\"caption\":\"Charge\"},\"url\":\"https:\\\/\\\/sindromecharge.es\\\/index.php\\\/author\\\/admin\\\/\"}]}<\/script>\n<!-- \/ Yoast SEO plugin. -->","yoast_head_json":{"title":"Las personas con discapacidad ya pueden acogerse por primera vez a una deducci\u00f3n de 100 euros en la Renta - Asociaci\u00f3n Espa\u00f1ola S\u00edndrome de Charge","robots":{"index":"index","follow":"follow","max-snippet":"max-snippet:-1","max-image-preview":"max-image-preview:large","max-video-preview":"max-video-preview:-1"},"canonical":"https:\/\/sindromecharge.es\/index.php\/2021\/04\/15\/las-personas-con-discapacidad-ya-pueden-acogerse-por-primera-vez-a-una-deduccion-de-100-euros-en-la-renta\/","og_locale":"es_ES","og_type":"article","og_title":"Las personas con discapacidad ya pueden acogerse por primera vez a una deducci\u00f3n de 100 euros en la Renta - Asociaci\u00f3n Espa\u00f1ola S\u00edndrome de Charge","og_description":"Leemos en 20minutos la siguiente noticia que os reproducimos de forma \u00edntegra: La Consejer\u00eda, que ha articulado esta deducci\u00f3n a trav\u00e9s de la Agencia Tributaria de la Regi\u00f3n de Murcia, estima que se podr\u00e1n beneficiar cerca de 12.000 personas con discapacidad, con un ahorro acumulado de 1,2 millones de euros para estos ciudadanos. El objetivo [&hellip;]","og_url":"https:\/\/sindromecharge.es\/index.php\/2021\/04\/15\/las-personas-con-discapacidad-ya-pueden-acogerse-por-primera-vez-a-una-deduccion-de-100-euros-en-la-renta\/","og_site_name":"Asociaci\u00f3n Espa\u00f1ola S\u00edndrome de Charge","article_publisher":"https:\/\/www.facebook.com\/asociacionsindromecharge","article_published_time":"2021-04-15T11:31:24+00:00","og_image":[{"width":300,"height":98,"url":"https:\/\/sindromecharge.es\/wp-content\/uploads\/2013\/09\/logodecharge300x98.png","type":"image\/png"}],"author":"Charge","twitter_card":"summary_large_image","twitter_creator":"@sindromecharge","twitter_site":"@sindromecharge","twitter_misc":{"Escrito por":"Charge","Tiempo de lectura":"2 minutos"},"schema":{"@context":"https:\/\/schema.org","@graph":[{"@type":"Article","@id":"https:\/\/sindromecharge.es\/index.php\/2021\/04\/15\/las-personas-con-discapacidad-ya-pueden-acogerse-por-primera-vez-a-una-deduccion-de-100-euros-en-la-renta\/#article","isPartOf":{"@id":"https:\/\/sindromecharge.es\/index.php\/2021\/04\/15\/las-personas-con-discapacidad-ya-pueden-acogerse-por-primera-vez-a-una-deduccion-de-100-euros-en-la-renta\/"},"author":{"name":"Charge","@id":"https:\/\/sindromecharge.es\/#\/schema\/person\/39a60ebe0a2b4d5a11179701e336b039"},"headline":"Las personas con discapacidad ya pueden acogerse por primera vez a una deducci\u00f3n de 100 euros en la Renta","datePublished":"2021-04-15T11:31:24+00:00","mainEntityOfPage":{"@id":"https:\/\/sindromecharge.es\/index.php\/2021\/04\/15\/las-personas-con-discapacidad-ya-pueden-acogerse-por-primera-vez-a-una-deduccion-de-100-euros-en-la-renta\/"},"wordCount":371,"commentCount":0,"keywords":["discapacidad"],"articleSection":["noticias"],"inLanguage":"es","potentialAction":[{"@type":"CommentAction","name":"Comment","target":["https:\/\/sindromecharge.es\/index.php\/2021\/04\/15\/las-personas-con-discapacidad-ya-pueden-acogerse-por-primera-vez-a-una-deduccion-de-100-euros-en-la-renta\/#respond"]}]},{"@type":"WebPage","@id":"https:\/\/sindromecharge.es\/index.php\/2021\/04\/15\/las-personas-con-discapacidad-ya-pueden-acogerse-por-primera-vez-a-una-deduccion-de-100-euros-en-la-renta\/","url":"https:\/\/sindromecharge.es\/index.php\/2021\/04\/15\/las-personas-con-discapacidad-ya-pueden-acogerse-por-primera-vez-a-una-deduccion-de-100-euros-en-la-renta\/","name":"Las personas con discapacidad ya pueden acogerse por primera vez a una deducci\u00f3n de 100 euros en la Renta - Asociaci\u00f3n Espa\u00f1ola S\u00edndrome de Charge","isPartOf":{"@id":"https:\/\/sindromecharge.es\/#website"},"datePublished":"2021-04-15T11:31:24+00:00","author":{"@id":"https:\/\/sindromecharge.es\/#\/schema\/person\/39a60ebe0a2b4d5a11179701e336b039"},"breadcrumb":{"@id":"https:\/\/sindromecharge.es\/index.php\/2021\/04\/15\/las-personas-con-discapacidad-ya-pueden-acogerse-por-primera-vez-a-una-deduccion-de-100-euros-en-la-renta\/#breadcrumb"},"inLanguage":"es","potentialAction":[{"@type":"ReadAction","target":["https:\/\/sindromecharge.es\/index.php\/2021\/04\/15\/las-personas-con-discapacidad-ya-pueden-acogerse-por-primera-vez-a-una-deduccion-de-100-euros-en-la-renta\/"]}]},{"@type":"BreadcrumbList","@id":"https:\/\/sindromecharge.es\/index.php\/2021\/04\/15\/las-personas-con-discapacidad-ya-pueden-acogerse-por-primera-vez-a-una-deduccion-de-100-euros-en-la-renta\/#breadcrumb","itemListElement":[{"@type":"ListItem","position":1,"name":"Portada","item":"https:\/\/sindromecharge.es\/"},{"@type":"ListItem","position":2,"name":"Las personas con discapacidad ya pueden acogerse por primera vez a una deducci\u00f3n de 100 euros en la Renta"}]},{"@type":"WebSite","@id":"https:\/\/sindromecharge.es\/#website","url":"https:\/\/sindromecharge.es\/","name":"Asociaci\u00f3n Espa\u00f1ola S\u00edndrome de Charge","description":"","potentialAction":[{"@type":"SearchAction","target":{"@type":"EntryPoint","urlTemplate":"https:\/\/sindromecharge.es\/?s={search_term_string}"},"query-input":{"@type":"PropertyValueSpecification","valueRequired":true,"valueName":"search_term_string"}}],"inLanguage":"es"},{"@type":"Person","@id":"https:\/\/sindromecharge.es\/#\/schema\/person\/39a60ebe0a2b4d5a11179701e336b039","name":"Charge","image":{"@type":"ImageObject","inLanguage":"es","@id":"https:\/\/secure.gravatar.com\/avatar\/c3b46e32a0fc3b093a0873fb767bf3293de856293065e84ef06b7ec7a8acfb98?s=96&d=identicon&r=x","url":"https:\/\/secure.gravatar.com\/avatar\/c3b46e32a0fc3b093a0873fb767bf3293de856293065e84ef06b7ec7a8acfb98?s=96&d=identicon&r=x","contentUrl":"https:\/\/secure.gravatar.com\/avatar\/c3b46e32a0fc3b093a0873fb767bf3293de856293065e84ef06b7ec7a8acfb98?s=96&d=identicon&r=x","caption":"Charge"},"url":"https:\/\/sindromecharge.es\/index.php\/author\/admin\/"}]}},"_links":{"self":[{"href":"https:\/\/sindromecharge.es\/index.php\/wp-json\/wp\/v2\/posts\/7042","targetHints":{"allow":["GET"]}}],"collection":[{"href":"https:\/\/sindromecharge.es\/index.php\/wp-json\/wp\/v2\/posts"}],"about":[{"href":"https:\/\/sindromecharge.es\/index.php\/wp-json\/wp\/v2\/types\/post"}],"author":[{"embeddable":true,"href":"https:\/\/sindromecharge.es\/index.php\/wp-json\/wp\/v2\/users\/1"}],"replies":[{"embeddable":true,"href":"https:\/\/sindromecharge.es\/index.php\/wp-json\/wp\/v2\/comments?post=7042"}],"version-history":[{"count":0,"href":"https:\/\/sindromecharge.es\/index.php\/wp-json\/wp\/v2\/posts\/7042\/revisions"}],"wp:attachment":[{"href":"https:\/\/sindromecharge.es\/index.php\/wp-json\/wp\/v2\/media?parent=7042"}],"wp:term":[{"taxonomy":"category","embeddable":true,"href":"https:\/\/sindromecharge.es\/index.php\/wp-json\/wp\/v2\/categories?post=7042"},{"taxonomy":"post_tag","embeddable":true,"href":"https:\/\/sindromecharge.es\/index.php\/wp-json\/wp\/v2\/tags?post=7042"}],"curies":[{"name":"wp","href":"https:\/\/api.w.org\/{rel}","templated":true}]}}