{"id":7041,"date":"2021-04-15T09:28:04","date_gmt":"2021-04-15T09:28:04","guid":{"rendered":"https:\/\/sindromecharge.es\/index.php\/2021\/04\/15\/fundacion-telefonica-se-suma-al-compromiso-de-feder-con-la-investigacion-en-enfermedades-raras\/"},"modified":"2021-04-15T09:28:04","modified_gmt":"2021-04-15T09:28:04","slug":"fundacion-telefonica-se-suma-al-compromiso-de-feder-con-la-investigacion-en-enfermedades-raras","status":"publish","type":"post","link":"https:\/\/sindromecharge.es\/index.php\/2021\/04\/15\/fundacion-telefonica-se-suma-al-compromiso-de-feder-con-la-investigacion-en-enfermedades-raras\/","title":{"rendered":"Fundaci\u00f3n Telef\u00f3nica se suma al compromiso de FEDER con la investigaci\u00f3n en enfermedades raras"},"content":{"rendered":"<p>Leemos en FEDER la siguiente noticia que os reproducimos de forma \u00edntegra: <\/p>\n<p><p>Fundaci\u00f3n Telef\u00f3nica se ha unido a FEDER para mejorar la calidad de vida de las personas con enfermedades poco frecuentes. De este modo, y a trav\u00e9s de su voluntariado corporativo, la entidad muestra una vez m\u00e1s su compromiso social para apoyar a colectivos en situaci\u00f3n de especial vulnerabilidad debido a la crisis de la COVID-19.<\/p>\n<p>Con este fin, Carmen Moren\u00e9s, directora general de Fundaci\u00f3n Telef\u00f3nica y Carlos Ignacio Palacios, responsable global del programa Voluntarios Telef\u00f3nica, han firmado junto a Juan Carri\u00f3n, presidente de FEDER y su Fundaci\u00f3n, Alba Ancochea, directora general de FEDER y Mar\u00eda Tom\u00e9, subdirectora de la entidad, un acuerdo de colaboraci\u00f3n, mostrando as\u00ed su respaldo a los pacientes y sus familias.<\/p>\n<p>El acuerdo firmado con FEDER, que tiene por objetivo ser el altavoz de las m\u00e1s de tres millones de personas que conviven con alguna de estas patolog\u00edas en nuestro pa\u00eds y actualmente re\u00fane a m\u00e1s de 385 asociaciones de pacientes, supone la implicaci\u00f3n de Fundaci\u00f3n Telef\u00f3nica en tres \u00e1reas fundamentales para FEDER: la promoci\u00f3n de la investigaci\u00f3n, la movilizaci\u00f3n social y el empoderamiento y capacitaci\u00f3n de quienes forman parte de este colectivo.<\/p>\n<p>Juan Carri\u00f3n, presidente de FEDER y su Fundaci\u00f3n, ha afirmado que \u201cpara nosotros es un verdadero privilegio poder contar con el apoyo y el compromiso de una entidad con una trayectoria y unos valores como Fundaci\u00f3n Telef\u00f3nica. Su capacidad de movilizaci\u00f3n social har\u00e1 posible que traslademos a la sociedad la necesidad de seguir avanzando en investigaci\u00f3n en enfermedades raras. Estamos seguros de que esta alianza revertir\u00e1 de manera directa en los pacientes y ser\u00e1 un gran impulso para la esperanza de m\u00e1s de 3 millones de personas en nuestro pa\u00eds\u201d.<\/p>\n<p>Por su parte, Carmen Moren\u00e9s, directora de Fundaci\u00f3n Telef\u00f3nica, a\u00f1ade \u201cel compromiso social y las ganas de ayudar son algo intr\u00ednseco en el ADN de Telef\u00f3nica y pensamos que la forma m\u00e1s eficaz de lograrlo es sumando fuerzas. Por eso ponemos a disposici\u00f3n de FEDER nuestros recursos humanos y digitales para que nadie se quede atr\u00e1s ante los retos de la era digital\u201d<\/p>\n<p><span style=\"font-size: 12pt\">La investigaci\u00f3n es la esperanza para los pacientes<\/span><\/p>\n<p>Fundaci\u00f3n Telef\u00f3nica pondr\u00e1 al servicio de FEDER la acci\u00f3n social de los empleados del Grupo y todos los recursos a su alcance para favorecer las iniciativas desarrolladas por la federaci\u00f3n en el \u00e1mbito de la investigaci\u00f3n y que este a\u00f1o adem\u00e1s se enmarcan en la celebraci\u00f3n del XV aniversario.<\/p>\n<p>Con el apoyo de entidades como Fundaci\u00f3n Telef\u00f3nica, FEDER trabaja para implicar a la sociedad y sensibilizar sobre la importancia de la investigaci\u00f3n, al tiempo que impulsa su avance.<\/p>\n<p>FEDER podr\u00e1 adem\u00e1s seguir impulsando la financiaci\u00f3n de los proyectos de investigaci\u00f3n que realiza a trav\u00e9s de las \u201cAyudas a la Investigaci\u00f3n\u201d, que la entidad convoca desde 2015 y que han apoyado ya 18 proyectos propuestos por las entidades miembro de FEDER.<\/p>\n<p><span style=\"font-size: 12pt\">La movilizaci\u00f3n social y la capacitaci\u00f3n como herramientas para el cambio<\/span><\/p>\n<p>Por otro lado, desde el programa de Voluntarios Telef\u00f3nica, se pondr\u00e1 en marcha el reto solidario deportivo \u201cTu ejercicio, por tu salud y la de todos\u201d, en la que tanto los voluntarios como todo aquel que quiera unirse a la causa, podr\u00e1n recorrer kil\u00f3metros en favor del colectivo de personas que viven con una enfermedad rara. Por cada kil\u00f3metro recorrido de los primeros 20.000, Fundaci\u00f3n Telef\u00f3nica donar\u00e1 un euro para el sustento de diferentes estudios en diagn\u00f3stico y tratamiento respaldados por la federaci\u00f3n, que buscan seguir avanzando en el abordaje de las enfermedades poco frecuentes.<\/p>\n<p>Este reto que espera recorrer muchos m\u00e1s de los 20.000km, as\u00ed como el resto de acciones, ser\u00e1n posibles gracias a las ganas de ayudar de los empleados de Telef\u00f3nica, que se implicar\u00e1n en esta iniciativa demostrando as\u00ed su solidaridad y compromiso con la causa.<\/p>\n<p><span style=\"font-size: 12pt\">Formaci\u00f3n para mejorar las competencias digitales<\/span><\/p>\n<p>De manera paralela a estas acciones, Fundaci\u00f3n Telef\u00f3nica ha decidido poner sus programas de formaci\u00f3n Conecta Educaci\u00f3n y Conecta Empleo a disposici\u00f3n de las casi 100.000 personas que forman parte de las asociaciones miembro de FEDER. A trav\u00e9s de Conecta Empleo podr\u00e1n acceder a formaci\u00f3n gratuita para mejorar las competencias digitales y con Conecta Educaci\u00f3n se les ofrecer\u00e1 formaci\u00f3n y acompa\u00f1amiento en la transformaci\u00f3n digital para que puedan seguir desarrollando su labor social en remoto.<\/p>\n<p>\u00daltima actualizaci\u00f3n 15\/04\/2021<\/p>\n<p>Fuente: FEDER <a href=\"https:\/\/enfermedades-raras.org\/index.php\/actualidad\/noticias-eventos\/2-feder\/15201-fundaci%C3%B3n-telef%C3%B3nica-se-suma-al-compromiso-de-feder-con-la-investigaci%C3%B3n-en-enfermedades-raras\" target=\"_blank\" rel=\"noopener\">Fundaci\u00f3n Telef\u00f3nica se suma al compromiso de FEDER con la investigaci\u00f3n en enfermedades raras<\/a><\/p>\n","protected":false},"excerpt":{"rendered":"<p>Leemos en FEDER la siguiente noticia que os reproducimos de forma \u00edntegra: Fundaci\u00f3n Telef\u00f3nica se ha unido a FEDER para mejorar la calidad de vida de las personas con enfermedades poco frecuentes. De este modo, y a trav\u00e9s de su voluntariado corporativo, la entidad muestra una vez m\u00e1s su compromiso social para apoyar a colectivos [&hellip;]<\/p>\n","protected":false},"author":1,"featured_media":0,"comment_status":"open","ping_status":"closed","sticky":false,"template":"","format":"standard","meta":{"footnotes":""},"categories":[8],"tags":[36],"class_list":["post-7041","post","type-post","status-publish","format-standard","hentry","category-noticias","tag-enfermedades-raras"],"yoast_head":"<!-- This site is optimized with the Yoast SEO plugin v27.5 - https:\/\/yoast.com\/product\/yoast-seo-wordpress\/ -->\n<title>Fundaci\u00f3n Telef\u00f3nica se suma al compromiso de FEDER con la investigaci\u00f3n en enfermedades raras - Asociaci\u00f3n Espa\u00f1ola S\u00edndrome de Charge<\/title>\n<meta name=\"robots\" content=\"index, follow, max-snippet:-1, max-image-preview:large, max-video-preview:-1\" \/>\n<link rel=\"canonical\" href=\"https:\/\/sindromecharge.es\/index.php\/2021\/04\/15\/fundacion-telefonica-se-suma-al-compromiso-de-feder-con-la-investigacion-en-enfermedades-raras\/\" \/>\n<meta property=\"og:locale\" content=\"es_ES\" \/>\n<meta property=\"og:type\" content=\"article\" \/>\n<meta property=\"og:title\" content=\"Fundaci\u00f3n Telef\u00f3nica se suma al compromiso de FEDER con la investigaci\u00f3n en enfermedades raras - Asociaci\u00f3n Espa\u00f1ola S\u00edndrome de Charge\" \/>\n<meta property=\"og:description\" content=\"Leemos en FEDER la siguiente noticia que os reproducimos de forma \u00edntegra: Fundaci\u00f3n Telef\u00f3nica se ha unido a FEDER para mejorar la calidad de vida de las personas con enfermedades poco frecuentes. De este modo, y a trav\u00e9s de su voluntariado corporativo, la entidad muestra una vez m\u00e1s su compromiso social para apoyar a colectivos [&hellip;]\" \/>\n<meta property=\"og:url\" content=\"https:\/\/sindromecharge.es\/index.php\/2021\/04\/15\/fundacion-telefonica-se-suma-al-compromiso-de-feder-con-la-investigacion-en-enfermedades-raras\/\" \/>\n<meta property=\"og:site_name\" content=\"Asociaci\u00f3n Espa\u00f1ola S\u00edndrome de Charge\" \/>\n<meta property=\"article:publisher\" content=\"https:\/\/www.facebook.com\/asociacionsindromecharge\" \/>\n<meta property=\"article:published_time\" content=\"2021-04-15T09:28:04+00:00\" \/>\n<meta property=\"og:image\" content=\"https:\/\/sindromecharge.es\/wp-content\/uploads\/2013\/09\/logodecharge300x98.png\" \/>\n\t<meta property=\"og:image:width\" content=\"300\" \/>\n\t<meta property=\"og:image:height\" content=\"98\" \/>\n\t<meta property=\"og:image:type\" content=\"image\/png\" \/>\n<meta name=\"author\" content=\"Charge\" \/>\n<meta name=\"twitter:card\" content=\"summary_large_image\" \/>\n<meta name=\"twitter:creator\" content=\"@sindromecharge\" \/>\n<meta name=\"twitter:site\" content=\"@sindromecharge\" \/>\n<meta name=\"twitter:label1\" content=\"Escrito por\" \/>\n\t<meta name=\"twitter:data1\" content=\"Charge\" \/>\n\t<meta name=\"twitter:label2\" content=\"Tiempo de lectura\" \/>\n\t<meta name=\"twitter:data2\" content=\"4 minutos\" \/>\n<script type=\"application\/ld+json\" class=\"yoast-schema-graph\">{\"@context\":\"https:\\\/\\\/schema.org\",\"@graph\":[{\"@type\":\"Article\",\"@id\":\"https:\\\/\\\/sindromecharge.es\\\/index.php\\\/2021\\\/04\\\/15\\\/fundacion-telefonica-se-suma-al-compromiso-de-feder-con-la-investigacion-en-enfermedades-raras\\\/#article\",\"isPartOf\":{\"@id\":\"https:\\\/\\\/sindromecharge.es\\\/index.php\\\/2021\\\/04\\\/15\\\/fundacion-telefonica-se-suma-al-compromiso-de-feder-con-la-investigacion-en-enfermedades-raras\\\/\"},\"author\":{\"name\":\"Charge\",\"@id\":\"https:\\\/\\\/sindromecharge.es\\\/#\\\/schema\\\/person\\\/39a60ebe0a2b4d5a11179701e336b039\"},\"headline\":\"Fundaci\u00f3n Telef\u00f3nica se suma al compromiso de FEDER con la investigaci\u00f3n en enfermedades raras\",\"datePublished\":\"2021-04-15T09:28:04+00:00\",\"mainEntityOfPage\":{\"@id\":\"https:\\\/\\\/sindromecharge.es\\\/index.php\\\/2021\\\/04\\\/15\\\/fundacion-telefonica-se-suma-al-compromiso-de-feder-con-la-investigacion-en-enfermedades-raras\\\/\"},\"wordCount\":829,\"commentCount\":0,\"keywords\":[\"enfermedades raras\"],\"articleSection\":[\"noticias\"],\"inLanguage\":\"es\",\"potentialAction\":[{\"@type\":\"CommentAction\",\"name\":\"Comment\",\"target\":[\"https:\\\/\\\/sindromecharge.es\\\/index.php\\\/2021\\\/04\\\/15\\\/fundacion-telefonica-se-suma-al-compromiso-de-feder-con-la-investigacion-en-enfermedades-raras\\\/#respond\"]}]},{\"@type\":\"WebPage\",\"@id\":\"https:\\\/\\\/sindromecharge.es\\\/index.php\\\/2021\\\/04\\\/15\\\/fundacion-telefonica-se-suma-al-compromiso-de-feder-con-la-investigacion-en-enfermedades-raras\\\/\",\"url\":\"https:\\\/\\\/sindromecharge.es\\\/index.php\\\/2021\\\/04\\\/15\\\/fundacion-telefonica-se-suma-al-compromiso-de-feder-con-la-investigacion-en-enfermedades-raras\\\/\",\"name\":\"Fundaci\u00f3n Telef\u00f3nica se suma al compromiso de FEDER con la investigaci\u00f3n en enfermedades raras - Asociaci\u00f3n Espa\u00f1ola S\u00edndrome de Charge\",\"isPartOf\":{\"@id\":\"https:\\\/\\\/sindromecharge.es\\\/#website\"},\"datePublished\":\"2021-04-15T09:28:04+00:00\",\"author\":{\"@id\":\"https:\\\/\\\/sindromecharge.es\\\/#\\\/schema\\\/person\\\/39a60ebe0a2b4d5a11179701e336b039\"},\"breadcrumb\":{\"@id\":\"https:\\\/\\\/sindromecharge.es\\\/index.php\\\/2021\\\/04\\\/15\\\/fundacion-telefonica-se-suma-al-compromiso-de-feder-con-la-investigacion-en-enfermedades-raras\\\/#breadcrumb\"},\"inLanguage\":\"es\",\"potentialAction\":[{\"@type\":\"ReadAction\",\"target\":[\"https:\\\/\\\/sindromecharge.es\\\/index.php\\\/2021\\\/04\\\/15\\\/fundacion-telefonica-se-suma-al-compromiso-de-feder-con-la-investigacion-en-enfermedades-raras\\\/\"]}]},{\"@type\":\"BreadcrumbList\",\"@id\":\"https:\\\/\\\/sindromecharge.es\\\/index.php\\\/2021\\\/04\\\/15\\\/fundacion-telefonica-se-suma-al-compromiso-de-feder-con-la-investigacion-en-enfermedades-raras\\\/#breadcrumb\",\"itemListElement\":[{\"@type\":\"ListItem\",\"position\":1,\"name\":\"Portada\",\"item\":\"https:\\\/\\\/sindromecharge.es\\\/\"},{\"@type\":\"ListItem\",\"position\":2,\"name\":\"Fundaci\u00f3n Telef\u00f3nica se suma al compromiso de FEDER con la investigaci\u00f3n en enfermedades raras\"}]},{\"@type\":\"WebSite\",\"@id\":\"https:\\\/\\\/sindromecharge.es\\\/#website\",\"url\":\"https:\\\/\\\/sindromecharge.es\\\/\",\"name\":\"Asociaci\u00f3n Espa\u00f1ola S\u00edndrome de Charge\",\"description\":\"\",\"potentialAction\":[{\"@type\":\"SearchAction\",\"target\":{\"@type\":\"EntryPoint\",\"urlTemplate\":\"https:\\\/\\\/sindromecharge.es\\\/?s={search_term_string}\"},\"query-input\":{\"@type\":\"PropertyValueSpecification\",\"valueRequired\":true,\"valueName\":\"search_term_string\"}}],\"inLanguage\":\"es\"},{\"@type\":\"Person\",\"@id\":\"https:\\\/\\\/sindromecharge.es\\\/#\\\/schema\\\/person\\\/39a60ebe0a2b4d5a11179701e336b039\",\"name\":\"Charge\",\"image\":{\"@type\":\"ImageObject\",\"inLanguage\":\"es\",\"@id\":\"https:\\\/\\\/secure.gravatar.com\\\/avatar\\\/c3b46e32a0fc3b093a0873fb767bf3293de856293065e84ef06b7ec7a8acfb98?s=96&d=identicon&r=x\",\"url\":\"https:\\\/\\\/secure.gravatar.com\\\/avatar\\\/c3b46e32a0fc3b093a0873fb767bf3293de856293065e84ef06b7ec7a8acfb98?s=96&d=identicon&r=x\",\"contentUrl\":\"https:\\\/\\\/secure.gravatar.com\\\/avatar\\\/c3b46e32a0fc3b093a0873fb767bf3293de856293065e84ef06b7ec7a8acfb98?s=96&d=identicon&r=x\",\"caption\":\"Charge\"},\"url\":\"https:\\\/\\\/sindromecharge.es\\\/index.php\\\/author\\\/admin\\\/\"}]}<\/script>\n<!-- \/ Yoast SEO plugin. -->","yoast_head_json":{"title":"Fundaci\u00f3n Telef\u00f3nica se suma al compromiso de FEDER con la investigaci\u00f3n en enfermedades raras - Asociaci\u00f3n Espa\u00f1ola S\u00edndrome de Charge","robots":{"index":"index","follow":"follow","max-snippet":"max-snippet:-1","max-image-preview":"max-image-preview:large","max-video-preview":"max-video-preview:-1"},"canonical":"https:\/\/sindromecharge.es\/index.php\/2021\/04\/15\/fundacion-telefonica-se-suma-al-compromiso-de-feder-con-la-investigacion-en-enfermedades-raras\/","og_locale":"es_ES","og_type":"article","og_title":"Fundaci\u00f3n Telef\u00f3nica se suma al compromiso de FEDER con la investigaci\u00f3n en enfermedades raras - Asociaci\u00f3n Espa\u00f1ola S\u00edndrome de Charge","og_description":"Leemos en FEDER la siguiente noticia que os reproducimos de forma \u00edntegra: Fundaci\u00f3n Telef\u00f3nica se ha unido a FEDER para mejorar la calidad de vida de las personas con enfermedades poco frecuentes. De este modo, y a trav\u00e9s de su voluntariado corporativo, la entidad muestra una vez m\u00e1s su compromiso social para apoyar a colectivos [&hellip;]","og_url":"https:\/\/sindromecharge.es\/index.php\/2021\/04\/15\/fundacion-telefonica-se-suma-al-compromiso-de-feder-con-la-investigacion-en-enfermedades-raras\/","og_site_name":"Asociaci\u00f3n Espa\u00f1ola S\u00edndrome de Charge","article_publisher":"https:\/\/www.facebook.com\/asociacionsindromecharge","article_published_time":"2021-04-15T09:28:04+00:00","og_image":[{"width":300,"height":98,"url":"https:\/\/sindromecharge.es\/wp-content\/uploads\/2013\/09\/logodecharge300x98.png","type":"image\/png"}],"author":"Charge","twitter_card":"summary_large_image","twitter_creator":"@sindromecharge","twitter_site":"@sindromecharge","twitter_misc":{"Escrito por":"Charge","Tiempo de lectura":"4 minutos"},"schema":{"@context":"https:\/\/schema.org","@graph":[{"@type":"Article","@id":"https:\/\/sindromecharge.es\/index.php\/2021\/04\/15\/fundacion-telefonica-se-suma-al-compromiso-de-feder-con-la-investigacion-en-enfermedades-raras\/#article","isPartOf":{"@id":"https:\/\/sindromecharge.es\/index.php\/2021\/04\/15\/fundacion-telefonica-se-suma-al-compromiso-de-feder-con-la-investigacion-en-enfermedades-raras\/"},"author":{"name":"Charge","@id":"https:\/\/sindromecharge.es\/#\/schema\/person\/39a60ebe0a2b4d5a11179701e336b039"},"headline":"Fundaci\u00f3n Telef\u00f3nica se suma al compromiso de FEDER con la investigaci\u00f3n en enfermedades raras","datePublished":"2021-04-15T09:28:04+00:00","mainEntityOfPage":{"@id":"https:\/\/sindromecharge.es\/index.php\/2021\/04\/15\/fundacion-telefonica-se-suma-al-compromiso-de-feder-con-la-investigacion-en-enfermedades-raras\/"},"wordCount":829,"commentCount":0,"keywords":["enfermedades raras"],"articleSection":["noticias"],"inLanguage":"es","potentialAction":[{"@type":"CommentAction","name":"Comment","target":["https:\/\/sindromecharge.es\/index.php\/2021\/04\/15\/fundacion-telefonica-se-suma-al-compromiso-de-feder-con-la-investigacion-en-enfermedades-raras\/#respond"]}]},{"@type":"WebPage","@id":"https:\/\/sindromecharge.es\/index.php\/2021\/04\/15\/fundacion-telefonica-se-suma-al-compromiso-de-feder-con-la-investigacion-en-enfermedades-raras\/","url":"https:\/\/sindromecharge.es\/index.php\/2021\/04\/15\/fundacion-telefonica-se-suma-al-compromiso-de-feder-con-la-investigacion-en-enfermedades-raras\/","name":"Fundaci\u00f3n Telef\u00f3nica se suma al compromiso de FEDER con la investigaci\u00f3n en enfermedades raras - Asociaci\u00f3n Espa\u00f1ola S\u00edndrome de Charge","isPartOf":{"@id":"https:\/\/sindromecharge.es\/#website"},"datePublished":"2021-04-15T09:28:04+00:00","author":{"@id":"https:\/\/sindromecharge.es\/#\/schema\/person\/39a60ebe0a2b4d5a11179701e336b039"},"breadcrumb":{"@id":"https:\/\/sindromecharge.es\/index.php\/2021\/04\/15\/fundacion-telefonica-se-suma-al-compromiso-de-feder-con-la-investigacion-en-enfermedades-raras\/#breadcrumb"},"inLanguage":"es","potentialAction":[{"@type":"ReadAction","target":["https:\/\/sindromecharge.es\/index.php\/2021\/04\/15\/fundacion-telefonica-se-suma-al-compromiso-de-feder-con-la-investigacion-en-enfermedades-raras\/"]}]},{"@type":"BreadcrumbList","@id":"https:\/\/sindromecharge.es\/index.php\/2021\/04\/15\/fundacion-telefonica-se-suma-al-compromiso-de-feder-con-la-investigacion-en-enfermedades-raras\/#breadcrumb","itemListElement":[{"@type":"ListItem","position":1,"name":"Portada","item":"https:\/\/sindromecharge.es\/"},{"@type":"ListItem","position":2,"name":"Fundaci\u00f3n Telef\u00f3nica se suma al compromiso de FEDER con la investigaci\u00f3n en enfermedades raras"}]},{"@type":"WebSite","@id":"https:\/\/sindromecharge.es\/#website","url":"https:\/\/sindromecharge.es\/","name":"Asociaci\u00f3n Espa\u00f1ola S\u00edndrome de Charge","description":"","potentialAction":[{"@type":"SearchAction","target":{"@type":"EntryPoint","urlTemplate":"https:\/\/sindromecharge.es\/?s={search_term_string}"},"query-input":{"@type":"PropertyValueSpecification","valueRequired":true,"valueName":"search_term_string"}}],"inLanguage":"es"},{"@type":"Person","@id":"https:\/\/sindromecharge.es\/#\/schema\/person\/39a60ebe0a2b4d5a11179701e336b039","name":"Charge","image":{"@type":"ImageObject","inLanguage":"es","@id":"https:\/\/secure.gravatar.com\/avatar\/c3b46e32a0fc3b093a0873fb767bf3293de856293065e84ef06b7ec7a8acfb98?s=96&d=identicon&r=x","url":"https:\/\/secure.gravatar.com\/avatar\/c3b46e32a0fc3b093a0873fb767bf3293de856293065e84ef06b7ec7a8acfb98?s=96&d=identicon&r=x","contentUrl":"https:\/\/secure.gravatar.com\/avatar\/c3b46e32a0fc3b093a0873fb767bf3293de856293065e84ef06b7ec7a8acfb98?s=96&d=identicon&r=x","caption":"Charge"},"url":"https:\/\/sindromecharge.es\/index.php\/author\/admin\/"}]}},"_links":{"self":[{"href":"https:\/\/sindromecharge.es\/index.php\/wp-json\/wp\/v2\/posts\/7041","targetHints":{"allow":["GET"]}}],"collection":[{"href":"https:\/\/sindromecharge.es\/index.php\/wp-json\/wp\/v2\/posts"}],"about":[{"href":"https:\/\/sindromecharge.es\/index.php\/wp-json\/wp\/v2\/types\/post"}],"author":[{"embeddable":true,"href":"https:\/\/sindromecharge.es\/index.php\/wp-json\/wp\/v2\/users\/1"}],"replies":[{"embeddable":true,"href":"https:\/\/sindromecharge.es\/index.php\/wp-json\/wp\/v2\/comments?post=7041"}],"version-history":[{"count":0,"href":"https:\/\/sindromecharge.es\/index.php\/wp-json\/wp\/v2\/posts\/7041\/revisions"}],"wp:attachment":[{"href":"https:\/\/sindromecharge.es\/index.php\/wp-json\/wp\/v2\/media?parent=7041"}],"wp:term":[{"taxonomy":"category","embeddable":true,"href":"https:\/\/sindromecharge.es\/index.php\/wp-json\/wp\/v2\/categories?post=7041"},{"taxonomy":"post_tag","embeddable":true,"href":"https:\/\/sindromecharge.es\/index.php\/wp-json\/wp\/v2\/tags?post=7041"}],"curies":[{"name":"wp","href":"https:\/\/api.w.org\/{rel}","templated":true}]}}