{"id":7040,"date":"2021-04-15T06:35:36","date_gmt":"2021-04-15T06:35:36","guid":{"rendered":"https:\/\/sindromecharge.es\/index.php\/2021\/04\/15\/nos-unimos-al-dia-nacional-del-nino-para-trasladar-la-importancia-de-la-inclusion\/"},"modified":"2021-04-15T06:35:36","modified_gmt":"2021-04-15T06:35:36","slug":"nos-unimos-al-dia-nacional-del-nino-para-trasladar-la-importancia-de-la-inclusion","status":"publish","type":"post","link":"https:\/\/sindromecharge.es\/index.php\/2021\/04\/15\/nos-unimos-al-dia-nacional-del-nino-para-trasladar-la-importancia-de-la-inclusion\/","title":{"rendered":"Nos unimos al D\u00eda Nacional del ni\u00f1o para trasladar la importancia de la inclusi\u00f3n"},"content":{"rendered":"<p>Leemos en FEDER la siguiente noticia que os reproducimos de forma \u00edntegra: <\/p>\n<p><p>Hoy, 15 de abril, se celebra el D\u00eda Nacional del Ni\u00f1o con el objetivo de promover el bienestar y los derechos de los menores. Con este motivo, desde FEDER nos queremos unir en una jornada para reivindicar la importancia de garantizar el bienestar de los menores que conviven con alguna enfermedad poco frecuente. Adem\u00e1s, hay que resaltar que el 70% de estas patolog\u00edas tienen un car\u00e1cter exclusivamente pedi\u00e1trico.<\/p>\n<p>Enmarcada en esta jornada, queremos visibilizar el impacto de la COVID-19 en nuestro colectivo, en especial en los menores con enfermedades raras ya que, en los primeros meses de pandemia, el 40% del alumnado que convive con alguna de estas patolog\u00edas vio interrumpida su continuidad socioeducativa.<\/p>\n<p>Por otro lado, en este d\u00eda, trasladamos la importancia de garantizar una inclusi\u00f3n educativa para velar por el bienestar de los menores con enfermedades raras. Para ello, es necesario realizar trabajo en red entre movimiento asociativo, administraciones y profesionales del \u00e1mbito socioeducativo, escuchando las diferentes realidades.<\/p>\n<p>Desde FEDER, conscientes de este desaf\u00edo, desarrollamos proyectos educativos con los que aterrizamos la realidad de las enfermedades poco frecuentes en las aulas, potenciando la concienciaci\u00f3n sobre ellas y favoreciendo la igualdad y el respeto entre el alumnado. Adem\u00e1s, tambi\u00e9n fomentamos encuentros entre profesionales y administraci\u00f3n para potenciar esa labor conjunta.<\/p>\n<p>\u00daltima actualizaci\u00f3n 15\/04\/2021 <\/p>\n<\/p>\n<p>Fuente: FEDER <a href=\"https:\/\/enfermedades-raras.org\/index.php\/actualidad\/noticias-eventos\/2-feder\/15198-nos-unimos-al-d%C3%ADa-nacional-del-ni%C3%B1o-para-trasladar-la-importancia-de-la-inclusi%C3%B3n\" target=\"_blank\" rel=\"noopener\">Nos unimos al D\u00eda Nacional del ni\u00f1o para trasladar la importancia de la inclusi\u00f3n<\/a><\/p>\n","protected":false},"excerpt":{"rendered":"<p>Leemos en FEDER la siguiente noticia que os reproducimos de forma \u00edntegra: Hoy, 15 de abril, se celebra el D\u00eda Nacional del Ni\u00f1o con el objetivo de promover el bienestar y los derechos de los menores. Con este motivo, desde FEDER nos queremos unir en una jornada para reivindicar la importancia de garantizar el bienestar [&hellip;]<\/p>\n","protected":false},"author":1,"featured_media":0,"comment_status":"open","ping_status":"closed","sticky":false,"template":"","format":"standard","meta":{"footnotes":""},"categories":[8],"tags":[36],"class_list":["post-7040","post","type-post","status-publish","format-standard","hentry","category-noticias","tag-enfermedades-raras"],"yoast_head":"<!-- This site is optimized with the Yoast SEO plugin v27.5 - https:\/\/yoast.com\/product\/yoast-seo-wordpress\/ -->\n<title>Nos unimos al D\u00eda Nacional del ni\u00f1o para trasladar la importancia de la inclusi\u00f3n - Asociaci\u00f3n Espa\u00f1ola S\u00edndrome de Charge<\/title>\n<meta name=\"robots\" content=\"index, follow, max-snippet:-1, max-image-preview:large, max-video-preview:-1\" \/>\n<link rel=\"canonical\" href=\"https:\/\/sindromecharge.es\/index.php\/2021\/04\/15\/nos-unimos-al-dia-nacional-del-nino-para-trasladar-la-importancia-de-la-inclusion\/\" \/>\n<meta property=\"og:locale\" content=\"es_ES\" \/>\n<meta property=\"og:type\" content=\"article\" \/>\n<meta property=\"og:title\" content=\"Nos unimos al D\u00eda Nacional del ni\u00f1o para trasladar la importancia de la inclusi\u00f3n - Asociaci\u00f3n Espa\u00f1ola S\u00edndrome de Charge\" \/>\n<meta property=\"og:description\" content=\"Leemos en FEDER la siguiente noticia que os reproducimos de forma \u00edntegra: Hoy, 15 de abril, se celebra el D\u00eda Nacional del Ni\u00f1o con el objetivo de promover el bienestar y los derechos de los menores. Con este motivo, desde FEDER nos queremos unir en una jornada para reivindicar la importancia de garantizar el bienestar [&hellip;]\" \/>\n<meta property=\"og:url\" content=\"https:\/\/sindromecharge.es\/index.php\/2021\/04\/15\/nos-unimos-al-dia-nacional-del-nino-para-trasladar-la-importancia-de-la-inclusion\/\" \/>\n<meta property=\"og:site_name\" content=\"Asociaci\u00f3n Espa\u00f1ola S\u00edndrome de Charge\" \/>\n<meta property=\"article:publisher\" content=\"https:\/\/www.facebook.com\/asociacionsindromecharge\" \/>\n<meta property=\"article:published_time\" content=\"2021-04-15T06:35:36+00:00\" \/>\n<meta property=\"og:image\" content=\"https:\/\/sindromecharge.es\/wp-content\/uploads\/2013\/09\/logodecharge300x98.png\" \/>\n\t<meta property=\"og:image:width\" content=\"300\" \/>\n\t<meta property=\"og:image:height\" content=\"98\" \/>\n\t<meta property=\"og:image:type\" content=\"image\/png\" \/>\n<meta name=\"author\" content=\"Charge\" \/>\n<meta name=\"twitter:card\" content=\"summary_large_image\" \/>\n<meta name=\"twitter:creator\" content=\"@sindromecharge\" \/>\n<meta name=\"twitter:site\" content=\"@sindromecharge\" \/>\n<meta name=\"twitter:label1\" content=\"Escrito por\" \/>\n\t<meta name=\"twitter:data1\" content=\"Charge\" \/>\n\t<meta name=\"twitter:label2\" content=\"Tiempo de lectura\" \/>\n\t<meta name=\"twitter:data2\" content=\"1 minuto\" \/>\n<script type=\"application\/ld+json\" class=\"yoast-schema-graph\">{\"@context\":\"https:\\\/\\\/schema.org\",\"@graph\":[{\"@type\":\"Article\",\"@id\":\"https:\\\/\\\/sindromecharge.es\\\/index.php\\\/2021\\\/04\\\/15\\\/nos-unimos-al-dia-nacional-del-nino-para-trasladar-la-importancia-de-la-inclusion\\\/#article\",\"isPartOf\":{\"@id\":\"https:\\\/\\\/sindromecharge.es\\\/index.php\\\/2021\\\/04\\\/15\\\/nos-unimos-al-dia-nacional-del-nino-para-trasladar-la-importancia-de-la-inclusion\\\/\"},\"author\":{\"name\":\"Charge\",\"@id\":\"https:\\\/\\\/sindromecharge.es\\\/#\\\/schema\\\/person\\\/39a60ebe0a2b4d5a11179701e336b039\"},\"headline\":\"Nos unimos al D\u00eda Nacional del ni\u00f1o para trasladar la importancia de la inclusi\u00f3n\",\"datePublished\":\"2021-04-15T06:35:36+00:00\",\"mainEntityOfPage\":{\"@id\":\"https:\\\/\\\/sindromecharge.es\\\/index.php\\\/2021\\\/04\\\/15\\\/nos-unimos-al-dia-nacional-del-nino-para-trasladar-la-importancia-de-la-inclusion\\\/\"},\"wordCount\":273,\"commentCount\":0,\"keywords\":[\"enfermedades raras\"],\"articleSection\":[\"noticias\"],\"inLanguage\":\"es\",\"potentialAction\":[{\"@type\":\"CommentAction\",\"name\":\"Comment\",\"target\":[\"https:\\\/\\\/sindromecharge.es\\\/index.php\\\/2021\\\/04\\\/15\\\/nos-unimos-al-dia-nacional-del-nino-para-trasladar-la-importancia-de-la-inclusion\\\/#respond\"]}]},{\"@type\":\"WebPage\",\"@id\":\"https:\\\/\\\/sindromecharge.es\\\/index.php\\\/2021\\\/04\\\/15\\\/nos-unimos-al-dia-nacional-del-nino-para-trasladar-la-importancia-de-la-inclusion\\\/\",\"url\":\"https:\\\/\\\/sindromecharge.es\\\/index.php\\\/2021\\\/04\\\/15\\\/nos-unimos-al-dia-nacional-del-nino-para-trasladar-la-importancia-de-la-inclusion\\\/\",\"name\":\"Nos unimos al D\u00eda Nacional del ni\u00f1o para trasladar la importancia de la inclusi\u00f3n - Asociaci\u00f3n Espa\u00f1ola S\u00edndrome de Charge\",\"isPartOf\":{\"@id\":\"https:\\\/\\\/sindromecharge.es\\\/#website\"},\"datePublished\":\"2021-04-15T06:35:36+00:00\",\"author\":{\"@id\":\"https:\\\/\\\/sindromecharge.es\\\/#\\\/schema\\\/person\\\/39a60ebe0a2b4d5a11179701e336b039\"},\"breadcrumb\":{\"@id\":\"https:\\\/\\\/sindromecharge.es\\\/index.php\\\/2021\\\/04\\\/15\\\/nos-unimos-al-dia-nacional-del-nino-para-trasladar-la-importancia-de-la-inclusion\\\/#breadcrumb\"},\"inLanguage\":\"es\",\"potentialAction\":[{\"@type\":\"ReadAction\",\"target\":[\"https:\\\/\\\/sindromecharge.es\\\/index.php\\\/2021\\\/04\\\/15\\\/nos-unimos-al-dia-nacional-del-nino-para-trasladar-la-importancia-de-la-inclusion\\\/\"]}]},{\"@type\":\"BreadcrumbList\",\"@id\":\"https:\\\/\\\/sindromecharge.es\\\/index.php\\\/2021\\\/04\\\/15\\\/nos-unimos-al-dia-nacional-del-nino-para-trasladar-la-importancia-de-la-inclusion\\\/#breadcrumb\",\"itemListElement\":[{\"@type\":\"ListItem\",\"position\":1,\"name\":\"Portada\",\"item\":\"https:\\\/\\\/sindromecharge.es\\\/\"},{\"@type\":\"ListItem\",\"position\":2,\"name\":\"Nos unimos al D\u00eda Nacional del ni\u00f1o para trasladar la importancia de la inclusi\u00f3n\"}]},{\"@type\":\"WebSite\",\"@id\":\"https:\\\/\\\/sindromecharge.es\\\/#website\",\"url\":\"https:\\\/\\\/sindromecharge.es\\\/\",\"name\":\"Asociaci\u00f3n Espa\u00f1ola S\u00edndrome de Charge\",\"description\":\"\",\"potentialAction\":[{\"@type\":\"SearchAction\",\"target\":{\"@type\":\"EntryPoint\",\"urlTemplate\":\"https:\\\/\\\/sindromecharge.es\\\/?s={search_term_string}\"},\"query-input\":{\"@type\":\"PropertyValueSpecification\",\"valueRequired\":true,\"valueName\":\"search_term_string\"}}],\"inLanguage\":\"es\"},{\"@type\":\"Person\",\"@id\":\"https:\\\/\\\/sindromecharge.es\\\/#\\\/schema\\\/person\\\/39a60ebe0a2b4d5a11179701e336b039\",\"name\":\"Charge\",\"image\":{\"@type\":\"ImageObject\",\"inLanguage\":\"es\",\"@id\":\"https:\\\/\\\/secure.gravatar.com\\\/avatar\\\/c3b46e32a0fc3b093a0873fb767bf3293de856293065e84ef06b7ec7a8acfb98?s=96&d=identicon&r=x\",\"url\":\"https:\\\/\\\/secure.gravatar.com\\\/avatar\\\/c3b46e32a0fc3b093a0873fb767bf3293de856293065e84ef06b7ec7a8acfb98?s=96&d=identicon&r=x\",\"contentUrl\":\"https:\\\/\\\/secure.gravatar.com\\\/avatar\\\/c3b46e32a0fc3b093a0873fb767bf3293de856293065e84ef06b7ec7a8acfb98?s=96&d=identicon&r=x\",\"caption\":\"Charge\"},\"url\":\"https:\\\/\\\/sindromecharge.es\\\/index.php\\\/author\\\/admin\\\/\"}]}<\/script>\n<!-- \/ Yoast SEO plugin. -->","yoast_head_json":{"title":"Nos unimos al D\u00eda Nacional del ni\u00f1o para trasladar la importancia de la inclusi\u00f3n - Asociaci\u00f3n Espa\u00f1ola S\u00edndrome de Charge","robots":{"index":"index","follow":"follow","max-snippet":"max-snippet:-1","max-image-preview":"max-image-preview:large","max-video-preview":"max-video-preview:-1"},"canonical":"https:\/\/sindromecharge.es\/index.php\/2021\/04\/15\/nos-unimos-al-dia-nacional-del-nino-para-trasladar-la-importancia-de-la-inclusion\/","og_locale":"es_ES","og_type":"article","og_title":"Nos unimos al D\u00eda Nacional del ni\u00f1o para trasladar la importancia de la inclusi\u00f3n - Asociaci\u00f3n Espa\u00f1ola S\u00edndrome de Charge","og_description":"Leemos en FEDER la siguiente noticia que os reproducimos de forma \u00edntegra: Hoy, 15 de abril, se celebra el D\u00eda Nacional del Ni\u00f1o con el objetivo de promover el bienestar y los derechos de los menores. Con este motivo, desde FEDER nos queremos unir en una jornada para reivindicar la importancia de garantizar el bienestar [&hellip;]","og_url":"https:\/\/sindromecharge.es\/index.php\/2021\/04\/15\/nos-unimos-al-dia-nacional-del-nino-para-trasladar-la-importancia-de-la-inclusion\/","og_site_name":"Asociaci\u00f3n Espa\u00f1ola S\u00edndrome de Charge","article_publisher":"https:\/\/www.facebook.com\/asociacionsindromecharge","article_published_time":"2021-04-15T06:35:36+00:00","og_image":[{"width":300,"height":98,"url":"https:\/\/sindromecharge.es\/wp-content\/uploads\/2013\/09\/logodecharge300x98.png","type":"image\/png"}],"author":"Charge","twitter_card":"summary_large_image","twitter_creator":"@sindromecharge","twitter_site":"@sindromecharge","twitter_misc":{"Escrito por":"Charge","Tiempo de lectura":"1 minuto"},"schema":{"@context":"https:\/\/schema.org","@graph":[{"@type":"Article","@id":"https:\/\/sindromecharge.es\/index.php\/2021\/04\/15\/nos-unimos-al-dia-nacional-del-nino-para-trasladar-la-importancia-de-la-inclusion\/#article","isPartOf":{"@id":"https:\/\/sindromecharge.es\/index.php\/2021\/04\/15\/nos-unimos-al-dia-nacional-del-nino-para-trasladar-la-importancia-de-la-inclusion\/"},"author":{"name":"Charge","@id":"https:\/\/sindromecharge.es\/#\/schema\/person\/39a60ebe0a2b4d5a11179701e336b039"},"headline":"Nos unimos al D\u00eda Nacional del ni\u00f1o para trasladar la importancia de la inclusi\u00f3n","datePublished":"2021-04-15T06:35:36+00:00","mainEntityOfPage":{"@id":"https:\/\/sindromecharge.es\/index.php\/2021\/04\/15\/nos-unimos-al-dia-nacional-del-nino-para-trasladar-la-importancia-de-la-inclusion\/"},"wordCount":273,"commentCount":0,"keywords":["enfermedades raras"],"articleSection":["noticias"],"inLanguage":"es","potentialAction":[{"@type":"CommentAction","name":"Comment","target":["https:\/\/sindromecharge.es\/index.php\/2021\/04\/15\/nos-unimos-al-dia-nacional-del-nino-para-trasladar-la-importancia-de-la-inclusion\/#respond"]}]},{"@type":"WebPage","@id":"https:\/\/sindromecharge.es\/index.php\/2021\/04\/15\/nos-unimos-al-dia-nacional-del-nino-para-trasladar-la-importancia-de-la-inclusion\/","url":"https:\/\/sindromecharge.es\/index.php\/2021\/04\/15\/nos-unimos-al-dia-nacional-del-nino-para-trasladar-la-importancia-de-la-inclusion\/","name":"Nos unimos al D\u00eda Nacional del ni\u00f1o para trasladar la importancia de la inclusi\u00f3n - Asociaci\u00f3n Espa\u00f1ola S\u00edndrome de Charge","isPartOf":{"@id":"https:\/\/sindromecharge.es\/#website"},"datePublished":"2021-04-15T06:35:36+00:00","author":{"@id":"https:\/\/sindromecharge.es\/#\/schema\/person\/39a60ebe0a2b4d5a11179701e336b039"},"breadcrumb":{"@id":"https:\/\/sindromecharge.es\/index.php\/2021\/04\/15\/nos-unimos-al-dia-nacional-del-nino-para-trasladar-la-importancia-de-la-inclusion\/#breadcrumb"},"inLanguage":"es","potentialAction":[{"@type":"ReadAction","target":["https:\/\/sindromecharge.es\/index.php\/2021\/04\/15\/nos-unimos-al-dia-nacional-del-nino-para-trasladar-la-importancia-de-la-inclusion\/"]}]},{"@type":"BreadcrumbList","@id":"https:\/\/sindromecharge.es\/index.php\/2021\/04\/15\/nos-unimos-al-dia-nacional-del-nino-para-trasladar-la-importancia-de-la-inclusion\/#breadcrumb","itemListElement":[{"@type":"ListItem","position":1,"name":"Portada","item":"https:\/\/sindromecharge.es\/"},{"@type":"ListItem","position":2,"name":"Nos unimos al D\u00eda Nacional del ni\u00f1o para trasladar la importancia de la inclusi\u00f3n"}]},{"@type":"WebSite","@id":"https:\/\/sindromecharge.es\/#website","url":"https:\/\/sindromecharge.es\/","name":"Asociaci\u00f3n Espa\u00f1ola S\u00edndrome de Charge","description":"","potentialAction":[{"@type":"SearchAction","target":{"@type":"EntryPoint","urlTemplate":"https:\/\/sindromecharge.es\/?s={search_term_string}"},"query-input":{"@type":"PropertyValueSpecification","valueRequired":true,"valueName":"search_term_string"}}],"inLanguage":"es"},{"@type":"Person","@id":"https:\/\/sindromecharge.es\/#\/schema\/person\/39a60ebe0a2b4d5a11179701e336b039","name":"Charge","image":{"@type":"ImageObject","inLanguage":"es","@id":"https:\/\/secure.gravatar.com\/avatar\/c3b46e32a0fc3b093a0873fb767bf3293de856293065e84ef06b7ec7a8acfb98?s=96&d=identicon&r=x","url":"https:\/\/secure.gravatar.com\/avatar\/c3b46e32a0fc3b093a0873fb767bf3293de856293065e84ef06b7ec7a8acfb98?s=96&d=identicon&r=x","contentUrl":"https:\/\/secure.gravatar.com\/avatar\/c3b46e32a0fc3b093a0873fb767bf3293de856293065e84ef06b7ec7a8acfb98?s=96&d=identicon&r=x","caption":"Charge"},"url":"https:\/\/sindromecharge.es\/index.php\/author\/admin\/"}]}},"_links":{"self":[{"href":"https:\/\/sindromecharge.es\/index.php\/wp-json\/wp\/v2\/posts\/7040","targetHints":{"allow":["GET"]}}],"collection":[{"href":"https:\/\/sindromecharge.es\/index.php\/wp-json\/wp\/v2\/posts"}],"about":[{"href":"https:\/\/sindromecharge.es\/index.php\/wp-json\/wp\/v2\/types\/post"}],"author":[{"embeddable":true,"href":"https:\/\/sindromecharge.es\/index.php\/wp-json\/wp\/v2\/users\/1"}],"replies":[{"embeddable":true,"href":"https:\/\/sindromecharge.es\/index.php\/wp-json\/wp\/v2\/comments?post=7040"}],"version-history":[{"count":0,"href":"https:\/\/sindromecharge.es\/index.php\/wp-json\/wp\/v2\/posts\/7040\/revisions"}],"wp:attachment":[{"href":"https:\/\/sindromecharge.es\/index.php\/wp-json\/wp\/v2\/media?parent=7040"}],"wp:term":[{"taxonomy":"category","embeddable":true,"href":"https:\/\/sindromecharge.es\/index.php\/wp-json\/wp\/v2\/categories?post=7040"},{"taxonomy":"post_tag","embeddable":true,"href":"https:\/\/sindromecharge.es\/index.php\/wp-json\/wp\/v2\/tags?post=7040"}],"curies":[{"name":"wp","href":"https:\/\/api.w.org\/{rel}","templated":true}]}}