{"id":7039,"date":"2021-04-14T14:17:06","date_gmt":"2021-04-14T14:17:06","guid":{"rendered":"https:\/\/sindromecharge.es\/index.php\/2021\/04\/14\/organizamos-dos-talleres-dirigido-para-mujeres-con-er-o-sin-diagnostico-y-cuidadoras\/"},"modified":"2021-04-14T14:17:06","modified_gmt":"2021-04-14T14:17:06","slug":"organizamos-dos-talleres-dirigido-para-mujeres-con-er-o-sin-diagnostico-y-cuidadoras","status":"publish","type":"post","link":"https:\/\/sindromecharge.es\/index.php\/2021\/04\/14\/organizamos-dos-talleres-dirigido-para-mujeres-con-er-o-sin-diagnostico-y-cuidadoras\/","title":{"rendered":"\u00a1Organizamos dos talleres dirigido para mujeres con ER o sin diagn\u00f3stico y cuidadoras!"},"content":{"rendered":"<p>Leemos en FEDER la siguiente noticia que os reproducimos de forma \u00edntegra: <\/p>\n<p>&nbsp;<\/p>\n<p>La COVID-19 ha impactado en la vida de toda la poblaci\u00f3n, pero el colectivo de las enfermedades raras ha sido uno de los m\u00e1s vulnerables, debido a la incertidumbre, al miedo al contagio y la paralizaci\u00f3n de la atenci\u00f3n de su patolog\u00eda en los primeros meses de pandemia.<\/p>\n<p>Todo esto conlleva un gran impacto psicosocial en la vida de los pacientes. Adem\u00e1s, las mujeres, seg\u00fan nuestro Estudio ENSERIO, en t\u00e9rminos generales se muestran menos satisfecha con la atenci\u00f3n recibida en comparaci\u00f3n con los hombres y el 70% de ellas necesitaron ayuda psicol\u00f3gica como consecuencia del retraso diagn\u00f3stico.<\/p>\n<p>Conscientes de esta situaci\u00f3n, desde FEDER hemos elaborado dos talleres orientados a las mujeres con el objetivo de mejorar la calidad de vida de las pacientes o cuidadoras que conviven con una enfermedad poco frecuente o est\u00e1n en b\u00fasqueda de diagn\u00f3stico.<\/p>\n<p><span style=\"font-size: 12pt\">El primer taller ser\u00e1 destinado para <b>MUJERES QUE CONVIVEN CON UNA ENFERMEDAD RARA O SIN DIAGN\u00d3STICO<\/b><\/span><\/p>\n<p>Los d\u00edas 29 de abril y 6 de mayo nos reuniremos, de manera virtual, para abordar temas como la resiliencia y la adaptaci\u00f3n, comunicaci\u00f3n y asertividad, fortalecimiento de la autoestima y h\u00e1bitos saludables y autocuidado.<\/p>\n<p>A trav\u00e9s de este encuentro, proporcionaremos estrategias de afrontamiento para mejorar la autovaloraci\u00f3n.<\/p>\n<p>Para asistir ser\u00e1 necesario la inscripci\u00f3n previa<\/p>\n<ul>\n<li>Jueves, 29 de abril y 6 de Mayo por la tarde de 17 a 19h<\/li>\n<li>Inscripci\u00f3n \u2013 <a href=\"https:\/\/docs.google.com\/forms\/d\/e\/1FAIpQLSdq6uOuqllHQ-ocpVnlpU1eHDWnO0nfGdaO3Naf9Y7MqVr6Eg\/viewform?vc=0&amp;c=0&amp;w=1&amp;flr=0&amp;usp=mail_form_link\" target=\"_blank\" rel=\"noopener\">INSCR\u00cdBETE AQU\u00cd<\/a><\/li>\n<li>Modalidad online. Se enviar\u00e1 el enlace un d\u00eda antes a la fecha se\u00f1alada por cada sesi\u00f3n del taller.<\/li>\n<\/ul>\n<p><span style=\"font-size: 12pt\">El primer taller ser\u00e1 destinado para <b>CUIDADORAS PRINCIPALES DE MENORES CON ER O SIN DIAGN\u00d3STICO<\/b><\/span><\/p>\n<p>Los d\u00edas 13 y 20 de mayo nos reunimos, de manera virtual, para abordar cuestiones como cuidar sin descuidarse, resiliencia familiar y relaciones interpersonales, autocuidado y autovaloraci\u00f3n y apoyo e intercambio mutuo de vivencias.<\/p>\n<p>Con este taller queremos identificar las consecuencias que la tarea de cuidad tiene en la vida de las personas cuidadoras, proponerles estrategia y herramientas para afrontar dichos desaf\u00edos.<br \/>En esta ocasi\u00f3n tambi\u00e9n ser\u00e1 necesario la inscripci\u00f3n previa:<\/p>\n<ul>\n<li>Jueves, 13 de mayo y 20 de Mayo de 11h a 13h.<\/li>\n<li>Inscripci\u00f3n \u2013 <a href=\"https:\/\/docs.google.com\/forms\/d\/e\/1FAIpQLScSeWtehBa7VBVLPeEUUB5GAmGL0sykdyfZNBW5DhcqVc2QyQ\/viewform?vc=0&amp;c=0&amp;w=1&amp;flr=0\" target=\"_blank\" rel=\"noopener\">INSCR\u00cdBETE AQU\u00cd<\/a><\/li>\n<li>Modalidad online. Se enviar\u00e1 el enlace un d\u00eda antes a la fecha se\u00f1alada por cada sesi\u00f3n del taller<\/li>\n<\/ul>\n<p>\u00daltima actualizaci\u00f3n 14\/04\/2021<\/p>\n<p>&nbsp;<\/p>\n<p>Fuente: FEDER <a href=\"https:\/\/enfermedades-raras.org\/index.php\/actualidad\/noticias-eventos\/2-feder\/15195-%C2%A1organizamos-dos-talleres-dirigido-para-mujeres-con-er-o-sin-diagn%C3%B3stico-y-cuidadoras\" target=\"_blank\" rel=\"noopener\">\u00a1Organizamos dos talleres dirigido para mujeres con ER o sin diagn\u00f3stico y cuidadoras!<\/a><\/p>\n","protected":false},"excerpt":{"rendered":"<p>Leemos en FEDER la siguiente noticia que os reproducimos de forma \u00edntegra: &nbsp; La COVID-19 ha impactado en la vida de toda la poblaci\u00f3n, pero el colectivo de las enfermedades raras ha sido uno de los m\u00e1s vulnerables, debido a la incertidumbre, al miedo al contagio y la paralizaci\u00f3n de la atenci\u00f3n de su patolog\u00eda [&hellip;]<\/p>\n","protected":false},"author":1,"featured_media":0,"comment_status":"open","ping_status":"closed","sticky":false,"template":"","format":"standard","meta":{"footnotes":""},"categories":[8],"tags":[36],"class_list":["post-7039","post","type-post","status-publish","format-standard","hentry","category-noticias","tag-enfermedades-raras"],"yoast_head":"<!-- This site is optimized with the Yoast SEO plugin v27.5 - https:\/\/yoast.com\/product\/yoast-seo-wordpress\/ -->\n<title>\u00a1Organizamos dos talleres dirigido para mujeres con ER o sin diagn\u00f3stico y cuidadoras! - Asociaci\u00f3n Espa\u00f1ola S\u00edndrome de Charge<\/title>\n<meta name=\"robots\" content=\"index, follow, max-snippet:-1, max-image-preview:large, max-video-preview:-1\" \/>\n<link rel=\"canonical\" href=\"https:\/\/sindromecharge.es\/index.php\/2021\/04\/14\/organizamos-dos-talleres-dirigido-para-mujeres-con-er-o-sin-diagnostico-y-cuidadoras\/\" \/>\n<meta property=\"og:locale\" content=\"es_ES\" \/>\n<meta property=\"og:type\" content=\"article\" \/>\n<meta property=\"og:title\" content=\"\u00a1Organizamos dos talleres dirigido para mujeres con ER o sin diagn\u00f3stico y cuidadoras! - Asociaci\u00f3n Espa\u00f1ola S\u00edndrome de Charge\" \/>\n<meta property=\"og:description\" content=\"Leemos en FEDER la siguiente noticia que os reproducimos de forma \u00edntegra: &nbsp; La COVID-19 ha impactado en la vida de toda la poblaci\u00f3n, pero el colectivo de las enfermedades raras ha sido uno de los m\u00e1s vulnerables, debido a la incertidumbre, al miedo al contagio y la paralizaci\u00f3n de la atenci\u00f3n de su patolog\u00eda [&hellip;]\" \/>\n<meta property=\"og:url\" content=\"https:\/\/sindromecharge.es\/index.php\/2021\/04\/14\/organizamos-dos-talleres-dirigido-para-mujeres-con-er-o-sin-diagnostico-y-cuidadoras\/\" \/>\n<meta property=\"og:site_name\" content=\"Asociaci\u00f3n Espa\u00f1ola S\u00edndrome de Charge\" \/>\n<meta property=\"article:publisher\" content=\"https:\/\/www.facebook.com\/asociacionsindromecharge\" \/>\n<meta property=\"article:published_time\" content=\"2021-04-14T14:17:06+00:00\" \/>\n<meta property=\"og:image\" content=\"https:\/\/sindromecharge.es\/wp-content\/uploads\/2013\/09\/logodecharge300x98.png\" \/>\n\t<meta property=\"og:image:width\" content=\"300\" \/>\n\t<meta property=\"og:image:height\" content=\"98\" \/>\n\t<meta property=\"og:image:type\" content=\"image\/png\" \/>\n<meta name=\"author\" content=\"Charge\" \/>\n<meta name=\"twitter:card\" content=\"summary_large_image\" \/>\n<meta name=\"twitter:creator\" content=\"@sindromecharge\" \/>\n<meta name=\"twitter:site\" content=\"@sindromecharge\" \/>\n<meta name=\"twitter:label1\" content=\"Escrito por\" \/>\n\t<meta name=\"twitter:data1\" content=\"Charge\" \/>\n\t<meta name=\"twitter:label2\" content=\"Tiempo de lectura\" \/>\n\t<meta name=\"twitter:data2\" content=\"2 minutos\" \/>\n<script type=\"application\/ld+json\" class=\"yoast-schema-graph\">{\"@context\":\"https:\\\/\\\/schema.org\",\"@graph\":[{\"@type\":\"Article\",\"@id\":\"https:\\\/\\\/sindromecharge.es\\\/index.php\\\/2021\\\/04\\\/14\\\/organizamos-dos-talleres-dirigido-para-mujeres-con-er-o-sin-diagnostico-y-cuidadoras\\\/#article\",\"isPartOf\":{\"@id\":\"https:\\\/\\\/sindromecharge.es\\\/index.php\\\/2021\\\/04\\\/14\\\/organizamos-dos-talleres-dirigido-para-mujeres-con-er-o-sin-diagnostico-y-cuidadoras\\\/\"},\"author\":{\"name\":\"Charge\",\"@id\":\"https:\\\/\\\/sindromecharge.es\\\/#\\\/schema\\\/person\\\/39a60ebe0a2b4d5a11179701e336b039\"},\"headline\":\"\u00a1Organizamos dos talleres dirigido para mujeres con ER o sin diagn\u00f3stico y cuidadoras!\",\"datePublished\":\"2021-04-14T14:17:06+00:00\",\"mainEntityOfPage\":{\"@id\":\"https:\\\/\\\/sindromecharge.es\\\/index.php\\\/2021\\\/04\\\/14\\\/organizamos-dos-talleres-dirigido-para-mujeres-con-er-o-sin-diagnostico-y-cuidadoras\\\/\"},\"wordCount\":442,\"commentCount\":0,\"keywords\":[\"enfermedades raras\"],\"articleSection\":[\"noticias\"],\"inLanguage\":\"es\",\"potentialAction\":[{\"@type\":\"CommentAction\",\"name\":\"Comment\",\"target\":[\"https:\\\/\\\/sindromecharge.es\\\/index.php\\\/2021\\\/04\\\/14\\\/organizamos-dos-talleres-dirigido-para-mujeres-con-er-o-sin-diagnostico-y-cuidadoras\\\/#respond\"]}]},{\"@type\":\"WebPage\",\"@id\":\"https:\\\/\\\/sindromecharge.es\\\/index.php\\\/2021\\\/04\\\/14\\\/organizamos-dos-talleres-dirigido-para-mujeres-con-er-o-sin-diagnostico-y-cuidadoras\\\/\",\"url\":\"https:\\\/\\\/sindromecharge.es\\\/index.php\\\/2021\\\/04\\\/14\\\/organizamos-dos-talleres-dirigido-para-mujeres-con-er-o-sin-diagnostico-y-cuidadoras\\\/\",\"name\":\"\u00a1Organizamos dos talleres dirigido para mujeres con ER o sin diagn\u00f3stico y cuidadoras! - Asociaci\u00f3n Espa\u00f1ola S\u00edndrome de Charge\",\"isPartOf\":{\"@id\":\"https:\\\/\\\/sindromecharge.es\\\/#website\"},\"datePublished\":\"2021-04-14T14:17:06+00:00\",\"author\":{\"@id\":\"https:\\\/\\\/sindromecharge.es\\\/#\\\/schema\\\/person\\\/39a60ebe0a2b4d5a11179701e336b039\"},\"breadcrumb\":{\"@id\":\"https:\\\/\\\/sindromecharge.es\\\/index.php\\\/2021\\\/04\\\/14\\\/organizamos-dos-talleres-dirigido-para-mujeres-con-er-o-sin-diagnostico-y-cuidadoras\\\/#breadcrumb\"},\"inLanguage\":\"es\",\"potentialAction\":[{\"@type\":\"ReadAction\",\"target\":[\"https:\\\/\\\/sindromecharge.es\\\/index.php\\\/2021\\\/04\\\/14\\\/organizamos-dos-talleres-dirigido-para-mujeres-con-er-o-sin-diagnostico-y-cuidadoras\\\/\"]}]},{\"@type\":\"BreadcrumbList\",\"@id\":\"https:\\\/\\\/sindromecharge.es\\\/index.php\\\/2021\\\/04\\\/14\\\/organizamos-dos-talleres-dirigido-para-mujeres-con-er-o-sin-diagnostico-y-cuidadoras\\\/#breadcrumb\",\"itemListElement\":[{\"@type\":\"ListItem\",\"position\":1,\"name\":\"Portada\",\"item\":\"https:\\\/\\\/sindromecharge.es\\\/\"},{\"@type\":\"ListItem\",\"position\":2,\"name\":\"\u00a1Organizamos dos talleres dirigido para mujeres con ER o sin diagn\u00f3stico y cuidadoras!\"}]},{\"@type\":\"WebSite\",\"@id\":\"https:\\\/\\\/sindromecharge.es\\\/#website\",\"url\":\"https:\\\/\\\/sindromecharge.es\\\/\",\"name\":\"Asociaci\u00f3n Espa\u00f1ola S\u00edndrome de Charge\",\"description\":\"\",\"potentialAction\":[{\"@type\":\"SearchAction\",\"target\":{\"@type\":\"EntryPoint\",\"urlTemplate\":\"https:\\\/\\\/sindromecharge.es\\\/?s={search_term_string}\"},\"query-input\":{\"@type\":\"PropertyValueSpecification\",\"valueRequired\":true,\"valueName\":\"search_term_string\"}}],\"inLanguage\":\"es\"},{\"@type\":\"Person\",\"@id\":\"https:\\\/\\\/sindromecharge.es\\\/#\\\/schema\\\/person\\\/39a60ebe0a2b4d5a11179701e336b039\",\"name\":\"Charge\",\"image\":{\"@type\":\"ImageObject\",\"inLanguage\":\"es\",\"@id\":\"https:\\\/\\\/secure.gravatar.com\\\/avatar\\\/c3b46e32a0fc3b093a0873fb767bf3293de856293065e84ef06b7ec7a8acfb98?s=96&d=identicon&r=x\",\"url\":\"https:\\\/\\\/secure.gravatar.com\\\/avatar\\\/c3b46e32a0fc3b093a0873fb767bf3293de856293065e84ef06b7ec7a8acfb98?s=96&d=identicon&r=x\",\"contentUrl\":\"https:\\\/\\\/secure.gravatar.com\\\/avatar\\\/c3b46e32a0fc3b093a0873fb767bf3293de856293065e84ef06b7ec7a8acfb98?s=96&d=identicon&r=x\",\"caption\":\"Charge\"},\"url\":\"https:\\\/\\\/sindromecharge.es\\\/index.php\\\/author\\\/admin\\\/\"}]}<\/script>\n<!-- \/ Yoast SEO plugin. -->","yoast_head_json":{"title":"\u00a1Organizamos dos talleres dirigido para mujeres con ER o sin diagn\u00f3stico y cuidadoras! - Asociaci\u00f3n Espa\u00f1ola S\u00edndrome de Charge","robots":{"index":"index","follow":"follow","max-snippet":"max-snippet:-1","max-image-preview":"max-image-preview:large","max-video-preview":"max-video-preview:-1"},"canonical":"https:\/\/sindromecharge.es\/index.php\/2021\/04\/14\/organizamos-dos-talleres-dirigido-para-mujeres-con-er-o-sin-diagnostico-y-cuidadoras\/","og_locale":"es_ES","og_type":"article","og_title":"\u00a1Organizamos dos talleres dirigido para mujeres con ER o sin diagn\u00f3stico y cuidadoras! - Asociaci\u00f3n Espa\u00f1ola S\u00edndrome de Charge","og_description":"Leemos en FEDER la siguiente noticia que os reproducimos de forma \u00edntegra: &nbsp; La COVID-19 ha impactado en la vida de toda la poblaci\u00f3n, pero el colectivo de las enfermedades raras ha sido uno de los m\u00e1s vulnerables, debido a la incertidumbre, al miedo al contagio y la paralizaci\u00f3n de la atenci\u00f3n de su patolog\u00eda [&hellip;]","og_url":"https:\/\/sindromecharge.es\/index.php\/2021\/04\/14\/organizamos-dos-talleres-dirigido-para-mujeres-con-er-o-sin-diagnostico-y-cuidadoras\/","og_site_name":"Asociaci\u00f3n Espa\u00f1ola S\u00edndrome de Charge","article_publisher":"https:\/\/www.facebook.com\/asociacionsindromecharge","article_published_time":"2021-04-14T14:17:06+00:00","og_image":[{"width":300,"height":98,"url":"https:\/\/sindromecharge.es\/wp-content\/uploads\/2013\/09\/logodecharge300x98.png","type":"image\/png"}],"author":"Charge","twitter_card":"summary_large_image","twitter_creator":"@sindromecharge","twitter_site":"@sindromecharge","twitter_misc":{"Escrito por":"Charge","Tiempo de lectura":"2 minutos"},"schema":{"@context":"https:\/\/schema.org","@graph":[{"@type":"Article","@id":"https:\/\/sindromecharge.es\/index.php\/2021\/04\/14\/organizamos-dos-talleres-dirigido-para-mujeres-con-er-o-sin-diagnostico-y-cuidadoras\/#article","isPartOf":{"@id":"https:\/\/sindromecharge.es\/index.php\/2021\/04\/14\/organizamos-dos-talleres-dirigido-para-mujeres-con-er-o-sin-diagnostico-y-cuidadoras\/"},"author":{"name":"Charge","@id":"https:\/\/sindromecharge.es\/#\/schema\/person\/39a60ebe0a2b4d5a11179701e336b039"},"headline":"\u00a1Organizamos dos talleres dirigido para mujeres con ER o sin diagn\u00f3stico y cuidadoras!","datePublished":"2021-04-14T14:17:06+00:00","mainEntityOfPage":{"@id":"https:\/\/sindromecharge.es\/index.php\/2021\/04\/14\/organizamos-dos-talleres-dirigido-para-mujeres-con-er-o-sin-diagnostico-y-cuidadoras\/"},"wordCount":442,"commentCount":0,"keywords":["enfermedades raras"],"articleSection":["noticias"],"inLanguage":"es","potentialAction":[{"@type":"CommentAction","name":"Comment","target":["https:\/\/sindromecharge.es\/index.php\/2021\/04\/14\/organizamos-dos-talleres-dirigido-para-mujeres-con-er-o-sin-diagnostico-y-cuidadoras\/#respond"]}]},{"@type":"WebPage","@id":"https:\/\/sindromecharge.es\/index.php\/2021\/04\/14\/organizamos-dos-talleres-dirigido-para-mujeres-con-er-o-sin-diagnostico-y-cuidadoras\/","url":"https:\/\/sindromecharge.es\/index.php\/2021\/04\/14\/organizamos-dos-talleres-dirigido-para-mujeres-con-er-o-sin-diagnostico-y-cuidadoras\/","name":"\u00a1Organizamos dos talleres dirigido para mujeres con ER o sin diagn\u00f3stico y cuidadoras! - Asociaci\u00f3n Espa\u00f1ola S\u00edndrome de Charge","isPartOf":{"@id":"https:\/\/sindromecharge.es\/#website"},"datePublished":"2021-04-14T14:17:06+00:00","author":{"@id":"https:\/\/sindromecharge.es\/#\/schema\/person\/39a60ebe0a2b4d5a11179701e336b039"},"breadcrumb":{"@id":"https:\/\/sindromecharge.es\/index.php\/2021\/04\/14\/organizamos-dos-talleres-dirigido-para-mujeres-con-er-o-sin-diagnostico-y-cuidadoras\/#breadcrumb"},"inLanguage":"es","potentialAction":[{"@type":"ReadAction","target":["https:\/\/sindromecharge.es\/index.php\/2021\/04\/14\/organizamos-dos-talleres-dirigido-para-mujeres-con-er-o-sin-diagnostico-y-cuidadoras\/"]}]},{"@type":"BreadcrumbList","@id":"https:\/\/sindromecharge.es\/index.php\/2021\/04\/14\/organizamos-dos-talleres-dirigido-para-mujeres-con-er-o-sin-diagnostico-y-cuidadoras\/#breadcrumb","itemListElement":[{"@type":"ListItem","position":1,"name":"Portada","item":"https:\/\/sindromecharge.es\/"},{"@type":"ListItem","position":2,"name":"\u00a1Organizamos dos talleres dirigido para mujeres con ER o sin diagn\u00f3stico y cuidadoras!"}]},{"@type":"WebSite","@id":"https:\/\/sindromecharge.es\/#website","url":"https:\/\/sindromecharge.es\/","name":"Asociaci\u00f3n Espa\u00f1ola S\u00edndrome de Charge","description":"","potentialAction":[{"@type":"SearchAction","target":{"@type":"EntryPoint","urlTemplate":"https:\/\/sindromecharge.es\/?s={search_term_string}"},"query-input":{"@type":"PropertyValueSpecification","valueRequired":true,"valueName":"search_term_string"}}],"inLanguage":"es"},{"@type":"Person","@id":"https:\/\/sindromecharge.es\/#\/schema\/person\/39a60ebe0a2b4d5a11179701e336b039","name":"Charge","image":{"@type":"ImageObject","inLanguage":"es","@id":"https:\/\/secure.gravatar.com\/avatar\/c3b46e32a0fc3b093a0873fb767bf3293de856293065e84ef06b7ec7a8acfb98?s=96&d=identicon&r=x","url":"https:\/\/secure.gravatar.com\/avatar\/c3b46e32a0fc3b093a0873fb767bf3293de856293065e84ef06b7ec7a8acfb98?s=96&d=identicon&r=x","contentUrl":"https:\/\/secure.gravatar.com\/avatar\/c3b46e32a0fc3b093a0873fb767bf3293de856293065e84ef06b7ec7a8acfb98?s=96&d=identicon&r=x","caption":"Charge"},"url":"https:\/\/sindromecharge.es\/index.php\/author\/admin\/"}]}},"_links":{"self":[{"href":"https:\/\/sindromecharge.es\/index.php\/wp-json\/wp\/v2\/posts\/7039","targetHints":{"allow":["GET"]}}],"collection":[{"href":"https:\/\/sindromecharge.es\/index.php\/wp-json\/wp\/v2\/posts"}],"about":[{"href":"https:\/\/sindromecharge.es\/index.php\/wp-json\/wp\/v2\/types\/post"}],"author":[{"embeddable":true,"href":"https:\/\/sindromecharge.es\/index.php\/wp-json\/wp\/v2\/users\/1"}],"replies":[{"embeddable":true,"href":"https:\/\/sindromecharge.es\/index.php\/wp-json\/wp\/v2\/comments?post=7039"}],"version-history":[{"count":0,"href":"https:\/\/sindromecharge.es\/index.php\/wp-json\/wp\/v2\/posts\/7039\/revisions"}],"wp:attachment":[{"href":"https:\/\/sindromecharge.es\/index.php\/wp-json\/wp\/v2\/media?parent=7039"}],"wp:term":[{"taxonomy":"category","embeddable":true,"href":"https:\/\/sindromecharge.es\/index.php\/wp-json\/wp\/v2\/categories?post=7039"},{"taxonomy":"post_tag","embeddable":true,"href":"https:\/\/sindromecharge.es\/index.php\/wp-json\/wp\/v2\/tags?post=7039"}],"curies":[{"name":"wp","href":"https:\/\/api.w.org\/{rel}","templated":true}]}}