{"id":7038,"date":"2021-04-14T12:19:38","date_gmt":"2021-04-14T12:19:38","guid":{"rendered":"https:\/\/sindromecharge.es\/index.php\/2021\/04\/14\/el-ayuntamiento-optimiza-y-dignifica-el-centro-especial-de-empleo-con-ocho-nuevos-empleados-para-jardineria\/"},"modified":"2021-04-14T12:19:38","modified_gmt":"2021-04-14T12:19:38","slug":"el-ayuntamiento-optimiza-y-dignifica-el-centro-especial-de-empleo-con-ocho-nuevos-empleados-para-jardineria","status":"publish","type":"post","link":"https:\/\/sindromecharge.es\/index.php\/2021\/04\/14\/el-ayuntamiento-optimiza-y-dignifica-el-centro-especial-de-empleo-con-ocho-nuevos-empleados-para-jardineria\/","title":{"rendered":"El Ayuntamiento &quot;optimiza y dignifica&quot; el Centro Especial de Empleo con ocho nuevos empleados para jardiner\u00eda"},"content":{"rendered":"<p>Leemos en 20minutos la siguiente noticia que os reproducimos de forma \u00edntegra: <\/p>\n<p>El alcalde, Julio Mill\u00e1n, junto a la concejala de Medio Ambiente, Mar\u00eda del Carmen Angulo, ha dado este mi\u00e9rcoles la bienvenida a los nuevos empleados del citado servicio, que \u00abestaba en riesgo de desaparici\u00f3n y en franco desmantelamiento\u00bb.<\/p>\n<p>Y ello, \u00abno solo por el estado en el que se encontraron las instalaciones\u00bb en este mandato municipal, sino porque tambi\u00e9n su continuidad depend\u00eda de su funci\u00f3n social integradora de personas con discapacidad. De hecho, seg\u00fan han precisado, desde hac\u00eda diez a\u00f1os no se cubr\u00eda ninguna vacante en el CEE.<\/p>\n<p>Con estas incorporaciones \u00abse mejora la eficiencia en el servicio de jardiner\u00eda\u00bb y el centro pasa a tener ahora un total de 75 trabajadores, tres cuartas partes de ellos personas con alg\u00fan tipo de discapacidad. Adem\u00e1s, atendiendo las peticiones de los representantes sindicales, por vez primera el Ayuntamiento ha regulado la promoci\u00f3n profesional de los operarios con capacidades diferentes, de modo que pueda garantizarse su ascenso a plazas de mayor rango como la de oficial.<\/p>\n<p>Tras recordar que a esta convocatoria, abierta el pasado a\u00f1o se presentaron 241 aspirantes de los que han salido estos ocho seleccionados finalmente, el alcalde ha dado la enhorabuena a los nuevos empleados y ha destacado la importancia de visibilizar la labor que hacen los hombres y mujeres del Centro Especial de Empleo y el reconocimiento a su trabajo.<\/p>\n<p>\u00abDar dignidad a su trabajo, valorarlos y reconocerlos desde el Ayuntamiento es remarcar socialmente su absoluta capacidad para desempe\u00f1ar un trabajo, del que a diario nos dan muestras y que debe ser un valor que se tenga en cuenta a la hora de la inserci\u00f3n laboral de estas personas en todos los \u00e1mbitos\u00bb, ha asegurado. Ha resaltado su papel \u00abimportant\u00edsimo\u00bb para embellecer la ciudad, hacerla m\u00e1s habitable y, adem\u00e1s, potenciando medios y recursos propios para ello.<\/p>\n<p>De su lado, la concejala de Medio Ambiente ha insistido en la labor de recuperaci\u00f3n de este servicio hecho en este mandato, \u00abpuesto que hab\u00eda zonas que estaban sin atender desde hace a\u00f1os\u00bb y ha habido que \u00abmultiplicar esfuerzo\u00bb. En este sentido, ha afirmado que la incorporaci\u00f3n de los nuevos trabajadores \u00abes muy valiosa\u00bb.<\/p>\n<p>\u00abAl llegar en 2019, encontramos unas instalaciones en precario e insalubres, con trabajadores que realizaban grandes desplazamientos a pie para cumplir con su labor cotidiana a pesar de su discapacidad y con una evidente carencia de efectivos y maquinaria que nos imped\u00eda prestar un buen servicio de jardines\u00bb, ha explicado Angulo.<\/p>\n<p>MODERNIZACI\u00d3N Y ADECUACI\u00d3N<\/p>\n<p>En este tiempo, se ha modernizado instrumental, se han adecuado las instalaciones, se ha recuperado el vivero municipal del que salen cientos de plantas sin necesidad de acudir siempre a proveedores externos, se han atendido zonas degradadas y sin atenci\u00f3n en colaboraci\u00f3n con FCC, la otra pata del servicio, y se ha recuperado la actividad educativa medioambiental con distintas iniciativas.<\/p>\n<p>Finalmente, Iv\u00e1n Lizcano, monitor con discapacidad, ha mostrado su alegr\u00eda por incorporarse tras un proceso selectivo que todos ellos han reconocido \u00abmuy necesario desde hace a\u00f1os\u00bb y transparente en su factura. \u00abEn mi caso lleg\u00f3 en el momento en el que dej\u00e9 de trabajar\u00bb, ha apuntado.<\/p>\n<p>Los nuevos empleados prestar\u00e1n apoyo en el Vivero Municipal y en zonas como los parques del Seminario, Bulevar en su tramo dedicado a Juan Pablo II, la Concordia, el centro de la ciudad, zonas verdes de las instalaciones deportivas de las Fuentezuelas, Ciudad de los Ni\u00f1os, zona Banco de Espa\u00f1a, Pol\u00edgono del Valle y casco antiguo, entre otras.<\/p>\n<p>Fuente: 20minutos <a href=\"https:\/\/www.20minutos.es\/noticia\/4656867\/0\/el-ayuntamiento-optimiza-y-dignifica-el-centro-especial-de-empleo-con-ocho-nuevos-empleados-para-jardineria\/\" target=\"_blank\" rel=\"noopener\">El Ayuntamiento &quot;optimiza y dignifica&quot; el Centro Especial de Empleo con ocho nuevos empleados para jardiner\u00eda<\/a><\/p>\n","protected":false},"excerpt":{"rendered":"<p>Leemos en 20minutos la siguiente noticia que os reproducimos de forma \u00edntegra: El alcalde, Julio Mill\u00e1n, junto a la concejala de Medio Ambiente, Mar\u00eda del Carmen Angulo, ha dado este mi\u00e9rcoles la bienvenida a los nuevos empleados del citado servicio, que \u00abestaba en riesgo de desaparici\u00f3n y en franco desmantelamiento\u00bb. Y ello, \u00abno solo por [&hellip;]<\/p>\n","protected":false},"author":1,"featured_media":0,"comment_status":"open","ping_status":"closed","sticky":false,"template":"","format":"standard","meta":{"footnotes":""},"categories":[8],"tags":[31],"class_list":["post-7038","post","type-post","status-publish","format-standard","hentry","category-noticias","tag-discapacidad"],"yoast_head":"<!-- This site is optimized with the Yoast SEO plugin v27.5 - https:\/\/yoast.com\/product\/yoast-seo-wordpress\/ -->\n<title>El Ayuntamiento &quot;optimiza y dignifica&quot; el Centro Especial de Empleo con ocho nuevos empleados para jardiner\u00eda - Asociaci\u00f3n Espa\u00f1ola S\u00edndrome de Charge<\/title>\n<meta name=\"robots\" content=\"index, follow, max-snippet:-1, max-image-preview:large, max-video-preview:-1\" \/>\n<link rel=\"canonical\" href=\"https:\/\/sindromecharge.es\/index.php\/2021\/04\/14\/el-ayuntamiento-optimiza-y-dignifica-el-centro-especial-de-empleo-con-ocho-nuevos-empleados-para-jardineria\/\" \/>\n<meta property=\"og:locale\" content=\"es_ES\" \/>\n<meta property=\"og:type\" content=\"article\" \/>\n<meta property=\"og:title\" content=\"El Ayuntamiento &quot;optimiza y dignifica&quot; el Centro Especial de Empleo con ocho nuevos empleados para jardiner\u00eda - Asociaci\u00f3n Espa\u00f1ola S\u00edndrome de Charge\" \/>\n<meta property=\"og:description\" content=\"Leemos en 20minutos la siguiente noticia que os reproducimos de forma \u00edntegra: El alcalde, Julio Mill\u00e1n, junto a la concejala de Medio Ambiente, Mar\u00eda del Carmen Angulo, ha dado este mi\u00e9rcoles la bienvenida a los nuevos empleados del citado servicio, que \u00abestaba en riesgo de desaparici\u00f3n y en franco desmantelamiento\u00bb. Y ello, \u00abno solo por [&hellip;]\" \/>\n<meta property=\"og:url\" content=\"https:\/\/sindromecharge.es\/index.php\/2021\/04\/14\/el-ayuntamiento-optimiza-y-dignifica-el-centro-especial-de-empleo-con-ocho-nuevos-empleados-para-jardineria\/\" \/>\n<meta property=\"og:site_name\" content=\"Asociaci\u00f3n Espa\u00f1ola S\u00edndrome de Charge\" \/>\n<meta property=\"article:publisher\" content=\"https:\/\/www.facebook.com\/asociacionsindromecharge\" \/>\n<meta property=\"article:published_time\" content=\"2021-04-14T12:19:38+00:00\" \/>\n<meta property=\"og:image\" content=\"https:\/\/sindromecharge.es\/wp-content\/uploads\/2013\/09\/logodecharge300x98.png\" \/>\n\t<meta property=\"og:image:width\" content=\"300\" \/>\n\t<meta property=\"og:image:height\" content=\"98\" \/>\n\t<meta property=\"og:image:type\" content=\"image\/png\" \/>\n<meta name=\"author\" content=\"Charge\" \/>\n<meta name=\"twitter:card\" content=\"summary_large_image\" \/>\n<meta name=\"twitter:creator\" content=\"@sindromecharge\" \/>\n<meta name=\"twitter:site\" content=\"@sindromecharge\" \/>\n<meta name=\"twitter:label1\" content=\"Escrito por\" \/>\n\t<meta name=\"twitter:data1\" content=\"Charge\" \/>\n\t<meta name=\"twitter:label2\" content=\"Tiempo de lectura\" \/>\n\t<meta name=\"twitter:data2\" content=\"3 minutos\" \/>\n<script type=\"application\/ld+json\" class=\"yoast-schema-graph\">{\"@context\":\"https:\\\/\\\/schema.org\",\"@graph\":[{\"@type\":\"Article\",\"@id\":\"https:\\\/\\\/sindromecharge.es\\\/index.php\\\/2021\\\/04\\\/14\\\/el-ayuntamiento-optimiza-y-dignifica-el-centro-especial-de-empleo-con-ocho-nuevos-empleados-para-jardineria\\\/#article\",\"isPartOf\":{\"@id\":\"https:\\\/\\\/sindromecharge.es\\\/index.php\\\/2021\\\/04\\\/14\\\/el-ayuntamiento-optimiza-y-dignifica-el-centro-especial-de-empleo-con-ocho-nuevos-empleados-para-jardineria\\\/\"},\"author\":{\"name\":\"Charge\",\"@id\":\"https:\\\/\\\/sindromecharge.es\\\/#\\\/schema\\\/person\\\/39a60ebe0a2b4d5a11179701e336b039\"},\"headline\":\"El Ayuntamiento &quot;optimiza y dignifica&quot; el Centro Especial de Empleo con ocho nuevos empleados para jardiner\u00eda\",\"datePublished\":\"2021-04-14T12:19:38+00:00\",\"mainEntityOfPage\":{\"@id\":\"https:\\\/\\\/sindromecharge.es\\\/index.php\\\/2021\\\/04\\\/14\\\/el-ayuntamiento-optimiza-y-dignifica-el-centro-especial-de-empleo-con-ocho-nuevos-empleados-para-jardineria\\\/\"},\"wordCount\":656,\"commentCount\":0,\"keywords\":[\"discapacidad\"],\"articleSection\":[\"noticias\"],\"inLanguage\":\"es\",\"potentialAction\":[{\"@type\":\"CommentAction\",\"name\":\"Comment\",\"target\":[\"https:\\\/\\\/sindromecharge.es\\\/index.php\\\/2021\\\/04\\\/14\\\/el-ayuntamiento-optimiza-y-dignifica-el-centro-especial-de-empleo-con-ocho-nuevos-empleados-para-jardineria\\\/#respond\"]}]},{\"@type\":\"WebPage\",\"@id\":\"https:\\\/\\\/sindromecharge.es\\\/index.php\\\/2021\\\/04\\\/14\\\/el-ayuntamiento-optimiza-y-dignifica-el-centro-especial-de-empleo-con-ocho-nuevos-empleados-para-jardineria\\\/\",\"url\":\"https:\\\/\\\/sindromecharge.es\\\/index.php\\\/2021\\\/04\\\/14\\\/el-ayuntamiento-optimiza-y-dignifica-el-centro-especial-de-empleo-con-ocho-nuevos-empleados-para-jardineria\\\/\",\"name\":\"El Ayuntamiento &quot;optimiza y dignifica&quot; el Centro Especial de Empleo con ocho nuevos empleados para jardiner\u00eda - Asociaci\u00f3n Espa\u00f1ola S\u00edndrome de Charge\",\"isPartOf\":{\"@id\":\"https:\\\/\\\/sindromecharge.es\\\/#website\"},\"datePublished\":\"2021-04-14T12:19:38+00:00\",\"author\":{\"@id\":\"https:\\\/\\\/sindromecharge.es\\\/#\\\/schema\\\/person\\\/39a60ebe0a2b4d5a11179701e336b039\"},\"breadcrumb\":{\"@id\":\"https:\\\/\\\/sindromecharge.es\\\/index.php\\\/2021\\\/04\\\/14\\\/el-ayuntamiento-optimiza-y-dignifica-el-centro-especial-de-empleo-con-ocho-nuevos-empleados-para-jardineria\\\/#breadcrumb\"},\"inLanguage\":\"es\",\"potentialAction\":[{\"@type\":\"ReadAction\",\"target\":[\"https:\\\/\\\/sindromecharge.es\\\/index.php\\\/2021\\\/04\\\/14\\\/el-ayuntamiento-optimiza-y-dignifica-el-centro-especial-de-empleo-con-ocho-nuevos-empleados-para-jardineria\\\/\"]}]},{\"@type\":\"BreadcrumbList\",\"@id\":\"https:\\\/\\\/sindromecharge.es\\\/index.php\\\/2021\\\/04\\\/14\\\/el-ayuntamiento-optimiza-y-dignifica-el-centro-especial-de-empleo-con-ocho-nuevos-empleados-para-jardineria\\\/#breadcrumb\",\"itemListElement\":[{\"@type\":\"ListItem\",\"position\":1,\"name\":\"Portada\",\"item\":\"https:\\\/\\\/sindromecharge.es\\\/\"},{\"@type\":\"ListItem\",\"position\":2,\"name\":\"El Ayuntamiento &quot;optimiza y dignifica&quot; el Centro Especial de Empleo con ocho nuevos empleados para jardiner\u00eda\"}]},{\"@type\":\"WebSite\",\"@id\":\"https:\\\/\\\/sindromecharge.es\\\/#website\",\"url\":\"https:\\\/\\\/sindromecharge.es\\\/\",\"name\":\"Asociaci\u00f3n Espa\u00f1ola S\u00edndrome de Charge\",\"description\":\"\",\"potentialAction\":[{\"@type\":\"SearchAction\",\"target\":{\"@type\":\"EntryPoint\",\"urlTemplate\":\"https:\\\/\\\/sindromecharge.es\\\/?s={search_term_string}\"},\"query-input\":{\"@type\":\"PropertyValueSpecification\",\"valueRequired\":true,\"valueName\":\"search_term_string\"}}],\"inLanguage\":\"es\"},{\"@type\":\"Person\",\"@id\":\"https:\\\/\\\/sindromecharge.es\\\/#\\\/schema\\\/person\\\/39a60ebe0a2b4d5a11179701e336b039\",\"name\":\"Charge\",\"image\":{\"@type\":\"ImageObject\",\"inLanguage\":\"es\",\"@id\":\"https:\\\/\\\/secure.gravatar.com\\\/avatar\\\/c3b46e32a0fc3b093a0873fb767bf3293de856293065e84ef06b7ec7a8acfb98?s=96&d=identicon&r=x\",\"url\":\"https:\\\/\\\/secure.gravatar.com\\\/avatar\\\/c3b46e32a0fc3b093a0873fb767bf3293de856293065e84ef06b7ec7a8acfb98?s=96&d=identicon&r=x\",\"contentUrl\":\"https:\\\/\\\/secure.gravatar.com\\\/avatar\\\/c3b46e32a0fc3b093a0873fb767bf3293de856293065e84ef06b7ec7a8acfb98?s=96&d=identicon&r=x\",\"caption\":\"Charge\"},\"url\":\"https:\\\/\\\/sindromecharge.es\\\/index.php\\\/author\\\/admin\\\/\"}]}<\/script>\n<!-- \/ Yoast SEO plugin. -->","yoast_head_json":{"title":"El Ayuntamiento &quot;optimiza y dignifica&quot; el Centro Especial de Empleo con ocho nuevos empleados para jardiner\u00eda - Asociaci\u00f3n Espa\u00f1ola S\u00edndrome de Charge","robots":{"index":"index","follow":"follow","max-snippet":"max-snippet:-1","max-image-preview":"max-image-preview:large","max-video-preview":"max-video-preview:-1"},"canonical":"https:\/\/sindromecharge.es\/index.php\/2021\/04\/14\/el-ayuntamiento-optimiza-y-dignifica-el-centro-especial-de-empleo-con-ocho-nuevos-empleados-para-jardineria\/","og_locale":"es_ES","og_type":"article","og_title":"El Ayuntamiento &quot;optimiza y dignifica&quot; el Centro Especial de Empleo con ocho nuevos empleados para jardiner\u00eda - Asociaci\u00f3n Espa\u00f1ola S\u00edndrome de Charge","og_description":"Leemos en 20minutos la siguiente noticia que os reproducimos de forma \u00edntegra: El alcalde, Julio Mill\u00e1n, junto a la concejala de Medio Ambiente, Mar\u00eda del Carmen Angulo, ha dado este mi\u00e9rcoles la bienvenida a los nuevos empleados del citado servicio, que \u00abestaba en riesgo de desaparici\u00f3n y en franco desmantelamiento\u00bb. Y ello, \u00abno solo por [&hellip;]","og_url":"https:\/\/sindromecharge.es\/index.php\/2021\/04\/14\/el-ayuntamiento-optimiza-y-dignifica-el-centro-especial-de-empleo-con-ocho-nuevos-empleados-para-jardineria\/","og_site_name":"Asociaci\u00f3n Espa\u00f1ola S\u00edndrome de Charge","article_publisher":"https:\/\/www.facebook.com\/asociacionsindromecharge","article_published_time":"2021-04-14T12:19:38+00:00","og_image":[{"width":300,"height":98,"url":"https:\/\/sindromecharge.es\/wp-content\/uploads\/2013\/09\/logodecharge300x98.png","type":"image\/png"}],"author":"Charge","twitter_card":"summary_large_image","twitter_creator":"@sindromecharge","twitter_site":"@sindromecharge","twitter_misc":{"Escrito por":"Charge","Tiempo de lectura":"3 minutos"},"schema":{"@context":"https:\/\/schema.org","@graph":[{"@type":"Article","@id":"https:\/\/sindromecharge.es\/index.php\/2021\/04\/14\/el-ayuntamiento-optimiza-y-dignifica-el-centro-especial-de-empleo-con-ocho-nuevos-empleados-para-jardineria\/#article","isPartOf":{"@id":"https:\/\/sindromecharge.es\/index.php\/2021\/04\/14\/el-ayuntamiento-optimiza-y-dignifica-el-centro-especial-de-empleo-con-ocho-nuevos-empleados-para-jardineria\/"},"author":{"name":"Charge","@id":"https:\/\/sindromecharge.es\/#\/schema\/person\/39a60ebe0a2b4d5a11179701e336b039"},"headline":"El Ayuntamiento &quot;optimiza y dignifica&quot; el Centro Especial de Empleo con ocho nuevos empleados para jardiner\u00eda","datePublished":"2021-04-14T12:19:38+00:00","mainEntityOfPage":{"@id":"https:\/\/sindromecharge.es\/index.php\/2021\/04\/14\/el-ayuntamiento-optimiza-y-dignifica-el-centro-especial-de-empleo-con-ocho-nuevos-empleados-para-jardineria\/"},"wordCount":656,"commentCount":0,"keywords":["discapacidad"],"articleSection":["noticias"],"inLanguage":"es","potentialAction":[{"@type":"CommentAction","name":"Comment","target":["https:\/\/sindromecharge.es\/index.php\/2021\/04\/14\/el-ayuntamiento-optimiza-y-dignifica-el-centro-especial-de-empleo-con-ocho-nuevos-empleados-para-jardineria\/#respond"]}]},{"@type":"WebPage","@id":"https:\/\/sindromecharge.es\/index.php\/2021\/04\/14\/el-ayuntamiento-optimiza-y-dignifica-el-centro-especial-de-empleo-con-ocho-nuevos-empleados-para-jardineria\/","url":"https:\/\/sindromecharge.es\/index.php\/2021\/04\/14\/el-ayuntamiento-optimiza-y-dignifica-el-centro-especial-de-empleo-con-ocho-nuevos-empleados-para-jardineria\/","name":"El Ayuntamiento &quot;optimiza y dignifica&quot; el Centro Especial de Empleo con ocho nuevos empleados para jardiner\u00eda - Asociaci\u00f3n Espa\u00f1ola S\u00edndrome de Charge","isPartOf":{"@id":"https:\/\/sindromecharge.es\/#website"},"datePublished":"2021-04-14T12:19:38+00:00","author":{"@id":"https:\/\/sindromecharge.es\/#\/schema\/person\/39a60ebe0a2b4d5a11179701e336b039"},"breadcrumb":{"@id":"https:\/\/sindromecharge.es\/index.php\/2021\/04\/14\/el-ayuntamiento-optimiza-y-dignifica-el-centro-especial-de-empleo-con-ocho-nuevos-empleados-para-jardineria\/#breadcrumb"},"inLanguage":"es","potentialAction":[{"@type":"ReadAction","target":["https:\/\/sindromecharge.es\/index.php\/2021\/04\/14\/el-ayuntamiento-optimiza-y-dignifica-el-centro-especial-de-empleo-con-ocho-nuevos-empleados-para-jardineria\/"]}]},{"@type":"BreadcrumbList","@id":"https:\/\/sindromecharge.es\/index.php\/2021\/04\/14\/el-ayuntamiento-optimiza-y-dignifica-el-centro-especial-de-empleo-con-ocho-nuevos-empleados-para-jardineria\/#breadcrumb","itemListElement":[{"@type":"ListItem","position":1,"name":"Portada","item":"https:\/\/sindromecharge.es\/"},{"@type":"ListItem","position":2,"name":"El Ayuntamiento &quot;optimiza y dignifica&quot; el Centro Especial de Empleo con ocho nuevos empleados para jardiner\u00eda"}]},{"@type":"WebSite","@id":"https:\/\/sindromecharge.es\/#website","url":"https:\/\/sindromecharge.es\/","name":"Asociaci\u00f3n Espa\u00f1ola S\u00edndrome de Charge","description":"","potentialAction":[{"@type":"SearchAction","target":{"@type":"EntryPoint","urlTemplate":"https:\/\/sindromecharge.es\/?s={search_term_string}"},"query-input":{"@type":"PropertyValueSpecification","valueRequired":true,"valueName":"search_term_string"}}],"inLanguage":"es"},{"@type":"Person","@id":"https:\/\/sindromecharge.es\/#\/schema\/person\/39a60ebe0a2b4d5a11179701e336b039","name":"Charge","image":{"@type":"ImageObject","inLanguage":"es","@id":"https:\/\/secure.gravatar.com\/avatar\/c3b46e32a0fc3b093a0873fb767bf3293de856293065e84ef06b7ec7a8acfb98?s=96&d=identicon&r=x","url":"https:\/\/secure.gravatar.com\/avatar\/c3b46e32a0fc3b093a0873fb767bf3293de856293065e84ef06b7ec7a8acfb98?s=96&d=identicon&r=x","contentUrl":"https:\/\/secure.gravatar.com\/avatar\/c3b46e32a0fc3b093a0873fb767bf3293de856293065e84ef06b7ec7a8acfb98?s=96&d=identicon&r=x","caption":"Charge"},"url":"https:\/\/sindromecharge.es\/index.php\/author\/admin\/"}]}},"_links":{"self":[{"href":"https:\/\/sindromecharge.es\/index.php\/wp-json\/wp\/v2\/posts\/7038","targetHints":{"allow":["GET"]}}],"collection":[{"href":"https:\/\/sindromecharge.es\/index.php\/wp-json\/wp\/v2\/posts"}],"about":[{"href":"https:\/\/sindromecharge.es\/index.php\/wp-json\/wp\/v2\/types\/post"}],"author":[{"embeddable":true,"href":"https:\/\/sindromecharge.es\/index.php\/wp-json\/wp\/v2\/users\/1"}],"replies":[{"embeddable":true,"href":"https:\/\/sindromecharge.es\/index.php\/wp-json\/wp\/v2\/comments?post=7038"}],"version-history":[{"count":0,"href":"https:\/\/sindromecharge.es\/index.php\/wp-json\/wp\/v2\/posts\/7038\/revisions"}],"wp:attachment":[{"href":"https:\/\/sindromecharge.es\/index.php\/wp-json\/wp\/v2\/media?parent=7038"}],"wp:term":[{"taxonomy":"category","embeddable":true,"href":"https:\/\/sindromecharge.es\/index.php\/wp-json\/wp\/v2\/categories?post=7038"},{"taxonomy":"post_tag","embeddable":true,"href":"https:\/\/sindromecharge.es\/index.php\/wp-json\/wp\/v2\/tags?post=7038"}],"curies":[{"name":"wp","href":"https:\/\/api.w.org\/{rel}","templated":true}]}}