{"id":7036,"date":"2021-04-14T10:40:22","date_gmt":"2021-04-14T10:40:22","guid":{"rendered":"https:\/\/sindromecharge.es\/index.php\/2021\/04\/14\/tsjcyl-confirma-45-anos-por-extorsionar-a-un-vendedor-de-cupones-de-la-once-de-olmedo-con-una-discapacidad\/"},"modified":"2021-04-14T10:40:22","modified_gmt":"2021-04-14T10:40:22","slug":"tsjcyl-confirma-45-anos-por-extorsionar-a-un-vendedor-de-cupones-de-la-once-de-olmedo-con-una-discapacidad","status":"publish","type":"post","link":"https:\/\/sindromecharge.es\/index.php\/2021\/04\/14\/tsjcyl-confirma-45-anos-por-extorsionar-a-un-vendedor-de-cupones-de-la-once-de-olmedo-con-una-discapacidad\/","title":{"rendered":"TSJCyL confirma 4,5 a\u00f1os por extorsionar a un vendedor de cupones de la ONCE de Olmedo con una discapacidad"},"content":{"rendered":"<p>Leemos en 20minutos la siguiente noticia que os reproducimos de forma \u00edntegra: <\/p>\n<p>La sentencia de la Sala de lo Civil y Penal del TSJCyL, con sede en Burgos, desestima as\u00ed el recurso interpuesto por el condenado y confirma en todos sus t\u00e9rminos el fallo anterior de la Secci\u00f3n Segunda de lo Penal de la Audiencia de Valladolid, de fecha 4 de diciembre de 2020, que consider\u00f3 al condenado autor de un delito continuado de extorsi\u00f3n, con la agravante de abuso de superioridad, a la pena de cuatro a\u00f1os y seis meses de prisi\u00f3n.<\/p>\n<p>A mayores, el tribunal le impuso, durante siete a\u00f1os, la prohibici\u00f3nde aproximarse a menos de 500 metros respecto de la v\u00edctima, de su vivienda y lugares que frecuente el mismo, as\u00ed como la prohibici\u00f3n de establecer contacto escrito, verbal o visual por cualquier medio de comunicaci\u00f3n, inform\u00e1tico o telem\u00e1tico, durante el mismo periodo de siete a\u00f1os.<\/p>\n<p>En concepto de responsabilidad civil, deber\u00e1 indemnizar al extorsionado en 6.930 euros por el da\u00f1o material y en 12.000 euros.<\/p>\n<p>En la sentencia ahora ratificada se consideran como hechos probados que el acusado se dedic\u00f3 a extorsionar a un vendedor de cupones de la ONCE en Olmedo, quien presentaba una discapacidad notoria-sufre una deficiencia mental media, con una disminuci\u00f3n de la capacidad org\u00e1nica y funcional del 58 por ciento-, y obtuvo as\u00ed de \u00e9l cantidades que suman casi 7.000 euros, seg\u00fan la informaci\u00f3n del Gabinete de Prensa del TSJCyL recogida por Europa Press.<\/p>\n<p>As\u00ed, con anterioridad al mes de octubre de 2015, el condenado se acerc\u00f3 a la v\u00edctima y ya en esa primera ocasi\u00f3n la convenci\u00f3 para que le entregase dinero, dici\u00e9ndole que ten\u00eda un familiar enfermo y que lo necesitaba. En ese momento obtuvo 70 euros.<\/p>\n<p>Pocos d\u00edas despu\u00e9s, volvi\u00f3 a requerir ayuda del vendedor de cupones y en aquella ocasi\u00f3n \u00e9ste se neg\u00f3, con lo que el acusado amenaz\u00f3 con propinarle una paliza tanto a \u00e9l como a su padre, persona de edad avanzada, ante lo cual, por miedo, se pleg\u00f3 a sus pretensiones.<\/p>\n<p>A partir de ese momento, el acusado comenz\u00f3 a exigir dinero al vendedor de cupones, de la misma manera y bajo la advertencia de darle una paliza a \u00e9l y su familia. De este modo, la v\u00edctima le entregaba, al menos cada semana, cantidades que oscilaban entre los 50 a 80 euros, llegando en algunas de ellas a darle hasta 200 euros, que proced\u00edan fundamentalmente de la recaudaci\u00f3n de los cupones.<\/p>\n<p>Estos hechos tuvieron lugar en la localidad de Olmedo y se prolongaron hasta el 18 de noviembre de 2016, fecha en la que el extorsionado cay\u00f3 de baja m\u00e9dica por incapacidad con un cuadro ansioso-depresivo y de alteraci\u00f3n del comportamiento.<\/p>\n<p>Desde esta fecha, la v\u00edctima permaneci\u00f3 en la localidad de Ataquines, donde resid\u00eda en la vivienda familiar. El 23 de mayo de 2017 se le revis\u00f3 la discapacidad reconoci\u00e9ndole un grado del 68% al haberse agravado el que ten\u00eda anteriormente, valor\u00e1ndose su retraso mental moderado y su trastorno de la afectividad.<\/p>\n<p>Posteriormente fue jubilado mediante resoluci\u00f3n del INSS, de fecha 14\/07\/2017, declarando la incapacidad permanente absoluta del mismo para todo tipo de trabajo.<\/p>\n<p>Tambi\u00e9n se considera probado que el condenado, al no encontrar a su v\u00edctima, la busc\u00f3 y se present\u00f3 en la localidad de Ataquines para preguntando por ella para tratar de localizarle y encontrarle a solas a fin de seguir exigi\u00e9ndole dinero.<\/p>\n<p>TAMBI\u00c9N POR TEL\u00c9FONO<\/p>\n<p>La b\u00fasqueda culmin\u00f3 en el mes de noviembre de 2017 cuando el acusado encontr\u00f3 al vendedor en dicha localidad y volvi\u00f3 a pedirle dinero y su n\u00famero de tel\u00e9fono, amenaz\u00e1ndole con propinarle una paliza a \u00e9l o a su padre si no lo hac\u00eda. El extorsionado, atemorizado, accedi\u00f3 a sus peticiones y le facilit\u00f3 su tel\u00e9fono.<\/p>\n<p>De esta manera, el acusado, desde el tel\u00e9fono, comenz\u00f3 a realizar numerosas llamadas telef\u00f3nicas al vendedor para exigirle la entrega de dinero y, al menos, desde el mes de noviembre de 2017 hasta el 4 de octubre de 2018, d\u00eda anterior a la interposici\u00f3n de la denuncia, el extorsionador acud\u00eda semanalmente a Ataquines donde obten\u00eda dinero de la v\u00edctima, siembre bajo amenazas.<\/p>\n<p>Las cantidades que entregaba en esas fechas en las que se encontraba en Ataquines lo extra\u00eda principalmente del dinero que su padre ten\u00eda en el domicilio, sin conocimiento de \u00e9ste, y en ocasiones de las cuentas en las que el vendedor figuraba como autorizado del Banco de Santander.<\/p>\n<p>Se ha comprobado que en el periodo comprendido entre el 30 de agosto de 2018 hasta el 15 de diciembre de 2018 el acusado llam\u00f3 un total de 83 veces al tel\u00e9fono del denunciante, del que obtuvo de esta forma un total de 6.930 euros.<\/p>\n<p>Fuente: 20minutos <a href=\"https:\/\/www.20minutos.es\/noticia\/4656531\/0\/tsjcyl-confirma-4-5-anos-por-extorsionar-a-un-vendedor-de-cupones-de-la-once-de-olmedo-con-una-discapacidad\/\" target=\"_blank\" rel=\"noopener\">TSJCyL confirma 4,5 a\u00f1os por extorsionar a un vendedor de cupones de la ONCE de Olmedo con una discapacidad<\/a><\/p>\n","protected":false},"excerpt":{"rendered":"<p>Leemos en 20minutos la siguiente noticia que os reproducimos de forma \u00edntegra: La sentencia de la Sala de lo Civil y Penal del TSJCyL, con sede en Burgos, desestima as\u00ed el recurso interpuesto por el condenado y confirma en todos sus t\u00e9rminos el fallo anterior de la Secci\u00f3n Segunda de lo Penal de la Audiencia [&hellip;]<\/p>\n","protected":false},"author":1,"featured_media":0,"comment_status":"open","ping_status":"closed","sticky":false,"template":"","format":"standard","meta":{"footnotes":""},"categories":[8],"tags":[31],"class_list":["post-7036","post","type-post","status-publish","format-standard","hentry","category-noticias","tag-discapacidad"],"yoast_head":"<!-- This site is optimized with the Yoast SEO plugin v27.5 - https:\/\/yoast.com\/product\/yoast-seo-wordpress\/ -->\n<title>TSJCyL confirma 4,5 a\u00f1os por extorsionar a un vendedor de cupones de la ONCE de Olmedo con una discapacidad - Asociaci\u00f3n Espa\u00f1ola S\u00edndrome de Charge<\/title>\n<meta name=\"robots\" content=\"index, follow, max-snippet:-1, max-image-preview:large, max-video-preview:-1\" \/>\n<link rel=\"canonical\" href=\"https:\/\/sindromecharge.es\/index.php\/2021\/04\/14\/tsjcyl-confirma-45-anos-por-extorsionar-a-un-vendedor-de-cupones-de-la-once-de-olmedo-con-una-discapacidad\/\" \/>\n<meta property=\"og:locale\" content=\"es_ES\" \/>\n<meta property=\"og:type\" content=\"article\" \/>\n<meta property=\"og:title\" content=\"TSJCyL confirma 4,5 a\u00f1os por extorsionar a un vendedor de cupones de la ONCE de Olmedo con una discapacidad - Asociaci\u00f3n Espa\u00f1ola S\u00edndrome de Charge\" \/>\n<meta property=\"og:description\" content=\"Leemos en 20minutos la siguiente noticia que os reproducimos de forma \u00edntegra: La sentencia de la Sala de lo Civil y Penal del TSJCyL, con sede en Burgos, desestima as\u00ed el recurso interpuesto por el condenado y confirma en todos sus t\u00e9rminos el fallo anterior de la Secci\u00f3n Segunda de lo Penal de la Audiencia [&hellip;]\" \/>\n<meta property=\"og:url\" content=\"https:\/\/sindromecharge.es\/index.php\/2021\/04\/14\/tsjcyl-confirma-45-anos-por-extorsionar-a-un-vendedor-de-cupones-de-la-once-de-olmedo-con-una-discapacidad\/\" \/>\n<meta property=\"og:site_name\" content=\"Asociaci\u00f3n Espa\u00f1ola S\u00edndrome de Charge\" \/>\n<meta property=\"article:publisher\" content=\"https:\/\/www.facebook.com\/asociacionsindromecharge\" \/>\n<meta property=\"article:published_time\" content=\"2021-04-14T10:40:22+00:00\" \/>\n<meta property=\"og:image\" content=\"https:\/\/sindromecharge.es\/wp-content\/uploads\/2013\/09\/logodecharge300x98.png\" \/>\n\t<meta property=\"og:image:width\" content=\"300\" \/>\n\t<meta property=\"og:image:height\" content=\"98\" \/>\n\t<meta property=\"og:image:type\" content=\"image\/png\" \/>\n<meta name=\"author\" content=\"Charge\" \/>\n<meta name=\"twitter:card\" content=\"summary_large_image\" \/>\n<meta name=\"twitter:creator\" content=\"@sindromecharge\" \/>\n<meta name=\"twitter:site\" content=\"@sindromecharge\" \/>\n<meta name=\"twitter:label1\" content=\"Escrito por\" \/>\n\t<meta name=\"twitter:data1\" content=\"Charge\" \/>\n\t<meta name=\"twitter:label2\" content=\"Tiempo de lectura\" \/>\n\t<meta name=\"twitter:data2\" content=\"4 minutos\" \/>\n<script type=\"application\/ld+json\" class=\"yoast-schema-graph\">{\"@context\":\"https:\\\/\\\/schema.org\",\"@graph\":[{\"@type\":\"Article\",\"@id\":\"https:\\\/\\\/sindromecharge.es\\\/index.php\\\/2021\\\/04\\\/14\\\/tsjcyl-confirma-45-anos-por-extorsionar-a-un-vendedor-de-cupones-de-la-once-de-olmedo-con-una-discapacidad\\\/#article\",\"isPartOf\":{\"@id\":\"https:\\\/\\\/sindromecharge.es\\\/index.php\\\/2021\\\/04\\\/14\\\/tsjcyl-confirma-45-anos-por-extorsionar-a-un-vendedor-de-cupones-de-la-once-de-olmedo-con-una-discapacidad\\\/\"},\"author\":{\"name\":\"Charge\",\"@id\":\"https:\\\/\\\/sindromecharge.es\\\/#\\\/schema\\\/person\\\/39a60ebe0a2b4d5a11179701e336b039\"},\"headline\":\"TSJCyL confirma 4,5 a\u00f1os por extorsionar a un vendedor de cupones de la ONCE de Olmedo con una discapacidad\",\"datePublished\":\"2021-04-14T10:40:22+00:00\",\"mainEntityOfPage\":{\"@id\":\"https:\\\/\\\/sindromecharge.es\\\/index.php\\\/2021\\\/04\\\/14\\\/tsjcyl-confirma-45-anos-por-extorsionar-a-un-vendedor-de-cupones-de-la-once-de-olmedo-con-una-discapacidad\\\/\"},\"wordCount\":844,\"commentCount\":0,\"keywords\":[\"discapacidad\"],\"articleSection\":[\"noticias\"],\"inLanguage\":\"es\",\"potentialAction\":[{\"@type\":\"CommentAction\",\"name\":\"Comment\",\"target\":[\"https:\\\/\\\/sindromecharge.es\\\/index.php\\\/2021\\\/04\\\/14\\\/tsjcyl-confirma-45-anos-por-extorsionar-a-un-vendedor-de-cupones-de-la-once-de-olmedo-con-una-discapacidad\\\/#respond\"]}]},{\"@type\":\"WebPage\",\"@id\":\"https:\\\/\\\/sindromecharge.es\\\/index.php\\\/2021\\\/04\\\/14\\\/tsjcyl-confirma-45-anos-por-extorsionar-a-un-vendedor-de-cupones-de-la-once-de-olmedo-con-una-discapacidad\\\/\",\"url\":\"https:\\\/\\\/sindromecharge.es\\\/index.php\\\/2021\\\/04\\\/14\\\/tsjcyl-confirma-45-anos-por-extorsionar-a-un-vendedor-de-cupones-de-la-once-de-olmedo-con-una-discapacidad\\\/\",\"name\":\"TSJCyL confirma 4,5 a\u00f1os por extorsionar a un vendedor de cupones de la ONCE de Olmedo con una discapacidad - Asociaci\u00f3n Espa\u00f1ola S\u00edndrome de Charge\",\"isPartOf\":{\"@id\":\"https:\\\/\\\/sindromecharge.es\\\/#website\"},\"datePublished\":\"2021-04-14T10:40:22+00:00\",\"author\":{\"@id\":\"https:\\\/\\\/sindromecharge.es\\\/#\\\/schema\\\/person\\\/39a60ebe0a2b4d5a11179701e336b039\"},\"breadcrumb\":{\"@id\":\"https:\\\/\\\/sindromecharge.es\\\/index.php\\\/2021\\\/04\\\/14\\\/tsjcyl-confirma-45-anos-por-extorsionar-a-un-vendedor-de-cupones-de-la-once-de-olmedo-con-una-discapacidad\\\/#breadcrumb\"},\"inLanguage\":\"es\",\"potentialAction\":[{\"@type\":\"ReadAction\",\"target\":[\"https:\\\/\\\/sindromecharge.es\\\/index.php\\\/2021\\\/04\\\/14\\\/tsjcyl-confirma-45-anos-por-extorsionar-a-un-vendedor-de-cupones-de-la-once-de-olmedo-con-una-discapacidad\\\/\"]}]},{\"@type\":\"BreadcrumbList\",\"@id\":\"https:\\\/\\\/sindromecharge.es\\\/index.php\\\/2021\\\/04\\\/14\\\/tsjcyl-confirma-45-anos-por-extorsionar-a-un-vendedor-de-cupones-de-la-once-de-olmedo-con-una-discapacidad\\\/#breadcrumb\",\"itemListElement\":[{\"@type\":\"ListItem\",\"position\":1,\"name\":\"Portada\",\"item\":\"https:\\\/\\\/sindromecharge.es\\\/\"},{\"@type\":\"ListItem\",\"position\":2,\"name\":\"TSJCyL confirma 4,5 a\u00f1os por extorsionar a un vendedor de cupones de la ONCE de Olmedo con una discapacidad\"}]},{\"@type\":\"WebSite\",\"@id\":\"https:\\\/\\\/sindromecharge.es\\\/#website\",\"url\":\"https:\\\/\\\/sindromecharge.es\\\/\",\"name\":\"Asociaci\u00f3n Espa\u00f1ola S\u00edndrome de Charge\",\"description\":\"\",\"potentialAction\":[{\"@type\":\"SearchAction\",\"target\":{\"@type\":\"EntryPoint\",\"urlTemplate\":\"https:\\\/\\\/sindromecharge.es\\\/?s={search_term_string}\"},\"query-input\":{\"@type\":\"PropertyValueSpecification\",\"valueRequired\":true,\"valueName\":\"search_term_string\"}}],\"inLanguage\":\"es\"},{\"@type\":\"Person\",\"@id\":\"https:\\\/\\\/sindromecharge.es\\\/#\\\/schema\\\/person\\\/39a60ebe0a2b4d5a11179701e336b039\",\"name\":\"Charge\",\"image\":{\"@type\":\"ImageObject\",\"inLanguage\":\"es\",\"@id\":\"https:\\\/\\\/secure.gravatar.com\\\/avatar\\\/c3b46e32a0fc3b093a0873fb767bf3293de856293065e84ef06b7ec7a8acfb98?s=96&d=identicon&r=x\",\"url\":\"https:\\\/\\\/secure.gravatar.com\\\/avatar\\\/c3b46e32a0fc3b093a0873fb767bf3293de856293065e84ef06b7ec7a8acfb98?s=96&d=identicon&r=x\",\"contentUrl\":\"https:\\\/\\\/secure.gravatar.com\\\/avatar\\\/c3b46e32a0fc3b093a0873fb767bf3293de856293065e84ef06b7ec7a8acfb98?s=96&d=identicon&r=x\",\"caption\":\"Charge\"},\"url\":\"https:\\\/\\\/sindromecharge.es\\\/index.php\\\/author\\\/admin\\\/\"}]}<\/script>\n<!-- \/ Yoast SEO plugin. -->","yoast_head_json":{"title":"TSJCyL confirma 4,5 a\u00f1os por extorsionar a un vendedor de cupones de la ONCE de Olmedo con una discapacidad - Asociaci\u00f3n Espa\u00f1ola S\u00edndrome de Charge","robots":{"index":"index","follow":"follow","max-snippet":"max-snippet:-1","max-image-preview":"max-image-preview:large","max-video-preview":"max-video-preview:-1"},"canonical":"https:\/\/sindromecharge.es\/index.php\/2021\/04\/14\/tsjcyl-confirma-45-anos-por-extorsionar-a-un-vendedor-de-cupones-de-la-once-de-olmedo-con-una-discapacidad\/","og_locale":"es_ES","og_type":"article","og_title":"TSJCyL confirma 4,5 a\u00f1os por extorsionar a un vendedor de cupones de la ONCE de Olmedo con una discapacidad - Asociaci\u00f3n Espa\u00f1ola S\u00edndrome de Charge","og_description":"Leemos en 20minutos la siguiente noticia que os reproducimos de forma \u00edntegra: La sentencia de la Sala de lo Civil y Penal del TSJCyL, con sede en Burgos, desestima as\u00ed el recurso interpuesto por el condenado y confirma en todos sus t\u00e9rminos el fallo anterior de la Secci\u00f3n Segunda de lo Penal de la Audiencia [&hellip;]","og_url":"https:\/\/sindromecharge.es\/index.php\/2021\/04\/14\/tsjcyl-confirma-45-anos-por-extorsionar-a-un-vendedor-de-cupones-de-la-once-de-olmedo-con-una-discapacidad\/","og_site_name":"Asociaci\u00f3n Espa\u00f1ola S\u00edndrome de Charge","article_publisher":"https:\/\/www.facebook.com\/asociacionsindromecharge","article_published_time":"2021-04-14T10:40:22+00:00","og_image":[{"width":300,"height":98,"url":"https:\/\/sindromecharge.es\/wp-content\/uploads\/2013\/09\/logodecharge300x98.png","type":"image\/png"}],"author":"Charge","twitter_card":"summary_large_image","twitter_creator":"@sindromecharge","twitter_site":"@sindromecharge","twitter_misc":{"Escrito por":"Charge","Tiempo de lectura":"4 minutos"},"schema":{"@context":"https:\/\/schema.org","@graph":[{"@type":"Article","@id":"https:\/\/sindromecharge.es\/index.php\/2021\/04\/14\/tsjcyl-confirma-45-anos-por-extorsionar-a-un-vendedor-de-cupones-de-la-once-de-olmedo-con-una-discapacidad\/#article","isPartOf":{"@id":"https:\/\/sindromecharge.es\/index.php\/2021\/04\/14\/tsjcyl-confirma-45-anos-por-extorsionar-a-un-vendedor-de-cupones-de-la-once-de-olmedo-con-una-discapacidad\/"},"author":{"name":"Charge","@id":"https:\/\/sindromecharge.es\/#\/schema\/person\/39a60ebe0a2b4d5a11179701e336b039"},"headline":"TSJCyL confirma 4,5 a\u00f1os por extorsionar a un vendedor de cupones de la ONCE de Olmedo con una discapacidad","datePublished":"2021-04-14T10:40:22+00:00","mainEntityOfPage":{"@id":"https:\/\/sindromecharge.es\/index.php\/2021\/04\/14\/tsjcyl-confirma-45-anos-por-extorsionar-a-un-vendedor-de-cupones-de-la-once-de-olmedo-con-una-discapacidad\/"},"wordCount":844,"commentCount":0,"keywords":["discapacidad"],"articleSection":["noticias"],"inLanguage":"es","potentialAction":[{"@type":"CommentAction","name":"Comment","target":["https:\/\/sindromecharge.es\/index.php\/2021\/04\/14\/tsjcyl-confirma-45-anos-por-extorsionar-a-un-vendedor-de-cupones-de-la-once-de-olmedo-con-una-discapacidad\/#respond"]}]},{"@type":"WebPage","@id":"https:\/\/sindromecharge.es\/index.php\/2021\/04\/14\/tsjcyl-confirma-45-anos-por-extorsionar-a-un-vendedor-de-cupones-de-la-once-de-olmedo-con-una-discapacidad\/","url":"https:\/\/sindromecharge.es\/index.php\/2021\/04\/14\/tsjcyl-confirma-45-anos-por-extorsionar-a-un-vendedor-de-cupones-de-la-once-de-olmedo-con-una-discapacidad\/","name":"TSJCyL confirma 4,5 a\u00f1os por extorsionar a un vendedor de cupones de la ONCE de Olmedo con una discapacidad - Asociaci\u00f3n Espa\u00f1ola S\u00edndrome de Charge","isPartOf":{"@id":"https:\/\/sindromecharge.es\/#website"},"datePublished":"2021-04-14T10:40:22+00:00","author":{"@id":"https:\/\/sindromecharge.es\/#\/schema\/person\/39a60ebe0a2b4d5a11179701e336b039"},"breadcrumb":{"@id":"https:\/\/sindromecharge.es\/index.php\/2021\/04\/14\/tsjcyl-confirma-45-anos-por-extorsionar-a-un-vendedor-de-cupones-de-la-once-de-olmedo-con-una-discapacidad\/#breadcrumb"},"inLanguage":"es","potentialAction":[{"@type":"ReadAction","target":["https:\/\/sindromecharge.es\/index.php\/2021\/04\/14\/tsjcyl-confirma-45-anos-por-extorsionar-a-un-vendedor-de-cupones-de-la-once-de-olmedo-con-una-discapacidad\/"]}]},{"@type":"BreadcrumbList","@id":"https:\/\/sindromecharge.es\/index.php\/2021\/04\/14\/tsjcyl-confirma-45-anos-por-extorsionar-a-un-vendedor-de-cupones-de-la-once-de-olmedo-con-una-discapacidad\/#breadcrumb","itemListElement":[{"@type":"ListItem","position":1,"name":"Portada","item":"https:\/\/sindromecharge.es\/"},{"@type":"ListItem","position":2,"name":"TSJCyL confirma 4,5 a\u00f1os por extorsionar a un vendedor de cupones de la ONCE de Olmedo con una discapacidad"}]},{"@type":"WebSite","@id":"https:\/\/sindromecharge.es\/#website","url":"https:\/\/sindromecharge.es\/","name":"Asociaci\u00f3n Espa\u00f1ola S\u00edndrome de Charge","description":"","potentialAction":[{"@type":"SearchAction","target":{"@type":"EntryPoint","urlTemplate":"https:\/\/sindromecharge.es\/?s={search_term_string}"},"query-input":{"@type":"PropertyValueSpecification","valueRequired":true,"valueName":"search_term_string"}}],"inLanguage":"es"},{"@type":"Person","@id":"https:\/\/sindromecharge.es\/#\/schema\/person\/39a60ebe0a2b4d5a11179701e336b039","name":"Charge","image":{"@type":"ImageObject","inLanguage":"es","@id":"https:\/\/secure.gravatar.com\/avatar\/c3b46e32a0fc3b093a0873fb767bf3293de856293065e84ef06b7ec7a8acfb98?s=96&d=identicon&r=x","url":"https:\/\/secure.gravatar.com\/avatar\/c3b46e32a0fc3b093a0873fb767bf3293de856293065e84ef06b7ec7a8acfb98?s=96&d=identicon&r=x","contentUrl":"https:\/\/secure.gravatar.com\/avatar\/c3b46e32a0fc3b093a0873fb767bf3293de856293065e84ef06b7ec7a8acfb98?s=96&d=identicon&r=x","caption":"Charge"},"url":"https:\/\/sindromecharge.es\/index.php\/author\/admin\/"}]}},"_links":{"self":[{"href":"https:\/\/sindromecharge.es\/index.php\/wp-json\/wp\/v2\/posts\/7036","targetHints":{"allow":["GET"]}}],"collection":[{"href":"https:\/\/sindromecharge.es\/index.php\/wp-json\/wp\/v2\/posts"}],"about":[{"href":"https:\/\/sindromecharge.es\/index.php\/wp-json\/wp\/v2\/types\/post"}],"author":[{"embeddable":true,"href":"https:\/\/sindromecharge.es\/index.php\/wp-json\/wp\/v2\/users\/1"}],"replies":[{"embeddable":true,"href":"https:\/\/sindromecharge.es\/index.php\/wp-json\/wp\/v2\/comments?post=7036"}],"version-history":[{"count":0,"href":"https:\/\/sindromecharge.es\/index.php\/wp-json\/wp\/v2\/posts\/7036\/revisions"}],"wp:attachment":[{"href":"https:\/\/sindromecharge.es\/index.php\/wp-json\/wp\/v2\/media?parent=7036"}],"wp:term":[{"taxonomy":"category","embeddable":true,"href":"https:\/\/sindromecharge.es\/index.php\/wp-json\/wp\/v2\/categories?post=7036"},{"taxonomy":"post_tag","embeddable":true,"href":"https:\/\/sindromecharge.es\/index.php\/wp-json\/wp\/v2\/tags?post=7036"}],"curies":[{"name":"wp","href":"https:\/\/api.w.org\/{rel}","templated":true}]}}