{"id":7033,"date":"2021-04-13T18:46:28","date_gmt":"2021-04-13T18:46:28","guid":{"rendered":"https:\/\/sindromecharge.es\/index.php\/2021\/04\/13\/la-vanguardia-20-minutos-el-economista-y-abc-los-medios-digitales-que-mas-informan-sobre-discapacidad\/"},"modified":"2021-04-13T18:46:28","modified_gmt":"2021-04-13T18:46:28","slug":"la-vanguardia-20-minutos-el-economista-y-abc-los-medios-digitales-que-mas-informan-sobre-discapacidad","status":"publish","type":"post","link":"https:\/\/sindromecharge.es\/index.php\/2021\/04\/13\/la-vanguardia-20-minutos-el-economista-y-abc-los-medios-digitales-que-mas-informan-sobre-discapacidad\/","title":{"rendered":"&#039;La Vanguardia&#039;, &#039;20 Minutos&#039;, &#039;El Economista&#039; y &#039;ABC&#039;, los medios digitales que m\u00e1s informan sobre discapacidad"},"content":{"rendered":"<p>Leemos en 20minutos la siguiente noticia que os reproducimos de forma \u00edntegra: <\/p>\n<p>&#8216;La Vanguardia&#8217;, &#8217;20 Minutos&#8217;, &#8216;El Economista&#8217; y &#8216;ABC&#8217; <strong>son los medios digitales de cobertura nacional con mayor cantidad de noticias sobre discapacidad publicadas<\/strong>, seg\u00fan un estudio de la Universidad Carlos III de Madrid (UC3M) y el Centro Espa\u00f1ol del Subtitulado y la Audiodescripci\u00f3n (CESyA) publicado este martes.<\/p>\n<p>Publicada en la &#8216;Revista Espa\u00f1ola de Discapacidad&#8217;, la investigaci\u00f3n analiza la representaci\u00f3n de las personas con discapacidad que aparece en la prensa digital.<\/p>\n<p>Seg\u00fan sus resultados, las informaciones sobre discapacidad suelen formar parte de la prensa digital local o de los suplementos locales de prensa nacional; pertenecen mayoritariamente a<strong>l g\u00e9nero de la noticia y se engloban en la secci\u00f3n de sociedad<\/strong>, seguida de la de sucesos (en esta \u00faltima son m\u00e1s frecuentes las noticias con protagonistas individuales).<\/p>\n<p>En cuanto a las fuentes de la informaci\u00f3n, <strong>el 38% de las noticias analizadas proven\u00edan de notas de prensa y actos organizados por entidades directamente relacionadas con la discapacidad<\/strong>, fundamentalmente el Cermi y la ONCE. Las entidades y asociaciones influyen en que los medios traten las tem\u00e1ticas que les son afines. Por otra parte, el 19% de los peri\u00f3dicos \u2018online\u2019 con mayor n\u00famero de noticias sobre discapacidad citaban a las agencias de noticias (Servimedia, EFE y Europa Press) como fuentes.<\/p>\n<p>El tipo de discapacidad que m\u00e1s apareci\u00f3 en prensa en el periodo de tiempo estudiado<strong> fue la intelectual, seguida de discapacidades f\u00edsicas<\/strong> (org\u00e1nicas y de movilidad); la discapacidad sensorial (ceguera, sordera y sordoceguera), y por la enfermedad mental discapacitante. Esta \u00faltima es la discapacidad menos representada, pues solo se le menciona en cuatro de las doscientas informaciones estudiadas.<\/p>\n<p>La cobertura medi\u00e1tica de la discapacidad suele tener a protagonistas colectivos y la individual presenta <strong>una brecha de g\u00e9nero importante<\/strong>. Dos de cada tres noticias tienen como protagonistas a hombres, y no hay representaci\u00f3n Lgtbi.<\/p>\n<p>Finalmente, el estudio se\u00f1ala que <strong>el 70% de las noticias analizadas cumpl\u00edan con las indicaciones de la gu\u00eda de estilo sobre discapacidad<\/strong> para profesionales de la comunicaci\u00f3n del Real Patronato sobre Discapacidad y aportaban \u00abuna imagen inclusiva\u00bb de este colectivo.<\/p>\n<p>Concluye el trabajo que la situaci\u00f3n de la discapacidad en los medios de comunicaci\u00f3n est\u00e1 mejorando paulatinamente, aunque \u00abtodav\u00eda no se puede hablar de una completa normalizaci\u00f3n\u00bb.<\/p>\n<p>Fuente: 20minutos <a href=\"https:\/\/www.20minutos.es\/noticia\/4655956\/0\/la-vanguardia-20-minutos-el-economista-y-abc-los-medios-digitales-que-mas-informan-sobre-discapacidad\/\" target=\"_blank\" rel=\"noopener\">&#039;La Vanguardia&#039;, &#039;20 Minutos&#039;, &#039;El Economista&#039; y &#039;ABC&#039;, los medios digitales que m\u00e1s informan sobre discapacidad<\/a><\/p>\n","protected":false},"excerpt":{"rendered":"<p>Leemos en 20minutos la siguiente noticia que os reproducimos de forma \u00edntegra: &#8216;La Vanguardia&#8217;, &#8217;20 Minutos&#8217;, &#8216;El Economista&#8217; y &#8216;ABC&#8217; son los medios digitales de cobertura nacional con mayor cantidad de noticias sobre discapacidad publicadas, seg\u00fan un estudio de la Universidad Carlos III de Madrid (UC3M) y el Centro Espa\u00f1ol del Subtitulado y la Audiodescripci\u00f3n [&hellip;]<\/p>\n","protected":false},"author":1,"featured_media":0,"comment_status":"open","ping_status":"closed","sticky":false,"template":"","format":"standard","meta":{"footnotes":""},"categories":[8],"tags":[31],"class_list":["post-7033","post","type-post","status-publish","format-standard","hentry","category-noticias","tag-discapacidad"],"yoast_head":"<!-- This site is optimized with the Yoast SEO plugin v27.5 - https:\/\/yoast.com\/product\/yoast-seo-wordpress\/ -->\n<title>&#039;La Vanguardia&#039;, &#039;20 Minutos&#039;, &#039;El Economista&#039; y &#039;ABC&#039;, los medios digitales que m\u00e1s informan sobre discapacidad - Asociaci\u00f3n Espa\u00f1ola S\u00edndrome de Charge<\/title>\n<meta name=\"robots\" content=\"index, follow, max-snippet:-1, max-image-preview:large, max-video-preview:-1\" \/>\n<link rel=\"canonical\" href=\"https:\/\/sindromecharge.es\/index.php\/2021\/04\/13\/la-vanguardia-20-minutos-el-economista-y-abc-los-medios-digitales-que-mas-informan-sobre-discapacidad\/\" \/>\n<meta property=\"og:locale\" content=\"es_ES\" \/>\n<meta property=\"og:type\" content=\"article\" \/>\n<meta property=\"og:title\" content=\"&#039;La Vanguardia&#039;, &#039;20 Minutos&#039;, &#039;El Economista&#039; y &#039;ABC&#039;, los medios digitales que m\u00e1s informan sobre discapacidad - Asociaci\u00f3n Espa\u00f1ola S\u00edndrome de Charge\" \/>\n<meta property=\"og:description\" content=\"Leemos en 20minutos la siguiente noticia que os reproducimos de forma \u00edntegra: &#8216;La Vanguardia&#8217;, &#8217;20 Minutos&#8217;, &#8216;El Economista&#8217; y &#8216;ABC&#8217; son los medios digitales de cobertura nacional con mayor cantidad de noticias sobre discapacidad publicadas, seg\u00fan un estudio de la Universidad Carlos III de Madrid (UC3M) y el Centro Espa\u00f1ol del Subtitulado y la Audiodescripci\u00f3n [&hellip;]\" \/>\n<meta property=\"og:url\" content=\"https:\/\/sindromecharge.es\/index.php\/2021\/04\/13\/la-vanguardia-20-minutos-el-economista-y-abc-los-medios-digitales-que-mas-informan-sobre-discapacidad\/\" \/>\n<meta property=\"og:site_name\" content=\"Asociaci\u00f3n Espa\u00f1ola S\u00edndrome de Charge\" \/>\n<meta property=\"article:publisher\" content=\"https:\/\/www.facebook.com\/asociacionsindromecharge\" \/>\n<meta property=\"article:published_time\" content=\"2021-04-13T18:46:28+00:00\" \/>\n<meta property=\"og:image\" content=\"https:\/\/sindromecharge.es\/wp-content\/uploads\/2013\/09\/logodecharge300x98.png\" \/>\n\t<meta property=\"og:image:width\" content=\"300\" \/>\n\t<meta property=\"og:image:height\" content=\"98\" \/>\n\t<meta property=\"og:image:type\" content=\"image\/png\" \/>\n<meta name=\"author\" content=\"Charge\" \/>\n<meta name=\"twitter:card\" content=\"summary_large_image\" \/>\n<meta name=\"twitter:creator\" content=\"@sindromecharge\" \/>\n<meta name=\"twitter:site\" content=\"@sindromecharge\" \/>\n<meta name=\"twitter:label1\" content=\"Escrito por\" \/>\n\t<meta name=\"twitter:data1\" content=\"Charge\" \/>\n\t<meta name=\"twitter:label2\" content=\"Tiempo de lectura\" \/>\n\t<meta name=\"twitter:data2\" content=\"2 minutos\" \/>\n<script type=\"application\/ld+json\" class=\"yoast-schema-graph\">{\"@context\":\"https:\\\/\\\/schema.org\",\"@graph\":[{\"@type\":\"Article\",\"@id\":\"https:\\\/\\\/sindromecharge.es\\\/index.php\\\/2021\\\/04\\\/13\\\/la-vanguardia-20-minutos-el-economista-y-abc-los-medios-digitales-que-mas-informan-sobre-discapacidad\\\/#article\",\"isPartOf\":{\"@id\":\"https:\\\/\\\/sindromecharge.es\\\/index.php\\\/2021\\\/04\\\/13\\\/la-vanguardia-20-minutos-el-economista-y-abc-los-medios-digitales-que-mas-informan-sobre-discapacidad\\\/\"},\"author\":{\"name\":\"Charge\",\"@id\":\"https:\\\/\\\/sindromecharge.es\\\/#\\\/schema\\\/person\\\/39a60ebe0a2b4d5a11179701e336b039\"},\"headline\":\"&#039;La Vanguardia&#039;, &#039;20 Minutos&#039;, &#039;El Economista&#039; y &#039;ABC&#039;, los medios digitales que m\u00e1s informan sobre discapacidad\",\"datePublished\":\"2021-04-13T18:46:28+00:00\",\"mainEntityOfPage\":{\"@id\":\"https:\\\/\\\/sindromecharge.es\\\/index.php\\\/2021\\\/04\\\/13\\\/la-vanguardia-20-minutos-el-economista-y-abc-los-medios-digitales-que-mas-informan-sobre-discapacidad\\\/\"},\"wordCount\":437,\"commentCount\":0,\"keywords\":[\"discapacidad\"],\"articleSection\":[\"noticias\"],\"inLanguage\":\"es\",\"potentialAction\":[{\"@type\":\"CommentAction\",\"name\":\"Comment\",\"target\":[\"https:\\\/\\\/sindromecharge.es\\\/index.php\\\/2021\\\/04\\\/13\\\/la-vanguardia-20-minutos-el-economista-y-abc-los-medios-digitales-que-mas-informan-sobre-discapacidad\\\/#respond\"]}]},{\"@type\":\"WebPage\",\"@id\":\"https:\\\/\\\/sindromecharge.es\\\/index.php\\\/2021\\\/04\\\/13\\\/la-vanguardia-20-minutos-el-economista-y-abc-los-medios-digitales-que-mas-informan-sobre-discapacidad\\\/\",\"url\":\"https:\\\/\\\/sindromecharge.es\\\/index.php\\\/2021\\\/04\\\/13\\\/la-vanguardia-20-minutos-el-economista-y-abc-los-medios-digitales-que-mas-informan-sobre-discapacidad\\\/\",\"name\":\"&#039;La Vanguardia&#039;, &#039;20 Minutos&#039;, &#039;El Economista&#039; y &#039;ABC&#039;, los medios digitales que m\u00e1s informan sobre discapacidad - Asociaci\u00f3n Espa\u00f1ola S\u00edndrome de Charge\",\"isPartOf\":{\"@id\":\"https:\\\/\\\/sindromecharge.es\\\/#website\"},\"datePublished\":\"2021-04-13T18:46:28+00:00\",\"author\":{\"@id\":\"https:\\\/\\\/sindromecharge.es\\\/#\\\/schema\\\/person\\\/39a60ebe0a2b4d5a11179701e336b039\"},\"breadcrumb\":{\"@id\":\"https:\\\/\\\/sindromecharge.es\\\/index.php\\\/2021\\\/04\\\/13\\\/la-vanguardia-20-minutos-el-economista-y-abc-los-medios-digitales-que-mas-informan-sobre-discapacidad\\\/#breadcrumb\"},\"inLanguage\":\"es\",\"potentialAction\":[{\"@type\":\"ReadAction\",\"target\":[\"https:\\\/\\\/sindromecharge.es\\\/index.php\\\/2021\\\/04\\\/13\\\/la-vanguardia-20-minutos-el-economista-y-abc-los-medios-digitales-que-mas-informan-sobre-discapacidad\\\/\"]}]},{\"@type\":\"BreadcrumbList\",\"@id\":\"https:\\\/\\\/sindromecharge.es\\\/index.php\\\/2021\\\/04\\\/13\\\/la-vanguardia-20-minutos-el-economista-y-abc-los-medios-digitales-que-mas-informan-sobre-discapacidad\\\/#breadcrumb\",\"itemListElement\":[{\"@type\":\"ListItem\",\"position\":1,\"name\":\"Portada\",\"item\":\"https:\\\/\\\/sindromecharge.es\\\/\"},{\"@type\":\"ListItem\",\"position\":2,\"name\":\"&#039;La Vanguardia&#039;, &#039;20 Minutos&#039;, &#039;El Economista&#039; y &#039;ABC&#039;, los medios digitales que m\u00e1s informan sobre discapacidad\"}]},{\"@type\":\"WebSite\",\"@id\":\"https:\\\/\\\/sindromecharge.es\\\/#website\",\"url\":\"https:\\\/\\\/sindromecharge.es\\\/\",\"name\":\"Asociaci\u00f3n Espa\u00f1ola S\u00edndrome de Charge\",\"description\":\"\",\"potentialAction\":[{\"@type\":\"SearchAction\",\"target\":{\"@type\":\"EntryPoint\",\"urlTemplate\":\"https:\\\/\\\/sindromecharge.es\\\/?s={search_term_string}\"},\"query-input\":{\"@type\":\"PropertyValueSpecification\",\"valueRequired\":true,\"valueName\":\"search_term_string\"}}],\"inLanguage\":\"es\"},{\"@type\":\"Person\",\"@id\":\"https:\\\/\\\/sindromecharge.es\\\/#\\\/schema\\\/person\\\/39a60ebe0a2b4d5a11179701e336b039\",\"name\":\"Charge\",\"image\":{\"@type\":\"ImageObject\",\"inLanguage\":\"es\",\"@id\":\"https:\\\/\\\/secure.gravatar.com\\\/avatar\\\/c3b46e32a0fc3b093a0873fb767bf3293de856293065e84ef06b7ec7a8acfb98?s=96&d=identicon&r=x\",\"url\":\"https:\\\/\\\/secure.gravatar.com\\\/avatar\\\/c3b46e32a0fc3b093a0873fb767bf3293de856293065e84ef06b7ec7a8acfb98?s=96&d=identicon&r=x\",\"contentUrl\":\"https:\\\/\\\/secure.gravatar.com\\\/avatar\\\/c3b46e32a0fc3b093a0873fb767bf3293de856293065e84ef06b7ec7a8acfb98?s=96&d=identicon&r=x\",\"caption\":\"Charge\"},\"url\":\"https:\\\/\\\/sindromecharge.es\\\/index.php\\\/author\\\/admin\\\/\"}]}<\/script>\n<!-- \/ Yoast SEO plugin. -->","yoast_head_json":{"title":"&#039;La Vanguardia&#039;, &#039;20 Minutos&#039;, &#039;El Economista&#039; y &#039;ABC&#039;, los medios digitales que m\u00e1s informan sobre discapacidad - Asociaci\u00f3n Espa\u00f1ola S\u00edndrome de Charge","robots":{"index":"index","follow":"follow","max-snippet":"max-snippet:-1","max-image-preview":"max-image-preview:large","max-video-preview":"max-video-preview:-1"},"canonical":"https:\/\/sindromecharge.es\/index.php\/2021\/04\/13\/la-vanguardia-20-minutos-el-economista-y-abc-los-medios-digitales-que-mas-informan-sobre-discapacidad\/","og_locale":"es_ES","og_type":"article","og_title":"&#039;La Vanguardia&#039;, &#039;20 Minutos&#039;, &#039;El Economista&#039; y &#039;ABC&#039;, los medios digitales que m\u00e1s informan sobre discapacidad - Asociaci\u00f3n Espa\u00f1ola S\u00edndrome de Charge","og_description":"Leemos en 20minutos la siguiente noticia que os reproducimos de forma \u00edntegra: &#8216;La Vanguardia&#8217;, &#8217;20 Minutos&#8217;, &#8216;El Economista&#8217; y &#8216;ABC&#8217; son los medios digitales de cobertura nacional con mayor cantidad de noticias sobre discapacidad publicadas, seg\u00fan un estudio de la Universidad Carlos III de Madrid (UC3M) y el Centro Espa\u00f1ol del Subtitulado y la Audiodescripci\u00f3n [&hellip;]","og_url":"https:\/\/sindromecharge.es\/index.php\/2021\/04\/13\/la-vanguardia-20-minutos-el-economista-y-abc-los-medios-digitales-que-mas-informan-sobre-discapacidad\/","og_site_name":"Asociaci\u00f3n Espa\u00f1ola S\u00edndrome de Charge","article_publisher":"https:\/\/www.facebook.com\/asociacionsindromecharge","article_published_time":"2021-04-13T18:46:28+00:00","og_image":[{"width":300,"height":98,"url":"https:\/\/sindromecharge.es\/wp-content\/uploads\/2013\/09\/logodecharge300x98.png","type":"image\/png"}],"author":"Charge","twitter_card":"summary_large_image","twitter_creator":"@sindromecharge","twitter_site":"@sindromecharge","twitter_misc":{"Escrito por":"Charge","Tiempo de lectura":"2 minutos"},"schema":{"@context":"https:\/\/schema.org","@graph":[{"@type":"Article","@id":"https:\/\/sindromecharge.es\/index.php\/2021\/04\/13\/la-vanguardia-20-minutos-el-economista-y-abc-los-medios-digitales-que-mas-informan-sobre-discapacidad\/#article","isPartOf":{"@id":"https:\/\/sindromecharge.es\/index.php\/2021\/04\/13\/la-vanguardia-20-minutos-el-economista-y-abc-los-medios-digitales-que-mas-informan-sobre-discapacidad\/"},"author":{"name":"Charge","@id":"https:\/\/sindromecharge.es\/#\/schema\/person\/39a60ebe0a2b4d5a11179701e336b039"},"headline":"&#039;La Vanguardia&#039;, &#039;20 Minutos&#039;, &#039;El Economista&#039; y &#039;ABC&#039;, los medios digitales que m\u00e1s informan sobre discapacidad","datePublished":"2021-04-13T18:46:28+00:00","mainEntityOfPage":{"@id":"https:\/\/sindromecharge.es\/index.php\/2021\/04\/13\/la-vanguardia-20-minutos-el-economista-y-abc-los-medios-digitales-que-mas-informan-sobre-discapacidad\/"},"wordCount":437,"commentCount":0,"keywords":["discapacidad"],"articleSection":["noticias"],"inLanguage":"es","potentialAction":[{"@type":"CommentAction","name":"Comment","target":["https:\/\/sindromecharge.es\/index.php\/2021\/04\/13\/la-vanguardia-20-minutos-el-economista-y-abc-los-medios-digitales-que-mas-informan-sobre-discapacidad\/#respond"]}]},{"@type":"WebPage","@id":"https:\/\/sindromecharge.es\/index.php\/2021\/04\/13\/la-vanguardia-20-minutos-el-economista-y-abc-los-medios-digitales-que-mas-informan-sobre-discapacidad\/","url":"https:\/\/sindromecharge.es\/index.php\/2021\/04\/13\/la-vanguardia-20-minutos-el-economista-y-abc-los-medios-digitales-que-mas-informan-sobre-discapacidad\/","name":"&#039;La Vanguardia&#039;, &#039;20 Minutos&#039;, &#039;El Economista&#039; y &#039;ABC&#039;, los medios digitales que m\u00e1s informan sobre discapacidad - Asociaci\u00f3n Espa\u00f1ola S\u00edndrome de Charge","isPartOf":{"@id":"https:\/\/sindromecharge.es\/#website"},"datePublished":"2021-04-13T18:46:28+00:00","author":{"@id":"https:\/\/sindromecharge.es\/#\/schema\/person\/39a60ebe0a2b4d5a11179701e336b039"},"breadcrumb":{"@id":"https:\/\/sindromecharge.es\/index.php\/2021\/04\/13\/la-vanguardia-20-minutos-el-economista-y-abc-los-medios-digitales-que-mas-informan-sobre-discapacidad\/#breadcrumb"},"inLanguage":"es","potentialAction":[{"@type":"ReadAction","target":["https:\/\/sindromecharge.es\/index.php\/2021\/04\/13\/la-vanguardia-20-minutos-el-economista-y-abc-los-medios-digitales-que-mas-informan-sobre-discapacidad\/"]}]},{"@type":"BreadcrumbList","@id":"https:\/\/sindromecharge.es\/index.php\/2021\/04\/13\/la-vanguardia-20-minutos-el-economista-y-abc-los-medios-digitales-que-mas-informan-sobre-discapacidad\/#breadcrumb","itemListElement":[{"@type":"ListItem","position":1,"name":"Portada","item":"https:\/\/sindromecharge.es\/"},{"@type":"ListItem","position":2,"name":"&#039;La Vanguardia&#039;, &#039;20 Minutos&#039;, &#039;El Economista&#039; y &#039;ABC&#039;, los medios digitales que m\u00e1s informan sobre discapacidad"}]},{"@type":"WebSite","@id":"https:\/\/sindromecharge.es\/#website","url":"https:\/\/sindromecharge.es\/","name":"Asociaci\u00f3n Espa\u00f1ola S\u00edndrome de Charge","description":"","potentialAction":[{"@type":"SearchAction","target":{"@type":"EntryPoint","urlTemplate":"https:\/\/sindromecharge.es\/?s={search_term_string}"},"query-input":{"@type":"PropertyValueSpecification","valueRequired":true,"valueName":"search_term_string"}}],"inLanguage":"es"},{"@type":"Person","@id":"https:\/\/sindromecharge.es\/#\/schema\/person\/39a60ebe0a2b4d5a11179701e336b039","name":"Charge","image":{"@type":"ImageObject","inLanguage":"es","@id":"https:\/\/secure.gravatar.com\/avatar\/c3b46e32a0fc3b093a0873fb767bf3293de856293065e84ef06b7ec7a8acfb98?s=96&d=identicon&r=x","url":"https:\/\/secure.gravatar.com\/avatar\/c3b46e32a0fc3b093a0873fb767bf3293de856293065e84ef06b7ec7a8acfb98?s=96&d=identicon&r=x","contentUrl":"https:\/\/secure.gravatar.com\/avatar\/c3b46e32a0fc3b093a0873fb767bf3293de856293065e84ef06b7ec7a8acfb98?s=96&d=identicon&r=x","caption":"Charge"},"url":"https:\/\/sindromecharge.es\/index.php\/author\/admin\/"}]}},"_links":{"self":[{"href":"https:\/\/sindromecharge.es\/index.php\/wp-json\/wp\/v2\/posts\/7033","targetHints":{"allow":["GET"]}}],"collection":[{"href":"https:\/\/sindromecharge.es\/index.php\/wp-json\/wp\/v2\/posts"}],"about":[{"href":"https:\/\/sindromecharge.es\/index.php\/wp-json\/wp\/v2\/types\/post"}],"author":[{"embeddable":true,"href":"https:\/\/sindromecharge.es\/index.php\/wp-json\/wp\/v2\/users\/1"}],"replies":[{"embeddable":true,"href":"https:\/\/sindromecharge.es\/index.php\/wp-json\/wp\/v2\/comments?post=7033"}],"version-history":[{"count":0,"href":"https:\/\/sindromecharge.es\/index.php\/wp-json\/wp\/v2\/posts\/7033\/revisions"}],"wp:attachment":[{"href":"https:\/\/sindromecharge.es\/index.php\/wp-json\/wp\/v2\/media?parent=7033"}],"wp:term":[{"taxonomy":"category","embeddable":true,"href":"https:\/\/sindromecharge.es\/index.php\/wp-json\/wp\/v2\/categories?post=7033"},{"taxonomy":"post_tag","embeddable":true,"href":"https:\/\/sindromecharge.es\/index.php\/wp-json\/wp\/v2\/tags?post=7033"}],"curies":[{"name":"wp","href":"https:\/\/api.w.org\/{rel}","templated":true}]}}