{"id":7032,"date":"2021-04-13T17:35:06","date_gmt":"2021-04-13T17:35:06","guid":{"rendered":"https:\/\/sindromecharge.es\/index.php\/2021\/04\/13\/el-gobierno-de-aragon-crea-una-mesa-de-deporte-inclusivo-para-favorecer-el-acceso-a-la-actividad-fisica\/"},"modified":"2021-04-13T17:35:06","modified_gmt":"2021-04-13T17:35:06","slug":"el-gobierno-de-aragon-crea-una-mesa-de-deporte-inclusivo-para-favorecer-el-acceso-a-la-actividad-fisica","status":"publish","type":"post","link":"https:\/\/sindromecharge.es\/index.php\/2021\/04\/13\/el-gobierno-de-aragon-crea-una-mesa-de-deporte-inclusivo-para-favorecer-el-acceso-a-la-actividad-fisica\/","title":{"rendered":"El Gobierno de Arag\u00f3n crea una mesa de deporte inclusivo para favorecer el acceso a la actividad f\u00edsica"},"content":{"rendered":"<p>Leemos en 20minutos la siguiente noticia que os reproducimos de forma \u00edntegra: <\/p>\n<p>El consejero del ramo, Felipe Faci, ha presidido el encuentro, en el que se han establecido las bases que regir\u00e1n esta mesa, con la que se quiere aunar criterios para desarrollar acciones que favorezcan la integraci\u00f3n de los deportistas con diversidad funcional en las Federaciones deportivas.<\/p>\n<p>Adem\u00e1s, se propondr\u00e1n actuaciones para permitir la participaci\u00f3n de estos deportistas en programas y competiciones deportivas, ayudando asimismo a su visibilizaci\u00f3n.<\/p>\n<p>Felipe Faci ha manifestado la importancia del \u00f3rgano que se pone ahora en marcha porque, como ha destacado, la Ley del Deporte y la Actividad F\u00edsica aprobada hace solo dos a\u00f1os considera el deporte como un derecho de todos los ciudadanos, por lo que es importante que se pongan en marcha todo tipo de iniciativas que fomenten su pr\u00e1ctica entre toda la poblaci\u00f3n y que toda persona interesada en competir pueda hacerlo sin limitaciones.<\/p>\n<p>Para lograr este fin, se ha establecido esta mesa en la que est\u00e1n representados entrenadores como la gu\u00eda mediadora en sordoceguera, Mapi Mart\u00ednez o el entrenador de deportistas de invierno, C\u00e1ndido S\u00e1ez; y miembros de federaciones como el presidente de la Federaci\u00f3n de Triatl\u00f3n y Paratriatl\u00f3n, Javier S\u00e1nchez; y representantes de asociaciones como Somos Adapta, Special Olympics, Plena Inclusi\u00f3n, la ONCE, Aragua, Hispanos del Carmen, el Club Atadi de Teruel o Valentia de Huesca.<\/p>\n<p>62 MEDALLAS<\/p>\n<p>En las primeras reuniones se pretende poner en com\u00fan las actuaciones que ya desarrollan todas estas organizaciones y elaborar un diagn\u00f3stico de c\u00f3mo est\u00e1 la situaci\u00f3n actual para poder posteriormente tomar las medidas necesarias para mejorar el acceso a la pr\u00e1ctica deportiva por parte de este colectivo.<\/p>\n<p>En los \u00faltimos a\u00f1os, los deportistas con capacidades distintas han logrado grandes gestas, llevando el nombre de Arag\u00f3n por distintos pa\u00edses. Entre ellos, se encuentra la participaci\u00f3n de cuatro aragoneses en los \u00faltimos Juegos Paral\u00edmpicos -abanderados por la laureada nadadora y multimedallista Teresa Perales- y los \u00abexcelentes resultados\u00bb del equipo de la Comunidad que particip\u00f3 en los Juegos Mundiales de Verano de las Olimpiadas Especiales, celebradas en Abu Dhabi en 2019.<\/p>\n<p>El conjunto aragon\u00e9s ha logrado once premios, contribuyendo definitivamente al \u00e9xito de la delegaci\u00f3n espa\u00f1ola, que ha vuelto con un total de 62 medallas, ha informado el Gobierno de Arag\u00f3n en una nota de prensa.<\/p>\n<p>El consejero, que ha estado acompa\u00f1ado durante la reuni\u00f3n del director general de Deporte, Javier de Diego, ha aprovechado la ocasi\u00f3n para felicitar a todos los colectivos que trabajan por la consecuci\u00f3n de estos \u00e9xitos deportivos y se ha mostrado partidario de incrementar los contactos para trabajar de forma conjunta para favorecer el acceso a m\u00e1s gente a la pr\u00e1ctica deportiva.<\/p>\n<p>Fuente: 20minutos <a href=\"https:\/\/www.20minutos.es\/noticia\/4655883\/0\/el-gobierno-de-aragon-crea-una-mesa-de-deporte-inclusivo-para-favorecer-el-acceso-a-la-actividad-fisica\/\" target=\"_blank\" rel=\"noopener\">El Gobierno de Arag\u00f3n crea una mesa de deporte inclusivo para favorecer el acceso a la actividad f\u00edsica<\/a><\/p>\n","protected":false},"excerpt":{"rendered":"<p>Leemos en 20minutos la siguiente noticia que os reproducimos de forma \u00edntegra: El consejero del ramo, Felipe Faci, ha presidido el encuentro, en el que se han establecido las bases que regir\u00e1n esta mesa, con la que se quiere aunar criterios para desarrollar acciones que favorezcan la integraci\u00f3n de los deportistas con diversidad funcional en [&hellip;]<\/p>\n","protected":false},"author":1,"featured_media":0,"comment_status":"open","ping_status":"closed","sticky":false,"template":"","format":"standard","meta":{"footnotes":""},"categories":[8],"tags":[31],"class_list":["post-7032","post","type-post","status-publish","format-standard","hentry","category-noticias","tag-discapacidad"],"yoast_head":"<!-- This site is optimized with the Yoast SEO plugin v27.5 - https:\/\/yoast.com\/product\/yoast-seo-wordpress\/ -->\n<title>El Gobierno de Arag\u00f3n crea una mesa de deporte inclusivo para favorecer el acceso a la actividad f\u00edsica - Asociaci\u00f3n Espa\u00f1ola S\u00edndrome de Charge<\/title>\n<meta name=\"robots\" content=\"index, follow, max-snippet:-1, max-image-preview:large, max-video-preview:-1\" \/>\n<link rel=\"canonical\" href=\"https:\/\/sindromecharge.es\/index.php\/2021\/04\/13\/el-gobierno-de-aragon-crea-una-mesa-de-deporte-inclusivo-para-favorecer-el-acceso-a-la-actividad-fisica\/\" \/>\n<meta property=\"og:locale\" content=\"es_ES\" \/>\n<meta property=\"og:type\" content=\"article\" \/>\n<meta property=\"og:title\" content=\"El Gobierno de Arag\u00f3n crea una mesa de deporte inclusivo para favorecer el acceso a la actividad f\u00edsica - Asociaci\u00f3n Espa\u00f1ola S\u00edndrome de Charge\" \/>\n<meta property=\"og:description\" content=\"Leemos en 20minutos la siguiente noticia que os reproducimos de forma \u00edntegra: El consejero del ramo, Felipe Faci, ha presidido el encuentro, en el que se han establecido las bases que regir\u00e1n esta mesa, con la que se quiere aunar criterios para desarrollar acciones que favorezcan la integraci\u00f3n de los deportistas con diversidad funcional en [&hellip;]\" \/>\n<meta property=\"og:url\" content=\"https:\/\/sindromecharge.es\/index.php\/2021\/04\/13\/el-gobierno-de-aragon-crea-una-mesa-de-deporte-inclusivo-para-favorecer-el-acceso-a-la-actividad-fisica\/\" \/>\n<meta property=\"og:site_name\" content=\"Asociaci\u00f3n Espa\u00f1ola S\u00edndrome de Charge\" \/>\n<meta property=\"article:publisher\" content=\"https:\/\/www.facebook.com\/asociacionsindromecharge\" \/>\n<meta property=\"article:published_time\" content=\"2021-04-13T17:35:06+00:00\" \/>\n<meta property=\"og:image\" content=\"https:\/\/sindromecharge.es\/wp-content\/uploads\/2013\/09\/logodecharge300x98.png\" \/>\n\t<meta property=\"og:image:width\" content=\"300\" \/>\n\t<meta property=\"og:image:height\" content=\"98\" \/>\n\t<meta property=\"og:image:type\" content=\"image\/png\" \/>\n<meta name=\"author\" content=\"Charge\" \/>\n<meta name=\"twitter:card\" content=\"summary_large_image\" \/>\n<meta name=\"twitter:creator\" content=\"@sindromecharge\" \/>\n<meta name=\"twitter:site\" content=\"@sindromecharge\" \/>\n<meta name=\"twitter:label1\" content=\"Escrito por\" \/>\n\t<meta name=\"twitter:data1\" content=\"Charge\" \/>\n\t<meta name=\"twitter:label2\" content=\"Tiempo de lectura\" \/>\n\t<meta name=\"twitter:data2\" content=\"3 minutos\" \/>\n<script type=\"application\/ld+json\" class=\"yoast-schema-graph\">{\"@context\":\"https:\\\/\\\/schema.org\",\"@graph\":[{\"@type\":\"Article\",\"@id\":\"https:\\\/\\\/sindromecharge.es\\\/index.php\\\/2021\\\/04\\\/13\\\/el-gobierno-de-aragon-crea-una-mesa-de-deporte-inclusivo-para-favorecer-el-acceso-a-la-actividad-fisica\\\/#article\",\"isPartOf\":{\"@id\":\"https:\\\/\\\/sindromecharge.es\\\/index.php\\\/2021\\\/04\\\/13\\\/el-gobierno-de-aragon-crea-una-mesa-de-deporte-inclusivo-para-favorecer-el-acceso-a-la-actividad-fisica\\\/\"},\"author\":{\"name\":\"Charge\",\"@id\":\"https:\\\/\\\/sindromecharge.es\\\/#\\\/schema\\\/person\\\/39a60ebe0a2b4d5a11179701e336b039\"},\"headline\":\"El Gobierno de Arag\u00f3n crea una mesa de deporte inclusivo para favorecer el acceso a la actividad f\u00edsica\",\"datePublished\":\"2021-04-13T17:35:06+00:00\",\"mainEntityOfPage\":{\"@id\":\"https:\\\/\\\/sindromecharge.es\\\/index.php\\\/2021\\\/04\\\/13\\\/el-gobierno-de-aragon-crea-una-mesa-de-deporte-inclusivo-para-favorecer-el-acceso-a-la-actividad-fisica\\\/\"},\"wordCount\":522,\"commentCount\":0,\"keywords\":[\"discapacidad\"],\"articleSection\":[\"noticias\"],\"inLanguage\":\"es\",\"potentialAction\":[{\"@type\":\"CommentAction\",\"name\":\"Comment\",\"target\":[\"https:\\\/\\\/sindromecharge.es\\\/index.php\\\/2021\\\/04\\\/13\\\/el-gobierno-de-aragon-crea-una-mesa-de-deporte-inclusivo-para-favorecer-el-acceso-a-la-actividad-fisica\\\/#respond\"]}]},{\"@type\":\"WebPage\",\"@id\":\"https:\\\/\\\/sindromecharge.es\\\/index.php\\\/2021\\\/04\\\/13\\\/el-gobierno-de-aragon-crea-una-mesa-de-deporte-inclusivo-para-favorecer-el-acceso-a-la-actividad-fisica\\\/\",\"url\":\"https:\\\/\\\/sindromecharge.es\\\/index.php\\\/2021\\\/04\\\/13\\\/el-gobierno-de-aragon-crea-una-mesa-de-deporte-inclusivo-para-favorecer-el-acceso-a-la-actividad-fisica\\\/\",\"name\":\"El Gobierno de Arag\u00f3n crea una mesa de deporte inclusivo para favorecer el acceso a la actividad f\u00edsica - Asociaci\u00f3n Espa\u00f1ola S\u00edndrome de Charge\",\"isPartOf\":{\"@id\":\"https:\\\/\\\/sindromecharge.es\\\/#website\"},\"datePublished\":\"2021-04-13T17:35:06+00:00\",\"author\":{\"@id\":\"https:\\\/\\\/sindromecharge.es\\\/#\\\/schema\\\/person\\\/39a60ebe0a2b4d5a11179701e336b039\"},\"breadcrumb\":{\"@id\":\"https:\\\/\\\/sindromecharge.es\\\/index.php\\\/2021\\\/04\\\/13\\\/el-gobierno-de-aragon-crea-una-mesa-de-deporte-inclusivo-para-favorecer-el-acceso-a-la-actividad-fisica\\\/#breadcrumb\"},\"inLanguage\":\"es\",\"potentialAction\":[{\"@type\":\"ReadAction\",\"target\":[\"https:\\\/\\\/sindromecharge.es\\\/index.php\\\/2021\\\/04\\\/13\\\/el-gobierno-de-aragon-crea-una-mesa-de-deporte-inclusivo-para-favorecer-el-acceso-a-la-actividad-fisica\\\/\"]}]},{\"@type\":\"BreadcrumbList\",\"@id\":\"https:\\\/\\\/sindromecharge.es\\\/index.php\\\/2021\\\/04\\\/13\\\/el-gobierno-de-aragon-crea-una-mesa-de-deporte-inclusivo-para-favorecer-el-acceso-a-la-actividad-fisica\\\/#breadcrumb\",\"itemListElement\":[{\"@type\":\"ListItem\",\"position\":1,\"name\":\"Portada\",\"item\":\"https:\\\/\\\/sindromecharge.es\\\/\"},{\"@type\":\"ListItem\",\"position\":2,\"name\":\"El Gobierno de Arag\u00f3n crea una mesa de deporte inclusivo para favorecer el acceso a la actividad f\u00edsica\"}]},{\"@type\":\"WebSite\",\"@id\":\"https:\\\/\\\/sindromecharge.es\\\/#website\",\"url\":\"https:\\\/\\\/sindromecharge.es\\\/\",\"name\":\"Asociaci\u00f3n Espa\u00f1ola S\u00edndrome de Charge\",\"description\":\"\",\"potentialAction\":[{\"@type\":\"SearchAction\",\"target\":{\"@type\":\"EntryPoint\",\"urlTemplate\":\"https:\\\/\\\/sindromecharge.es\\\/?s={search_term_string}\"},\"query-input\":{\"@type\":\"PropertyValueSpecification\",\"valueRequired\":true,\"valueName\":\"search_term_string\"}}],\"inLanguage\":\"es\"},{\"@type\":\"Person\",\"@id\":\"https:\\\/\\\/sindromecharge.es\\\/#\\\/schema\\\/person\\\/39a60ebe0a2b4d5a11179701e336b039\",\"name\":\"Charge\",\"image\":{\"@type\":\"ImageObject\",\"inLanguage\":\"es\",\"@id\":\"https:\\\/\\\/secure.gravatar.com\\\/avatar\\\/c3b46e32a0fc3b093a0873fb767bf3293de856293065e84ef06b7ec7a8acfb98?s=96&d=identicon&r=x\",\"url\":\"https:\\\/\\\/secure.gravatar.com\\\/avatar\\\/c3b46e32a0fc3b093a0873fb767bf3293de856293065e84ef06b7ec7a8acfb98?s=96&d=identicon&r=x\",\"contentUrl\":\"https:\\\/\\\/secure.gravatar.com\\\/avatar\\\/c3b46e32a0fc3b093a0873fb767bf3293de856293065e84ef06b7ec7a8acfb98?s=96&d=identicon&r=x\",\"caption\":\"Charge\"},\"url\":\"https:\\\/\\\/sindromecharge.es\\\/index.php\\\/author\\\/admin\\\/\"}]}<\/script>\n<!-- \/ Yoast SEO plugin. -->","yoast_head_json":{"title":"El Gobierno de Arag\u00f3n crea una mesa de deporte inclusivo para favorecer el acceso a la actividad f\u00edsica - Asociaci\u00f3n Espa\u00f1ola S\u00edndrome de Charge","robots":{"index":"index","follow":"follow","max-snippet":"max-snippet:-1","max-image-preview":"max-image-preview:large","max-video-preview":"max-video-preview:-1"},"canonical":"https:\/\/sindromecharge.es\/index.php\/2021\/04\/13\/el-gobierno-de-aragon-crea-una-mesa-de-deporte-inclusivo-para-favorecer-el-acceso-a-la-actividad-fisica\/","og_locale":"es_ES","og_type":"article","og_title":"El Gobierno de Arag\u00f3n crea una mesa de deporte inclusivo para favorecer el acceso a la actividad f\u00edsica - Asociaci\u00f3n Espa\u00f1ola S\u00edndrome de Charge","og_description":"Leemos en 20minutos la siguiente noticia que os reproducimos de forma \u00edntegra: El consejero del ramo, Felipe Faci, ha presidido el encuentro, en el que se han establecido las bases que regir\u00e1n esta mesa, con la que se quiere aunar criterios para desarrollar acciones que favorezcan la integraci\u00f3n de los deportistas con diversidad funcional en [&hellip;]","og_url":"https:\/\/sindromecharge.es\/index.php\/2021\/04\/13\/el-gobierno-de-aragon-crea-una-mesa-de-deporte-inclusivo-para-favorecer-el-acceso-a-la-actividad-fisica\/","og_site_name":"Asociaci\u00f3n Espa\u00f1ola S\u00edndrome de Charge","article_publisher":"https:\/\/www.facebook.com\/asociacionsindromecharge","article_published_time":"2021-04-13T17:35:06+00:00","og_image":[{"width":300,"height":98,"url":"https:\/\/sindromecharge.es\/wp-content\/uploads\/2013\/09\/logodecharge300x98.png","type":"image\/png"}],"author":"Charge","twitter_card":"summary_large_image","twitter_creator":"@sindromecharge","twitter_site":"@sindromecharge","twitter_misc":{"Escrito por":"Charge","Tiempo de lectura":"3 minutos"},"schema":{"@context":"https:\/\/schema.org","@graph":[{"@type":"Article","@id":"https:\/\/sindromecharge.es\/index.php\/2021\/04\/13\/el-gobierno-de-aragon-crea-una-mesa-de-deporte-inclusivo-para-favorecer-el-acceso-a-la-actividad-fisica\/#article","isPartOf":{"@id":"https:\/\/sindromecharge.es\/index.php\/2021\/04\/13\/el-gobierno-de-aragon-crea-una-mesa-de-deporte-inclusivo-para-favorecer-el-acceso-a-la-actividad-fisica\/"},"author":{"name":"Charge","@id":"https:\/\/sindromecharge.es\/#\/schema\/person\/39a60ebe0a2b4d5a11179701e336b039"},"headline":"El Gobierno de Arag\u00f3n crea una mesa de deporte inclusivo para favorecer el acceso a la actividad f\u00edsica","datePublished":"2021-04-13T17:35:06+00:00","mainEntityOfPage":{"@id":"https:\/\/sindromecharge.es\/index.php\/2021\/04\/13\/el-gobierno-de-aragon-crea-una-mesa-de-deporte-inclusivo-para-favorecer-el-acceso-a-la-actividad-fisica\/"},"wordCount":522,"commentCount":0,"keywords":["discapacidad"],"articleSection":["noticias"],"inLanguage":"es","potentialAction":[{"@type":"CommentAction","name":"Comment","target":["https:\/\/sindromecharge.es\/index.php\/2021\/04\/13\/el-gobierno-de-aragon-crea-una-mesa-de-deporte-inclusivo-para-favorecer-el-acceso-a-la-actividad-fisica\/#respond"]}]},{"@type":"WebPage","@id":"https:\/\/sindromecharge.es\/index.php\/2021\/04\/13\/el-gobierno-de-aragon-crea-una-mesa-de-deporte-inclusivo-para-favorecer-el-acceso-a-la-actividad-fisica\/","url":"https:\/\/sindromecharge.es\/index.php\/2021\/04\/13\/el-gobierno-de-aragon-crea-una-mesa-de-deporte-inclusivo-para-favorecer-el-acceso-a-la-actividad-fisica\/","name":"El Gobierno de Arag\u00f3n crea una mesa de deporte inclusivo para favorecer el acceso a la actividad f\u00edsica - Asociaci\u00f3n Espa\u00f1ola S\u00edndrome de Charge","isPartOf":{"@id":"https:\/\/sindromecharge.es\/#website"},"datePublished":"2021-04-13T17:35:06+00:00","author":{"@id":"https:\/\/sindromecharge.es\/#\/schema\/person\/39a60ebe0a2b4d5a11179701e336b039"},"breadcrumb":{"@id":"https:\/\/sindromecharge.es\/index.php\/2021\/04\/13\/el-gobierno-de-aragon-crea-una-mesa-de-deporte-inclusivo-para-favorecer-el-acceso-a-la-actividad-fisica\/#breadcrumb"},"inLanguage":"es","potentialAction":[{"@type":"ReadAction","target":["https:\/\/sindromecharge.es\/index.php\/2021\/04\/13\/el-gobierno-de-aragon-crea-una-mesa-de-deporte-inclusivo-para-favorecer-el-acceso-a-la-actividad-fisica\/"]}]},{"@type":"BreadcrumbList","@id":"https:\/\/sindromecharge.es\/index.php\/2021\/04\/13\/el-gobierno-de-aragon-crea-una-mesa-de-deporte-inclusivo-para-favorecer-el-acceso-a-la-actividad-fisica\/#breadcrumb","itemListElement":[{"@type":"ListItem","position":1,"name":"Portada","item":"https:\/\/sindromecharge.es\/"},{"@type":"ListItem","position":2,"name":"El Gobierno de Arag\u00f3n crea una mesa de deporte inclusivo para favorecer el acceso a la actividad f\u00edsica"}]},{"@type":"WebSite","@id":"https:\/\/sindromecharge.es\/#website","url":"https:\/\/sindromecharge.es\/","name":"Asociaci\u00f3n Espa\u00f1ola S\u00edndrome de Charge","description":"","potentialAction":[{"@type":"SearchAction","target":{"@type":"EntryPoint","urlTemplate":"https:\/\/sindromecharge.es\/?s={search_term_string}"},"query-input":{"@type":"PropertyValueSpecification","valueRequired":true,"valueName":"search_term_string"}}],"inLanguage":"es"},{"@type":"Person","@id":"https:\/\/sindromecharge.es\/#\/schema\/person\/39a60ebe0a2b4d5a11179701e336b039","name":"Charge","image":{"@type":"ImageObject","inLanguage":"es","@id":"https:\/\/secure.gravatar.com\/avatar\/c3b46e32a0fc3b093a0873fb767bf3293de856293065e84ef06b7ec7a8acfb98?s=96&d=identicon&r=x","url":"https:\/\/secure.gravatar.com\/avatar\/c3b46e32a0fc3b093a0873fb767bf3293de856293065e84ef06b7ec7a8acfb98?s=96&d=identicon&r=x","contentUrl":"https:\/\/secure.gravatar.com\/avatar\/c3b46e32a0fc3b093a0873fb767bf3293de856293065e84ef06b7ec7a8acfb98?s=96&d=identicon&r=x","caption":"Charge"},"url":"https:\/\/sindromecharge.es\/index.php\/author\/admin\/"}]}},"_links":{"self":[{"href":"https:\/\/sindromecharge.es\/index.php\/wp-json\/wp\/v2\/posts\/7032","targetHints":{"allow":["GET"]}}],"collection":[{"href":"https:\/\/sindromecharge.es\/index.php\/wp-json\/wp\/v2\/posts"}],"about":[{"href":"https:\/\/sindromecharge.es\/index.php\/wp-json\/wp\/v2\/types\/post"}],"author":[{"embeddable":true,"href":"https:\/\/sindromecharge.es\/index.php\/wp-json\/wp\/v2\/users\/1"}],"replies":[{"embeddable":true,"href":"https:\/\/sindromecharge.es\/index.php\/wp-json\/wp\/v2\/comments?post=7032"}],"version-history":[{"count":0,"href":"https:\/\/sindromecharge.es\/index.php\/wp-json\/wp\/v2\/posts\/7032\/revisions"}],"wp:attachment":[{"href":"https:\/\/sindromecharge.es\/index.php\/wp-json\/wp\/v2\/media?parent=7032"}],"wp:term":[{"taxonomy":"category","embeddable":true,"href":"https:\/\/sindromecharge.es\/index.php\/wp-json\/wp\/v2\/categories?post=7032"},{"taxonomy":"post_tag","embeddable":true,"href":"https:\/\/sindromecharge.es\/index.php\/wp-json\/wp\/v2\/tags?post=7032"}],"curies":[{"name":"wp","href":"https:\/\/api.w.org\/{rel}","templated":true}]}}