{"id":7031,"date":"2021-04-13T16:42:05","date_gmt":"2021-04-13T16:42:05","guid":{"rendered":"https:\/\/sindromecharge.es\/index.php\/2021\/04\/13\/el-ayuntamiento-de-la-capital-estudiara-las-paradas-de-taxi-para-mejorar-su-accesibilidad\/"},"modified":"2021-04-13T16:42:05","modified_gmt":"2021-04-13T16:42:05","slug":"el-ayuntamiento-de-la-capital-estudiara-las-paradas-de-taxi-para-mejorar-su-accesibilidad","status":"publish","type":"post","link":"https:\/\/sindromecharge.es\/index.php\/2021\/04\/13\/el-ayuntamiento-de-la-capital-estudiara-las-paradas-de-taxi-para-mejorar-su-accesibilidad\/","title":{"rendered":"El Ayuntamiento de la capital estudiar\u00e1 las paradas de taxi para mejorar su accesibilidad"},"content":{"rendered":"<p>Leemos en 20minutos la siguiente noticia que os reproducimos de forma \u00edntegra: <\/p>\n<p>As\u00ed lo ha puesto de relieve el alcalde, Julio Mill\u00e1n, tras la reuni\u00f3n que, junto al concejal de Seguridad Ciudadana y Tr\u00e1fico, Miguel Castro, ha mantenido este martes con la presidenta de Fejidif, Pilar Mart\u00ednez; Rosario Sedano y Antonio de la Casa, por parte de la ONCE; Felipe Extremera, de Aspramif; y Carlos Linares, m\u00e1ximo responsable de Aspaym.<\/p>\n<p>Mill\u00e1n ha explicado que, tras recibir las propuestas de estas asociaciones, el Consistorio reforzar\u00e1 su compromiso para, en el marco de sus competencias, favorecer una mejora de este servicio p\u00fablico. \u00abNuestro objetivo, una vez escuchadas estas peticiones, es propiciar una serie de reuniones con los responsables del sector del taxi y el resto de actores implicados para mejorar esta prestaci\u00f3n\u00bb, ha dicho.<\/p>\n<p>Adem\u00e1s, con el horizonte de lograr que Ja\u00e9n sea \u00abuna ciudad lo m\u00e1s accesible posible y sin barreras\u00bb, la Concejal\u00eda de Seguridad Ciudadana y Tr\u00e1fico estudiar\u00e1 la ubicaci\u00f3n y elementos arquitect\u00f3nicos de las paradas de taxi para que sean \u00ablo m\u00e1s c\u00f3modas y seguras para cualquier tipo de usuarios\u00bb.<\/p>\n<p>Por su parte, la presidenta de Fejidif ha se\u00f1alado que hay cuestiones del servicio p\u00fablico del taxi que \u00abest\u00e1n fallando\u00bb. Por ello, es preciso abordar medidas como introducir mejoras instrumentales para que los veh\u00edculos se adapten lo mejor posible a los usuarios y usuarias con cualquier tipo de discapacidad o problemas de movilidad.<\/p>\n<p>Mart\u00ednez, que ha hablado en nombre de la quincena de organizaciones que han solicitado esta reuni\u00f3n con el Gobierno municipal, ha comentado que, de una forma u otra, las mejoras que plantean pueden repercutir directamente en unas 30.000 personas residentes en Ja\u00e9n.<\/p>\n<p>Fuente: 20minutos <a href=\"https:\/\/www.20minutos.es\/noticia\/4655779\/0\/el-ayuntamiento-de-la-capital-estudiara-las-paradas-de-taxi-para-mejorar-su-accesibilidad\/\" target=\"_blank\" rel=\"noopener\">El Ayuntamiento de la capital estudiar\u00e1 las paradas de taxi para mejorar su accesibilidad<\/a><\/p>\n","protected":false},"excerpt":{"rendered":"<p>Leemos en 20minutos la siguiente noticia que os reproducimos de forma \u00edntegra: As\u00ed lo ha puesto de relieve el alcalde, Julio Mill\u00e1n, tras la reuni\u00f3n que, junto al concejal de Seguridad Ciudadana y Tr\u00e1fico, Miguel Castro, ha mantenido este martes con la presidenta de Fejidif, Pilar Mart\u00ednez; Rosario Sedano y Antonio de la Casa, por [&hellip;]<\/p>\n","protected":false},"author":1,"featured_media":0,"comment_status":"open","ping_status":"closed","sticky":false,"template":"","format":"standard","meta":{"footnotes":""},"categories":[8],"tags":[31],"class_list":["post-7031","post","type-post","status-publish","format-standard","hentry","category-noticias","tag-discapacidad"],"yoast_head":"<!-- This site is optimized with the Yoast SEO plugin v27.5 - https:\/\/yoast.com\/product\/yoast-seo-wordpress\/ -->\n<title>El Ayuntamiento de la capital estudiar\u00e1 las paradas de taxi para mejorar su accesibilidad - Asociaci\u00f3n Espa\u00f1ola S\u00edndrome de Charge<\/title>\n<meta name=\"robots\" content=\"index, follow, max-snippet:-1, max-image-preview:large, max-video-preview:-1\" \/>\n<link rel=\"canonical\" href=\"https:\/\/sindromecharge.es\/index.php\/2021\/04\/13\/el-ayuntamiento-de-la-capital-estudiara-las-paradas-de-taxi-para-mejorar-su-accesibilidad\/\" \/>\n<meta property=\"og:locale\" content=\"es_ES\" \/>\n<meta property=\"og:type\" content=\"article\" \/>\n<meta property=\"og:title\" content=\"El Ayuntamiento de la capital estudiar\u00e1 las paradas de taxi para mejorar su accesibilidad - Asociaci\u00f3n Espa\u00f1ola S\u00edndrome de Charge\" \/>\n<meta property=\"og:description\" content=\"Leemos en 20minutos la siguiente noticia que os reproducimos de forma \u00edntegra: As\u00ed lo ha puesto de relieve el alcalde, Julio Mill\u00e1n, tras la reuni\u00f3n que, junto al concejal de Seguridad Ciudadana y Tr\u00e1fico, Miguel Castro, ha mantenido este martes con la presidenta de Fejidif, Pilar Mart\u00ednez; Rosario Sedano y Antonio de la Casa, por [&hellip;]\" \/>\n<meta property=\"og:url\" content=\"https:\/\/sindromecharge.es\/index.php\/2021\/04\/13\/el-ayuntamiento-de-la-capital-estudiara-las-paradas-de-taxi-para-mejorar-su-accesibilidad\/\" \/>\n<meta property=\"og:site_name\" content=\"Asociaci\u00f3n Espa\u00f1ola S\u00edndrome de Charge\" \/>\n<meta property=\"article:publisher\" content=\"https:\/\/www.facebook.com\/asociacionsindromecharge\" \/>\n<meta property=\"article:published_time\" content=\"2021-04-13T16:42:05+00:00\" \/>\n<meta property=\"og:image\" content=\"https:\/\/sindromecharge.es\/wp-content\/uploads\/2013\/09\/logodecharge300x98.png\" \/>\n\t<meta property=\"og:image:width\" content=\"300\" \/>\n\t<meta property=\"og:image:height\" content=\"98\" \/>\n\t<meta property=\"og:image:type\" content=\"image\/png\" \/>\n<meta name=\"author\" content=\"Charge\" \/>\n<meta name=\"twitter:card\" content=\"summary_large_image\" \/>\n<meta name=\"twitter:creator\" content=\"@sindromecharge\" \/>\n<meta name=\"twitter:site\" content=\"@sindromecharge\" \/>\n<meta name=\"twitter:label1\" content=\"Escrito por\" \/>\n\t<meta name=\"twitter:data1\" content=\"Charge\" \/>\n\t<meta name=\"twitter:label2\" content=\"Tiempo de lectura\" \/>\n\t<meta name=\"twitter:data2\" content=\"2 minutos\" \/>\n<script type=\"application\/ld+json\" class=\"yoast-schema-graph\">{\"@context\":\"https:\\\/\\\/schema.org\",\"@graph\":[{\"@type\":\"Article\",\"@id\":\"https:\\\/\\\/sindromecharge.es\\\/index.php\\\/2021\\\/04\\\/13\\\/el-ayuntamiento-de-la-capital-estudiara-las-paradas-de-taxi-para-mejorar-su-accesibilidad\\\/#article\",\"isPartOf\":{\"@id\":\"https:\\\/\\\/sindromecharge.es\\\/index.php\\\/2021\\\/04\\\/13\\\/el-ayuntamiento-de-la-capital-estudiara-las-paradas-de-taxi-para-mejorar-su-accesibilidad\\\/\"},\"author\":{\"name\":\"Charge\",\"@id\":\"https:\\\/\\\/sindromecharge.es\\\/#\\\/schema\\\/person\\\/39a60ebe0a2b4d5a11179701e336b039\"},\"headline\":\"El Ayuntamiento de la capital estudiar\u00e1 las paradas de taxi para mejorar su accesibilidad\",\"datePublished\":\"2021-04-13T16:42:05+00:00\",\"mainEntityOfPage\":{\"@id\":\"https:\\\/\\\/sindromecharge.es\\\/index.php\\\/2021\\\/04\\\/13\\\/el-ayuntamiento-de-la-capital-estudiara-las-paradas-de-taxi-para-mejorar-su-accesibilidad\\\/\"},\"wordCount\":329,\"commentCount\":0,\"keywords\":[\"discapacidad\"],\"articleSection\":[\"noticias\"],\"inLanguage\":\"es\",\"potentialAction\":[{\"@type\":\"CommentAction\",\"name\":\"Comment\",\"target\":[\"https:\\\/\\\/sindromecharge.es\\\/index.php\\\/2021\\\/04\\\/13\\\/el-ayuntamiento-de-la-capital-estudiara-las-paradas-de-taxi-para-mejorar-su-accesibilidad\\\/#respond\"]}]},{\"@type\":\"WebPage\",\"@id\":\"https:\\\/\\\/sindromecharge.es\\\/index.php\\\/2021\\\/04\\\/13\\\/el-ayuntamiento-de-la-capital-estudiara-las-paradas-de-taxi-para-mejorar-su-accesibilidad\\\/\",\"url\":\"https:\\\/\\\/sindromecharge.es\\\/index.php\\\/2021\\\/04\\\/13\\\/el-ayuntamiento-de-la-capital-estudiara-las-paradas-de-taxi-para-mejorar-su-accesibilidad\\\/\",\"name\":\"El Ayuntamiento de la capital estudiar\u00e1 las paradas de taxi para mejorar su accesibilidad - Asociaci\u00f3n Espa\u00f1ola S\u00edndrome de Charge\",\"isPartOf\":{\"@id\":\"https:\\\/\\\/sindromecharge.es\\\/#website\"},\"datePublished\":\"2021-04-13T16:42:05+00:00\",\"author\":{\"@id\":\"https:\\\/\\\/sindromecharge.es\\\/#\\\/schema\\\/person\\\/39a60ebe0a2b4d5a11179701e336b039\"},\"breadcrumb\":{\"@id\":\"https:\\\/\\\/sindromecharge.es\\\/index.php\\\/2021\\\/04\\\/13\\\/el-ayuntamiento-de-la-capital-estudiara-las-paradas-de-taxi-para-mejorar-su-accesibilidad\\\/#breadcrumb\"},\"inLanguage\":\"es\",\"potentialAction\":[{\"@type\":\"ReadAction\",\"target\":[\"https:\\\/\\\/sindromecharge.es\\\/index.php\\\/2021\\\/04\\\/13\\\/el-ayuntamiento-de-la-capital-estudiara-las-paradas-de-taxi-para-mejorar-su-accesibilidad\\\/\"]}]},{\"@type\":\"BreadcrumbList\",\"@id\":\"https:\\\/\\\/sindromecharge.es\\\/index.php\\\/2021\\\/04\\\/13\\\/el-ayuntamiento-de-la-capital-estudiara-las-paradas-de-taxi-para-mejorar-su-accesibilidad\\\/#breadcrumb\",\"itemListElement\":[{\"@type\":\"ListItem\",\"position\":1,\"name\":\"Portada\",\"item\":\"https:\\\/\\\/sindromecharge.es\\\/\"},{\"@type\":\"ListItem\",\"position\":2,\"name\":\"El Ayuntamiento de la capital estudiar\u00e1 las paradas de taxi para mejorar su accesibilidad\"}]},{\"@type\":\"WebSite\",\"@id\":\"https:\\\/\\\/sindromecharge.es\\\/#website\",\"url\":\"https:\\\/\\\/sindromecharge.es\\\/\",\"name\":\"Asociaci\u00f3n Espa\u00f1ola S\u00edndrome de Charge\",\"description\":\"\",\"potentialAction\":[{\"@type\":\"SearchAction\",\"target\":{\"@type\":\"EntryPoint\",\"urlTemplate\":\"https:\\\/\\\/sindromecharge.es\\\/?s={search_term_string}\"},\"query-input\":{\"@type\":\"PropertyValueSpecification\",\"valueRequired\":true,\"valueName\":\"search_term_string\"}}],\"inLanguage\":\"es\"},{\"@type\":\"Person\",\"@id\":\"https:\\\/\\\/sindromecharge.es\\\/#\\\/schema\\\/person\\\/39a60ebe0a2b4d5a11179701e336b039\",\"name\":\"Charge\",\"image\":{\"@type\":\"ImageObject\",\"inLanguage\":\"es\",\"@id\":\"https:\\\/\\\/secure.gravatar.com\\\/avatar\\\/c3b46e32a0fc3b093a0873fb767bf3293de856293065e84ef06b7ec7a8acfb98?s=96&d=identicon&r=x\",\"url\":\"https:\\\/\\\/secure.gravatar.com\\\/avatar\\\/c3b46e32a0fc3b093a0873fb767bf3293de856293065e84ef06b7ec7a8acfb98?s=96&d=identicon&r=x\",\"contentUrl\":\"https:\\\/\\\/secure.gravatar.com\\\/avatar\\\/c3b46e32a0fc3b093a0873fb767bf3293de856293065e84ef06b7ec7a8acfb98?s=96&d=identicon&r=x\",\"caption\":\"Charge\"},\"url\":\"https:\\\/\\\/sindromecharge.es\\\/index.php\\\/author\\\/admin\\\/\"}]}<\/script>\n<!-- \/ Yoast SEO plugin. -->","yoast_head_json":{"title":"El Ayuntamiento de la capital estudiar\u00e1 las paradas de taxi para mejorar su accesibilidad - Asociaci\u00f3n Espa\u00f1ola S\u00edndrome de Charge","robots":{"index":"index","follow":"follow","max-snippet":"max-snippet:-1","max-image-preview":"max-image-preview:large","max-video-preview":"max-video-preview:-1"},"canonical":"https:\/\/sindromecharge.es\/index.php\/2021\/04\/13\/el-ayuntamiento-de-la-capital-estudiara-las-paradas-de-taxi-para-mejorar-su-accesibilidad\/","og_locale":"es_ES","og_type":"article","og_title":"El Ayuntamiento de la capital estudiar\u00e1 las paradas de taxi para mejorar su accesibilidad - Asociaci\u00f3n Espa\u00f1ola S\u00edndrome de Charge","og_description":"Leemos en 20minutos la siguiente noticia que os reproducimos de forma \u00edntegra: As\u00ed lo ha puesto de relieve el alcalde, Julio Mill\u00e1n, tras la reuni\u00f3n que, junto al concejal de Seguridad Ciudadana y Tr\u00e1fico, Miguel Castro, ha mantenido este martes con la presidenta de Fejidif, Pilar Mart\u00ednez; Rosario Sedano y Antonio de la Casa, por [&hellip;]","og_url":"https:\/\/sindromecharge.es\/index.php\/2021\/04\/13\/el-ayuntamiento-de-la-capital-estudiara-las-paradas-de-taxi-para-mejorar-su-accesibilidad\/","og_site_name":"Asociaci\u00f3n Espa\u00f1ola S\u00edndrome de Charge","article_publisher":"https:\/\/www.facebook.com\/asociacionsindromecharge","article_published_time":"2021-04-13T16:42:05+00:00","og_image":[{"width":300,"height":98,"url":"https:\/\/sindromecharge.es\/wp-content\/uploads\/2013\/09\/logodecharge300x98.png","type":"image\/png"}],"author":"Charge","twitter_card":"summary_large_image","twitter_creator":"@sindromecharge","twitter_site":"@sindromecharge","twitter_misc":{"Escrito por":"Charge","Tiempo de lectura":"2 minutos"},"schema":{"@context":"https:\/\/schema.org","@graph":[{"@type":"Article","@id":"https:\/\/sindromecharge.es\/index.php\/2021\/04\/13\/el-ayuntamiento-de-la-capital-estudiara-las-paradas-de-taxi-para-mejorar-su-accesibilidad\/#article","isPartOf":{"@id":"https:\/\/sindromecharge.es\/index.php\/2021\/04\/13\/el-ayuntamiento-de-la-capital-estudiara-las-paradas-de-taxi-para-mejorar-su-accesibilidad\/"},"author":{"name":"Charge","@id":"https:\/\/sindromecharge.es\/#\/schema\/person\/39a60ebe0a2b4d5a11179701e336b039"},"headline":"El Ayuntamiento de la capital estudiar\u00e1 las paradas de taxi para mejorar su accesibilidad","datePublished":"2021-04-13T16:42:05+00:00","mainEntityOfPage":{"@id":"https:\/\/sindromecharge.es\/index.php\/2021\/04\/13\/el-ayuntamiento-de-la-capital-estudiara-las-paradas-de-taxi-para-mejorar-su-accesibilidad\/"},"wordCount":329,"commentCount":0,"keywords":["discapacidad"],"articleSection":["noticias"],"inLanguage":"es","potentialAction":[{"@type":"CommentAction","name":"Comment","target":["https:\/\/sindromecharge.es\/index.php\/2021\/04\/13\/el-ayuntamiento-de-la-capital-estudiara-las-paradas-de-taxi-para-mejorar-su-accesibilidad\/#respond"]}]},{"@type":"WebPage","@id":"https:\/\/sindromecharge.es\/index.php\/2021\/04\/13\/el-ayuntamiento-de-la-capital-estudiara-las-paradas-de-taxi-para-mejorar-su-accesibilidad\/","url":"https:\/\/sindromecharge.es\/index.php\/2021\/04\/13\/el-ayuntamiento-de-la-capital-estudiara-las-paradas-de-taxi-para-mejorar-su-accesibilidad\/","name":"El Ayuntamiento de la capital estudiar\u00e1 las paradas de taxi para mejorar su accesibilidad - Asociaci\u00f3n Espa\u00f1ola S\u00edndrome de Charge","isPartOf":{"@id":"https:\/\/sindromecharge.es\/#website"},"datePublished":"2021-04-13T16:42:05+00:00","author":{"@id":"https:\/\/sindromecharge.es\/#\/schema\/person\/39a60ebe0a2b4d5a11179701e336b039"},"breadcrumb":{"@id":"https:\/\/sindromecharge.es\/index.php\/2021\/04\/13\/el-ayuntamiento-de-la-capital-estudiara-las-paradas-de-taxi-para-mejorar-su-accesibilidad\/#breadcrumb"},"inLanguage":"es","potentialAction":[{"@type":"ReadAction","target":["https:\/\/sindromecharge.es\/index.php\/2021\/04\/13\/el-ayuntamiento-de-la-capital-estudiara-las-paradas-de-taxi-para-mejorar-su-accesibilidad\/"]}]},{"@type":"BreadcrumbList","@id":"https:\/\/sindromecharge.es\/index.php\/2021\/04\/13\/el-ayuntamiento-de-la-capital-estudiara-las-paradas-de-taxi-para-mejorar-su-accesibilidad\/#breadcrumb","itemListElement":[{"@type":"ListItem","position":1,"name":"Portada","item":"https:\/\/sindromecharge.es\/"},{"@type":"ListItem","position":2,"name":"El Ayuntamiento de la capital estudiar\u00e1 las paradas de taxi para mejorar su accesibilidad"}]},{"@type":"WebSite","@id":"https:\/\/sindromecharge.es\/#website","url":"https:\/\/sindromecharge.es\/","name":"Asociaci\u00f3n Espa\u00f1ola S\u00edndrome de Charge","description":"","potentialAction":[{"@type":"SearchAction","target":{"@type":"EntryPoint","urlTemplate":"https:\/\/sindromecharge.es\/?s={search_term_string}"},"query-input":{"@type":"PropertyValueSpecification","valueRequired":true,"valueName":"search_term_string"}}],"inLanguage":"es"},{"@type":"Person","@id":"https:\/\/sindromecharge.es\/#\/schema\/person\/39a60ebe0a2b4d5a11179701e336b039","name":"Charge","image":{"@type":"ImageObject","inLanguage":"es","@id":"https:\/\/secure.gravatar.com\/avatar\/c3b46e32a0fc3b093a0873fb767bf3293de856293065e84ef06b7ec7a8acfb98?s=96&d=identicon&r=x","url":"https:\/\/secure.gravatar.com\/avatar\/c3b46e32a0fc3b093a0873fb767bf3293de856293065e84ef06b7ec7a8acfb98?s=96&d=identicon&r=x","contentUrl":"https:\/\/secure.gravatar.com\/avatar\/c3b46e32a0fc3b093a0873fb767bf3293de856293065e84ef06b7ec7a8acfb98?s=96&d=identicon&r=x","caption":"Charge"},"url":"https:\/\/sindromecharge.es\/index.php\/author\/admin\/"}]}},"_links":{"self":[{"href":"https:\/\/sindromecharge.es\/index.php\/wp-json\/wp\/v2\/posts\/7031","targetHints":{"allow":["GET"]}}],"collection":[{"href":"https:\/\/sindromecharge.es\/index.php\/wp-json\/wp\/v2\/posts"}],"about":[{"href":"https:\/\/sindromecharge.es\/index.php\/wp-json\/wp\/v2\/types\/post"}],"author":[{"embeddable":true,"href":"https:\/\/sindromecharge.es\/index.php\/wp-json\/wp\/v2\/users\/1"}],"replies":[{"embeddable":true,"href":"https:\/\/sindromecharge.es\/index.php\/wp-json\/wp\/v2\/comments?post=7031"}],"version-history":[{"count":0,"href":"https:\/\/sindromecharge.es\/index.php\/wp-json\/wp\/v2\/posts\/7031\/revisions"}],"wp:attachment":[{"href":"https:\/\/sindromecharge.es\/index.php\/wp-json\/wp\/v2\/media?parent=7031"}],"wp:term":[{"taxonomy":"category","embeddable":true,"href":"https:\/\/sindromecharge.es\/index.php\/wp-json\/wp\/v2\/categories?post=7031"},{"taxonomy":"post_tag","embeddable":true,"href":"https:\/\/sindromecharge.es\/index.php\/wp-json\/wp\/v2\/tags?post=7031"}],"curies":[{"name":"wp","href":"https:\/\/api.w.org\/{rel}","templated":true}]}}