{"id":7029,"date":"2021-04-13T11:44:32","date_gmt":"2021-04-13T11:44:32","guid":{"rendered":"https:\/\/sindromecharge.es\/index.php\/2021\/04\/13\/condenan-a-2-anos-de-carcel-a-un-varon-por-tocamientos-a-la-companera-de-cuarto-de-su-mujer-en-un-centro-de-discapacidad\/"},"modified":"2021-04-13T11:44:32","modified_gmt":"2021-04-13T11:44:32","slug":"condenan-a-2-anos-de-carcel-a-un-varon-por-tocamientos-a-la-companera-de-cuarto-de-su-mujer-en-un-centro-de-discapacidad","status":"publish","type":"post","link":"https:\/\/sindromecharge.es\/index.php\/2021\/04\/13\/condenan-a-2-anos-de-carcel-a-un-varon-por-tocamientos-a-la-companera-de-cuarto-de-su-mujer-en-un-centro-de-discapacidad\/","title":{"rendered":"Condenan a 2 a\u00f1os de c\u00e1rcel a un var\u00f3n por tocamientos a la compa\u00f1era de cuarto de su mujer en un centro de discapacidad"},"content":{"rendered":"<p>Leemos en 20minutos la siguiente noticia que os reproducimos de forma \u00edntegra: <\/p>\n<p>El juicio, previsto para la ma\u00f1ana de este martes, no ha llegado a celebrarse al llegar todas las partes a un acuerdo de conformidad, por el que el hombre ha aceptado una pena de dos a\u00f1os de prisi\u00f3n y la prohibici\u00f3n de aproximarse o comunicarse con la v\u00edctima y de acercarse a la residencia donde ella reside durante un periodo de 5 a\u00f1os.<\/p>\n<p>No obstante, se ha acordado la suspensi\u00f3n de la pena de prisi\u00f3n, condicionada a que el hombre no vuelva a delinquir en un periodo de dos a\u00f1os y a que abone la responsabilidad civil, de 3.000 euros. En concreto, el hombre ya consign\u00f3 1.500 euros previamente a la sesi\u00f3n, y el resto deber\u00e1 abonarlo en plazos de 100 euros al mes.<\/p>\n<p>Seg\u00fan el escrito de acusaci\u00f3n p\u00fablica, los hechos ocurrieron en noviembre de 2019 en un centro de atenci\u00f3n a personas con discapacidad, a donde este hombre acud\u00eda para visitar a su esposa. Se da la circunstancia de que el acusado hab\u00eda residido anteriormente tambi\u00e9n en ese centro, pero fue expulsado, y ten\u00eda permiso para visitar a su mujer entre las 17,00 y las 18,30 horas (acompa\u00f1ado por personal de seguridad hasta la habitaci\u00f3n).<\/p>\n<p>La Fiscal\u00eda expone que, el 22 de noviembre de 2019, sobre las 18,00 horas y estando el acusado en la habitaci\u00f3n de su esposa, se acerc\u00f3 a la cama de su compa\u00f1era y, con \u00e1nimo de obtener una satisfacci\u00f3n sexual, introdujo su mano por debajo de la s\u00e1bana y le realiz\u00f3 tocamientos en la ingle durante al menos 10 minutos.<\/p>\n<p>La perjudicada padece la enfermedad de Alzheimer en grado severo y sufre un deterioro cognitivo, de manera que est\u00e1 desorientada en el tiempo y en el espacio y tiene abolida la memoria pr\u00f3xima y la memoria remota, adem\u00e1s del lenguaje escrito y oral. Por tanto, carece de capacidad o voluntad para consentir o rechazar comportamientos de naturaleza sexual.<\/p>\n<p>PETICI\u00d3N DE FISCAL\u00cdA<\/p>\n<p>Por estos hechos, la Fiscal\u00eda consider\u00f3 al acusado autor de un delito de abuso sexual y pidi\u00f3 para \u00e9l 2 a\u00f1os de prisi\u00f3n, as\u00ed como las medidas de libertad vigilada, alejamiento de la v\u00edctima y participaci\u00f3n en programas de reeducaci\u00f3n sexual. Tambi\u00e9n reclam\u00f3 que indemnice a la v\u00edctima en 3.000 euros por los da\u00f1os morales.<\/p>\n<p>En la sesi\u00f3n de este martes, el Ministerio Fiscal ha hecho una modificaci\u00f3n de la petici\u00f3n de la responsabilidad civil, de forma que la mitad pueda ser abonada por el acusado a plazos. Adem\u00e1s, inform\u00f3 favorablemente de la suspensi\u00f3n cautelar de la pena de prisi\u00f3n.<\/p>\n<p>Fuente: 20minutos <a href=\"https:\/\/www.20minutos.es\/noticia\/4655027\/0\/condenan-a-2-anos-de-carcel-a-un-varon-por-tocamientos-a-la-companera-de-cuarto-de-su-mujer-en-un-centro-de-discapacidad\/\" target=\"_blank\" rel=\"noopener\">Condenan a 2 a\u00f1os de c\u00e1rcel a un var\u00f3n por tocamientos a la compa\u00f1era de cuarto de su mujer en un centro de discapacidad<\/a><\/p>\n","protected":false},"excerpt":{"rendered":"<p>Leemos en 20minutos la siguiente noticia que os reproducimos de forma \u00edntegra: El juicio, previsto para la ma\u00f1ana de este martes, no ha llegado a celebrarse al llegar todas las partes a un acuerdo de conformidad, por el que el hombre ha aceptado una pena de dos a\u00f1os de prisi\u00f3n y la prohibici\u00f3n de aproximarse [&hellip;]<\/p>\n","protected":false},"author":1,"featured_media":0,"comment_status":"open","ping_status":"closed","sticky":false,"template":"","format":"standard","meta":{"footnotes":""},"categories":[8],"tags":[31],"class_list":["post-7029","post","type-post","status-publish","format-standard","hentry","category-noticias","tag-discapacidad"],"yoast_head":"<!-- This site is optimized with the Yoast SEO plugin v27.5 - https:\/\/yoast.com\/product\/yoast-seo-wordpress\/ -->\n<title>Condenan a 2 a\u00f1os de c\u00e1rcel a un var\u00f3n por tocamientos a la compa\u00f1era de cuarto de su mujer en un centro de discapacidad - Asociaci\u00f3n Espa\u00f1ola S\u00edndrome de Charge<\/title>\n<meta name=\"robots\" content=\"index, follow, max-snippet:-1, max-image-preview:large, max-video-preview:-1\" \/>\n<link rel=\"canonical\" href=\"https:\/\/sindromecharge.es\/index.php\/2021\/04\/13\/condenan-a-2-anos-de-carcel-a-un-varon-por-tocamientos-a-la-companera-de-cuarto-de-su-mujer-en-un-centro-de-discapacidad\/\" \/>\n<meta property=\"og:locale\" content=\"es_ES\" \/>\n<meta property=\"og:type\" content=\"article\" \/>\n<meta property=\"og:title\" content=\"Condenan a 2 a\u00f1os de c\u00e1rcel a un var\u00f3n por tocamientos a la compa\u00f1era de cuarto de su mujer en un centro de discapacidad - Asociaci\u00f3n Espa\u00f1ola S\u00edndrome de Charge\" \/>\n<meta property=\"og:description\" content=\"Leemos en 20minutos la siguiente noticia que os reproducimos de forma \u00edntegra: El juicio, previsto para la ma\u00f1ana de este martes, no ha llegado a celebrarse al llegar todas las partes a un acuerdo de conformidad, por el que el hombre ha aceptado una pena de dos a\u00f1os de prisi\u00f3n y la prohibici\u00f3n de aproximarse [&hellip;]\" \/>\n<meta property=\"og:url\" content=\"https:\/\/sindromecharge.es\/index.php\/2021\/04\/13\/condenan-a-2-anos-de-carcel-a-un-varon-por-tocamientos-a-la-companera-de-cuarto-de-su-mujer-en-un-centro-de-discapacidad\/\" \/>\n<meta property=\"og:site_name\" content=\"Asociaci\u00f3n Espa\u00f1ola S\u00edndrome de Charge\" \/>\n<meta property=\"article:publisher\" content=\"https:\/\/www.facebook.com\/asociacionsindromecharge\" \/>\n<meta property=\"article:published_time\" content=\"2021-04-13T11:44:32+00:00\" \/>\n<meta property=\"og:image\" content=\"https:\/\/sindromecharge.es\/wp-content\/uploads\/2013\/09\/logodecharge300x98.png\" \/>\n\t<meta property=\"og:image:width\" content=\"300\" \/>\n\t<meta property=\"og:image:height\" content=\"98\" \/>\n\t<meta property=\"og:image:type\" content=\"image\/png\" \/>\n<meta name=\"author\" content=\"Charge\" \/>\n<meta name=\"twitter:card\" content=\"summary_large_image\" \/>\n<meta name=\"twitter:creator\" content=\"@sindromecharge\" \/>\n<meta name=\"twitter:site\" content=\"@sindromecharge\" \/>\n<meta name=\"twitter:label1\" content=\"Escrito por\" \/>\n\t<meta name=\"twitter:data1\" content=\"Charge\" \/>\n\t<meta name=\"twitter:label2\" content=\"Tiempo de lectura\" \/>\n\t<meta name=\"twitter:data2\" content=\"2 minutos\" \/>\n<script type=\"application\/ld+json\" class=\"yoast-schema-graph\">{\"@context\":\"https:\\\/\\\/schema.org\",\"@graph\":[{\"@type\":\"Article\",\"@id\":\"https:\\\/\\\/sindromecharge.es\\\/index.php\\\/2021\\\/04\\\/13\\\/condenan-a-2-anos-de-carcel-a-un-varon-por-tocamientos-a-la-companera-de-cuarto-de-su-mujer-en-un-centro-de-discapacidad\\\/#article\",\"isPartOf\":{\"@id\":\"https:\\\/\\\/sindromecharge.es\\\/index.php\\\/2021\\\/04\\\/13\\\/condenan-a-2-anos-de-carcel-a-un-varon-por-tocamientos-a-la-companera-de-cuarto-de-su-mujer-en-un-centro-de-discapacidad\\\/\"},\"author\":{\"name\":\"Charge\",\"@id\":\"https:\\\/\\\/sindromecharge.es\\\/#\\\/schema\\\/person\\\/39a60ebe0a2b4d5a11179701e336b039\"},\"headline\":\"Condenan a 2 a\u00f1os de c\u00e1rcel a un var\u00f3n por tocamientos a la compa\u00f1era de cuarto de su mujer en un centro de discapacidad\",\"datePublished\":\"2021-04-13T11:44:32+00:00\",\"mainEntityOfPage\":{\"@id\":\"https:\\\/\\\/sindromecharge.es\\\/index.php\\\/2021\\\/04\\\/13\\\/condenan-a-2-anos-de-carcel-a-un-varon-por-tocamientos-a-la-companera-de-cuarto-de-su-mujer-en-un-centro-de-discapacidad\\\/\"},\"wordCount\":517,\"commentCount\":0,\"keywords\":[\"discapacidad\"],\"articleSection\":[\"noticias\"],\"inLanguage\":\"es\",\"potentialAction\":[{\"@type\":\"CommentAction\",\"name\":\"Comment\",\"target\":[\"https:\\\/\\\/sindromecharge.es\\\/index.php\\\/2021\\\/04\\\/13\\\/condenan-a-2-anos-de-carcel-a-un-varon-por-tocamientos-a-la-companera-de-cuarto-de-su-mujer-en-un-centro-de-discapacidad\\\/#respond\"]}]},{\"@type\":\"WebPage\",\"@id\":\"https:\\\/\\\/sindromecharge.es\\\/index.php\\\/2021\\\/04\\\/13\\\/condenan-a-2-anos-de-carcel-a-un-varon-por-tocamientos-a-la-companera-de-cuarto-de-su-mujer-en-un-centro-de-discapacidad\\\/\",\"url\":\"https:\\\/\\\/sindromecharge.es\\\/index.php\\\/2021\\\/04\\\/13\\\/condenan-a-2-anos-de-carcel-a-un-varon-por-tocamientos-a-la-companera-de-cuarto-de-su-mujer-en-un-centro-de-discapacidad\\\/\",\"name\":\"Condenan a 2 a\u00f1os de c\u00e1rcel a un var\u00f3n por tocamientos a la compa\u00f1era de cuarto de su mujer en un centro de discapacidad - Asociaci\u00f3n Espa\u00f1ola S\u00edndrome de Charge\",\"isPartOf\":{\"@id\":\"https:\\\/\\\/sindromecharge.es\\\/#website\"},\"datePublished\":\"2021-04-13T11:44:32+00:00\",\"author\":{\"@id\":\"https:\\\/\\\/sindromecharge.es\\\/#\\\/schema\\\/person\\\/39a60ebe0a2b4d5a11179701e336b039\"},\"breadcrumb\":{\"@id\":\"https:\\\/\\\/sindromecharge.es\\\/index.php\\\/2021\\\/04\\\/13\\\/condenan-a-2-anos-de-carcel-a-un-varon-por-tocamientos-a-la-companera-de-cuarto-de-su-mujer-en-un-centro-de-discapacidad\\\/#breadcrumb\"},\"inLanguage\":\"es\",\"potentialAction\":[{\"@type\":\"ReadAction\",\"target\":[\"https:\\\/\\\/sindromecharge.es\\\/index.php\\\/2021\\\/04\\\/13\\\/condenan-a-2-anos-de-carcel-a-un-varon-por-tocamientos-a-la-companera-de-cuarto-de-su-mujer-en-un-centro-de-discapacidad\\\/\"]}]},{\"@type\":\"BreadcrumbList\",\"@id\":\"https:\\\/\\\/sindromecharge.es\\\/index.php\\\/2021\\\/04\\\/13\\\/condenan-a-2-anos-de-carcel-a-un-varon-por-tocamientos-a-la-companera-de-cuarto-de-su-mujer-en-un-centro-de-discapacidad\\\/#breadcrumb\",\"itemListElement\":[{\"@type\":\"ListItem\",\"position\":1,\"name\":\"Portada\",\"item\":\"https:\\\/\\\/sindromecharge.es\\\/\"},{\"@type\":\"ListItem\",\"position\":2,\"name\":\"Condenan a 2 a\u00f1os de c\u00e1rcel a un var\u00f3n por tocamientos a la compa\u00f1era de cuarto de su mujer en un centro de discapacidad\"}]},{\"@type\":\"WebSite\",\"@id\":\"https:\\\/\\\/sindromecharge.es\\\/#website\",\"url\":\"https:\\\/\\\/sindromecharge.es\\\/\",\"name\":\"Asociaci\u00f3n Espa\u00f1ola S\u00edndrome de Charge\",\"description\":\"\",\"potentialAction\":[{\"@type\":\"SearchAction\",\"target\":{\"@type\":\"EntryPoint\",\"urlTemplate\":\"https:\\\/\\\/sindromecharge.es\\\/?s={search_term_string}\"},\"query-input\":{\"@type\":\"PropertyValueSpecification\",\"valueRequired\":true,\"valueName\":\"search_term_string\"}}],\"inLanguage\":\"es\"},{\"@type\":\"Person\",\"@id\":\"https:\\\/\\\/sindromecharge.es\\\/#\\\/schema\\\/person\\\/39a60ebe0a2b4d5a11179701e336b039\",\"name\":\"Charge\",\"image\":{\"@type\":\"ImageObject\",\"inLanguage\":\"es\",\"@id\":\"https:\\\/\\\/secure.gravatar.com\\\/avatar\\\/c3b46e32a0fc3b093a0873fb767bf3293de856293065e84ef06b7ec7a8acfb98?s=96&d=identicon&r=x\",\"url\":\"https:\\\/\\\/secure.gravatar.com\\\/avatar\\\/c3b46e32a0fc3b093a0873fb767bf3293de856293065e84ef06b7ec7a8acfb98?s=96&d=identicon&r=x\",\"contentUrl\":\"https:\\\/\\\/secure.gravatar.com\\\/avatar\\\/c3b46e32a0fc3b093a0873fb767bf3293de856293065e84ef06b7ec7a8acfb98?s=96&d=identicon&r=x\",\"caption\":\"Charge\"},\"url\":\"https:\\\/\\\/sindromecharge.es\\\/index.php\\\/author\\\/admin\\\/\"}]}<\/script>\n<!-- \/ Yoast SEO plugin. -->","yoast_head_json":{"title":"Condenan a 2 a\u00f1os de c\u00e1rcel a un var\u00f3n por tocamientos a la compa\u00f1era de cuarto de su mujer en un centro de discapacidad - Asociaci\u00f3n Espa\u00f1ola S\u00edndrome de Charge","robots":{"index":"index","follow":"follow","max-snippet":"max-snippet:-1","max-image-preview":"max-image-preview:large","max-video-preview":"max-video-preview:-1"},"canonical":"https:\/\/sindromecharge.es\/index.php\/2021\/04\/13\/condenan-a-2-anos-de-carcel-a-un-varon-por-tocamientos-a-la-companera-de-cuarto-de-su-mujer-en-un-centro-de-discapacidad\/","og_locale":"es_ES","og_type":"article","og_title":"Condenan a 2 a\u00f1os de c\u00e1rcel a un var\u00f3n por tocamientos a la compa\u00f1era de cuarto de su mujer en un centro de discapacidad - Asociaci\u00f3n Espa\u00f1ola S\u00edndrome de Charge","og_description":"Leemos en 20minutos la siguiente noticia que os reproducimos de forma \u00edntegra: El juicio, previsto para la ma\u00f1ana de este martes, no ha llegado a celebrarse al llegar todas las partes a un acuerdo de conformidad, por el que el hombre ha aceptado una pena de dos a\u00f1os de prisi\u00f3n y la prohibici\u00f3n de aproximarse [&hellip;]","og_url":"https:\/\/sindromecharge.es\/index.php\/2021\/04\/13\/condenan-a-2-anos-de-carcel-a-un-varon-por-tocamientos-a-la-companera-de-cuarto-de-su-mujer-en-un-centro-de-discapacidad\/","og_site_name":"Asociaci\u00f3n Espa\u00f1ola S\u00edndrome de Charge","article_publisher":"https:\/\/www.facebook.com\/asociacionsindromecharge","article_published_time":"2021-04-13T11:44:32+00:00","og_image":[{"width":300,"height":98,"url":"https:\/\/sindromecharge.es\/wp-content\/uploads\/2013\/09\/logodecharge300x98.png","type":"image\/png"}],"author":"Charge","twitter_card":"summary_large_image","twitter_creator":"@sindromecharge","twitter_site":"@sindromecharge","twitter_misc":{"Escrito por":"Charge","Tiempo de lectura":"2 minutos"},"schema":{"@context":"https:\/\/schema.org","@graph":[{"@type":"Article","@id":"https:\/\/sindromecharge.es\/index.php\/2021\/04\/13\/condenan-a-2-anos-de-carcel-a-un-varon-por-tocamientos-a-la-companera-de-cuarto-de-su-mujer-en-un-centro-de-discapacidad\/#article","isPartOf":{"@id":"https:\/\/sindromecharge.es\/index.php\/2021\/04\/13\/condenan-a-2-anos-de-carcel-a-un-varon-por-tocamientos-a-la-companera-de-cuarto-de-su-mujer-en-un-centro-de-discapacidad\/"},"author":{"name":"Charge","@id":"https:\/\/sindromecharge.es\/#\/schema\/person\/39a60ebe0a2b4d5a11179701e336b039"},"headline":"Condenan a 2 a\u00f1os de c\u00e1rcel a un var\u00f3n por tocamientos a la compa\u00f1era de cuarto de su mujer en un centro de discapacidad","datePublished":"2021-04-13T11:44:32+00:00","mainEntityOfPage":{"@id":"https:\/\/sindromecharge.es\/index.php\/2021\/04\/13\/condenan-a-2-anos-de-carcel-a-un-varon-por-tocamientos-a-la-companera-de-cuarto-de-su-mujer-en-un-centro-de-discapacidad\/"},"wordCount":517,"commentCount":0,"keywords":["discapacidad"],"articleSection":["noticias"],"inLanguage":"es","potentialAction":[{"@type":"CommentAction","name":"Comment","target":["https:\/\/sindromecharge.es\/index.php\/2021\/04\/13\/condenan-a-2-anos-de-carcel-a-un-varon-por-tocamientos-a-la-companera-de-cuarto-de-su-mujer-en-un-centro-de-discapacidad\/#respond"]}]},{"@type":"WebPage","@id":"https:\/\/sindromecharge.es\/index.php\/2021\/04\/13\/condenan-a-2-anos-de-carcel-a-un-varon-por-tocamientos-a-la-companera-de-cuarto-de-su-mujer-en-un-centro-de-discapacidad\/","url":"https:\/\/sindromecharge.es\/index.php\/2021\/04\/13\/condenan-a-2-anos-de-carcel-a-un-varon-por-tocamientos-a-la-companera-de-cuarto-de-su-mujer-en-un-centro-de-discapacidad\/","name":"Condenan a 2 a\u00f1os de c\u00e1rcel a un var\u00f3n por tocamientos a la compa\u00f1era de cuarto de su mujer en un centro de discapacidad - Asociaci\u00f3n Espa\u00f1ola S\u00edndrome de Charge","isPartOf":{"@id":"https:\/\/sindromecharge.es\/#website"},"datePublished":"2021-04-13T11:44:32+00:00","author":{"@id":"https:\/\/sindromecharge.es\/#\/schema\/person\/39a60ebe0a2b4d5a11179701e336b039"},"breadcrumb":{"@id":"https:\/\/sindromecharge.es\/index.php\/2021\/04\/13\/condenan-a-2-anos-de-carcel-a-un-varon-por-tocamientos-a-la-companera-de-cuarto-de-su-mujer-en-un-centro-de-discapacidad\/#breadcrumb"},"inLanguage":"es","potentialAction":[{"@type":"ReadAction","target":["https:\/\/sindromecharge.es\/index.php\/2021\/04\/13\/condenan-a-2-anos-de-carcel-a-un-varon-por-tocamientos-a-la-companera-de-cuarto-de-su-mujer-en-un-centro-de-discapacidad\/"]}]},{"@type":"BreadcrumbList","@id":"https:\/\/sindromecharge.es\/index.php\/2021\/04\/13\/condenan-a-2-anos-de-carcel-a-un-varon-por-tocamientos-a-la-companera-de-cuarto-de-su-mujer-en-un-centro-de-discapacidad\/#breadcrumb","itemListElement":[{"@type":"ListItem","position":1,"name":"Portada","item":"https:\/\/sindromecharge.es\/"},{"@type":"ListItem","position":2,"name":"Condenan a 2 a\u00f1os de c\u00e1rcel a un var\u00f3n por tocamientos a la compa\u00f1era de cuarto de su mujer en un centro de discapacidad"}]},{"@type":"WebSite","@id":"https:\/\/sindromecharge.es\/#website","url":"https:\/\/sindromecharge.es\/","name":"Asociaci\u00f3n Espa\u00f1ola S\u00edndrome de Charge","description":"","potentialAction":[{"@type":"SearchAction","target":{"@type":"EntryPoint","urlTemplate":"https:\/\/sindromecharge.es\/?s={search_term_string}"},"query-input":{"@type":"PropertyValueSpecification","valueRequired":true,"valueName":"search_term_string"}}],"inLanguage":"es"},{"@type":"Person","@id":"https:\/\/sindromecharge.es\/#\/schema\/person\/39a60ebe0a2b4d5a11179701e336b039","name":"Charge","image":{"@type":"ImageObject","inLanguage":"es","@id":"https:\/\/secure.gravatar.com\/avatar\/c3b46e32a0fc3b093a0873fb767bf3293de856293065e84ef06b7ec7a8acfb98?s=96&d=identicon&r=x","url":"https:\/\/secure.gravatar.com\/avatar\/c3b46e32a0fc3b093a0873fb767bf3293de856293065e84ef06b7ec7a8acfb98?s=96&d=identicon&r=x","contentUrl":"https:\/\/secure.gravatar.com\/avatar\/c3b46e32a0fc3b093a0873fb767bf3293de856293065e84ef06b7ec7a8acfb98?s=96&d=identicon&r=x","caption":"Charge"},"url":"https:\/\/sindromecharge.es\/index.php\/author\/admin\/"}]}},"_links":{"self":[{"href":"https:\/\/sindromecharge.es\/index.php\/wp-json\/wp\/v2\/posts\/7029","targetHints":{"allow":["GET"]}}],"collection":[{"href":"https:\/\/sindromecharge.es\/index.php\/wp-json\/wp\/v2\/posts"}],"about":[{"href":"https:\/\/sindromecharge.es\/index.php\/wp-json\/wp\/v2\/types\/post"}],"author":[{"embeddable":true,"href":"https:\/\/sindromecharge.es\/index.php\/wp-json\/wp\/v2\/users\/1"}],"replies":[{"embeddable":true,"href":"https:\/\/sindromecharge.es\/index.php\/wp-json\/wp\/v2\/comments?post=7029"}],"version-history":[{"count":0,"href":"https:\/\/sindromecharge.es\/index.php\/wp-json\/wp\/v2\/posts\/7029\/revisions"}],"wp:attachment":[{"href":"https:\/\/sindromecharge.es\/index.php\/wp-json\/wp\/v2\/media?parent=7029"}],"wp:term":[{"taxonomy":"category","embeddable":true,"href":"https:\/\/sindromecharge.es\/index.php\/wp-json\/wp\/v2\/categories?post=7029"},{"taxonomy":"post_tag","embeddable":true,"href":"https:\/\/sindromecharge.es\/index.php\/wp-json\/wp\/v2\/tags?post=7029"}],"curies":[{"name":"wp","href":"https:\/\/api.w.org\/{rel}","templated":true}]}}