{"id":7028,"date":"2021-04-13T10:55:19","date_gmt":"2021-04-13T10:55:19","guid":{"rendered":"https:\/\/sindromecharge.es\/index.php\/2021\/04\/13\/aspace-atiende-a-800-personas-con-discapacidad-y-proporciona-empleo-a-casi-500-tras-50-anos-de-historia\/"},"modified":"2021-04-13T10:55:19","modified_gmt":"2021-04-13T10:55:19","slug":"aspace-atiende-a-800-personas-con-discapacidad-y-proporciona-empleo-a-casi-500-tras-50-anos-de-historia","status":"publish","type":"post","link":"https:\/\/sindromecharge.es\/index.php\/2021\/04\/13\/aspace-atiende-a-800-personas-con-discapacidad-y-proporciona-empleo-a-casi-500-tras-50-anos-de-historia\/","title":{"rendered":"Aspace atiende a 800 personas con discapacidad y proporciona empleo a casi 500 tras 50 a\u00f1os de historia"},"content":{"rendered":"<p>Leemos en 20minutos la siguiente noticia que os reproducimos de forma \u00edntegra: <\/p>\n<p>Una representaci\u00f3n de Aspace, entidad sin \u00e1nimo de lucro, ha comparecido este martes en el Parlamento de Navarra para explicar su trabajo, coincidiendo con la celebraci\u00f3n este mi\u00e9rcoles del 50\u00ba aniversario de su creaci\u00f3n.<\/p>\n<p>David Erice, presidente Aspace Navarra, ha comparecido acompa\u00f1ado de Rafael Olleta, director general, Mamen Mi\u00f1es, usuaria de un recurso residencial de Aspace y vocal en la junta de la asociaci\u00f3n; Goreti Iso, trabajadora del centro especial de empleo, y Javier Ugarte, uno del centenar de voluntarios de la asociaci\u00f3n.<\/p>\n<p>El presidente de Aspace ha explicado que la entidad gestiona unos 15 millones de euros de presupuesto y ha destacado el recorrido de la asociaci\u00f3n durante los \u00faltimos 50 a\u00f1os. \u00abEsto no hubiera sido posible sin el respeto, el apoyo, la cercan\u00eda, la solidaridad y el cari\u00f1o de toda la sociedad navarra\u00bb, ha destacado.<\/p>\n<p>Rafael Olleta ha explicado que Aspace ha creado \u00abun itinerario de vida durante estos 50 a\u00f1os, un itinerario que es el compromiso que adquiere Aspace Navarra con todos los ni\u00f1os y ni\u00f1as que nacen con par\u00e1lisis cerebral y durante todo el desarrollo de su vida\u00bb. \u00abSi ellos no pueden hacer una integraci\u00f3n en la sociedad, creamos un itinerario alternativo que les permita crear su proyecto de vida y su integraci\u00f3n en la sociedad, y lo haremos hasta el d\u00eda despu\u00e9s de su muerte, porque tambi\u00e9n estaremos con ellos en el momento de despedirles\u00bb, ha afirmado.<\/p>\n<p>Aspace cuenta entre sus recursos con un servicio de acogida y orientaci\u00f3n; un servicio de atenci\u00f3n temprana a las familias; el colegio de educaci\u00f3n especial Virgen de Orreaga de Cizur, donde hay 27 alumnos entre los 3 y los 21 a\u00f1os; un servicio de atenci\u00f3n ambulatoria y apoyo escolar; el Club Deportivo Aspace Navarra, donde se desarrolla el deporte paral\u00edmpico; un programa de voluntariado, ocio y tiempo libre en integraci\u00f3n; un pabell\u00f3n de hidroterapia; el centro ocupacional con sedes en Bera y Azpilaga\u00f1a (Pamplona); los recursos residenciales de Cizur e Iturrama (Pamplona); el Centro Especial de Empleo, que da trabajo a 200 personas; la planta de Ecointegra en Aoiz; una lavander\u00eda industrial en Noain y otra en Lesaka; dos albergues en Lekaroz y otro en Pamplona, y un servicio de orientaci\u00f3n y formaci\u00f3n para la integraci\u00f3n laboral.<\/p>\n<p>PIDEN RECURSOS PARA EL \u00c1MBITO RURAL<\/p>\n<p>En la comparecencia ha intervenido Mamen Mi\u00f1es, estudiante de Ciencias Pol\u00edticas en la UNED e integrante de la junta directiva de Aspace Navarra desde 2018. \u00abAunque vivo en la residencia Carmen Aldave de Iturrama, soy de Cortes, me gusta mucho Pamplona, pero en realidad tuve que venir aqu\u00ed por la falta de recursos residenciales en el \u00e1mbito rural\u00bb, ha se\u00f1alado.<\/p>\n<p>Mi\u00f1es ha deseado que su experiencia personal sirva para que \u00abse globalice lo que en Aspace Navarra se entiende como recurso residencial y por lo que tanto se est\u00e1 peleando en los \u00faltimos a\u00f1os\u00bb. \u00abNo somos un n\u00famero, somos personas, y eso en esta entidad se nota. Han puesto en marcha un programa de atenci\u00f3n centrado en las personas para escuchar, entender y satisfacer las necesidades de todas las personas que vivimos en los recursos residenciales. No nos tenemos que sentir como en casa, sino que es nuestra casa. A esto deber\u00edan tender todos los recursos residenciales, a convertirse en hogares\u00bb, ha afirmado.<\/p>\n<p>Mamen Mi\u00f1es ha hecho un llamamiento a que se invierta \u00aben acercar a los entornos rurales los recursos necesarios para que las personas con discapacidad no tengan que abandonar sus hogares, ni alejarse de sus familias, sus ra\u00edces o su vida\u00bb.<\/p>\n<p>Tambi\u00e9n ha relatado su experiencia Goreti Iso, natural de Sang\u00fcesa. \u00abCurs\u00e9 EGB en el colegio p\u00fablico de Sang\u00fcesa. Esta etapa fue la m\u00e1s dura que he tenido. Como se suele decir, los ni\u00f1os son crueles. Acad\u00e9micamente, todo normal, pero nunca fui integrada por tener mi par\u00e1lisis, sufr\u00ed continuos insultos y burlas, as\u00ed que cuando acab\u00e9 la EGB vine a Pamplona a estudiar la FP administrativa y en todos los aspectos todo cambi\u00f3 a mejor notablemente\u00bb, ha se\u00f1alado.<\/p>\n<p>\u00abDE CORAZ\u00d3N, VOLVER\u00cdA A NACER CON MI PAR\u00c1LISIS\u00bb<\/p>\n<p>Iso ha explicado que \u00abuna vez acabados los estudios me inici\u00e9 en la vida laboral, en un primer momento tuve mucha suerte porque en seguida empec\u00e9 a trabajar en Tasubinsa de Sang\u00fcesa\u00bb. Estuvo en este trabajo durante a\u00f1o y medio posteriormente comenz\u00f3 un nuevo proceso de b\u00fasqueda de empleo, \u00abalgo amargo, ya que en la mayor\u00eda de empresas a las que iba a dejar el curr\u00edculum, de entrada, me miraban mal\u00bb. \u00abEstoy segura de que muchas de ellas ni leyeron el curr\u00edculum. Directamente, a la basura\u00bb, ha se\u00f1alado.<\/p>\n<p>Despu\u00e9s de cinco meses buscando trabajo, lo encontr\u00f3 en Aspace. \u00abAll\u00ed ya llevo 18 a\u00f1os y ellos han confiado en mi y ocupo el puesto de administrativa\u00bb, ha valorado.<\/p>\n<p>\u00abMientras que han ido pasando los a\u00f1os mi vida personal tambi\u00e9n ha ido cambiando. Desde la ni\u00f1ez hasta el d\u00eda de hoy, pas\u00e9 de ser aquella ni\u00f1a de la cual todos se le burlaban a ser una mujer con una vida plena, construida por mi hogar con mi marido y mis dos hijas y muy bien acompa\u00f1ada de cantidad de amistades de gran diversidad\u00bb, ha se\u00f1alado Goreti Iso.<\/p>\n<p>Seg\u00fan ha explicado, \u00abmi vida no ha sido f\u00e1cil, tener una par\u00e1lisis todo lo complica, pero no deja de ser satisfactorio conseguir los objetivos, metas y sue\u00f1os, y ser muy feliz\u00bb. \u00abEl objetivo que tengo desde hace tiempo y espero conseguir es trabajar en el empleo ordinario. Soy paral\u00edtica cerebral desde que nac\u00ed y lo ser\u00e9 siempre, pero si pudiera poder volver a nacer y elegir, de coraz\u00f3n digo que volver\u00eda a nacer con mi par\u00e1lisis\u00bb, ha dicho, para lanzar una pregunta a los parlamentarios: \u00ab\u00bfCualquiera de vosotros me contratar\u00eda para llevar la administraci\u00f3n de su empresa o un partido pol\u00edtico?\u00bb<\/p>\n<p>Finalmente, ha intervenido en la sesi\u00f3n de trabajo Javier Ugarte, voluntario de Aspace que empez\u00f3 a colaborar con la asociaci\u00f3n sin tener a ninguna persona con par\u00e1lisis cerebral en su entorno. \u00abEmpez\u00f3 mi relaci\u00f3n con Aspace por motivos laborales. Al principio no sab\u00eda ni d\u00f3nde meterme, no ten\u00eda ni idea de c\u00f3mo hablar, no les entend\u00eda lo que me dec\u00edan. Hace unos a\u00f1os, me propusieron hacer una entrevista. Las preguntas eran muy sencillas: &#8216;\u00bfTe importar\u00eda ir con nosotros en la villavesa, o ir al cine, o a tomar un caf\u00e9? Algo se me removi\u00f3 por dentro, porque nunca me hab\u00eda planteado una cosa de ese estilo. Fue entonces cuando decid\u00ed hacerme voluntario\u00bb, ha explicado.<\/p>\n<p>Javier Ugarte ha se\u00f1alado que \u00abcuando cort\u00e9 con mis miedos y prejuicios fue cuando empec\u00e9 a hacer esas cosas tan sencillas y conocer a esta gente\u00bb. \u00abDesde entonces me siento mejor y tengo m\u00e1s amigos. Creo que recibo mucho m\u00e1s de lo que yo puedo aportar. Animo a todo el mundo a que cuando quiera se tome un caf\u00e9 o d\u00e9 un paseo con esta gente\u00bb, ha dicho.<\/p>\n<p>El presidente de Aspace, David Erice, ha deseado que los grupos parlamentarios puedan impulsar \u00abacciones visibles y palpables para las personas con discapacidad en general y con par\u00e1lisis cerebral en particular\u00bb. \u00abSolemos decir que en esta crisis no podemos dejar a nadie atr\u00e1s. Perm\u00edtanme recordarles que detr\u00e1s siempre solemos estar las personas con discapacidad y que no queremos que en este cambio de modelo social nos volvamos a quedar en esta posici\u00f3n\u00bb, ha se\u00f1alado.<\/p>\n<p>Fuente: 20minutos <a href=\"https:\/\/www.20minutos.es\/noticia\/4654862\/0\/aspace-atiende-a-800-personas-con-discapacidad-y-proporciona-empleo-a-casi-500-tras-50-anos-de-historia\/\" target=\"_blank\" rel=\"noopener\">Aspace atiende a 800 personas con discapacidad y proporciona empleo a casi 500 tras 50 a\u00f1os de historia<\/a><\/p>\n","protected":false},"excerpt":{"rendered":"<p>Leemos en 20minutos la siguiente noticia que os reproducimos de forma \u00edntegra: Una representaci\u00f3n de Aspace, entidad sin \u00e1nimo de lucro, ha comparecido este martes en el Parlamento de Navarra para explicar su trabajo, coincidiendo con la celebraci\u00f3n este mi\u00e9rcoles del 50\u00ba aniversario de su creaci\u00f3n. David Erice, presidente Aspace Navarra, ha comparecido acompa\u00f1ado de [&hellip;]<\/p>\n","protected":false},"author":1,"featured_media":0,"comment_status":"open","ping_status":"closed","sticky":false,"template":"","format":"standard","meta":{"footnotes":""},"categories":[8],"tags":[31],"class_list":["post-7028","post","type-post","status-publish","format-standard","hentry","category-noticias","tag-discapacidad"],"yoast_head":"<!-- This site is optimized with the Yoast SEO plugin v27.5 - https:\/\/yoast.com\/product\/yoast-seo-wordpress\/ -->\n<title>Aspace atiende a 800 personas con discapacidad y proporciona empleo a casi 500 tras 50 a\u00f1os de historia - Asociaci\u00f3n Espa\u00f1ola S\u00edndrome de Charge<\/title>\n<meta name=\"robots\" content=\"index, follow, max-snippet:-1, max-image-preview:large, max-video-preview:-1\" \/>\n<link rel=\"canonical\" href=\"https:\/\/sindromecharge.es\/index.php\/2021\/04\/13\/aspace-atiende-a-800-personas-con-discapacidad-y-proporciona-empleo-a-casi-500-tras-50-anos-de-historia\/\" \/>\n<meta property=\"og:locale\" content=\"es_ES\" \/>\n<meta property=\"og:type\" content=\"article\" \/>\n<meta property=\"og:title\" content=\"Aspace atiende a 800 personas con discapacidad y proporciona empleo a casi 500 tras 50 a\u00f1os de historia - Asociaci\u00f3n Espa\u00f1ola S\u00edndrome de Charge\" \/>\n<meta property=\"og:description\" content=\"Leemos en 20minutos la siguiente noticia que os reproducimos de forma \u00edntegra: Una representaci\u00f3n de Aspace, entidad sin \u00e1nimo de lucro, ha comparecido este martes en el Parlamento de Navarra para explicar su trabajo, coincidiendo con la celebraci\u00f3n este mi\u00e9rcoles del 50\u00ba aniversario de su creaci\u00f3n. David Erice, presidente Aspace Navarra, ha comparecido acompa\u00f1ado de [&hellip;]\" \/>\n<meta property=\"og:url\" content=\"https:\/\/sindromecharge.es\/index.php\/2021\/04\/13\/aspace-atiende-a-800-personas-con-discapacidad-y-proporciona-empleo-a-casi-500-tras-50-anos-de-historia\/\" \/>\n<meta property=\"og:site_name\" content=\"Asociaci\u00f3n Espa\u00f1ola S\u00edndrome de Charge\" \/>\n<meta property=\"article:publisher\" content=\"https:\/\/www.facebook.com\/asociacionsindromecharge\" \/>\n<meta property=\"article:published_time\" content=\"2021-04-13T10:55:19+00:00\" \/>\n<meta property=\"og:image\" content=\"https:\/\/sindromecharge.es\/wp-content\/uploads\/2013\/09\/logodecharge300x98.png\" \/>\n\t<meta property=\"og:image:width\" content=\"300\" \/>\n\t<meta property=\"og:image:height\" content=\"98\" \/>\n\t<meta property=\"og:image:type\" content=\"image\/png\" \/>\n<meta name=\"author\" content=\"Charge\" \/>\n<meta name=\"twitter:card\" content=\"summary_large_image\" \/>\n<meta name=\"twitter:creator\" content=\"@sindromecharge\" \/>\n<meta name=\"twitter:site\" content=\"@sindromecharge\" \/>\n<meta name=\"twitter:label1\" content=\"Escrito por\" \/>\n\t<meta name=\"twitter:data1\" content=\"Charge\" \/>\n\t<meta name=\"twitter:label2\" content=\"Tiempo de lectura\" \/>\n\t<meta name=\"twitter:data2\" content=\"7 minutos\" \/>\n<script type=\"application\/ld+json\" class=\"yoast-schema-graph\">{\"@context\":\"https:\\\/\\\/schema.org\",\"@graph\":[{\"@type\":\"Article\",\"@id\":\"https:\\\/\\\/sindromecharge.es\\\/index.php\\\/2021\\\/04\\\/13\\\/aspace-atiende-a-800-personas-con-discapacidad-y-proporciona-empleo-a-casi-500-tras-50-anos-de-historia\\\/#article\",\"isPartOf\":{\"@id\":\"https:\\\/\\\/sindromecharge.es\\\/index.php\\\/2021\\\/04\\\/13\\\/aspace-atiende-a-800-personas-con-discapacidad-y-proporciona-empleo-a-casi-500-tras-50-anos-de-historia\\\/\"},\"author\":{\"name\":\"Charge\",\"@id\":\"https:\\\/\\\/sindromecharge.es\\\/#\\\/schema\\\/person\\\/39a60ebe0a2b4d5a11179701e336b039\"},\"headline\":\"Aspace atiende a 800 personas con discapacidad y proporciona empleo a casi 500 tras 50 a\u00f1os de historia\",\"datePublished\":\"2021-04-13T10:55:19+00:00\",\"mainEntityOfPage\":{\"@id\":\"https:\\\/\\\/sindromecharge.es\\\/index.php\\\/2021\\\/04\\\/13\\\/aspace-atiende-a-800-personas-con-discapacidad-y-proporciona-empleo-a-casi-500-tras-50-anos-de-historia\\\/\"},\"wordCount\":1348,\"commentCount\":0,\"keywords\":[\"discapacidad\"],\"articleSection\":[\"noticias\"],\"inLanguage\":\"es\",\"potentialAction\":[{\"@type\":\"CommentAction\",\"name\":\"Comment\",\"target\":[\"https:\\\/\\\/sindromecharge.es\\\/index.php\\\/2021\\\/04\\\/13\\\/aspace-atiende-a-800-personas-con-discapacidad-y-proporciona-empleo-a-casi-500-tras-50-anos-de-historia\\\/#respond\"]}]},{\"@type\":\"WebPage\",\"@id\":\"https:\\\/\\\/sindromecharge.es\\\/index.php\\\/2021\\\/04\\\/13\\\/aspace-atiende-a-800-personas-con-discapacidad-y-proporciona-empleo-a-casi-500-tras-50-anos-de-historia\\\/\",\"url\":\"https:\\\/\\\/sindromecharge.es\\\/index.php\\\/2021\\\/04\\\/13\\\/aspace-atiende-a-800-personas-con-discapacidad-y-proporciona-empleo-a-casi-500-tras-50-anos-de-historia\\\/\",\"name\":\"Aspace atiende a 800 personas con discapacidad y proporciona empleo a casi 500 tras 50 a\u00f1os de historia - Asociaci\u00f3n Espa\u00f1ola S\u00edndrome de Charge\",\"isPartOf\":{\"@id\":\"https:\\\/\\\/sindromecharge.es\\\/#website\"},\"datePublished\":\"2021-04-13T10:55:19+00:00\",\"author\":{\"@id\":\"https:\\\/\\\/sindromecharge.es\\\/#\\\/schema\\\/person\\\/39a60ebe0a2b4d5a11179701e336b039\"},\"breadcrumb\":{\"@id\":\"https:\\\/\\\/sindromecharge.es\\\/index.php\\\/2021\\\/04\\\/13\\\/aspace-atiende-a-800-personas-con-discapacidad-y-proporciona-empleo-a-casi-500-tras-50-anos-de-historia\\\/#breadcrumb\"},\"inLanguage\":\"es\",\"potentialAction\":[{\"@type\":\"ReadAction\",\"target\":[\"https:\\\/\\\/sindromecharge.es\\\/index.php\\\/2021\\\/04\\\/13\\\/aspace-atiende-a-800-personas-con-discapacidad-y-proporciona-empleo-a-casi-500-tras-50-anos-de-historia\\\/\"]}]},{\"@type\":\"BreadcrumbList\",\"@id\":\"https:\\\/\\\/sindromecharge.es\\\/index.php\\\/2021\\\/04\\\/13\\\/aspace-atiende-a-800-personas-con-discapacidad-y-proporciona-empleo-a-casi-500-tras-50-anos-de-historia\\\/#breadcrumb\",\"itemListElement\":[{\"@type\":\"ListItem\",\"position\":1,\"name\":\"Portada\",\"item\":\"https:\\\/\\\/sindromecharge.es\\\/\"},{\"@type\":\"ListItem\",\"position\":2,\"name\":\"Aspace atiende a 800 personas con discapacidad y proporciona empleo a casi 500 tras 50 a\u00f1os de historia\"}]},{\"@type\":\"WebSite\",\"@id\":\"https:\\\/\\\/sindromecharge.es\\\/#website\",\"url\":\"https:\\\/\\\/sindromecharge.es\\\/\",\"name\":\"Asociaci\u00f3n Espa\u00f1ola S\u00edndrome de Charge\",\"description\":\"\",\"potentialAction\":[{\"@type\":\"SearchAction\",\"target\":{\"@type\":\"EntryPoint\",\"urlTemplate\":\"https:\\\/\\\/sindromecharge.es\\\/?s={search_term_string}\"},\"query-input\":{\"@type\":\"PropertyValueSpecification\",\"valueRequired\":true,\"valueName\":\"search_term_string\"}}],\"inLanguage\":\"es\"},{\"@type\":\"Person\",\"@id\":\"https:\\\/\\\/sindromecharge.es\\\/#\\\/schema\\\/person\\\/39a60ebe0a2b4d5a11179701e336b039\",\"name\":\"Charge\",\"image\":{\"@type\":\"ImageObject\",\"inLanguage\":\"es\",\"@id\":\"https:\\\/\\\/secure.gravatar.com\\\/avatar\\\/c3b46e32a0fc3b093a0873fb767bf3293de856293065e84ef06b7ec7a8acfb98?s=96&d=identicon&r=x\",\"url\":\"https:\\\/\\\/secure.gravatar.com\\\/avatar\\\/c3b46e32a0fc3b093a0873fb767bf3293de856293065e84ef06b7ec7a8acfb98?s=96&d=identicon&r=x\",\"contentUrl\":\"https:\\\/\\\/secure.gravatar.com\\\/avatar\\\/c3b46e32a0fc3b093a0873fb767bf3293de856293065e84ef06b7ec7a8acfb98?s=96&d=identicon&r=x\",\"caption\":\"Charge\"},\"url\":\"https:\\\/\\\/sindromecharge.es\\\/index.php\\\/author\\\/admin\\\/\"}]}<\/script>\n<!-- \/ Yoast SEO plugin. -->","yoast_head_json":{"title":"Aspace atiende a 800 personas con discapacidad y proporciona empleo a casi 500 tras 50 a\u00f1os de historia - Asociaci\u00f3n Espa\u00f1ola S\u00edndrome de Charge","robots":{"index":"index","follow":"follow","max-snippet":"max-snippet:-1","max-image-preview":"max-image-preview:large","max-video-preview":"max-video-preview:-1"},"canonical":"https:\/\/sindromecharge.es\/index.php\/2021\/04\/13\/aspace-atiende-a-800-personas-con-discapacidad-y-proporciona-empleo-a-casi-500-tras-50-anos-de-historia\/","og_locale":"es_ES","og_type":"article","og_title":"Aspace atiende a 800 personas con discapacidad y proporciona empleo a casi 500 tras 50 a\u00f1os de historia - Asociaci\u00f3n Espa\u00f1ola S\u00edndrome de Charge","og_description":"Leemos en 20minutos la siguiente noticia que os reproducimos de forma \u00edntegra: Una representaci\u00f3n de Aspace, entidad sin \u00e1nimo de lucro, ha comparecido este martes en el Parlamento de Navarra para explicar su trabajo, coincidiendo con la celebraci\u00f3n este mi\u00e9rcoles del 50\u00ba aniversario de su creaci\u00f3n. David Erice, presidente Aspace Navarra, ha comparecido acompa\u00f1ado de [&hellip;]","og_url":"https:\/\/sindromecharge.es\/index.php\/2021\/04\/13\/aspace-atiende-a-800-personas-con-discapacidad-y-proporciona-empleo-a-casi-500-tras-50-anos-de-historia\/","og_site_name":"Asociaci\u00f3n Espa\u00f1ola S\u00edndrome de Charge","article_publisher":"https:\/\/www.facebook.com\/asociacionsindromecharge","article_published_time":"2021-04-13T10:55:19+00:00","og_image":[{"width":300,"height":98,"url":"https:\/\/sindromecharge.es\/wp-content\/uploads\/2013\/09\/logodecharge300x98.png","type":"image\/png"}],"author":"Charge","twitter_card":"summary_large_image","twitter_creator":"@sindromecharge","twitter_site":"@sindromecharge","twitter_misc":{"Escrito por":"Charge","Tiempo de lectura":"7 minutos"},"schema":{"@context":"https:\/\/schema.org","@graph":[{"@type":"Article","@id":"https:\/\/sindromecharge.es\/index.php\/2021\/04\/13\/aspace-atiende-a-800-personas-con-discapacidad-y-proporciona-empleo-a-casi-500-tras-50-anos-de-historia\/#article","isPartOf":{"@id":"https:\/\/sindromecharge.es\/index.php\/2021\/04\/13\/aspace-atiende-a-800-personas-con-discapacidad-y-proporciona-empleo-a-casi-500-tras-50-anos-de-historia\/"},"author":{"name":"Charge","@id":"https:\/\/sindromecharge.es\/#\/schema\/person\/39a60ebe0a2b4d5a11179701e336b039"},"headline":"Aspace atiende a 800 personas con discapacidad y proporciona empleo a casi 500 tras 50 a\u00f1os de historia","datePublished":"2021-04-13T10:55:19+00:00","mainEntityOfPage":{"@id":"https:\/\/sindromecharge.es\/index.php\/2021\/04\/13\/aspace-atiende-a-800-personas-con-discapacidad-y-proporciona-empleo-a-casi-500-tras-50-anos-de-historia\/"},"wordCount":1348,"commentCount":0,"keywords":["discapacidad"],"articleSection":["noticias"],"inLanguage":"es","potentialAction":[{"@type":"CommentAction","name":"Comment","target":["https:\/\/sindromecharge.es\/index.php\/2021\/04\/13\/aspace-atiende-a-800-personas-con-discapacidad-y-proporciona-empleo-a-casi-500-tras-50-anos-de-historia\/#respond"]}]},{"@type":"WebPage","@id":"https:\/\/sindromecharge.es\/index.php\/2021\/04\/13\/aspace-atiende-a-800-personas-con-discapacidad-y-proporciona-empleo-a-casi-500-tras-50-anos-de-historia\/","url":"https:\/\/sindromecharge.es\/index.php\/2021\/04\/13\/aspace-atiende-a-800-personas-con-discapacidad-y-proporciona-empleo-a-casi-500-tras-50-anos-de-historia\/","name":"Aspace atiende a 800 personas con discapacidad y proporciona empleo a casi 500 tras 50 a\u00f1os de historia - Asociaci\u00f3n Espa\u00f1ola S\u00edndrome de Charge","isPartOf":{"@id":"https:\/\/sindromecharge.es\/#website"},"datePublished":"2021-04-13T10:55:19+00:00","author":{"@id":"https:\/\/sindromecharge.es\/#\/schema\/person\/39a60ebe0a2b4d5a11179701e336b039"},"breadcrumb":{"@id":"https:\/\/sindromecharge.es\/index.php\/2021\/04\/13\/aspace-atiende-a-800-personas-con-discapacidad-y-proporciona-empleo-a-casi-500-tras-50-anos-de-historia\/#breadcrumb"},"inLanguage":"es","potentialAction":[{"@type":"ReadAction","target":["https:\/\/sindromecharge.es\/index.php\/2021\/04\/13\/aspace-atiende-a-800-personas-con-discapacidad-y-proporciona-empleo-a-casi-500-tras-50-anos-de-historia\/"]}]},{"@type":"BreadcrumbList","@id":"https:\/\/sindromecharge.es\/index.php\/2021\/04\/13\/aspace-atiende-a-800-personas-con-discapacidad-y-proporciona-empleo-a-casi-500-tras-50-anos-de-historia\/#breadcrumb","itemListElement":[{"@type":"ListItem","position":1,"name":"Portada","item":"https:\/\/sindromecharge.es\/"},{"@type":"ListItem","position":2,"name":"Aspace atiende a 800 personas con discapacidad y proporciona empleo a casi 500 tras 50 a\u00f1os de historia"}]},{"@type":"WebSite","@id":"https:\/\/sindromecharge.es\/#website","url":"https:\/\/sindromecharge.es\/","name":"Asociaci\u00f3n Espa\u00f1ola S\u00edndrome de Charge","description":"","potentialAction":[{"@type":"SearchAction","target":{"@type":"EntryPoint","urlTemplate":"https:\/\/sindromecharge.es\/?s={search_term_string}"},"query-input":{"@type":"PropertyValueSpecification","valueRequired":true,"valueName":"search_term_string"}}],"inLanguage":"es"},{"@type":"Person","@id":"https:\/\/sindromecharge.es\/#\/schema\/person\/39a60ebe0a2b4d5a11179701e336b039","name":"Charge","image":{"@type":"ImageObject","inLanguage":"es","@id":"https:\/\/secure.gravatar.com\/avatar\/c3b46e32a0fc3b093a0873fb767bf3293de856293065e84ef06b7ec7a8acfb98?s=96&d=identicon&r=x","url":"https:\/\/secure.gravatar.com\/avatar\/c3b46e32a0fc3b093a0873fb767bf3293de856293065e84ef06b7ec7a8acfb98?s=96&d=identicon&r=x","contentUrl":"https:\/\/secure.gravatar.com\/avatar\/c3b46e32a0fc3b093a0873fb767bf3293de856293065e84ef06b7ec7a8acfb98?s=96&d=identicon&r=x","caption":"Charge"},"url":"https:\/\/sindromecharge.es\/index.php\/author\/admin\/"}]}},"_links":{"self":[{"href":"https:\/\/sindromecharge.es\/index.php\/wp-json\/wp\/v2\/posts\/7028","targetHints":{"allow":["GET"]}}],"collection":[{"href":"https:\/\/sindromecharge.es\/index.php\/wp-json\/wp\/v2\/posts"}],"about":[{"href":"https:\/\/sindromecharge.es\/index.php\/wp-json\/wp\/v2\/types\/post"}],"author":[{"embeddable":true,"href":"https:\/\/sindromecharge.es\/index.php\/wp-json\/wp\/v2\/users\/1"}],"replies":[{"embeddable":true,"href":"https:\/\/sindromecharge.es\/index.php\/wp-json\/wp\/v2\/comments?post=7028"}],"version-history":[{"count":0,"href":"https:\/\/sindromecharge.es\/index.php\/wp-json\/wp\/v2\/posts\/7028\/revisions"}],"wp:attachment":[{"href":"https:\/\/sindromecharge.es\/index.php\/wp-json\/wp\/v2\/media?parent=7028"}],"wp:term":[{"taxonomy":"category","embeddable":true,"href":"https:\/\/sindromecharge.es\/index.php\/wp-json\/wp\/v2\/categories?post=7028"},{"taxonomy":"post_tag","embeddable":true,"href":"https:\/\/sindromecharge.es\/index.php\/wp-json\/wp\/v2\/tags?post=7028"}],"curies":[{"name":"wp","href":"https:\/\/api.w.org\/{rel}","templated":true}]}}