{"id":7025,"date":"2021-04-12T12:23:07","date_gmt":"2021-04-12T12:23:07","guid":{"rendered":"https:\/\/sindromecharge.es\/index.php\/2021\/04\/12\/derechos-sociales-y-cermin-estudian-la-posibilidad-de-crear-un-centro-de-innovacion-social-especializado-en-discapacidad\/"},"modified":"2021-04-12T12:23:07","modified_gmt":"2021-04-12T12:23:07","slug":"derechos-sociales-y-cermin-estudian-la-posibilidad-de-crear-un-centro-de-innovacion-social-especializado-en-discapacidad","status":"publish","type":"post","link":"https:\/\/sindromecharge.es\/index.php\/2021\/04\/12\/derechos-sociales-y-cermin-estudian-la-posibilidad-de-crear-un-centro-de-innovacion-social-especializado-en-discapacidad\/","title":{"rendered":"Derechos Sociales y CERMIN estudian la posibilidad de crear un centro de innovaci\u00f3n social especializado en discapacidad"},"content":{"rendered":"<p>Leemos en 20minutos la siguiente noticia que os reproducimos de forma \u00edntegra: <\/p>\n<p>El dise\u00f1o del nuevo centro se proyecta en el ala norte, hoy en desuso, del edificio del antiguo Centro San Jos\u00e9, cuyo ala sur alberga el recientemente estrenado Centro de D\u00eda para personas con discapacidad intelectual, Pilar Gogorcena.<\/p>\n<p>Se baraja este emplazamiento en Etxabakoitz, junto al Complejo Hospitalario de Pamplona, por ser \u00abel centro neur\u00e1lgico de la investigaci\u00f3n, formaci\u00f3n y servicios sanitarios de Navarra\u00bb, ha destacado el Gobierno foral en una nota.<\/p>\n<p>Este proyecto se enmarca en el Plan de Discapacidad 2019-2025. Su dise\u00f1o se realizar\u00e1 de forma participativa a lo largo de 2021, con el liderazgo del Departamento de Derechos Sociales, a trav\u00e9s del Observatorio de la Realidad Social y la Agencia Navarra de Autonom\u00eda y Dependencia de las Personas, ANADP, y la activa colaboraci\u00f3n de CERMIN, junto con otros agentes del sector.<\/p>\n<p>\u00abEl objetivo es generar un proyecto realista, riguroso y bien definido que permita abordar la adecuaci\u00f3n del edificio y lograr la financiaci\u00f3n necesaria para poder desarrollarlo, bien en convocatorias europeas, o con recursos propios del Gobierno de Navarra y otros agentes\u00bb, ha declarado la consejera Maeztu en una visita realizada esta ma\u00f1ana al espacio previsto para acoger el centro.<\/p>\n<p>El nuevo centro podr\u00e1 articular el talento y conocimiento de las 45 entidades sociales que componen CERMIN, las personas con discapacidad y sus familiares, las asociaciones de personas mayores, las dos universidades, los centros tecnol\u00f3gicos, empresas, start ups e instituciones p\u00fablicas de Navarra dedicadas a mejorar la calidad de vida y autonom\u00eda de las personas con discapacidad.<\/p>\n<p>Algunas de las propuestas que se barajan para esta espacio son la creaci\u00f3n de un espacio de trabajo colaborativo de entidades sociales, coworking, un vivero de personas emprendedoras y start ups sociales y tecnol\u00f3gicas y un \u00ablaboratorio vivo\u00bb para el desarrollo y experimentaci\u00f3n de nuevas tecnolog\u00edas y modelos, con recursos t\u00e9cnicos avanzados dif\u00edcilmente accesibles para las entidades de forma individual.<\/p>\n<p>Se contemplan tambi\u00e9n espacios de creatividad y trabajo colaborativo entre ciudadan\u00eda, entidades, universidades, empresas e instituciones, as\u00ed como salas polivalentes, de formaci\u00f3n, videoconferencias y de divulgaci\u00f3n de uso compartido y salas avanzadas de estimulaci\u00f3n sensorial y cognitiva de uso compartido en las que dise\u00f1ar y validar nuevas intervenciones.<\/p>\n<p>Incluye tambi\u00e9n acciones de sensibilizaci\u00f3n social sobre discapacidad, dirigida especialmente a escolares, a trav\u00e9s de la f\u00f3rmula Scape room, muy popular entre la poblaci\u00f3n m\u00e1s joven, han se\u00f1alado desde el Ejecutivo foral.<\/p>\n<p>M\u00c1S DE 30.000 RECONOCIDOS CON DISCAPACIDAD<\/p>\n<p>En Navarra viven m\u00e1s de 45.000 personas que han solicitado certificado de discapacidad, de las que m\u00e1s 30.000 lo han obtenido. Sin embargo, las cifras de personas que sufren limitaciones funcionales son superiores, puesto que no todo el mundo que sufre alg\u00fan tipo de discapacidad solicita un certificado, han explicado desde el Gobierno navarro.<\/p>\n<p>Seg\u00fan la Oficina Estad\u00edstica de la Uni\u00f3n Europea, Eurostat, una cuarta parte de la poblaci\u00f3n europea experimenta limitaciones para actividades de la vida diaria por problemas de salud, es decir, cerca de 100 millones de personas.<\/p>\n<p>Adem\u00e1s, el envejecimiento es un proceso que conlleva habitualmente el desarrollo progresivo de discapacidades de diferente grado, por lo que el fuerte proceso de envejecimiento de la poblaci\u00f3n en el que nos encontramos, aumentar\u00e1 considerablemente la importancia de este reto social.<\/p>\n<p>\u00abLa atenci\u00f3n y prevenci\u00f3n de la discapacidad y la promoci\u00f3n de la salud y autonom\u00eda de las personas son, por tanto, claves esenciales de nuestro presente y futuro inmediato. Los datos reflejan que el desaf\u00edo es de grandes dimensiones y la realidad muestra que es necesario un cambio de modelos, como nos han demostrado las situaciones dram\u00e1ticas vividas durante la pandemia. Pero tenemos la suerte de que la necesidad se combina con la posibilidad\u00bb, ha declarado la consejera de Derechos Sociales.<\/p>\n<p>Por otra parte, Luis Campos, director general del Observatorio, ha destacado que \u00abel \u00e1mbito de la atenci\u00f3n a la discapacidad tiene un gran potencial de innovaci\u00f3n, con la configuraci\u00f3n de nuevos modelos centrados en la persona y la incorporaci\u00f3n de nuevas tecnolog\u00edas orientadas a la autonom\u00eda y calidad de vida de las personas\u00bb. \u00abEs un gran reto, posible y necesario\u00bb, ha afirmado.<\/p>\n<p>Fuente: 20minutos <a href=\"https:\/\/www.20minutos.es\/noticia\/4653529\/0\/derechos-sociales-y-cermin-estudian-la-posibilidad-de-crear-un-centro-de-innovacion-social-especializado-en-discapacidad\/\" target=\"_blank\" rel=\"noopener\">Derechos Sociales y CERMIN estudian la posibilidad de crear un centro de innovaci\u00f3n social especializado en discapacidad<\/a><\/p>\n","protected":false},"excerpt":{"rendered":"<p>Leemos en 20minutos la siguiente noticia que os reproducimos de forma \u00edntegra: El dise\u00f1o del nuevo centro se proyecta en el ala norte, hoy en desuso, del edificio del antiguo Centro San Jos\u00e9, cuyo ala sur alberga el recientemente estrenado Centro de D\u00eda para personas con discapacidad intelectual, Pilar Gogorcena. Se baraja este emplazamiento en [&hellip;]<\/p>\n","protected":false},"author":1,"featured_media":0,"comment_status":"open","ping_status":"closed","sticky":false,"template":"","format":"standard","meta":{"footnotes":""},"categories":[8],"tags":[31],"class_list":["post-7025","post","type-post","status-publish","format-standard","hentry","category-noticias","tag-discapacidad"],"yoast_head":"<!-- This site is optimized with the Yoast SEO plugin v27.5 - https:\/\/yoast.com\/product\/yoast-seo-wordpress\/ -->\n<title>Derechos Sociales y CERMIN estudian la posibilidad de crear un centro de innovaci\u00f3n social especializado en discapacidad - Asociaci\u00f3n Espa\u00f1ola S\u00edndrome de Charge<\/title>\n<meta name=\"robots\" content=\"index, follow, max-snippet:-1, max-image-preview:large, max-video-preview:-1\" \/>\n<link rel=\"canonical\" href=\"https:\/\/sindromecharge.es\/index.php\/2021\/04\/12\/derechos-sociales-y-cermin-estudian-la-posibilidad-de-crear-un-centro-de-innovacion-social-especializado-en-discapacidad\/\" \/>\n<meta property=\"og:locale\" content=\"es_ES\" \/>\n<meta property=\"og:type\" content=\"article\" \/>\n<meta property=\"og:title\" content=\"Derechos Sociales y CERMIN estudian la posibilidad de crear un centro de innovaci\u00f3n social especializado en discapacidad - Asociaci\u00f3n Espa\u00f1ola S\u00edndrome de Charge\" \/>\n<meta property=\"og:description\" content=\"Leemos en 20minutos la siguiente noticia que os reproducimos de forma \u00edntegra: El dise\u00f1o del nuevo centro se proyecta en el ala norte, hoy en desuso, del edificio del antiguo Centro San Jos\u00e9, cuyo ala sur alberga el recientemente estrenado Centro de D\u00eda para personas con discapacidad intelectual, Pilar Gogorcena. Se baraja este emplazamiento en [&hellip;]\" \/>\n<meta property=\"og:url\" content=\"https:\/\/sindromecharge.es\/index.php\/2021\/04\/12\/derechos-sociales-y-cermin-estudian-la-posibilidad-de-crear-un-centro-de-innovacion-social-especializado-en-discapacidad\/\" \/>\n<meta property=\"og:site_name\" content=\"Asociaci\u00f3n Espa\u00f1ola S\u00edndrome de Charge\" \/>\n<meta property=\"article:publisher\" content=\"https:\/\/www.facebook.com\/asociacionsindromecharge\" \/>\n<meta property=\"article:published_time\" content=\"2021-04-12T12:23:07+00:00\" \/>\n<meta property=\"og:image\" content=\"https:\/\/sindromecharge.es\/wp-content\/uploads\/2013\/09\/logodecharge300x98.png\" \/>\n\t<meta property=\"og:image:width\" content=\"300\" \/>\n\t<meta property=\"og:image:height\" content=\"98\" \/>\n\t<meta property=\"og:image:type\" content=\"image\/png\" \/>\n<meta name=\"author\" content=\"Charge\" \/>\n<meta name=\"twitter:card\" content=\"summary_large_image\" \/>\n<meta name=\"twitter:creator\" content=\"@sindromecharge\" \/>\n<meta name=\"twitter:site\" content=\"@sindromecharge\" \/>\n<meta name=\"twitter:label1\" content=\"Escrito por\" \/>\n\t<meta name=\"twitter:data1\" content=\"Charge\" \/>\n\t<meta name=\"twitter:label2\" content=\"Tiempo de lectura\" \/>\n\t<meta name=\"twitter:data2\" content=\"4 minutos\" \/>\n<script type=\"application\/ld+json\" class=\"yoast-schema-graph\">{\"@context\":\"https:\\\/\\\/schema.org\",\"@graph\":[{\"@type\":\"Article\",\"@id\":\"https:\\\/\\\/sindromecharge.es\\\/index.php\\\/2021\\\/04\\\/12\\\/derechos-sociales-y-cermin-estudian-la-posibilidad-de-crear-un-centro-de-innovacion-social-especializado-en-discapacidad\\\/#article\",\"isPartOf\":{\"@id\":\"https:\\\/\\\/sindromecharge.es\\\/index.php\\\/2021\\\/04\\\/12\\\/derechos-sociales-y-cermin-estudian-la-posibilidad-de-crear-un-centro-de-innovacion-social-especializado-en-discapacidad\\\/\"},\"author\":{\"name\":\"Charge\",\"@id\":\"https:\\\/\\\/sindromecharge.es\\\/#\\\/schema\\\/person\\\/39a60ebe0a2b4d5a11179701e336b039\"},\"headline\":\"Derechos Sociales y CERMIN estudian la posibilidad de crear un centro de innovaci\u00f3n social especializado en discapacidad\",\"datePublished\":\"2021-04-12T12:23:07+00:00\",\"mainEntityOfPage\":{\"@id\":\"https:\\\/\\\/sindromecharge.es\\\/index.php\\\/2021\\\/04\\\/12\\\/derechos-sociales-y-cermin-estudian-la-posibilidad-de-crear-un-centro-de-innovacion-social-especializado-en-discapacidad\\\/\"},\"wordCount\":770,\"commentCount\":0,\"keywords\":[\"discapacidad\"],\"articleSection\":[\"noticias\"],\"inLanguage\":\"es\",\"potentialAction\":[{\"@type\":\"CommentAction\",\"name\":\"Comment\",\"target\":[\"https:\\\/\\\/sindromecharge.es\\\/index.php\\\/2021\\\/04\\\/12\\\/derechos-sociales-y-cermin-estudian-la-posibilidad-de-crear-un-centro-de-innovacion-social-especializado-en-discapacidad\\\/#respond\"]}]},{\"@type\":\"WebPage\",\"@id\":\"https:\\\/\\\/sindromecharge.es\\\/index.php\\\/2021\\\/04\\\/12\\\/derechos-sociales-y-cermin-estudian-la-posibilidad-de-crear-un-centro-de-innovacion-social-especializado-en-discapacidad\\\/\",\"url\":\"https:\\\/\\\/sindromecharge.es\\\/index.php\\\/2021\\\/04\\\/12\\\/derechos-sociales-y-cermin-estudian-la-posibilidad-de-crear-un-centro-de-innovacion-social-especializado-en-discapacidad\\\/\",\"name\":\"Derechos Sociales y CERMIN estudian la posibilidad de crear un centro de innovaci\u00f3n social especializado en discapacidad - Asociaci\u00f3n Espa\u00f1ola S\u00edndrome de Charge\",\"isPartOf\":{\"@id\":\"https:\\\/\\\/sindromecharge.es\\\/#website\"},\"datePublished\":\"2021-04-12T12:23:07+00:00\",\"author\":{\"@id\":\"https:\\\/\\\/sindromecharge.es\\\/#\\\/schema\\\/person\\\/39a60ebe0a2b4d5a11179701e336b039\"},\"breadcrumb\":{\"@id\":\"https:\\\/\\\/sindromecharge.es\\\/index.php\\\/2021\\\/04\\\/12\\\/derechos-sociales-y-cermin-estudian-la-posibilidad-de-crear-un-centro-de-innovacion-social-especializado-en-discapacidad\\\/#breadcrumb\"},\"inLanguage\":\"es\",\"potentialAction\":[{\"@type\":\"ReadAction\",\"target\":[\"https:\\\/\\\/sindromecharge.es\\\/index.php\\\/2021\\\/04\\\/12\\\/derechos-sociales-y-cermin-estudian-la-posibilidad-de-crear-un-centro-de-innovacion-social-especializado-en-discapacidad\\\/\"]}]},{\"@type\":\"BreadcrumbList\",\"@id\":\"https:\\\/\\\/sindromecharge.es\\\/index.php\\\/2021\\\/04\\\/12\\\/derechos-sociales-y-cermin-estudian-la-posibilidad-de-crear-un-centro-de-innovacion-social-especializado-en-discapacidad\\\/#breadcrumb\",\"itemListElement\":[{\"@type\":\"ListItem\",\"position\":1,\"name\":\"Portada\",\"item\":\"https:\\\/\\\/sindromecharge.es\\\/\"},{\"@type\":\"ListItem\",\"position\":2,\"name\":\"Derechos Sociales y CERMIN estudian la posibilidad de crear un centro de innovaci\u00f3n social especializado en discapacidad\"}]},{\"@type\":\"WebSite\",\"@id\":\"https:\\\/\\\/sindromecharge.es\\\/#website\",\"url\":\"https:\\\/\\\/sindromecharge.es\\\/\",\"name\":\"Asociaci\u00f3n Espa\u00f1ola S\u00edndrome de Charge\",\"description\":\"\",\"potentialAction\":[{\"@type\":\"SearchAction\",\"target\":{\"@type\":\"EntryPoint\",\"urlTemplate\":\"https:\\\/\\\/sindromecharge.es\\\/?s={search_term_string}\"},\"query-input\":{\"@type\":\"PropertyValueSpecification\",\"valueRequired\":true,\"valueName\":\"search_term_string\"}}],\"inLanguage\":\"es\"},{\"@type\":\"Person\",\"@id\":\"https:\\\/\\\/sindromecharge.es\\\/#\\\/schema\\\/person\\\/39a60ebe0a2b4d5a11179701e336b039\",\"name\":\"Charge\",\"image\":{\"@type\":\"ImageObject\",\"inLanguage\":\"es\",\"@id\":\"https:\\\/\\\/secure.gravatar.com\\\/avatar\\\/c3b46e32a0fc3b093a0873fb767bf3293de856293065e84ef06b7ec7a8acfb98?s=96&d=identicon&r=x\",\"url\":\"https:\\\/\\\/secure.gravatar.com\\\/avatar\\\/c3b46e32a0fc3b093a0873fb767bf3293de856293065e84ef06b7ec7a8acfb98?s=96&d=identicon&r=x\",\"contentUrl\":\"https:\\\/\\\/secure.gravatar.com\\\/avatar\\\/c3b46e32a0fc3b093a0873fb767bf3293de856293065e84ef06b7ec7a8acfb98?s=96&d=identicon&r=x\",\"caption\":\"Charge\"},\"url\":\"https:\\\/\\\/sindromecharge.es\\\/index.php\\\/author\\\/admin\\\/\"}]}<\/script>\n<!-- \/ Yoast SEO plugin. -->","yoast_head_json":{"title":"Derechos Sociales y CERMIN estudian la posibilidad de crear un centro de innovaci\u00f3n social especializado en discapacidad - Asociaci\u00f3n Espa\u00f1ola S\u00edndrome de Charge","robots":{"index":"index","follow":"follow","max-snippet":"max-snippet:-1","max-image-preview":"max-image-preview:large","max-video-preview":"max-video-preview:-1"},"canonical":"https:\/\/sindromecharge.es\/index.php\/2021\/04\/12\/derechos-sociales-y-cermin-estudian-la-posibilidad-de-crear-un-centro-de-innovacion-social-especializado-en-discapacidad\/","og_locale":"es_ES","og_type":"article","og_title":"Derechos Sociales y CERMIN estudian la posibilidad de crear un centro de innovaci\u00f3n social especializado en discapacidad - Asociaci\u00f3n Espa\u00f1ola S\u00edndrome de Charge","og_description":"Leemos en 20minutos la siguiente noticia que os reproducimos de forma \u00edntegra: El dise\u00f1o del nuevo centro se proyecta en el ala norte, hoy en desuso, del edificio del antiguo Centro San Jos\u00e9, cuyo ala sur alberga el recientemente estrenado Centro de D\u00eda para personas con discapacidad intelectual, Pilar Gogorcena. Se baraja este emplazamiento en [&hellip;]","og_url":"https:\/\/sindromecharge.es\/index.php\/2021\/04\/12\/derechos-sociales-y-cermin-estudian-la-posibilidad-de-crear-un-centro-de-innovacion-social-especializado-en-discapacidad\/","og_site_name":"Asociaci\u00f3n Espa\u00f1ola S\u00edndrome de Charge","article_publisher":"https:\/\/www.facebook.com\/asociacionsindromecharge","article_published_time":"2021-04-12T12:23:07+00:00","og_image":[{"width":300,"height":98,"url":"https:\/\/sindromecharge.es\/wp-content\/uploads\/2013\/09\/logodecharge300x98.png","type":"image\/png"}],"author":"Charge","twitter_card":"summary_large_image","twitter_creator":"@sindromecharge","twitter_site":"@sindromecharge","twitter_misc":{"Escrito por":"Charge","Tiempo de lectura":"4 minutos"},"schema":{"@context":"https:\/\/schema.org","@graph":[{"@type":"Article","@id":"https:\/\/sindromecharge.es\/index.php\/2021\/04\/12\/derechos-sociales-y-cermin-estudian-la-posibilidad-de-crear-un-centro-de-innovacion-social-especializado-en-discapacidad\/#article","isPartOf":{"@id":"https:\/\/sindromecharge.es\/index.php\/2021\/04\/12\/derechos-sociales-y-cermin-estudian-la-posibilidad-de-crear-un-centro-de-innovacion-social-especializado-en-discapacidad\/"},"author":{"name":"Charge","@id":"https:\/\/sindromecharge.es\/#\/schema\/person\/39a60ebe0a2b4d5a11179701e336b039"},"headline":"Derechos Sociales y CERMIN estudian la posibilidad de crear un centro de innovaci\u00f3n social especializado en discapacidad","datePublished":"2021-04-12T12:23:07+00:00","mainEntityOfPage":{"@id":"https:\/\/sindromecharge.es\/index.php\/2021\/04\/12\/derechos-sociales-y-cermin-estudian-la-posibilidad-de-crear-un-centro-de-innovacion-social-especializado-en-discapacidad\/"},"wordCount":770,"commentCount":0,"keywords":["discapacidad"],"articleSection":["noticias"],"inLanguage":"es","potentialAction":[{"@type":"CommentAction","name":"Comment","target":["https:\/\/sindromecharge.es\/index.php\/2021\/04\/12\/derechos-sociales-y-cermin-estudian-la-posibilidad-de-crear-un-centro-de-innovacion-social-especializado-en-discapacidad\/#respond"]}]},{"@type":"WebPage","@id":"https:\/\/sindromecharge.es\/index.php\/2021\/04\/12\/derechos-sociales-y-cermin-estudian-la-posibilidad-de-crear-un-centro-de-innovacion-social-especializado-en-discapacidad\/","url":"https:\/\/sindromecharge.es\/index.php\/2021\/04\/12\/derechos-sociales-y-cermin-estudian-la-posibilidad-de-crear-un-centro-de-innovacion-social-especializado-en-discapacidad\/","name":"Derechos Sociales y CERMIN estudian la posibilidad de crear un centro de innovaci\u00f3n social especializado en discapacidad - Asociaci\u00f3n Espa\u00f1ola S\u00edndrome de Charge","isPartOf":{"@id":"https:\/\/sindromecharge.es\/#website"},"datePublished":"2021-04-12T12:23:07+00:00","author":{"@id":"https:\/\/sindromecharge.es\/#\/schema\/person\/39a60ebe0a2b4d5a11179701e336b039"},"breadcrumb":{"@id":"https:\/\/sindromecharge.es\/index.php\/2021\/04\/12\/derechos-sociales-y-cermin-estudian-la-posibilidad-de-crear-un-centro-de-innovacion-social-especializado-en-discapacidad\/#breadcrumb"},"inLanguage":"es","potentialAction":[{"@type":"ReadAction","target":["https:\/\/sindromecharge.es\/index.php\/2021\/04\/12\/derechos-sociales-y-cermin-estudian-la-posibilidad-de-crear-un-centro-de-innovacion-social-especializado-en-discapacidad\/"]}]},{"@type":"BreadcrumbList","@id":"https:\/\/sindromecharge.es\/index.php\/2021\/04\/12\/derechos-sociales-y-cermin-estudian-la-posibilidad-de-crear-un-centro-de-innovacion-social-especializado-en-discapacidad\/#breadcrumb","itemListElement":[{"@type":"ListItem","position":1,"name":"Portada","item":"https:\/\/sindromecharge.es\/"},{"@type":"ListItem","position":2,"name":"Derechos Sociales y CERMIN estudian la posibilidad de crear un centro de innovaci\u00f3n social especializado en discapacidad"}]},{"@type":"WebSite","@id":"https:\/\/sindromecharge.es\/#website","url":"https:\/\/sindromecharge.es\/","name":"Asociaci\u00f3n Espa\u00f1ola S\u00edndrome de Charge","description":"","potentialAction":[{"@type":"SearchAction","target":{"@type":"EntryPoint","urlTemplate":"https:\/\/sindromecharge.es\/?s={search_term_string}"},"query-input":{"@type":"PropertyValueSpecification","valueRequired":true,"valueName":"search_term_string"}}],"inLanguage":"es"},{"@type":"Person","@id":"https:\/\/sindromecharge.es\/#\/schema\/person\/39a60ebe0a2b4d5a11179701e336b039","name":"Charge","image":{"@type":"ImageObject","inLanguage":"es","@id":"https:\/\/secure.gravatar.com\/avatar\/c3b46e32a0fc3b093a0873fb767bf3293de856293065e84ef06b7ec7a8acfb98?s=96&d=identicon&r=x","url":"https:\/\/secure.gravatar.com\/avatar\/c3b46e32a0fc3b093a0873fb767bf3293de856293065e84ef06b7ec7a8acfb98?s=96&d=identicon&r=x","contentUrl":"https:\/\/secure.gravatar.com\/avatar\/c3b46e32a0fc3b093a0873fb767bf3293de856293065e84ef06b7ec7a8acfb98?s=96&d=identicon&r=x","caption":"Charge"},"url":"https:\/\/sindromecharge.es\/index.php\/author\/admin\/"}]}},"_links":{"self":[{"href":"https:\/\/sindromecharge.es\/index.php\/wp-json\/wp\/v2\/posts\/7025","targetHints":{"allow":["GET"]}}],"collection":[{"href":"https:\/\/sindromecharge.es\/index.php\/wp-json\/wp\/v2\/posts"}],"about":[{"href":"https:\/\/sindromecharge.es\/index.php\/wp-json\/wp\/v2\/types\/post"}],"author":[{"embeddable":true,"href":"https:\/\/sindromecharge.es\/index.php\/wp-json\/wp\/v2\/users\/1"}],"replies":[{"embeddable":true,"href":"https:\/\/sindromecharge.es\/index.php\/wp-json\/wp\/v2\/comments?post=7025"}],"version-history":[{"count":0,"href":"https:\/\/sindromecharge.es\/index.php\/wp-json\/wp\/v2\/posts\/7025\/revisions"}],"wp:attachment":[{"href":"https:\/\/sindromecharge.es\/index.php\/wp-json\/wp\/v2\/media?parent=7025"}],"wp:term":[{"taxonomy":"category","embeddable":true,"href":"https:\/\/sindromecharge.es\/index.php\/wp-json\/wp\/v2\/categories?post=7025"},{"taxonomy":"post_tag","embeddable":true,"href":"https:\/\/sindromecharge.es\/index.php\/wp-json\/wp\/v2\/tags?post=7025"}],"curies":[{"name":"wp","href":"https:\/\/api.w.org\/{rel}","templated":true}]}}