{"id":5933,"date":"2020-07-15T06:44:18","date_gmt":"2020-07-15T06:44:18","guid":{"rendered":"https:\/\/sindromecharge.es\/index.php\/2020\/07\/15\/nuestra-memoria-de-2019-que-logramos-y-como-lo-conseguimos\/"},"modified":"2020-07-15T06:44:18","modified_gmt":"2020-07-15T06:44:18","slug":"nuestra-memoria-de-2019-que-logramos-y-como-lo-conseguimos","status":"publish","type":"post","link":"https:\/\/sindromecharge.es\/index.php\/2020\/07\/15\/nuestra-memoria-de-2019-que-logramos-y-como-lo-conseguimos\/","title":{"rendered":"Nuestra Memoria de 2019: qu\u00e9 logramos y c\u00f3mo lo conseguimos"},"content":{"rendered":"<p>Leemos en Menudos Corazones la siguiente noticia que os reproducimos de forma \u00edntegra: <\/p>\n<p><img loading=\"lazy\" decoding=\"async\" class=\"aligncenter wp-image-26662 size-full\" src=\"https:\/\/www.menudoscorazones.org\/wp-content\/uploads\/2020\/07\/Portada-Memoria-Actividades-2019.png\" alt=\"\" width=\"800\" height=\"565\" \/><\/p>\n<h4><strong>\u00a1Avanzamos!<\/strong><\/h4>\n<p>Este es el esp\u00edritu de nuestra <a href=\"https:\/\/www.menudoscorazones.org\/wp-content\/uploads\/2020\/07\/Memoria-Actividades-2019-Menudos.pdf\" target=\"_blank\" rel=\"noopener noreferrer\">Memoria de Actividades de 2019<\/a>. Porque, siguiendo las directrices del Plan Estrat\u00e9gico, el a\u00f1o pasado <strong>Menudos Corazones se ha hecho m\u00e1s grande y fuerte en organizaci\u00f3n y proyectos<\/strong>. Y siempre, como no pod\u00eda ser de otra manera, <strong>al lado de los ni\u00f1os y las ni\u00f1as, los adolescentes y los j\u00f3venes con cardiopat\u00edas y sus familias.<\/strong> Pero estos avances no podr\u00edan haberse producido sin la <strong>colaboraci\u00f3n de<\/strong> <strong>las personas socias y voluntarias, de colaboradores, empresas y organismos\u2026<\/strong> y con un trabajo en red con hospitales y otras entidades y organizaciones de pacientes.<\/p>\n<p><span style=\"color: #d65864\"><strong>\u00a1A todos, gracias!<\/strong><\/span><\/p>\n<p><a href=\"https:\/\/www.menudoscorazones.org\/wp-content\/uploads\/2020\/07\/Memoria-Actividades-2019-Menudos.pdf\">Conoce la Memoria de Actividades 2019, <\/a>dise\u00f1ada, un a\u00f1o m\u00e1s, gracias a la colaboraci\u00f3n altruista del <a href=\"https:\/\/www.gruposim.net\/\">Grupo SIM<\/a>, agencia de publicidad y marketing.<\/p>\n<p>La entrada <a rel=\"nofollow\" href=\"https:\/\/www.menudoscorazones.org\/2020\/nuestra-memoria-de-2019-que-logramos-y-como-lo-conseguimos\/\">Nuestra Memoria de 2019: qu\u00e9 logramos y c\u00f3mo lo conseguimos<\/a> aparece primero en <a rel=\"nofollow\" href=\"https:\/\/www.menudoscorazones.org\">Menudos Corazones<\/a>.<\/p>\n<p>Fuente: Menudos Corazones <a href=\"https:\/\/www.menudoscorazones.org\/2020\/nuestra-memoria-de-2019-que-logramos-y-como-lo-conseguimos\/\" target=\"_blank\" rel=\"noopener noreferrer\">Nuestra Memoria de 2019: qu\u00e9 logramos y c\u00f3mo lo conseguimos<\/a><\/p>\n","protected":false},"excerpt":{"rendered":"<p>Leemos en Menudos Corazones la siguiente noticia que os reproducimos de forma \u00edntegra: \u00a1Avanzamos! Este es el esp\u00edritu de nuestra Memoria de Actividades de 2019. Porque, siguiendo las directrices del Plan Estrat\u00e9gico, el a\u00f1o pasado Menudos Corazones se ha hecho m\u00e1s grande y fuerte en organizaci\u00f3n y proyectos. Y siempre, como no pod\u00eda ser de [&hellip;]<\/p>\n","protected":false},"author":1,"featured_media":0,"comment_status":"open","ping_status":"closed","sticky":false,"template":"","format":"standard","meta":{"footnotes":"","_members_access_role":[],"_members_access_error":""},"categories":[8],"tags":[113],"class_list":["post-5933","post","type-post","status-publish","format-standard","hentry","category-noticias","tag-corazon"],"yoast_head":"<!-- This site is optimized with the Yoast SEO plugin v28.2 - https:\/\/yoast.com\/product\/yoast-seo-wordpress\/ -->\n<title>Nuestra Memoria de 2019: qu\u00e9 logramos y c\u00f3mo lo conseguimos - Asociaci\u00f3n Espa\u00f1ola S\u00edndrome de Charge<\/title>\n<meta name=\"robots\" content=\"index, follow, max-snippet:-1, max-image-preview:large, max-video-preview:-1\" \/>\n<link rel=\"canonical\" href=\"https:\/\/sindromecharge.es\/index.php\/2020\/07\/15\/nuestra-memoria-de-2019-que-logramos-y-como-lo-conseguimos\/\" \/>\n<meta property=\"og:locale\" content=\"es_ES\" \/>\n<meta property=\"og:type\" content=\"article\" \/>\n<meta property=\"og:title\" content=\"Nuestra Memoria de 2019: qu\u00e9 logramos y c\u00f3mo lo conseguimos - Asociaci\u00f3n Espa\u00f1ola S\u00edndrome de Charge\" \/>\n<meta property=\"og:description\" content=\"Leemos en Menudos Corazones la siguiente noticia que os reproducimos de forma \u00edntegra: \u00a1Avanzamos! Este es el esp\u00edritu de nuestra Memoria de Actividades de 2019. Porque, siguiendo las directrices del Plan Estrat\u00e9gico, el a\u00f1o pasado Menudos Corazones se ha hecho m\u00e1s grande y fuerte en organizaci\u00f3n y proyectos. Y siempre, como no pod\u00eda ser de [&hellip;]\" \/>\n<meta property=\"og:url\" content=\"https:\/\/sindromecharge.es\/index.php\/2020\/07\/15\/nuestra-memoria-de-2019-que-logramos-y-como-lo-conseguimos\/\" \/>\n<meta property=\"og:site_name\" content=\"Asociaci\u00f3n Espa\u00f1ola S\u00edndrome de Charge\" \/>\n<meta property=\"article:publisher\" content=\"https:\/\/www.facebook.com\/asociacionsindromecharge\" \/>\n<meta property=\"article:published_time\" content=\"2020-07-15T06:44:18+00:00\" \/>\n<meta property=\"og:image\" content=\"https:\/\/www.menudoscorazones.org\/wp-content\/uploads\/2020\/07\/Portada-Memoria-Actividades-2019.png\" \/>\n<meta name=\"author\" content=\"Charge\" \/>\n<meta name=\"twitter:card\" content=\"summary_large_image\" \/>\n<meta name=\"twitter:creator\" content=\"@sindromecharge\" \/>\n<meta name=\"twitter:site\" content=\"@sindromecharge\" \/>\n<meta name=\"twitter:label1\" content=\"Escrito por\" \/>\n\t<meta name=\"twitter:data1\" content=\"Charge\" \/>\n\t<meta name=\"twitter:label2\" content=\"Tiempo de lectura\" \/>\n\t<meta name=\"twitter:data2\" content=\"1 minuto\" \/>\n<script type=\"application\/ld+json\" class=\"yoast-schema-graph\">{\"@context\":\"https:\\\/\\\/schema.org\",\"@graph\":[{\"@type\":\"Article\",\"@id\":\"https:\\\/\\\/sindromecharge.es\\\/index.php\\\/2020\\\/07\\\/15\\\/nuestra-memoria-de-2019-que-logramos-y-como-lo-conseguimos\\\/#article\",\"isPartOf\":{\"@id\":\"https:\\\/\\\/sindromecharge.es\\\/index.php\\\/2020\\\/07\\\/15\\\/nuestra-memoria-de-2019-que-logramos-y-como-lo-conseguimos\\\/\"},\"author\":{\"name\":\"Charge\",\"@id\":\"https:\\\/\\\/sindromecharge.es\\\/#\\\/schema\\\/person\\\/39a60ebe0a2b4d5a11179701e336b039\"},\"headline\":\"Nuestra Memoria de 2019: qu\u00e9 logramos y c\u00f3mo lo conseguimos\",\"datePublished\":\"2020-07-15T06:44:18+00:00\",\"mainEntityOfPage\":{\"@id\":\"https:\\\/\\\/sindromecharge.es\\\/index.php\\\/2020\\\/07\\\/15\\\/nuestra-memoria-de-2019-que-logramos-y-como-lo-conseguimos\\\/\"},\"wordCount\":191,\"commentCount\":0,\"image\":{\"@id\":\"https:\\\/\\\/sindromecharge.es\\\/index.php\\\/2020\\\/07\\\/15\\\/nuestra-memoria-de-2019-que-logramos-y-como-lo-conseguimos\\\/#primaryimage\"},\"thumbnailUrl\":\"https:\\\/\\\/www.menudoscorazones.org\\\/wp-content\\\/uploads\\\/2020\\\/07\\\/Portada-Memoria-Actividades-2019.png\",\"keywords\":[\"corazon\"],\"articleSection\":[\"noticias\"],\"inLanguage\":\"es\",\"potentialAction\":[{\"@type\":\"CommentAction\",\"name\":\"Comment\",\"target\":[\"https:\\\/\\\/sindromecharge.es\\\/index.php\\\/2020\\\/07\\\/15\\\/nuestra-memoria-de-2019-que-logramos-y-como-lo-conseguimos\\\/#respond\"]}]},{\"@type\":\"WebPage\",\"@id\":\"https:\\\/\\\/sindromecharge.es\\\/index.php\\\/2020\\\/07\\\/15\\\/nuestra-memoria-de-2019-que-logramos-y-como-lo-conseguimos\\\/\",\"url\":\"https:\\\/\\\/sindromecharge.es\\\/index.php\\\/2020\\\/07\\\/15\\\/nuestra-memoria-de-2019-que-logramos-y-como-lo-conseguimos\\\/\",\"name\":\"Nuestra Memoria de 2019: qu\u00e9 logramos y c\u00f3mo lo conseguimos - Asociaci\u00f3n Espa\u00f1ola S\u00edndrome de Charge\",\"isPartOf\":{\"@id\":\"https:\\\/\\\/sindromecharge.es\\\/#website\"},\"primaryImageOfPage\":{\"@id\":\"https:\\\/\\\/sindromecharge.es\\\/index.php\\\/2020\\\/07\\\/15\\\/nuestra-memoria-de-2019-que-logramos-y-como-lo-conseguimos\\\/#primaryimage\"},\"image\":{\"@id\":\"https:\\\/\\\/sindromecharge.es\\\/index.php\\\/2020\\\/07\\\/15\\\/nuestra-memoria-de-2019-que-logramos-y-como-lo-conseguimos\\\/#primaryimage\"},\"thumbnailUrl\":\"https:\\\/\\\/www.menudoscorazones.org\\\/wp-content\\\/uploads\\\/2020\\\/07\\\/Portada-Memoria-Actividades-2019.png\",\"datePublished\":\"2020-07-15T06:44:18+00:00\",\"author\":{\"@id\":\"https:\\\/\\\/sindromecharge.es\\\/#\\\/schema\\\/person\\\/39a60ebe0a2b4d5a11179701e336b039\"},\"breadcrumb\":{\"@id\":\"https:\\\/\\\/sindromecharge.es\\\/index.php\\\/2020\\\/07\\\/15\\\/nuestra-memoria-de-2019-que-logramos-y-como-lo-conseguimos\\\/#breadcrumb\"},\"inLanguage\":\"es\",\"potentialAction\":[{\"@type\":\"ReadAction\",\"target\":[\"https:\\\/\\\/sindromecharge.es\\\/index.php\\\/2020\\\/07\\\/15\\\/nuestra-memoria-de-2019-que-logramos-y-como-lo-conseguimos\\\/\"]}]},{\"@type\":\"ImageObject\",\"inLanguage\":\"es\",\"@id\":\"https:\\\/\\\/sindromecharge.es\\\/index.php\\\/2020\\\/07\\\/15\\\/nuestra-memoria-de-2019-que-logramos-y-como-lo-conseguimos\\\/#primaryimage\",\"url\":\"https:\\\/\\\/www.menudoscorazones.org\\\/wp-content\\\/uploads\\\/2020\\\/07\\\/Portada-Memoria-Actividades-2019.png\",\"contentUrl\":\"https:\\\/\\\/www.menudoscorazones.org\\\/wp-content\\\/uploads\\\/2020\\\/07\\\/Portada-Memoria-Actividades-2019.png\"},{\"@type\":\"BreadcrumbList\",\"@id\":\"https:\\\/\\\/sindromecharge.es\\\/index.php\\\/2020\\\/07\\\/15\\\/nuestra-memoria-de-2019-que-logramos-y-como-lo-conseguimos\\\/#breadcrumb\",\"itemListElement\":[{\"@type\":\"ListItem\",\"position\":1,\"name\":\"Portada\",\"item\":\"https:\\\/\\\/sindromecharge.es\\\/\"},{\"@type\":\"ListItem\",\"position\":2,\"name\":\"Nuestra Memoria de 2019: qu\u00e9 logramos y c\u00f3mo lo conseguimos\"}]},{\"@type\":\"WebSite\",\"@id\":\"https:\\\/\\\/sindromecharge.es\\\/#website\",\"url\":\"https:\\\/\\\/sindromecharge.es\\\/\",\"name\":\"Asociaci\u00f3n Espa\u00f1ola S\u00edndrome de Charge\",\"description\":\"\",\"potentialAction\":[{\"@type\":\"SearchAction\",\"target\":{\"@type\":\"EntryPoint\",\"urlTemplate\":\"https:\\\/\\\/sindromecharge.es\\\/?s={search_term_string}\"},\"query-input\":{\"@type\":\"PropertyValueSpecification\",\"valueRequired\":true,\"valueName\":\"search_term_string\"}}],\"inLanguage\":\"es\"},{\"@type\":\"Person\",\"@id\":\"https:\\\/\\\/sindromecharge.es\\\/#\\\/schema\\\/person\\\/39a60ebe0a2b4d5a11179701e336b039\",\"name\":\"Charge\",\"image\":{\"@type\":\"ImageObject\",\"inLanguage\":\"es\",\"@id\":\"https:\\\/\\\/secure.gravatar.com\\\/avatar\\\/c3b46e32a0fc3b093a0873fb767bf3293de856293065e84ef06b7ec7a8acfb98?s=96&d=identicon&r=x\",\"url\":\"https:\\\/\\\/secure.gravatar.com\\\/avatar\\\/c3b46e32a0fc3b093a0873fb767bf3293de856293065e84ef06b7ec7a8acfb98?s=96&d=identicon&r=x\",\"contentUrl\":\"https:\\\/\\\/secure.gravatar.com\\\/avatar\\\/c3b46e32a0fc3b093a0873fb767bf3293de856293065e84ef06b7ec7a8acfb98?s=96&d=identicon&r=x\",\"caption\":\"Charge\"},\"url\":\"https:\\\/\\\/sindromecharge.es\\\/index.php\\\/author\\\/admin\\\/\"}]}<\/script>\n<!-- \/ Yoast SEO plugin. -->","yoast_head_json":{"title":"Nuestra Memoria de 2019: qu\u00e9 logramos y c\u00f3mo lo conseguimos - Asociaci\u00f3n Espa\u00f1ola S\u00edndrome de Charge","robots":{"index":"index","follow":"follow","max-snippet":"max-snippet:-1","max-image-preview":"max-image-preview:large","max-video-preview":"max-video-preview:-1"},"canonical":"https:\/\/sindromecharge.es\/index.php\/2020\/07\/15\/nuestra-memoria-de-2019-que-logramos-y-como-lo-conseguimos\/","og_locale":"es_ES","og_type":"article","og_title":"Nuestra Memoria de 2019: qu\u00e9 logramos y c\u00f3mo lo conseguimos - Asociaci\u00f3n Espa\u00f1ola S\u00edndrome de Charge","og_description":"Leemos en Menudos Corazones la siguiente noticia que os reproducimos de forma \u00edntegra: \u00a1Avanzamos! Este es el esp\u00edritu de nuestra Memoria de Actividades de 2019. Porque, siguiendo las directrices del Plan Estrat\u00e9gico, el a\u00f1o pasado Menudos Corazones se ha hecho m\u00e1s grande y fuerte en organizaci\u00f3n y proyectos. Y siempre, como no pod\u00eda ser de [&hellip;]","og_url":"https:\/\/sindromecharge.es\/index.php\/2020\/07\/15\/nuestra-memoria-de-2019-que-logramos-y-como-lo-conseguimos\/","og_site_name":"Asociaci\u00f3n Espa\u00f1ola S\u00edndrome de Charge","article_publisher":"https:\/\/www.facebook.com\/asociacionsindromecharge","article_published_time":"2020-07-15T06:44:18+00:00","og_image":[{"url":"https:\/\/www.menudoscorazones.org\/wp-content\/uploads\/2020\/07\/Portada-Memoria-Actividades-2019.png","type":"","width":"","height":""}],"author":"Charge","twitter_card":"summary_large_image","twitter_creator":"@sindromecharge","twitter_site":"@sindromecharge","twitter_misc":{"Escrito por":"Charge","Tiempo de lectura":"1 minuto"},"schema":{"@context":"https:\/\/schema.org","@graph":[{"@type":"Article","@id":"https:\/\/sindromecharge.es\/index.php\/2020\/07\/15\/nuestra-memoria-de-2019-que-logramos-y-como-lo-conseguimos\/#article","isPartOf":{"@id":"https:\/\/sindromecharge.es\/index.php\/2020\/07\/15\/nuestra-memoria-de-2019-que-logramos-y-como-lo-conseguimos\/"},"author":{"name":"Charge","@id":"https:\/\/sindromecharge.es\/#\/schema\/person\/39a60ebe0a2b4d5a11179701e336b039"},"headline":"Nuestra Memoria de 2019: qu\u00e9 logramos y c\u00f3mo lo conseguimos","datePublished":"2020-07-15T06:44:18+00:00","mainEntityOfPage":{"@id":"https:\/\/sindromecharge.es\/index.php\/2020\/07\/15\/nuestra-memoria-de-2019-que-logramos-y-como-lo-conseguimos\/"},"wordCount":191,"commentCount":0,"image":{"@id":"https:\/\/sindromecharge.es\/index.php\/2020\/07\/15\/nuestra-memoria-de-2019-que-logramos-y-como-lo-conseguimos\/#primaryimage"},"thumbnailUrl":"https:\/\/www.menudoscorazones.org\/wp-content\/uploads\/2020\/07\/Portada-Memoria-Actividades-2019.png","keywords":["corazon"],"articleSection":["noticias"],"inLanguage":"es","potentialAction":[{"@type":"CommentAction","name":"Comment","target":["https:\/\/sindromecharge.es\/index.php\/2020\/07\/15\/nuestra-memoria-de-2019-que-logramos-y-como-lo-conseguimos\/#respond"]}]},{"@type":"WebPage","@id":"https:\/\/sindromecharge.es\/index.php\/2020\/07\/15\/nuestra-memoria-de-2019-que-logramos-y-como-lo-conseguimos\/","url":"https:\/\/sindromecharge.es\/index.php\/2020\/07\/15\/nuestra-memoria-de-2019-que-logramos-y-como-lo-conseguimos\/","name":"Nuestra Memoria de 2019: qu\u00e9 logramos y c\u00f3mo lo conseguimos - Asociaci\u00f3n Espa\u00f1ola S\u00edndrome de Charge","isPartOf":{"@id":"https:\/\/sindromecharge.es\/#website"},"primaryImageOfPage":{"@id":"https:\/\/sindromecharge.es\/index.php\/2020\/07\/15\/nuestra-memoria-de-2019-que-logramos-y-como-lo-conseguimos\/#primaryimage"},"image":{"@id":"https:\/\/sindromecharge.es\/index.php\/2020\/07\/15\/nuestra-memoria-de-2019-que-logramos-y-como-lo-conseguimos\/#primaryimage"},"thumbnailUrl":"https:\/\/www.menudoscorazones.org\/wp-content\/uploads\/2020\/07\/Portada-Memoria-Actividades-2019.png","datePublished":"2020-07-15T06:44:18+00:00","author":{"@id":"https:\/\/sindromecharge.es\/#\/schema\/person\/39a60ebe0a2b4d5a11179701e336b039"},"breadcrumb":{"@id":"https:\/\/sindromecharge.es\/index.php\/2020\/07\/15\/nuestra-memoria-de-2019-que-logramos-y-como-lo-conseguimos\/#breadcrumb"},"inLanguage":"es","potentialAction":[{"@type":"ReadAction","target":["https:\/\/sindromecharge.es\/index.php\/2020\/07\/15\/nuestra-memoria-de-2019-que-logramos-y-como-lo-conseguimos\/"]}]},{"@type":"ImageObject","inLanguage":"es","@id":"https:\/\/sindromecharge.es\/index.php\/2020\/07\/15\/nuestra-memoria-de-2019-que-logramos-y-como-lo-conseguimos\/#primaryimage","url":"https:\/\/www.menudoscorazones.org\/wp-content\/uploads\/2020\/07\/Portada-Memoria-Actividades-2019.png","contentUrl":"https:\/\/www.menudoscorazones.org\/wp-content\/uploads\/2020\/07\/Portada-Memoria-Actividades-2019.png"},{"@type":"BreadcrumbList","@id":"https:\/\/sindromecharge.es\/index.php\/2020\/07\/15\/nuestra-memoria-de-2019-que-logramos-y-como-lo-conseguimos\/#breadcrumb","itemListElement":[{"@type":"ListItem","position":1,"name":"Portada","item":"https:\/\/sindromecharge.es\/"},{"@type":"ListItem","position":2,"name":"Nuestra Memoria de 2019: qu\u00e9 logramos y c\u00f3mo lo conseguimos"}]},{"@type":"WebSite","@id":"https:\/\/sindromecharge.es\/#website","url":"https:\/\/sindromecharge.es\/","name":"Asociaci\u00f3n Espa\u00f1ola S\u00edndrome de Charge","description":"","potentialAction":[{"@type":"SearchAction","target":{"@type":"EntryPoint","urlTemplate":"https:\/\/sindromecharge.es\/?s={search_term_string}"},"query-input":{"@type":"PropertyValueSpecification","valueRequired":true,"valueName":"search_term_string"}}],"inLanguage":"es"},{"@type":"Person","@id":"https:\/\/sindromecharge.es\/#\/schema\/person\/39a60ebe0a2b4d5a11179701e336b039","name":"Charge","image":{"@type":"ImageObject","inLanguage":"es","@id":"https:\/\/secure.gravatar.com\/avatar\/c3b46e32a0fc3b093a0873fb767bf3293de856293065e84ef06b7ec7a8acfb98?s=96&d=identicon&r=x","url":"https:\/\/secure.gravatar.com\/avatar\/c3b46e32a0fc3b093a0873fb767bf3293de856293065e84ef06b7ec7a8acfb98?s=96&d=identicon&r=x","contentUrl":"https:\/\/secure.gravatar.com\/avatar\/c3b46e32a0fc3b093a0873fb767bf3293de856293065e84ef06b7ec7a8acfb98?s=96&d=identicon&r=x","caption":"Charge"},"url":"https:\/\/sindromecharge.es\/index.php\/author\/admin\/"}]}},"_links":{"self":[{"href":"https:\/\/sindromecharge.es\/index.php\/wp-json\/wp\/v2\/posts\/5933","targetHints":{"allow":["GET"]}}],"collection":[{"href":"https:\/\/sindromecharge.es\/index.php\/wp-json\/wp\/v2\/posts"}],"about":[{"href":"https:\/\/sindromecharge.es\/index.php\/wp-json\/wp\/v2\/types\/post"}],"author":[{"embeddable":true,"href":"https:\/\/sindromecharge.es\/index.php\/wp-json\/wp\/v2\/users\/1"}],"replies":[{"embeddable":true,"href":"https:\/\/sindromecharge.es\/index.php\/wp-json\/wp\/v2\/comments?post=5933"}],"version-history":[{"count":0,"href":"https:\/\/sindromecharge.es\/index.php\/wp-json\/wp\/v2\/posts\/5933\/revisions"}],"wp:attachment":[{"href":"https:\/\/sindromecharge.es\/index.php\/wp-json\/wp\/v2\/media?parent=5933"}],"wp:term":[{"taxonomy":"category","embeddable":true,"href":"https:\/\/sindromecharge.es\/index.php\/wp-json\/wp\/v2\/categories?post=5933"},{"taxonomy":"post_tag","embeddable":true,"href":"https:\/\/sindromecharge.es\/index.php\/wp-json\/wp\/v2\/tags?post=5933"}],"curies":[{"name":"wp","href":"https:\/\/api.w.org\/{rel}","templated":true}]}}