{"id":5269,"date":"2020-02-20T09:15:05","date_gmt":"2020-02-20T09:15:05","guid":{"rendered":"https:\/\/sindromecharge.es\/index.php\/2020\/02\/20\/el-gobierno-convoca-subvenciones-por-350-000-euros-para-entidades-locales-y-discapacidad\/"},"modified":"2020-02-20T09:15:05","modified_gmt":"2020-02-20T09:15:05","slug":"el-gobierno-convoca-subvenciones-por-350-000-euros-para-entidades-locales-y-discapacidad","status":"publish","type":"post","link":"https:\/\/sindromecharge.es\/index.php\/2020\/02\/20\/el-gobierno-convoca-subvenciones-por-350-000-euros-para-entidades-locales-y-discapacidad\/","title":{"rendered":"El Gobierno convoca subvenciones por 350.000 euros para entidades locales y discapacidad"},"content":{"rendered":"<p>Leemos en 20minutos la siguiente noticia que os reproducimos de forma \u00edntegra: <\/p>\n<p>Las subvenciones, en r\u00e9gimen de concurrencia competitiva, a las entidades locales para la adquisici\u00f3n de fondos bibliogr\u00e1ficos ascienden a 300.000 euros. Podr\u00e1n beneficiarse de ellas las que dispongan de una biblioteca de su titularidad que preste los servicios bibliotecarios m\u00ednimos establecidos en la Ley de Bibliotecas de Cantabria, es decir, la consulta de las principales obras de referencia y el pr\u00e9stamo individual de libros.<\/p>\n<p>La subvenci\u00f3n concedida no superar\u00e1 el 100% del coste de la actividad subvencionada nila cantidad de 60.000 euros y la cuant\u00eda de la ayuda ser\u00e1 proporcional a la puntuaci\u00f3nobtenida. El plazo para la presentaci\u00f3n de solicitudes es de quince d\u00edas h\u00e1biles contados desde ma\u00f1ana, tras publicarse hoy en el Bolet\u00edn Oficial de Cantabria el extracto de la resoluci\u00f3n.<\/p>\n<p>El BOC publica igualmente el extracto de la resoluci\u00f3n por la que se convocan subvenciones, en r\u00e9gimen de concurrencia competitiva, para el fomento del deporte para personas con discapacidad, con una cuant\u00eda total de 50.000 euros.<\/p>\n<p>La convocatoria pretende la promoci\u00f3n del deporte entre las personas con discapacidad f\u00edsica, ps\u00edquica o intelectual, mediante la realizaci\u00f3n de actividades y competiciones deportivas organizadas por asociaciones u otras entidades sin \u00e1nimo de lucro cuyo objeto social sea la protecci\u00f3n y apoyo a las personas con discapacidad.<\/p>\n<p>En este sentido, podr\u00e1n beneficiarse las asociaciones u otras entidades sin animo de lucro cuyo objeto social sea la protecci\u00f3n y apoyo a las personas con discapacidad, y que organicen actividades y competiciones deportivas dirigidas a personas con discapacidad residentes en Cantabria.<\/p>\n<p>La cuant\u00eda no superar\u00e1 el 75% del coste de la actividad subvencionada ni 10.000 euros, y ser\u00e1 proporcional a la puntuaci\u00f3n obtenida por los beneficiarios. El plazo de presentaci\u00f3n de solicitudes es de 10 d\u00edas h\u00e1biles a partir de ma\u00f1ana.<\/p>\n<p>Fuente: 20minutos <a href=\"https:\/\/www.20minutos.es\/noticia\/4157221\/0\/el-gobierno-convoca-subvenciones-por-350-000-euros-para-entidades-locales-y-discapacidad\/\" target=\"_blank\" rel=\"noopener noreferrer\">El Gobierno convoca subvenciones por 350.000 euros para entidades locales y discapacidad<\/a><\/p>\n","protected":false},"excerpt":{"rendered":"<p>Leemos en 20minutos la siguiente noticia que os reproducimos de forma \u00edntegra: Las subvenciones, en r\u00e9gimen de concurrencia competitiva, a las entidades locales para la adquisici\u00f3n de fondos bibliogr\u00e1ficos ascienden a 300.000 euros. Podr\u00e1n beneficiarse de ellas las que dispongan de una biblioteca de su titularidad que preste los servicios bibliotecarios m\u00ednimos establecidos en la [&hellip;]<\/p>\n","protected":false},"author":1,"featured_media":0,"comment_status":"open","ping_status":"closed","sticky":false,"template":"","format":"standard","meta":{"footnotes":""},"categories":[8],"tags":[31],"class_list":["post-5269","post","type-post","status-publish","format-standard","hentry","category-noticias","tag-discapacidad"],"yoast_head":"<!-- This site is optimized with the Yoast SEO plugin v27.4 - https:\/\/yoast.com\/product\/yoast-seo-wordpress\/ -->\n<title>El Gobierno convoca subvenciones por 350.000 euros para entidades locales y discapacidad - Asociaci\u00f3n Espa\u00f1ola S\u00edndrome de Charge<\/title>\n<meta name=\"robots\" content=\"index, follow, max-snippet:-1, max-image-preview:large, max-video-preview:-1\" \/>\n<link rel=\"canonical\" href=\"https:\/\/sindromecharge.es\/index.php\/2020\/02\/20\/el-gobierno-convoca-subvenciones-por-350-000-euros-para-entidades-locales-y-discapacidad\/\" \/>\n<meta property=\"og:locale\" content=\"es_ES\" \/>\n<meta property=\"og:type\" content=\"article\" \/>\n<meta property=\"og:title\" content=\"El Gobierno convoca subvenciones por 350.000 euros para entidades locales y discapacidad - Asociaci\u00f3n Espa\u00f1ola S\u00edndrome de Charge\" \/>\n<meta property=\"og:description\" content=\"Leemos en 20minutos la siguiente noticia que os reproducimos de forma \u00edntegra: Las subvenciones, en r\u00e9gimen de concurrencia competitiva, a las entidades locales para la adquisici\u00f3n de fondos bibliogr\u00e1ficos ascienden a 300.000 euros. Podr\u00e1n beneficiarse de ellas las que dispongan de una biblioteca de su titularidad que preste los servicios bibliotecarios m\u00ednimos establecidos en la [&hellip;]\" \/>\n<meta property=\"og:url\" content=\"https:\/\/sindromecharge.es\/index.php\/2020\/02\/20\/el-gobierno-convoca-subvenciones-por-350-000-euros-para-entidades-locales-y-discapacidad\/\" \/>\n<meta property=\"og:site_name\" content=\"Asociaci\u00f3n Espa\u00f1ola S\u00edndrome de Charge\" \/>\n<meta property=\"article:publisher\" content=\"https:\/\/www.facebook.com\/asociacionsindromecharge\" \/>\n<meta property=\"article:published_time\" content=\"2020-02-20T09:15:05+00:00\" \/>\n<meta property=\"og:image\" content=\"https:\/\/sindromecharge.es\/wp-content\/uploads\/2013\/09\/logodecharge300x98.png\" \/>\n\t<meta property=\"og:image:width\" content=\"300\" \/>\n\t<meta property=\"og:image:height\" content=\"98\" \/>\n\t<meta property=\"og:image:type\" content=\"image\/png\" \/>\n<meta name=\"author\" content=\"Charge\" \/>\n<meta name=\"twitter:card\" content=\"summary_large_image\" \/>\n<meta name=\"twitter:creator\" content=\"@sindromecharge\" \/>\n<meta name=\"twitter:site\" content=\"@sindromecharge\" \/>\n<meta name=\"twitter:label1\" content=\"Escrito por\" \/>\n\t<meta name=\"twitter:data1\" content=\"Charge\" \/>\n\t<meta name=\"twitter:label2\" content=\"Tiempo de lectura\" \/>\n\t<meta name=\"twitter:data2\" content=\"2 minutos\" \/>\n<script type=\"application\/ld+json\" class=\"yoast-schema-graph\">{\"@context\":\"https:\\\/\\\/schema.org\",\"@graph\":[{\"@type\":\"Article\",\"@id\":\"https:\\\/\\\/sindromecharge.es\\\/index.php\\\/2020\\\/02\\\/20\\\/el-gobierno-convoca-subvenciones-por-350-000-euros-para-entidades-locales-y-discapacidad\\\/#article\",\"isPartOf\":{\"@id\":\"https:\\\/\\\/sindromecharge.es\\\/index.php\\\/2020\\\/02\\\/20\\\/el-gobierno-convoca-subvenciones-por-350-000-euros-para-entidades-locales-y-discapacidad\\\/\"},\"author\":{\"name\":\"Charge\",\"@id\":\"https:\\\/\\\/sindromecharge.es\\\/#\\\/schema\\\/person\\\/39a60ebe0a2b4d5a11179701e336b039\"},\"headline\":\"El Gobierno convoca subvenciones por 350.000 euros para entidades locales y discapacidad\",\"datePublished\":\"2020-02-20T09:15:05+00:00\",\"mainEntityOfPage\":{\"@id\":\"https:\\\/\\\/sindromecharge.es\\\/index.php\\\/2020\\\/02\\\/20\\\/el-gobierno-convoca-subvenciones-por-350-000-euros-para-entidades-locales-y-discapacidad\\\/\"},\"wordCount\":347,\"commentCount\":0,\"keywords\":[\"discapacidad\"],\"articleSection\":[\"noticias\"],\"inLanguage\":\"es\",\"potentialAction\":[{\"@type\":\"CommentAction\",\"name\":\"Comment\",\"target\":[\"https:\\\/\\\/sindromecharge.es\\\/index.php\\\/2020\\\/02\\\/20\\\/el-gobierno-convoca-subvenciones-por-350-000-euros-para-entidades-locales-y-discapacidad\\\/#respond\"]}]},{\"@type\":\"WebPage\",\"@id\":\"https:\\\/\\\/sindromecharge.es\\\/index.php\\\/2020\\\/02\\\/20\\\/el-gobierno-convoca-subvenciones-por-350-000-euros-para-entidades-locales-y-discapacidad\\\/\",\"url\":\"https:\\\/\\\/sindromecharge.es\\\/index.php\\\/2020\\\/02\\\/20\\\/el-gobierno-convoca-subvenciones-por-350-000-euros-para-entidades-locales-y-discapacidad\\\/\",\"name\":\"El Gobierno convoca subvenciones por 350.000 euros para entidades locales y discapacidad - Asociaci\u00f3n Espa\u00f1ola S\u00edndrome de Charge\",\"isPartOf\":{\"@id\":\"https:\\\/\\\/sindromecharge.es\\\/#website\"},\"datePublished\":\"2020-02-20T09:15:05+00:00\",\"author\":{\"@id\":\"https:\\\/\\\/sindromecharge.es\\\/#\\\/schema\\\/person\\\/39a60ebe0a2b4d5a11179701e336b039\"},\"breadcrumb\":{\"@id\":\"https:\\\/\\\/sindromecharge.es\\\/index.php\\\/2020\\\/02\\\/20\\\/el-gobierno-convoca-subvenciones-por-350-000-euros-para-entidades-locales-y-discapacidad\\\/#breadcrumb\"},\"inLanguage\":\"es\",\"potentialAction\":[{\"@type\":\"ReadAction\",\"target\":[\"https:\\\/\\\/sindromecharge.es\\\/index.php\\\/2020\\\/02\\\/20\\\/el-gobierno-convoca-subvenciones-por-350-000-euros-para-entidades-locales-y-discapacidad\\\/\"]}]},{\"@type\":\"BreadcrumbList\",\"@id\":\"https:\\\/\\\/sindromecharge.es\\\/index.php\\\/2020\\\/02\\\/20\\\/el-gobierno-convoca-subvenciones-por-350-000-euros-para-entidades-locales-y-discapacidad\\\/#breadcrumb\",\"itemListElement\":[{\"@type\":\"ListItem\",\"position\":1,\"name\":\"Portada\",\"item\":\"https:\\\/\\\/sindromecharge.es\\\/\"},{\"@type\":\"ListItem\",\"position\":2,\"name\":\"El Gobierno convoca subvenciones por 350.000 euros para entidades locales y discapacidad\"}]},{\"@type\":\"WebSite\",\"@id\":\"https:\\\/\\\/sindromecharge.es\\\/#website\",\"url\":\"https:\\\/\\\/sindromecharge.es\\\/\",\"name\":\"Asociaci\u00f3n Espa\u00f1ola S\u00edndrome de Charge\",\"description\":\"\",\"potentialAction\":[{\"@type\":\"SearchAction\",\"target\":{\"@type\":\"EntryPoint\",\"urlTemplate\":\"https:\\\/\\\/sindromecharge.es\\\/?s={search_term_string}\"},\"query-input\":{\"@type\":\"PropertyValueSpecification\",\"valueRequired\":true,\"valueName\":\"search_term_string\"}}],\"inLanguage\":\"es\"},{\"@type\":\"Person\",\"@id\":\"https:\\\/\\\/sindromecharge.es\\\/#\\\/schema\\\/person\\\/39a60ebe0a2b4d5a11179701e336b039\",\"name\":\"Charge\",\"image\":{\"@type\":\"ImageObject\",\"inLanguage\":\"es\",\"@id\":\"https:\\\/\\\/secure.gravatar.com\\\/avatar\\\/c3b46e32a0fc3b093a0873fb767bf3293de856293065e84ef06b7ec7a8acfb98?s=96&d=identicon&r=x\",\"url\":\"https:\\\/\\\/secure.gravatar.com\\\/avatar\\\/c3b46e32a0fc3b093a0873fb767bf3293de856293065e84ef06b7ec7a8acfb98?s=96&d=identicon&r=x\",\"contentUrl\":\"https:\\\/\\\/secure.gravatar.com\\\/avatar\\\/c3b46e32a0fc3b093a0873fb767bf3293de856293065e84ef06b7ec7a8acfb98?s=96&d=identicon&r=x\",\"caption\":\"Charge\"},\"url\":\"https:\\\/\\\/sindromecharge.es\\\/index.php\\\/author\\\/admin\\\/\"}]}<\/script>\n<!-- \/ Yoast SEO plugin. -->","yoast_head_json":{"title":"El Gobierno convoca subvenciones por 350.000 euros para entidades locales y discapacidad - Asociaci\u00f3n Espa\u00f1ola S\u00edndrome de Charge","robots":{"index":"index","follow":"follow","max-snippet":"max-snippet:-1","max-image-preview":"max-image-preview:large","max-video-preview":"max-video-preview:-1"},"canonical":"https:\/\/sindromecharge.es\/index.php\/2020\/02\/20\/el-gobierno-convoca-subvenciones-por-350-000-euros-para-entidades-locales-y-discapacidad\/","og_locale":"es_ES","og_type":"article","og_title":"El Gobierno convoca subvenciones por 350.000 euros para entidades locales y discapacidad - Asociaci\u00f3n Espa\u00f1ola S\u00edndrome de Charge","og_description":"Leemos en 20minutos la siguiente noticia que os reproducimos de forma \u00edntegra: Las subvenciones, en r\u00e9gimen de concurrencia competitiva, a las entidades locales para la adquisici\u00f3n de fondos bibliogr\u00e1ficos ascienden a 300.000 euros. Podr\u00e1n beneficiarse de ellas las que dispongan de una biblioteca de su titularidad que preste los servicios bibliotecarios m\u00ednimos establecidos en la [&hellip;]","og_url":"https:\/\/sindromecharge.es\/index.php\/2020\/02\/20\/el-gobierno-convoca-subvenciones-por-350-000-euros-para-entidades-locales-y-discapacidad\/","og_site_name":"Asociaci\u00f3n Espa\u00f1ola S\u00edndrome de Charge","article_publisher":"https:\/\/www.facebook.com\/asociacionsindromecharge","article_published_time":"2020-02-20T09:15:05+00:00","og_image":[{"width":300,"height":98,"url":"https:\/\/sindromecharge.es\/wp-content\/uploads\/2013\/09\/logodecharge300x98.png","type":"image\/png"}],"author":"Charge","twitter_card":"summary_large_image","twitter_creator":"@sindromecharge","twitter_site":"@sindromecharge","twitter_misc":{"Escrito por":"Charge","Tiempo de lectura":"2 minutos"},"schema":{"@context":"https:\/\/schema.org","@graph":[{"@type":"Article","@id":"https:\/\/sindromecharge.es\/index.php\/2020\/02\/20\/el-gobierno-convoca-subvenciones-por-350-000-euros-para-entidades-locales-y-discapacidad\/#article","isPartOf":{"@id":"https:\/\/sindromecharge.es\/index.php\/2020\/02\/20\/el-gobierno-convoca-subvenciones-por-350-000-euros-para-entidades-locales-y-discapacidad\/"},"author":{"name":"Charge","@id":"https:\/\/sindromecharge.es\/#\/schema\/person\/39a60ebe0a2b4d5a11179701e336b039"},"headline":"El Gobierno convoca subvenciones por 350.000 euros para entidades locales y discapacidad","datePublished":"2020-02-20T09:15:05+00:00","mainEntityOfPage":{"@id":"https:\/\/sindromecharge.es\/index.php\/2020\/02\/20\/el-gobierno-convoca-subvenciones-por-350-000-euros-para-entidades-locales-y-discapacidad\/"},"wordCount":347,"commentCount":0,"keywords":["discapacidad"],"articleSection":["noticias"],"inLanguage":"es","potentialAction":[{"@type":"CommentAction","name":"Comment","target":["https:\/\/sindromecharge.es\/index.php\/2020\/02\/20\/el-gobierno-convoca-subvenciones-por-350-000-euros-para-entidades-locales-y-discapacidad\/#respond"]}]},{"@type":"WebPage","@id":"https:\/\/sindromecharge.es\/index.php\/2020\/02\/20\/el-gobierno-convoca-subvenciones-por-350-000-euros-para-entidades-locales-y-discapacidad\/","url":"https:\/\/sindromecharge.es\/index.php\/2020\/02\/20\/el-gobierno-convoca-subvenciones-por-350-000-euros-para-entidades-locales-y-discapacidad\/","name":"El Gobierno convoca subvenciones por 350.000 euros para entidades locales y discapacidad - Asociaci\u00f3n Espa\u00f1ola S\u00edndrome de Charge","isPartOf":{"@id":"https:\/\/sindromecharge.es\/#website"},"datePublished":"2020-02-20T09:15:05+00:00","author":{"@id":"https:\/\/sindromecharge.es\/#\/schema\/person\/39a60ebe0a2b4d5a11179701e336b039"},"breadcrumb":{"@id":"https:\/\/sindromecharge.es\/index.php\/2020\/02\/20\/el-gobierno-convoca-subvenciones-por-350-000-euros-para-entidades-locales-y-discapacidad\/#breadcrumb"},"inLanguage":"es","potentialAction":[{"@type":"ReadAction","target":["https:\/\/sindromecharge.es\/index.php\/2020\/02\/20\/el-gobierno-convoca-subvenciones-por-350-000-euros-para-entidades-locales-y-discapacidad\/"]}]},{"@type":"BreadcrumbList","@id":"https:\/\/sindromecharge.es\/index.php\/2020\/02\/20\/el-gobierno-convoca-subvenciones-por-350-000-euros-para-entidades-locales-y-discapacidad\/#breadcrumb","itemListElement":[{"@type":"ListItem","position":1,"name":"Portada","item":"https:\/\/sindromecharge.es\/"},{"@type":"ListItem","position":2,"name":"El Gobierno convoca subvenciones por 350.000 euros para entidades locales y discapacidad"}]},{"@type":"WebSite","@id":"https:\/\/sindromecharge.es\/#website","url":"https:\/\/sindromecharge.es\/","name":"Asociaci\u00f3n Espa\u00f1ola S\u00edndrome de Charge","description":"","potentialAction":[{"@type":"SearchAction","target":{"@type":"EntryPoint","urlTemplate":"https:\/\/sindromecharge.es\/?s={search_term_string}"},"query-input":{"@type":"PropertyValueSpecification","valueRequired":true,"valueName":"search_term_string"}}],"inLanguage":"es"},{"@type":"Person","@id":"https:\/\/sindromecharge.es\/#\/schema\/person\/39a60ebe0a2b4d5a11179701e336b039","name":"Charge","image":{"@type":"ImageObject","inLanguage":"es","@id":"https:\/\/secure.gravatar.com\/avatar\/c3b46e32a0fc3b093a0873fb767bf3293de856293065e84ef06b7ec7a8acfb98?s=96&d=identicon&r=x","url":"https:\/\/secure.gravatar.com\/avatar\/c3b46e32a0fc3b093a0873fb767bf3293de856293065e84ef06b7ec7a8acfb98?s=96&d=identicon&r=x","contentUrl":"https:\/\/secure.gravatar.com\/avatar\/c3b46e32a0fc3b093a0873fb767bf3293de856293065e84ef06b7ec7a8acfb98?s=96&d=identicon&r=x","caption":"Charge"},"url":"https:\/\/sindromecharge.es\/index.php\/author\/admin\/"}]}},"_links":{"self":[{"href":"https:\/\/sindromecharge.es\/index.php\/wp-json\/wp\/v2\/posts\/5269","targetHints":{"allow":["GET"]}}],"collection":[{"href":"https:\/\/sindromecharge.es\/index.php\/wp-json\/wp\/v2\/posts"}],"about":[{"href":"https:\/\/sindromecharge.es\/index.php\/wp-json\/wp\/v2\/types\/post"}],"author":[{"embeddable":true,"href":"https:\/\/sindromecharge.es\/index.php\/wp-json\/wp\/v2\/users\/1"}],"replies":[{"embeddable":true,"href":"https:\/\/sindromecharge.es\/index.php\/wp-json\/wp\/v2\/comments?post=5269"}],"version-history":[{"count":0,"href":"https:\/\/sindromecharge.es\/index.php\/wp-json\/wp\/v2\/posts\/5269\/revisions"}],"wp:attachment":[{"href":"https:\/\/sindromecharge.es\/index.php\/wp-json\/wp\/v2\/media?parent=5269"}],"wp:term":[{"taxonomy":"category","embeddable":true,"href":"https:\/\/sindromecharge.es\/index.php\/wp-json\/wp\/v2\/categories?post=5269"},{"taxonomy":"post_tag","embeddable":true,"href":"https:\/\/sindromecharge.es\/index.php\/wp-json\/wp\/v2\/tags?post=5269"}],"curies":[{"name":"wp","href":"https:\/\/api.w.org\/{rel}","templated":true}]}}