{"id":5266,"date":"2020-02-20T09:31:08","date_gmt":"2020-02-20T09:31:08","guid":{"rendered":"https:\/\/sindromecharge.es\/index.php\/2020\/02\/20\/convocadas-ayudas-por-16-millones-para-promocionar-la-vida-autonoma-de-mayores-y-discapacitados\/"},"modified":"2020-02-20T09:31:08","modified_gmt":"2020-02-20T09:31:08","slug":"convocadas-ayudas-por-16-millones-para-promocionar-la-vida-autonoma-de-mayores-y-discapacitados","status":"publish","type":"post","link":"https:\/\/sindromecharge.es\/index.php\/2020\/02\/20\/convocadas-ayudas-por-16-millones-para-promocionar-la-vida-autonoma-de-mayores-y-discapacitados\/","title":{"rendered":"Convocadas ayudas por 1,6 millones para promocionar la vida aut\u00f3noma de mayores y discapacitados"},"content":{"rendered":"<p>Leemos en 20minutos la siguiente noticia que os reproducimos de forma \u00edntegra: <\/p>\n<p>Dadas las dificultades a las que se enfrentan estos colectivos, por su edad o limitaciones, la Consejer\u00eda pretende, con esta orden de ayudas, facilitar el acceso a prestaciones y servicios que mejoren su calidad de vida y su integraci\u00f3n en el entorno social.<\/p>\n<p>Este programa de subvenciones pretende mejorar la calidad de vida y la integraci\u00f3n en el entorno social de las personas que, por su edad o por sus limitaciones en la actividad, tienen dificultades para desenvolverse en su medio habitual.<\/p>\n<p>Tras publicarse hoy el extracto de la orden en el Bolet\u00edn Oficial de Cantabria (BOC), en el plazo de un mes, las personas mayores de 65 a\u00f1os y que no se encuentren en activo laboralmente o menores de esa edad, pero con un grado de discapacidad igual o superior al 33%, podr\u00e1n presentar sus solicitudes de subvenci\u00f3n para acceder a servicios y prestaciones que mejoren su autonom\u00eda.<\/p>\n<p>As\u00ed, el Ejecutivo subvencionar\u00e1 los servicios de atenci\u00f3n domiciliaria en aquellos municipios en los que este servicio no est\u00e1 concertado con el Gobierno o en los que no est\u00e1 disponible debido a la elevada dispersi\u00f3n de poblaci\u00f3n.<\/p>\n<p>Tambi\u00e9n recibir\u00e1n ayuda p\u00fablica por el traslado y por el servicio de transporte adaptado desde su domicilio habitual a centros de atenci\u00f3n diurna (centros de d\u00eda, centro de rehabilitaci\u00f3n o centros ocupacionales), y por tratamientos de rehabilitaci\u00f3n m\u00e9dico-funcional para personas con discapacidad.<\/p>\n<p>Adem\u00e1s, se financiar\u00e1 la obtenci\u00f3n del permiso de conducir para personas con discapacidad y la adquisici\u00f3n o adaptaci\u00f3n de veh\u00edculo a motor de personas con movilidad reducida.<\/p>\n<p>Dentro de esta convocatoria se prev\u00e9 tambi\u00e9n la concesi\u00f3n de subvenciones para la adquisici\u00f3n de electrodom\u00e9sticos b\u00e1sicos, de productos de apoyo, y de pr\u00f3tesis dentales, oculares o auditivas.<\/p>\n<p>Igualmente, se financiar\u00e1n obras de adaptaci\u00f3n funcional de la vivienda habitual y de eliminaci\u00f3n de barreras arquitect\u00f3nicas en el caso de viviendas unifamiliares o en el interior de un d\u00faplex.<\/p>\n<p>Adem\u00e1s, deber\u00e1 estar empadronado en alg\u00fan municipio de Cantabria y tener unos ingresos que no excedan los 1.200 euros mensuales netos. En el caso de trabajadores aut\u00f3nomos se calcular\u00e1 la media mensual del rendimiento neto previo.<\/p>\n<p>Cuando el solicitante forma parte de una unidad familiar, se tendr\u00e1n en cuenta los ingresos de todos los miembros y el l\u00edmite ser\u00e1, para cada uno, el IPREM mensual de 2020 incrementado en un 50%.<\/p>\n<p>Fuente: 20minutos <a href=\"https:\/\/www.20minutos.es\/noticia\/4157253\/0\/convocadas-ayudas-por-1-6-millones-para-promocionar-la-vida-autonoma-de-mayores-y-discapacitados\/\" target=\"_blank\" rel=\"noopener noreferrer\">Convocadas ayudas por 1,6 millones para promocionar la vida aut\u00f3noma de mayores y discapacitados<\/a><\/p>\n","protected":false},"excerpt":{"rendered":"<p>Leemos en 20minutos la siguiente noticia que os reproducimos de forma \u00edntegra: Dadas las dificultades a las que se enfrentan estos colectivos, por su edad o limitaciones, la Consejer\u00eda pretende, con esta orden de ayudas, facilitar el acceso a prestaciones y servicios que mejoren su calidad de vida y su integraci\u00f3n en el entorno social. [&hellip;]<\/p>\n","protected":false},"author":1,"featured_media":0,"comment_status":"open","ping_status":"closed","sticky":false,"template":"","format":"standard","meta":{"footnotes":""},"categories":[8],"tags":[31],"class_list":["post-5266","post","type-post","status-publish","format-standard","hentry","category-noticias","tag-discapacidad"],"yoast_head":"<!-- This site is optimized with the Yoast SEO plugin v27.4 - https:\/\/yoast.com\/product\/yoast-seo-wordpress\/ -->\n<title>Convocadas ayudas por 1,6 millones para promocionar la vida aut\u00f3noma de mayores y discapacitados - Asociaci\u00f3n Espa\u00f1ola S\u00edndrome de Charge<\/title>\n<meta name=\"robots\" content=\"index, follow, max-snippet:-1, max-image-preview:large, max-video-preview:-1\" \/>\n<link rel=\"canonical\" href=\"https:\/\/sindromecharge.es\/index.php\/2020\/02\/20\/convocadas-ayudas-por-16-millones-para-promocionar-la-vida-autonoma-de-mayores-y-discapacitados\/\" \/>\n<meta property=\"og:locale\" content=\"es_ES\" \/>\n<meta property=\"og:type\" content=\"article\" \/>\n<meta property=\"og:title\" content=\"Convocadas ayudas por 1,6 millones para promocionar la vida aut\u00f3noma de mayores y discapacitados - Asociaci\u00f3n Espa\u00f1ola S\u00edndrome de Charge\" \/>\n<meta property=\"og:description\" content=\"Leemos en 20minutos la siguiente noticia que os reproducimos de forma \u00edntegra: Dadas las dificultades a las que se enfrentan estos colectivos, por su edad o limitaciones, la Consejer\u00eda pretende, con esta orden de ayudas, facilitar el acceso a prestaciones y servicios que mejoren su calidad de vida y su integraci\u00f3n en el entorno social. [&hellip;]\" \/>\n<meta property=\"og:url\" content=\"https:\/\/sindromecharge.es\/index.php\/2020\/02\/20\/convocadas-ayudas-por-16-millones-para-promocionar-la-vida-autonoma-de-mayores-y-discapacitados\/\" \/>\n<meta property=\"og:site_name\" content=\"Asociaci\u00f3n Espa\u00f1ola S\u00edndrome de Charge\" \/>\n<meta property=\"article:publisher\" content=\"https:\/\/www.facebook.com\/asociacionsindromecharge\" \/>\n<meta property=\"article:published_time\" content=\"2020-02-20T09:31:08+00:00\" \/>\n<meta property=\"og:image\" content=\"https:\/\/sindromecharge.es\/wp-content\/uploads\/2013\/09\/logodecharge300x98.png\" \/>\n\t<meta property=\"og:image:width\" content=\"300\" \/>\n\t<meta property=\"og:image:height\" content=\"98\" \/>\n\t<meta property=\"og:image:type\" content=\"image\/png\" \/>\n<meta name=\"author\" content=\"Charge\" \/>\n<meta name=\"twitter:card\" content=\"summary_large_image\" \/>\n<meta name=\"twitter:creator\" content=\"@sindromecharge\" \/>\n<meta name=\"twitter:site\" content=\"@sindromecharge\" \/>\n<meta name=\"twitter:label1\" content=\"Escrito por\" \/>\n\t<meta name=\"twitter:data1\" content=\"Charge\" \/>\n\t<meta name=\"twitter:label2\" content=\"Tiempo de lectura\" \/>\n\t<meta name=\"twitter:data2\" content=\"2 minutos\" \/>\n<script type=\"application\/ld+json\" class=\"yoast-schema-graph\">{\"@context\":\"https:\\\/\\\/schema.org\",\"@graph\":[{\"@type\":\"Article\",\"@id\":\"https:\\\/\\\/sindromecharge.es\\\/index.php\\\/2020\\\/02\\\/20\\\/convocadas-ayudas-por-16-millones-para-promocionar-la-vida-autonoma-de-mayores-y-discapacitados\\\/#article\",\"isPartOf\":{\"@id\":\"https:\\\/\\\/sindromecharge.es\\\/index.php\\\/2020\\\/02\\\/20\\\/convocadas-ayudas-por-16-millones-para-promocionar-la-vida-autonoma-de-mayores-y-discapacitados\\\/\"},\"author\":{\"name\":\"Charge\",\"@id\":\"https:\\\/\\\/sindromecharge.es\\\/#\\\/schema\\\/person\\\/39a60ebe0a2b4d5a11179701e336b039\"},\"headline\":\"Convocadas ayudas por 1,6 millones para promocionar la vida aut\u00f3noma de mayores y discapacitados\",\"datePublished\":\"2020-02-20T09:31:08+00:00\",\"mainEntityOfPage\":{\"@id\":\"https:\\\/\\\/sindromecharge.es\\\/index.php\\\/2020\\\/02\\\/20\\\/convocadas-ayudas-por-16-millones-para-promocionar-la-vida-autonoma-de-mayores-y-discapacitados\\\/\"},\"wordCount\":461,\"commentCount\":0,\"keywords\":[\"discapacidad\"],\"articleSection\":[\"noticias\"],\"inLanguage\":\"es\",\"potentialAction\":[{\"@type\":\"CommentAction\",\"name\":\"Comment\",\"target\":[\"https:\\\/\\\/sindromecharge.es\\\/index.php\\\/2020\\\/02\\\/20\\\/convocadas-ayudas-por-16-millones-para-promocionar-la-vida-autonoma-de-mayores-y-discapacitados\\\/#respond\"]}]},{\"@type\":\"WebPage\",\"@id\":\"https:\\\/\\\/sindromecharge.es\\\/index.php\\\/2020\\\/02\\\/20\\\/convocadas-ayudas-por-16-millones-para-promocionar-la-vida-autonoma-de-mayores-y-discapacitados\\\/\",\"url\":\"https:\\\/\\\/sindromecharge.es\\\/index.php\\\/2020\\\/02\\\/20\\\/convocadas-ayudas-por-16-millones-para-promocionar-la-vida-autonoma-de-mayores-y-discapacitados\\\/\",\"name\":\"Convocadas ayudas por 1,6 millones para promocionar la vida aut\u00f3noma de mayores y discapacitados - Asociaci\u00f3n Espa\u00f1ola S\u00edndrome de Charge\",\"isPartOf\":{\"@id\":\"https:\\\/\\\/sindromecharge.es\\\/#website\"},\"datePublished\":\"2020-02-20T09:31:08+00:00\",\"author\":{\"@id\":\"https:\\\/\\\/sindromecharge.es\\\/#\\\/schema\\\/person\\\/39a60ebe0a2b4d5a11179701e336b039\"},\"breadcrumb\":{\"@id\":\"https:\\\/\\\/sindromecharge.es\\\/index.php\\\/2020\\\/02\\\/20\\\/convocadas-ayudas-por-16-millones-para-promocionar-la-vida-autonoma-de-mayores-y-discapacitados\\\/#breadcrumb\"},\"inLanguage\":\"es\",\"potentialAction\":[{\"@type\":\"ReadAction\",\"target\":[\"https:\\\/\\\/sindromecharge.es\\\/index.php\\\/2020\\\/02\\\/20\\\/convocadas-ayudas-por-16-millones-para-promocionar-la-vida-autonoma-de-mayores-y-discapacitados\\\/\"]}]},{\"@type\":\"BreadcrumbList\",\"@id\":\"https:\\\/\\\/sindromecharge.es\\\/index.php\\\/2020\\\/02\\\/20\\\/convocadas-ayudas-por-16-millones-para-promocionar-la-vida-autonoma-de-mayores-y-discapacitados\\\/#breadcrumb\",\"itemListElement\":[{\"@type\":\"ListItem\",\"position\":1,\"name\":\"Portada\",\"item\":\"https:\\\/\\\/sindromecharge.es\\\/\"},{\"@type\":\"ListItem\",\"position\":2,\"name\":\"Convocadas ayudas por 1,6 millones para promocionar la vida aut\u00f3noma de mayores y discapacitados\"}]},{\"@type\":\"WebSite\",\"@id\":\"https:\\\/\\\/sindromecharge.es\\\/#website\",\"url\":\"https:\\\/\\\/sindromecharge.es\\\/\",\"name\":\"Asociaci\u00f3n Espa\u00f1ola S\u00edndrome de Charge\",\"description\":\"\",\"potentialAction\":[{\"@type\":\"SearchAction\",\"target\":{\"@type\":\"EntryPoint\",\"urlTemplate\":\"https:\\\/\\\/sindromecharge.es\\\/?s={search_term_string}\"},\"query-input\":{\"@type\":\"PropertyValueSpecification\",\"valueRequired\":true,\"valueName\":\"search_term_string\"}}],\"inLanguage\":\"es\"},{\"@type\":\"Person\",\"@id\":\"https:\\\/\\\/sindromecharge.es\\\/#\\\/schema\\\/person\\\/39a60ebe0a2b4d5a11179701e336b039\",\"name\":\"Charge\",\"image\":{\"@type\":\"ImageObject\",\"inLanguage\":\"es\",\"@id\":\"https:\\\/\\\/secure.gravatar.com\\\/avatar\\\/c3b46e32a0fc3b093a0873fb767bf3293de856293065e84ef06b7ec7a8acfb98?s=96&d=identicon&r=x\",\"url\":\"https:\\\/\\\/secure.gravatar.com\\\/avatar\\\/c3b46e32a0fc3b093a0873fb767bf3293de856293065e84ef06b7ec7a8acfb98?s=96&d=identicon&r=x\",\"contentUrl\":\"https:\\\/\\\/secure.gravatar.com\\\/avatar\\\/c3b46e32a0fc3b093a0873fb767bf3293de856293065e84ef06b7ec7a8acfb98?s=96&d=identicon&r=x\",\"caption\":\"Charge\"},\"url\":\"https:\\\/\\\/sindromecharge.es\\\/index.php\\\/author\\\/admin\\\/\"}]}<\/script>\n<!-- \/ Yoast SEO plugin. -->","yoast_head_json":{"title":"Convocadas ayudas por 1,6 millones para promocionar la vida aut\u00f3noma de mayores y discapacitados - Asociaci\u00f3n Espa\u00f1ola S\u00edndrome de Charge","robots":{"index":"index","follow":"follow","max-snippet":"max-snippet:-1","max-image-preview":"max-image-preview:large","max-video-preview":"max-video-preview:-1"},"canonical":"https:\/\/sindromecharge.es\/index.php\/2020\/02\/20\/convocadas-ayudas-por-16-millones-para-promocionar-la-vida-autonoma-de-mayores-y-discapacitados\/","og_locale":"es_ES","og_type":"article","og_title":"Convocadas ayudas por 1,6 millones para promocionar la vida aut\u00f3noma de mayores y discapacitados - Asociaci\u00f3n Espa\u00f1ola S\u00edndrome de Charge","og_description":"Leemos en 20minutos la siguiente noticia que os reproducimos de forma \u00edntegra: Dadas las dificultades a las que se enfrentan estos colectivos, por su edad o limitaciones, la Consejer\u00eda pretende, con esta orden de ayudas, facilitar el acceso a prestaciones y servicios que mejoren su calidad de vida y su integraci\u00f3n en el entorno social. [&hellip;]","og_url":"https:\/\/sindromecharge.es\/index.php\/2020\/02\/20\/convocadas-ayudas-por-16-millones-para-promocionar-la-vida-autonoma-de-mayores-y-discapacitados\/","og_site_name":"Asociaci\u00f3n Espa\u00f1ola S\u00edndrome de Charge","article_publisher":"https:\/\/www.facebook.com\/asociacionsindromecharge","article_published_time":"2020-02-20T09:31:08+00:00","og_image":[{"width":300,"height":98,"url":"https:\/\/sindromecharge.es\/wp-content\/uploads\/2013\/09\/logodecharge300x98.png","type":"image\/png"}],"author":"Charge","twitter_card":"summary_large_image","twitter_creator":"@sindromecharge","twitter_site":"@sindromecharge","twitter_misc":{"Escrito por":"Charge","Tiempo de lectura":"2 minutos"},"schema":{"@context":"https:\/\/schema.org","@graph":[{"@type":"Article","@id":"https:\/\/sindromecharge.es\/index.php\/2020\/02\/20\/convocadas-ayudas-por-16-millones-para-promocionar-la-vida-autonoma-de-mayores-y-discapacitados\/#article","isPartOf":{"@id":"https:\/\/sindromecharge.es\/index.php\/2020\/02\/20\/convocadas-ayudas-por-16-millones-para-promocionar-la-vida-autonoma-de-mayores-y-discapacitados\/"},"author":{"name":"Charge","@id":"https:\/\/sindromecharge.es\/#\/schema\/person\/39a60ebe0a2b4d5a11179701e336b039"},"headline":"Convocadas ayudas por 1,6 millones para promocionar la vida aut\u00f3noma de mayores y discapacitados","datePublished":"2020-02-20T09:31:08+00:00","mainEntityOfPage":{"@id":"https:\/\/sindromecharge.es\/index.php\/2020\/02\/20\/convocadas-ayudas-por-16-millones-para-promocionar-la-vida-autonoma-de-mayores-y-discapacitados\/"},"wordCount":461,"commentCount":0,"keywords":["discapacidad"],"articleSection":["noticias"],"inLanguage":"es","potentialAction":[{"@type":"CommentAction","name":"Comment","target":["https:\/\/sindromecharge.es\/index.php\/2020\/02\/20\/convocadas-ayudas-por-16-millones-para-promocionar-la-vida-autonoma-de-mayores-y-discapacitados\/#respond"]}]},{"@type":"WebPage","@id":"https:\/\/sindromecharge.es\/index.php\/2020\/02\/20\/convocadas-ayudas-por-16-millones-para-promocionar-la-vida-autonoma-de-mayores-y-discapacitados\/","url":"https:\/\/sindromecharge.es\/index.php\/2020\/02\/20\/convocadas-ayudas-por-16-millones-para-promocionar-la-vida-autonoma-de-mayores-y-discapacitados\/","name":"Convocadas ayudas por 1,6 millones para promocionar la vida aut\u00f3noma de mayores y discapacitados - Asociaci\u00f3n Espa\u00f1ola S\u00edndrome de Charge","isPartOf":{"@id":"https:\/\/sindromecharge.es\/#website"},"datePublished":"2020-02-20T09:31:08+00:00","author":{"@id":"https:\/\/sindromecharge.es\/#\/schema\/person\/39a60ebe0a2b4d5a11179701e336b039"},"breadcrumb":{"@id":"https:\/\/sindromecharge.es\/index.php\/2020\/02\/20\/convocadas-ayudas-por-16-millones-para-promocionar-la-vida-autonoma-de-mayores-y-discapacitados\/#breadcrumb"},"inLanguage":"es","potentialAction":[{"@type":"ReadAction","target":["https:\/\/sindromecharge.es\/index.php\/2020\/02\/20\/convocadas-ayudas-por-16-millones-para-promocionar-la-vida-autonoma-de-mayores-y-discapacitados\/"]}]},{"@type":"BreadcrumbList","@id":"https:\/\/sindromecharge.es\/index.php\/2020\/02\/20\/convocadas-ayudas-por-16-millones-para-promocionar-la-vida-autonoma-de-mayores-y-discapacitados\/#breadcrumb","itemListElement":[{"@type":"ListItem","position":1,"name":"Portada","item":"https:\/\/sindromecharge.es\/"},{"@type":"ListItem","position":2,"name":"Convocadas ayudas por 1,6 millones para promocionar la vida aut\u00f3noma de mayores y discapacitados"}]},{"@type":"WebSite","@id":"https:\/\/sindromecharge.es\/#website","url":"https:\/\/sindromecharge.es\/","name":"Asociaci\u00f3n Espa\u00f1ola S\u00edndrome de Charge","description":"","potentialAction":[{"@type":"SearchAction","target":{"@type":"EntryPoint","urlTemplate":"https:\/\/sindromecharge.es\/?s={search_term_string}"},"query-input":{"@type":"PropertyValueSpecification","valueRequired":true,"valueName":"search_term_string"}}],"inLanguage":"es"},{"@type":"Person","@id":"https:\/\/sindromecharge.es\/#\/schema\/person\/39a60ebe0a2b4d5a11179701e336b039","name":"Charge","image":{"@type":"ImageObject","inLanguage":"es","@id":"https:\/\/secure.gravatar.com\/avatar\/c3b46e32a0fc3b093a0873fb767bf3293de856293065e84ef06b7ec7a8acfb98?s=96&d=identicon&r=x","url":"https:\/\/secure.gravatar.com\/avatar\/c3b46e32a0fc3b093a0873fb767bf3293de856293065e84ef06b7ec7a8acfb98?s=96&d=identicon&r=x","contentUrl":"https:\/\/secure.gravatar.com\/avatar\/c3b46e32a0fc3b093a0873fb767bf3293de856293065e84ef06b7ec7a8acfb98?s=96&d=identicon&r=x","caption":"Charge"},"url":"https:\/\/sindromecharge.es\/index.php\/author\/admin\/"}]}},"_links":{"self":[{"href":"https:\/\/sindromecharge.es\/index.php\/wp-json\/wp\/v2\/posts\/5266","targetHints":{"allow":["GET"]}}],"collection":[{"href":"https:\/\/sindromecharge.es\/index.php\/wp-json\/wp\/v2\/posts"}],"about":[{"href":"https:\/\/sindromecharge.es\/index.php\/wp-json\/wp\/v2\/types\/post"}],"author":[{"embeddable":true,"href":"https:\/\/sindromecharge.es\/index.php\/wp-json\/wp\/v2\/users\/1"}],"replies":[{"embeddable":true,"href":"https:\/\/sindromecharge.es\/index.php\/wp-json\/wp\/v2\/comments?post=5266"}],"version-history":[{"count":0,"href":"https:\/\/sindromecharge.es\/index.php\/wp-json\/wp\/v2\/posts\/5266\/revisions"}],"wp:attachment":[{"href":"https:\/\/sindromecharge.es\/index.php\/wp-json\/wp\/v2\/media?parent=5266"}],"wp:term":[{"taxonomy":"category","embeddable":true,"href":"https:\/\/sindromecharge.es\/index.php\/wp-json\/wp\/v2\/categories?post=5266"},{"taxonomy":"post_tag","embeddable":true,"href":"https:\/\/sindromecharge.es\/index.php\/wp-json\/wp\/v2\/tags?post=5266"}],"curies":[{"name":"wp","href":"https:\/\/api.w.org\/{rel}","templated":true}]}}