{"id":5264,"date":"2020-02-19T13:58:20","date_gmt":"2020-02-19T13:58:20","guid":{"rendered":"https:\/\/sindromecharge.es\/index.php\/2020\/02\/19\/un-total-de-25-personas-con-discapacidad-se-forma-en-contact-center-con-un-programa-financiado-por-el-imdeec\/"},"modified":"2020-02-19T13:58:20","modified_gmt":"2020-02-19T13:58:20","slug":"un-total-de-25-personas-con-discapacidad-se-forma-en-contact-center-con-un-programa-financiado-por-el-imdeec","status":"publish","type":"post","link":"https:\/\/sindromecharge.es\/index.php\/2020\/02\/19\/un-total-de-25-personas-con-discapacidad-se-forma-en-contact-center-con-un-programa-financiado-por-el-imdeec\/","title":{"rendered":"Un total de 25 personas con discapacidad se forma en &#039;Contact Center&#039; con un programa financiado por el Imdeec"},"content":{"rendered":"<p>Leemos en 20minutos la siguiente noticia que os reproducimos de forma \u00edntegra: <\/p>\n<p>Este proyecto, impulsado por la Fundaci\u00f3n Prode y financiado por el Instituto Municipal de Desarrollo Econ\u00f3mico y Empleo de C\u00f3rdoba (Imdeec) mediante su convocatoria de ayudas a entidades sin \u00e1nimo de lucro 2019, tiene como objetivos potenciar la formaci\u00f3n de las personas con discapacidad; romper las barreras socioculturales, legales y f\u00edsicas que dificultan su acceso al empleo, y mejorar las condiciones del mismo.<\/p>\n<p>La presidenta del Imdeec, Blanca Torrent, y el presidente de la Fundaci\u00f3n Prode, Blas Garc\u00eda, han sido los encargados de inaugurar una iniciativa que \u00abfacilita la diversificaci\u00f3n profesional de un colectivo especialmente vulnerable, que sufre desempleo de larga duraci\u00f3n o que trabaja en sectores poco cualificados y con baja remuneraci\u00f3n\u00bb, seg\u00fan ha se\u00f1alado la primera.<\/p>\n<p>\u00abCon este plan -ha a\u00f1adido Torrent- queremos potenciar sus capacidades para que puedan acceder al mercado laboral, y favorecer su independencia e inserci\u00f3n social en igualdad de condiciones\u00bb.<\/p>\n<p>Torrent ha destacado tambi\u00e9n \u00abla importancia de las ayudas que presta el Imdeec a las entidades sin \u00e1nimo de lucro locales, que permiten abrir nuevas l\u00edneas de intervenci\u00f3n, necesarias para generar oportunidades para todos e impulsar el desarrollo econ\u00f3mico y social del municipio sin que nadie se quede atr\u00e1s\u00bb.<\/p>\n<p>El sector &#8216;Contact Center&#8217; se ha convertido en una de las mejores v\u00edas para encontrar trabajo para las personas con discapacidad por la incorporaci\u00f3n de las nuevas tecnolog\u00edas. Adem\u00e1s, la Fundaci\u00f3n Prode tiene un acuerdo con una de las empresas m\u00e1s importantes del sector a nivel nacional para formar a trabajadores con discapacidad y que puedan atender su centro de alarmas.<\/p>\n<p>\u00abNo estamos creando falsas expectativas, sino ofreciendo una preparaci\u00f3n orientada al empleo y con un alto grado de inclusi\u00f3n real\u00bb, seg\u00fan ha comentado el presidente de la Fundaci\u00f3n, Blas Garc\u00eda. Para lograrlo, \u00abtrabajamos con docentes expertos que provienen de este \u00e1rea, y que imparten una formaci\u00f3n a la carta, adaptada a las necesidades reales de la empresa\u00bb, ha resaltado.<\/p>\n<p>Para poner en marcha esta iniciativa, la Fundaci\u00f3n Prode cuenta con una subvenci\u00f3n del Imdeec dentro de la l\u00ednea 6 de la convocatoria de incentivos a entidades sin \u00e1nimo de lucro 2019: &#8216;Empleabilidad e innovaci\u00f3n en la inserci\u00f3n sociolaboral de colectivos desfavorecidos&#8217;.<\/p>\n<p>Aunque la actividad estaba planeada para ocho hombres y ocho mujeres con discapacidad, con especial atenci\u00f3n a residentes de zonas desfavorecidas y barriadas perif\u00e9ricas de la capital cordobesa, el cupo se ha aumentado a 25 alumnos. El curso, que consta de 150 horas, finalizar\u00e1 el 30 de marzo.<\/p>\n<p>Fuente: 20minutos <a href=\"https:\/\/www.20minutos.es\/noticia\/4156276\/0\/un-total-de-25-personas-con-discapacidad-se-forma-en-contact-center-con-un-programa-financiado-por-el-imdeec\/\" target=\"_blank\" rel=\"noopener noreferrer\">Un total de 25 personas con discapacidad se forma en &#039;Contact Center&#039; con un programa financiado por el Imdeec<\/a><\/p>\n","protected":false},"excerpt":{"rendered":"<p>Leemos en 20minutos la siguiente noticia que os reproducimos de forma \u00edntegra: Este proyecto, impulsado por la Fundaci\u00f3n Prode y financiado por el Instituto Municipal de Desarrollo Econ\u00f3mico y Empleo de C\u00f3rdoba (Imdeec) mediante su convocatoria de ayudas a entidades sin \u00e1nimo de lucro 2019, tiene como objetivos potenciar la formaci\u00f3n de las personas con [&hellip;]<\/p>\n","protected":false},"author":1,"featured_media":0,"comment_status":"open","ping_status":"closed","sticky":false,"template":"","format":"standard","meta":{"footnotes":""},"categories":[8],"tags":[31],"class_list":["post-5264","post","type-post","status-publish","format-standard","hentry","category-noticias","tag-discapacidad"],"yoast_head":"<!-- This site is optimized with the Yoast SEO plugin v27.4 - https:\/\/yoast.com\/product\/yoast-seo-wordpress\/ -->\n<title>Un total de 25 personas con discapacidad se forma en &#039;Contact Center&#039; con un programa financiado por el Imdeec - Asociaci\u00f3n Espa\u00f1ola S\u00edndrome de Charge<\/title>\n<meta name=\"robots\" content=\"index, follow, max-snippet:-1, max-image-preview:large, max-video-preview:-1\" \/>\n<link rel=\"canonical\" href=\"https:\/\/sindromecharge.es\/index.php\/2020\/02\/19\/un-total-de-25-personas-con-discapacidad-se-forma-en-contact-center-con-un-programa-financiado-por-el-imdeec\/\" \/>\n<meta property=\"og:locale\" content=\"es_ES\" \/>\n<meta property=\"og:type\" content=\"article\" \/>\n<meta property=\"og:title\" content=\"Un total de 25 personas con discapacidad se forma en &#039;Contact Center&#039; con un programa financiado por el Imdeec - Asociaci\u00f3n Espa\u00f1ola S\u00edndrome de Charge\" \/>\n<meta property=\"og:description\" content=\"Leemos en 20minutos la siguiente noticia que os reproducimos de forma \u00edntegra: Este proyecto, impulsado por la Fundaci\u00f3n Prode y financiado por el Instituto Municipal de Desarrollo Econ\u00f3mico y Empleo de C\u00f3rdoba (Imdeec) mediante su convocatoria de ayudas a entidades sin \u00e1nimo de lucro 2019, tiene como objetivos potenciar la formaci\u00f3n de las personas con [&hellip;]\" \/>\n<meta property=\"og:url\" content=\"https:\/\/sindromecharge.es\/index.php\/2020\/02\/19\/un-total-de-25-personas-con-discapacidad-se-forma-en-contact-center-con-un-programa-financiado-por-el-imdeec\/\" \/>\n<meta property=\"og:site_name\" content=\"Asociaci\u00f3n Espa\u00f1ola S\u00edndrome de Charge\" \/>\n<meta property=\"article:publisher\" content=\"https:\/\/www.facebook.com\/asociacionsindromecharge\" \/>\n<meta property=\"article:published_time\" content=\"2020-02-19T13:58:20+00:00\" \/>\n<meta property=\"og:image\" content=\"https:\/\/sindromecharge.es\/wp-content\/uploads\/2013\/09\/logodecharge300x98.png\" \/>\n\t<meta property=\"og:image:width\" content=\"300\" \/>\n\t<meta property=\"og:image:height\" content=\"98\" \/>\n\t<meta property=\"og:image:type\" content=\"image\/png\" \/>\n<meta name=\"author\" content=\"Charge\" \/>\n<meta name=\"twitter:card\" content=\"summary_large_image\" \/>\n<meta name=\"twitter:creator\" content=\"@sindromecharge\" \/>\n<meta name=\"twitter:site\" content=\"@sindromecharge\" \/>\n<meta name=\"twitter:label1\" content=\"Escrito por\" \/>\n\t<meta name=\"twitter:data1\" content=\"Charge\" \/>\n\t<meta name=\"twitter:label2\" content=\"Tiempo de lectura\" \/>\n\t<meta name=\"twitter:data2\" content=\"2 minutos\" \/>\n<script type=\"application\/ld+json\" class=\"yoast-schema-graph\">{\"@context\":\"https:\\\/\\\/schema.org\",\"@graph\":[{\"@type\":\"Article\",\"@id\":\"https:\\\/\\\/sindromecharge.es\\\/index.php\\\/2020\\\/02\\\/19\\\/un-total-de-25-personas-con-discapacidad-se-forma-en-contact-center-con-un-programa-financiado-por-el-imdeec\\\/#article\",\"isPartOf\":{\"@id\":\"https:\\\/\\\/sindromecharge.es\\\/index.php\\\/2020\\\/02\\\/19\\\/un-total-de-25-personas-con-discapacidad-se-forma-en-contact-center-con-un-programa-financiado-por-el-imdeec\\\/\"},\"author\":{\"name\":\"Charge\",\"@id\":\"https:\\\/\\\/sindromecharge.es\\\/#\\\/schema\\\/person\\\/39a60ebe0a2b4d5a11179701e336b039\"},\"headline\":\"Un total de 25 personas con discapacidad se forma en &#039;Contact Center&#039; con un programa financiado por el Imdeec\",\"datePublished\":\"2020-02-19T13:58:20+00:00\",\"mainEntityOfPage\":{\"@id\":\"https:\\\/\\\/sindromecharge.es\\\/index.php\\\/2020\\\/02\\\/19\\\/un-total-de-25-personas-con-discapacidad-se-forma-en-contact-center-con-un-programa-financiado-por-el-imdeec\\\/\"},\"wordCount\":487,\"commentCount\":0,\"keywords\":[\"discapacidad\"],\"articleSection\":[\"noticias\"],\"inLanguage\":\"es\",\"potentialAction\":[{\"@type\":\"CommentAction\",\"name\":\"Comment\",\"target\":[\"https:\\\/\\\/sindromecharge.es\\\/index.php\\\/2020\\\/02\\\/19\\\/un-total-de-25-personas-con-discapacidad-se-forma-en-contact-center-con-un-programa-financiado-por-el-imdeec\\\/#respond\"]}]},{\"@type\":\"WebPage\",\"@id\":\"https:\\\/\\\/sindromecharge.es\\\/index.php\\\/2020\\\/02\\\/19\\\/un-total-de-25-personas-con-discapacidad-se-forma-en-contact-center-con-un-programa-financiado-por-el-imdeec\\\/\",\"url\":\"https:\\\/\\\/sindromecharge.es\\\/index.php\\\/2020\\\/02\\\/19\\\/un-total-de-25-personas-con-discapacidad-se-forma-en-contact-center-con-un-programa-financiado-por-el-imdeec\\\/\",\"name\":\"Un total de 25 personas con discapacidad se forma en &#039;Contact Center&#039; con un programa financiado por el Imdeec - Asociaci\u00f3n Espa\u00f1ola S\u00edndrome de Charge\",\"isPartOf\":{\"@id\":\"https:\\\/\\\/sindromecharge.es\\\/#website\"},\"datePublished\":\"2020-02-19T13:58:20+00:00\",\"author\":{\"@id\":\"https:\\\/\\\/sindromecharge.es\\\/#\\\/schema\\\/person\\\/39a60ebe0a2b4d5a11179701e336b039\"},\"breadcrumb\":{\"@id\":\"https:\\\/\\\/sindromecharge.es\\\/index.php\\\/2020\\\/02\\\/19\\\/un-total-de-25-personas-con-discapacidad-se-forma-en-contact-center-con-un-programa-financiado-por-el-imdeec\\\/#breadcrumb\"},\"inLanguage\":\"es\",\"potentialAction\":[{\"@type\":\"ReadAction\",\"target\":[\"https:\\\/\\\/sindromecharge.es\\\/index.php\\\/2020\\\/02\\\/19\\\/un-total-de-25-personas-con-discapacidad-se-forma-en-contact-center-con-un-programa-financiado-por-el-imdeec\\\/\"]}]},{\"@type\":\"BreadcrumbList\",\"@id\":\"https:\\\/\\\/sindromecharge.es\\\/index.php\\\/2020\\\/02\\\/19\\\/un-total-de-25-personas-con-discapacidad-se-forma-en-contact-center-con-un-programa-financiado-por-el-imdeec\\\/#breadcrumb\",\"itemListElement\":[{\"@type\":\"ListItem\",\"position\":1,\"name\":\"Portada\",\"item\":\"https:\\\/\\\/sindromecharge.es\\\/\"},{\"@type\":\"ListItem\",\"position\":2,\"name\":\"Un total de 25 personas con discapacidad se forma en &#039;Contact Center&#039; con un programa financiado por el Imdeec\"}]},{\"@type\":\"WebSite\",\"@id\":\"https:\\\/\\\/sindromecharge.es\\\/#website\",\"url\":\"https:\\\/\\\/sindromecharge.es\\\/\",\"name\":\"Asociaci\u00f3n Espa\u00f1ola S\u00edndrome de Charge\",\"description\":\"\",\"potentialAction\":[{\"@type\":\"SearchAction\",\"target\":{\"@type\":\"EntryPoint\",\"urlTemplate\":\"https:\\\/\\\/sindromecharge.es\\\/?s={search_term_string}\"},\"query-input\":{\"@type\":\"PropertyValueSpecification\",\"valueRequired\":true,\"valueName\":\"search_term_string\"}}],\"inLanguage\":\"es\"},{\"@type\":\"Person\",\"@id\":\"https:\\\/\\\/sindromecharge.es\\\/#\\\/schema\\\/person\\\/39a60ebe0a2b4d5a11179701e336b039\",\"name\":\"Charge\",\"image\":{\"@type\":\"ImageObject\",\"inLanguage\":\"es\",\"@id\":\"https:\\\/\\\/secure.gravatar.com\\\/avatar\\\/c3b46e32a0fc3b093a0873fb767bf3293de856293065e84ef06b7ec7a8acfb98?s=96&d=identicon&r=x\",\"url\":\"https:\\\/\\\/secure.gravatar.com\\\/avatar\\\/c3b46e32a0fc3b093a0873fb767bf3293de856293065e84ef06b7ec7a8acfb98?s=96&d=identicon&r=x\",\"contentUrl\":\"https:\\\/\\\/secure.gravatar.com\\\/avatar\\\/c3b46e32a0fc3b093a0873fb767bf3293de856293065e84ef06b7ec7a8acfb98?s=96&d=identicon&r=x\",\"caption\":\"Charge\"},\"url\":\"https:\\\/\\\/sindromecharge.es\\\/index.php\\\/author\\\/admin\\\/\"}]}<\/script>\n<!-- \/ Yoast SEO plugin. -->","yoast_head_json":{"title":"Un total de 25 personas con discapacidad se forma en &#039;Contact Center&#039; con un programa financiado por el Imdeec - Asociaci\u00f3n Espa\u00f1ola S\u00edndrome de Charge","robots":{"index":"index","follow":"follow","max-snippet":"max-snippet:-1","max-image-preview":"max-image-preview:large","max-video-preview":"max-video-preview:-1"},"canonical":"https:\/\/sindromecharge.es\/index.php\/2020\/02\/19\/un-total-de-25-personas-con-discapacidad-se-forma-en-contact-center-con-un-programa-financiado-por-el-imdeec\/","og_locale":"es_ES","og_type":"article","og_title":"Un total de 25 personas con discapacidad se forma en &#039;Contact Center&#039; con un programa financiado por el Imdeec - Asociaci\u00f3n Espa\u00f1ola S\u00edndrome de Charge","og_description":"Leemos en 20minutos la siguiente noticia que os reproducimos de forma \u00edntegra: Este proyecto, impulsado por la Fundaci\u00f3n Prode y financiado por el Instituto Municipal de Desarrollo Econ\u00f3mico y Empleo de C\u00f3rdoba (Imdeec) mediante su convocatoria de ayudas a entidades sin \u00e1nimo de lucro 2019, tiene como objetivos potenciar la formaci\u00f3n de las personas con [&hellip;]","og_url":"https:\/\/sindromecharge.es\/index.php\/2020\/02\/19\/un-total-de-25-personas-con-discapacidad-se-forma-en-contact-center-con-un-programa-financiado-por-el-imdeec\/","og_site_name":"Asociaci\u00f3n Espa\u00f1ola S\u00edndrome de Charge","article_publisher":"https:\/\/www.facebook.com\/asociacionsindromecharge","article_published_time":"2020-02-19T13:58:20+00:00","og_image":[{"width":300,"height":98,"url":"https:\/\/sindromecharge.es\/wp-content\/uploads\/2013\/09\/logodecharge300x98.png","type":"image\/png"}],"author":"Charge","twitter_card":"summary_large_image","twitter_creator":"@sindromecharge","twitter_site":"@sindromecharge","twitter_misc":{"Escrito por":"Charge","Tiempo de lectura":"2 minutos"},"schema":{"@context":"https:\/\/schema.org","@graph":[{"@type":"Article","@id":"https:\/\/sindromecharge.es\/index.php\/2020\/02\/19\/un-total-de-25-personas-con-discapacidad-se-forma-en-contact-center-con-un-programa-financiado-por-el-imdeec\/#article","isPartOf":{"@id":"https:\/\/sindromecharge.es\/index.php\/2020\/02\/19\/un-total-de-25-personas-con-discapacidad-se-forma-en-contact-center-con-un-programa-financiado-por-el-imdeec\/"},"author":{"name":"Charge","@id":"https:\/\/sindromecharge.es\/#\/schema\/person\/39a60ebe0a2b4d5a11179701e336b039"},"headline":"Un total de 25 personas con discapacidad se forma en &#039;Contact Center&#039; con un programa financiado por el Imdeec","datePublished":"2020-02-19T13:58:20+00:00","mainEntityOfPage":{"@id":"https:\/\/sindromecharge.es\/index.php\/2020\/02\/19\/un-total-de-25-personas-con-discapacidad-se-forma-en-contact-center-con-un-programa-financiado-por-el-imdeec\/"},"wordCount":487,"commentCount":0,"keywords":["discapacidad"],"articleSection":["noticias"],"inLanguage":"es","potentialAction":[{"@type":"CommentAction","name":"Comment","target":["https:\/\/sindromecharge.es\/index.php\/2020\/02\/19\/un-total-de-25-personas-con-discapacidad-se-forma-en-contact-center-con-un-programa-financiado-por-el-imdeec\/#respond"]}]},{"@type":"WebPage","@id":"https:\/\/sindromecharge.es\/index.php\/2020\/02\/19\/un-total-de-25-personas-con-discapacidad-se-forma-en-contact-center-con-un-programa-financiado-por-el-imdeec\/","url":"https:\/\/sindromecharge.es\/index.php\/2020\/02\/19\/un-total-de-25-personas-con-discapacidad-se-forma-en-contact-center-con-un-programa-financiado-por-el-imdeec\/","name":"Un total de 25 personas con discapacidad se forma en &#039;Contact Center&#039; con un programa financiado por el Imdeec - Asociaci\u00f3n Espa\u00f1ola S\u00edndrome de Charge","isPartOf":{"@id":"https:\/\/sindromecharge.es\/#website"},"datePublished":"2020-02-19T13:58:20+00:00","author":{"@id":"https:\/\/sindromecharge.es\/#\/schema\/person\/39a60ebe0a2b4d5a11179701e336b039"},"breadcrumb":{"@id":"https:\/\/sindromecharge.es\/index.php\/2020\/02\/19\/un-total-de-25-personas-con-discapacidad-se-forma-en-contact-center-con-un-programa-financiado-por-el-imdeec\/#breadcrumb"},"inLanguage":"es","potentialAction":[{"@type":"ReadAction","target":["https:\/\/sindromecharge.es\/index.php\/2020\/02\/19\/un-total-de-25-personas-con-discapacidad-se-forma-en-contact-center-con-un-programa-financiado-por-el-imdeec\/"]}]},{"@type":"BreadcrumbList","@id":"https:\/\/sindromecharge.es\/index.php\/2020\/02\/19\/un-total-de-25-personas-con-discapacidad-se-forma-en-contact-center-con-un-programa-financiado-por-el-imdeec\/#breadcrumb","itemListElement":[{"@type":"ListItem","position":1,"name":"Portada","item":"https:\/\/sindromecharge.es\/"},{"@type":"ListItem","position":2,"name":"Un total de 25 personas con discapacidad se forma en &#039;Contact Center&#039; con un programa financiado por el Imdeec"}]},{"@type":"WebSite","@id":"https:\/\/sindromecharge.es\/#website","url":"https:\/\/sindromecharge.es\/","name":"Asociaci\u00f3n Espa\u00f1ola S\u00edndrome de Charge","description":"","potentialAction":[{"@type":"SearchAction","target":{"@type":"EntryPoint","urlTemplate":"https:\/\/sindromecharge.es\/?s={search_term_string}"},"query-input":{"@type":"PropertyValueSpecification","valueRequired":true,"valueName":"search_term_string"}}],"inLanguage":"es"},{"@type":"Person","@id":"https:\/\/sindromecharge.es\/#\/schema\/person\/39a60ebe0a2b4d5a11179701e336b039","name":"Charge","image":{"@type":"ImageObject","inLanguage":"es","@id":"https:\/\/secure.gravatar.com\/avatar\/c3b46e32a0fc3b093a0873fb767bf3293de856293065e84ef06b7ec7a8acfb98?s=96&d=identicon&r=x","url":"https:\/\/secure.gravatar.com\/avatar\/c3b46e32a0fc3b093a0873fb767bf3293de856293065e84ef06b7ec7a8acfb98?s=96&d=identicon&r=x","contentUrl":"https:\/\/secure.gravatar.com\/avatar\/c3b46e32a0fc3b093a0873fb767bf3293de856293065e84ef06b7ec7a8acfb98?s=96&d=identicon&r=x","caption":"Charge"},"url":"https:\/\/sindromecharge.es\/index.php\/author\/admin\/"}]}},"_links":{"self":[{"href":"https:\/\/sindromecharge.es\/index.php\/wp-json\/wp\/v2\/posts\/5264","targetHints":{"allow":["GET"]}}],"collection":[{"href":"https:\/\/sindromecharge.es\/index.php\/wp-json\/wp\/v2\/posts"}],"about":[{"href":"https:\/\/sindromecharge.es\/index.php\/wp-json\/wp\/v2\/types\/post"}],"author":[{"embeddable":true,"href":"https:\/\/sindromecharge.es\/index.php\/wp-json\/wp\/v2\/users\/1"}],"replies":[{"embeddable":true,"href":"https:\/\/sindromecharge.es\/index.php\/wp-json\/wp\/v2\/comments?post=5264"}],"version-history":[{"count":0,"href":"https:\/\/sindromecharge.es\/index.php\/wp-json\/wp\/v2\/posts\/5264\/revisions"}],"wp:attachment":[{"href":"https:\/\/sindromecharge.es\/index.php\/wp-json\/wp\/v2\/media?parent=5264"}],"wp:term":[{"taxonomy":"category","embeddable":true,"href":"https:\/\/sindromecharge.es\/index.php\/wp-json\/wp\/v2\/categories?post=5264"},{"taxonomy":"post_tag","embeddable":true,"href":"https:\/\/sindromecharge.es\/index.php\/wp-json\/wp\/v2\/tags?post=5264"}],"curies":[{"name":"wp","href":"https:\/\/api.w.org\/{rel}","templated":true}]}}