{"id":5262,"date":"2020-02-19T10:35:09","date_gmt":"2020-02-19T10:35:09","guid":{"rendered":"https:\/\/sindromecharge.es\/index.php\/2020\/02\/19\/fundacion-randstad-y-unir-ponen-en-marcha-nuevos-cursos-de-formacion-especializada-para-personas-con-discapacidad\/"},"modified":"2020-02-19T10:35:09","modified_gmt":"2020-02-19T10:35:09","slug":"fundacion-randstad-y-unir-ponen-en-marcha-nuevos-cursos-de-formacion-especializada-para-personas-con-discapacidad","status":"publish","type":"post","link":"https:\/\/sindromecharge.es\/index.php\/2020\/02\/19\/fundacion-randstad-y-unir-ponen-en-marcha-nuevos-cursos-de-formacion-especializada-para-personas-con-discapacidad\/","title":{"rendered":"Fundaci\u00f3n Randstad y UNIR ponen en marcha nuevos cursos de formaci\u00f3n especializada para personas con discapacidad"},"content":{"rendered":"<p>Leemos en 20minutos la siguiente noticia que os reproducimos de forma \u00edntegra: <\/p>\n<p>Se trata de una oferta formativa gratuita para personas atendidas por la Fundaci\u00f3n Randstad, impartida online por alumnos, egresados profesores y personal no docente, de la UNIR a trav\u00e9s de su Campus Solidario, y que permite a los alumnos obtener un t\u00edtulo acreditativo de la Universidad. Los cursos comenzar\u00e1n el pr\u00f3ximo 11 de marzo y finalizan el 17 de junio.<\/p>\n<p>En esta nueva edici\u00f3n se impartir\u00e1n 14 m\u00f3dulos formativos, entre los que se encuentran cursos transversales, como los orientados a adquirir conocimientos de ofim\u00e1tica, ingl\u00e9s, eficacia y eficiencia en el trabajo o construcci\u00f3n de un CV y una marca personal a trav\u00e9s de las redes sociales. A ellos se suman cursos m\u00e1s especializados para avanzar en su cualificaci\u00f3n en los \u00e1mbitos del marketing, la comunicaci\u00f3n, el comercio, la contabilidad o los recursos humanos.<\/p>\n<p>Gracias a esta colaboraci\u00f3n formativa, en 2019 m\u00e1s de 90 personas con discapacidad atendidas por la Fundaci\u00f3n Randstad mejoraron su empleabilidad aumentando sus posibilidades de acceder a un empleo.<\/p>\n<p>Para acceder a estos cursos formativos es imprescindible formar parte del Ability Campus que Fundaci\u00f3n Randstad desarrolla a nivel nacional. Con ello, la Fundaci\u00f3n Randstad garantiza el seguimiento de los alumnos formados, acompa\u00f1\u00e1ndoles en el camino al empleo.Esta colaboraci\u00f3n forma parte del compromiso de la Fundaci\u00f3n Randstad con la igualdad de oportunidades en empleo para las personas con discapacidad.<\/p>\n<p>En el marco de este compromiso, desde la Fundaci\u00f3n se han desarrollado itinerarios formativos especializados para talento con discapacidad, bajo el nombre de Ability Campus, orientados a ayudarles a adaptarse y responder a las demandas laborales en un contexto marcado por la digitalizaci\u00f3n.<\/p>\n<p>Todas estas formaciones no tienen coste para las personas atendidas por la Fundaci\u00f3n Randstad y cualquier persona con discapacidad puede acceder a ellas acerc\u00e1ndose a su oficina de Fundaci\u00f3n m\u00e1s cercana.<\/p>\n<p>Fuente: 20minutos <a href=\"https:\/\/www.20minutos.es\/noticia\/4155723\/0\/fundacion-randstad-y-unir-ponen-en-marcha-nuevos-cursos-de-formacion-especializada-para-personas-con-discapacidad\/\" target=\"_blank\" rel=\"noopener noreferrer\">Fundaci\u00f3n Randstad y UNIR ponen en marcha nuevos cursos de formaci\u00f3n especializada para personas con discapacidad<\/a><\/p>\n","protected":false},"excerpt":{"rendered":"<p>Leemos en 20minutos la siguiente noticia que os reproducimos de forma \u00edntegra: Se trata de una oferta formativa gratuita para personas atendidas por la Fundaci\u00f3n Randstad, impartida online por alumnos, egresados profesores y personal no docente, de la UNIR a trav\u00e9s de su Campus Solidario, y que permite a los alumnos obtener un t\u00edtulo acreditativo [&hellip;]<\/p>\n","protected":false},"author":1,"featured_media":0,"comment_status":"open","ping_status":"closed","sticky":false,"template":"","format":"standard","meta":{"footnotes":""},"categories":[8],"tags":[31],"class_list":["post-5262","post","type-post","status-publish","format-standard","hentry","category-noticias","tag-discapacidad"],"yoast_head":"<!-- This site is optimized with the Yoast SEO plugin v27.4 - https:\/\/yoast.com\/product\/yoast-seo-wordpress\/ -->\n<title>Fundaci\u00f3n Randstad y UNIR ponen en marcha nuevos cursos de formaci\u00f3n especializada para personas con discapacidad - Asociaci\u00f3n Espa\u00f1ola S\u00edndrome de Charge<\/title>\n<meta name=\"robots\" content=\"index, follow, max-snippet:-1, max-image-preview:large, max-video-preview:-1\" \/>\n<link rel=\"canonical\" href=\"https:\/\/sindromecharge.es\/index.php\/2020\/02\/19\/fundacion-randstad-y-unir-ponen-en-marcha-nuevos-cursos-de-formacion-especializada-para-personas-con-discapacidad\/\" \/>\n<meta property=\"og:locale\" content=\"es_ES\" \/>\n<meta property=\"og:type\" content=\"article\" \/>\n<meta property=\"og:title\" content=\"Fundaci\u00f3n Randstad y UNIR ponen en marcha nuevos cursos de formaci\u00f3n especializada para personas con discapacidad - Asociaci\u00f3n Espa\u00f1ola S\u00edndrome de Charge\" \/>\n<meta property=\"og:description\" content=\"Leemos en 20minutos la siguiente noticia que os reproducimos de forma \u00edntegra: Se trata de una oferta formativa gratuita para personas atendidas por la Fundaci\u00f3n Randstad, impartida online por alumnos, egresados profesores y personal no docente, de la UNIR a trav\u00e9s de su Campus Solidario, y que permite a los alumnos obtener un t\u00edtulo acreditativo [&hellip;]\" \/>\n<meta property=\"og:url\" content=\"https:\/\/sindromecharge.es\/index.php\/2020\/02\/19\/fundacion-randstad-y-unir-ponen-en-marcha-nuevos-cursos-de-formacion-especializada-para-personas-con-discapacidad\/\" \/>\n<meta property=\"og:site_name\" content=\"Asociaci\u00f3n Espa\u00f1ola S\u00edndrome de Charge\" \/>\n<meta property=\"article:publisher\" content=\"https:\/\/www.facebook.com\/asociacionsindromecharge\" \/>\n<meta property=\"article:published_time\" content=\"2020-02-19T10:35:09+00:00\" \/>\n<meta property=\"og:image\" content=\"https:\/\/sindromecharge.es\/wp-content\/uploads\/2013\/09\/logodecharge300x98.png\" \/>\n\t<meta property=\"og:image:width\" content=\"300\" \/>\n\t<meta property=\"og:image:height\" content=\"98\" \/>\n\t<meta property=\"og:image:type\" content=\"image\/png\" \/>\n<meta name=\"author\" content=\"Charge\" \/>\n<meta name=\"twitter:card\" content=\"summary_large_image\" \/>\n<meta name=\"twitter:creator\" content=\"@sindromecharge\" \/>\n<meta name=\"twitter:site\" content=\"@sindromecharge\" \/>\n<meta name=\"twitter:label1\" content=\"Escrito por\" \/>\n\t<meta name=\"twitter:data1\" content=\"Charge\" \/>\n\t<meta name=\"twitter:label2\" content=\"Tiempo de lectura\" \/>\n\t<meta name=\"twitter:data2\" content=\"2 minutos\" \/>\n<script type=\"application\/ld+json\" class=\"yoast-schema-graph\">{\"@context\":\"https:\\\/\\\/schema.org\",\"@graph\":[{\"@type\":\"Article\",\"@id\":\"https:\\\/\\\/sindromecharge.es\\\/index.php\\\/2020\\\/02\\\/19\\\/fundacion-randstad-y-unir-ponen-en-marcha-nuevos-cursos-de-formacion-especializada-para-personas-con-discapacidad\\\/#article\",\"isPartOf\":{\"@id\":\"https:\\\/\\\/sindromecharge.es\\\/index.php\\\/2020\\\/02\\\/19\\\/fundacion-randstad-y-unir-ponen-en-marcha-nuevos-cursos-de-formacion-especializada-para-personas-con-discapacidad\\\/\"},\"author\":{\"name\":\"Charge\",\"@id\":\"https:\\\/\\\/sindromecharge.es\\\/#\\\/schema\\\/person\\\/39a60ebe0a2b4d5a11179701e336b039\"},\"headline\":\"Fundaci\u00f3n Randstad y UNIR ponen en marcha nuevos cursos de formaci\u00f3n especializada para personas con discapacidad\",\"datePublished\":\"2020-02-19T10:35:09+00:00\",\"mainEntityOfPage\":{\"@id\":\"https:\\\/\\\/sindromecharge.es\\\/index.php\\\/2020\\\/02\\\/19\\\/fundacion-randstad-y-unir-ponen-en-marcha-nuevos-cursos-de-formacion-especializada-para-personas-con-discapacidad\\\/\"},\"wordCount\":370,\"commentCount\":0,\"keywords\":[\"discapacidad\"],\"articleSection\":[\"noticias\"],\"inLanguage\":\"es\",\"potentialAction\":[{\"@type\":\"CommentAction\",\"name\":\"Comment\",\"target\":[\"https:\\\/\\\/sindromecharge.es\\\/index.php\\\/2020\\\/02\\\/19\\\/fundacion-randstad-y-unir-ponen-en-marcha-nuevos-cursos-de-formacion-especializada-para-personas-con-discapacidad\\\/#respond\"]}]},{\"@type\":\"WebPage\",\"@id\":\"https:\\\/\\\/sindromecharge.es\\\/index.php\\\/2020\\\/02\\\/19\\\/fundacion-randstad-y-unir-ponen-en-marcha-nuevos-cursos-de-formacion-especializada-para-personas-con-discapacidad\\\/\",\"url\":\"https:\\\/\\\/sindromecharge.es\\\/index.php\\\/2020\\\/02\\\/19\\\/fundacion-randstad-y-unir-ponen-en-marcha-nuevos-cursos-de-formacion-especializada-para-personas-con-discapacidad\\\/\",\"name\":\"Fundaci\u00f3n Randstad y UNIR ponen en marcha nuevos cursos de formaci\u00f3n especializada para personas con discapacidad - Asociaci\u00f3n Espa\u00f1ola S\u00edndrome de Charge\",\"isPartOf\":{\"@id\":\"https:\\\/\\\/sindromecharge.es\\\/#website\"},\"datePublished\":\"2020-02-19T10:35:09+00:00\",\"author\":{\"@id\":\"https:\\\/\\\/sindromecharge.es\\\/#\\\/schema\\\/person\\\/39a60ebe0a2b4d5a11179701e336b039\"},\"breadcrumb\":{\"@id\":\"https:\\\/\\\/sindromecharge.es\\\/index.php\\\/2020\\\/02\\\/19\\\/fundacion-randstad-y-unir-ponen-en-marcha-nuevos-cursos-de-formacion-especializada-para-personas-con-discapacidad\\\/#breadcrumb\"},\"inLanguage\":\"es\",\"potentialAction\":[{\"@type\":\"ReadAction\",\"target\":[\"https:\\\/\\\/sindromecharge.es\\\/index.php\\\/2020\\\/02\\\/19\\\/fundacion-randstad-y-unir-ponen-en-marcha-nuevos-cursos-de-formacion-especializada-para-personas-con-discapacidad\\\/\"]}]},{\"@type\":\"BreadcrumbList\",\"@id\":\"https:\\\/\\\/sindromecharge.es\\\/index.php\\\/2020\\\/02\\\/19\\\/fundacion-randstad-y-unir-ponen-en-marcha-nuevos-cursos-de-formacion-especializada-para-personas-con-discapacidad\\\/#breadcrumb\",\"itemListElement\":[{\"@type\":\"ListItem\",\"position\":1,\"name\":\"Portada\",\"item\":\"https:\\\/\\\/sindromecharge.es\\\/\"},{\"@type\":\"ListItem\",\"position\":2,\"name\":\"Fundaci\u00f3n Randstad y UNIR ponen en marcha nuevos cursos de formaci\u00f3n especializada para personas con discapacidad\"}]},{\"@type\":\"WebSite\",\"@id\":\"https:\\\/\\\/sindromecharge.es\\\/#website\",\"url\":\"https:\\\/\\\/sindromecharge.es\\\/\",\"name\":\"Asociaci\u00f3n Espa\u00f1ola S\u00edndrome de Charge\",\"description\":\"\",\"potentialAction\":[{\"@type\":\"SearchAction\",\"target\":{\"@type\":\"EntryPoint\",\"urlTemplate\":\"https:\\\/\\\/sindromecharge.es\\\/?s={search_term_string}\"},\"query-input\":{\"@type\":\"PropertyValueSpecification\",\"valueRequired\":true,\"valueName\":\"search_term_string\"}}],\"inLanguage\":\"es\"},{\"@type\":\"Person\",\"@id\":\"https:\\\/\\\/sindromecharge.es\\\/#\\\/schema\\\/person\\\/39a60ebe0a2b4d5a11179701e336b039\",\"name\":\"Charge\",\"image\":{\"@type\":\"ImageObject\",\"inLanguage\":\"es\",\"@id\":\"https:\\\/\\\/secure.gravatar.com\\\/avatar\\\/c3b46e32a0fc3b093a0873fb767bf3293de856293065e84ef06b7ec7a8acfb98?s=96&d=identicon&r=x\",\"url\":\"https:\\\/\\\/secure.gravatar.com\\\/avatar\\\/c3b46e32a0fc3b093a0873fb767bf3293de856293065e84ef06b7ec7a8acfb98?s=96&d=identicon&r=x\",\"contentUrl\":\"https:\\\/\\\/secure.gravatar.com\\\/avatar\\\/c3b46e32a0fc3b093a0873fb767bf3293de856293065e84ef06b7ec7a8acfb98?s=96&d=identicon&r=x\",\"caption\":\"Charge\"},\"url\":\"https:\\\/\\\/sindromecharge.es\\\/index.php\\\/author\\\/admin\\\/\"}]}<\/script>\n<!-- \/ Yoast SEO plugin. -->","yoast_head_json":{"title":"Fundaci\u00f3n Randstad y UNIR ponen en marcha nuevos cursos de formaci\u00f3n especializada para personas con discapacidad - Asociaci\u00f3n Espa\u00f1ola S\u00edndrome de Charge","robots":{"index":"index","follow":"follow","max-snippet":"max-snippet:-1","max-image-preview":"max-image-preview:large","max-video-preview":"max-video-preview:-1"},"canonical":"https:\/\/sindromecharge.es\/index.php\/2020\/02\/19\/fundacion-randstad-y-unir-ponen-en-marcha-nuevos-cursos-de-formacion-especializada-para-personas-con-discapacidad\/","og_locale":"es_ES","og_type":"article","og_title":"Fundaci\u00f3n Randstad y UNIR ponen en marcha nuevos cursos de formaci\u00f3n especializada para personas con discapacidad - Asociaci\u00f3n Espa\u00f1ola S\u00edndrome de Charge","og_description":"Leemos en 20minutos la siguiente noticia que os reproducimos de forma \u00edntegra: Se trata de una oferta formativa gratuita para personas atendidas por la Fundaci\u00f3n Randstad, impartida online por alumnos, egresados profesores y personal no docente, de la UNIR a trav\u00e9s de su Campus Solidario, y que permite a los alumnos obtener un t\u00edtulo acreditativo [&hellip;]","og_url":"https:\/\/sindromecharge.es\/index.php\/2020\/02\/19\/fundacion-randstad-y-unir-ponen-en-marcha-nuevos-cursos-de-formacion-especializada-para-personas-con-discapacidad\/","og_site_name":"Asociaci\u00f3n Espa\u00f1ola S\u00edndrome de Charge","article_publisher":"https:\/\/www.facebook.com\/asociacionsindromecharge","article_published_time":"2020-02-19T10:35:09+00:00","og_image":[{"width":300,"height":98,"url":"https:\/\/sindromecharge.es\/wp-content\/uploads\/2013\/09\/logodecharge300x98.png","type":"image\/png"}],"author":"Charge","twitter_card":"summary_large_image","twitter_creator":"@sindromecharge","twitter_site":"@sindromecharge","twitter_misc":{"Escrito por":"Charge","Tiempo de lectura":"2 minutos"},"schema":{"@context":"https:\/\/schema.org","@graph":[{"@type":"Article","@id":"https:\/\/sindromecharge.es\/index.php\/2020\/02\/19\/fundacion-randstad-y-unir-ponen-en-marcha-nuevos-cursos-de-formacion-especializada-para-personas-con-discapacidad\/#article","isPartOf":{"@id":"https:\/\/sindromecharge.es\/index.php\/2020\/02\/19\/fundacion-randstad-y-unir-ponen-en-marcha-nuevos-cursos-de-formacion-especializada-para-personas-con-discapacidad\/"},"author":{"name":"Charge","@id":"https:\/\/sindromecharge.es\/#\/schema\/person\/39a60ebe0a2b4d5a11179701e336b039"},"headline":"Fundaci\u00f3n Randstad y UNIR ponen en marcha nuevos cursos de formaci\u00f3n especializada para personas con discapacidad","datePublished":"2020-02-19T10:35:09+00:00","mainEntityOfPage":{"@id":"https:\/\/sindromecharge.es\/index.php\/2020\/02\/19\/fundacion-randstad-y-unir-ponen-en-marcha-nuevos-cursos-de-formacion-especializada-para-personas-con-discapacidad\/"},"wordCount":370,"commentCount":0,"keywords":["discapacidad"],"articleSection":["noticias"],"inLanguage":"es","potentialAction":[{"@type":"CommentAction","name":"Comment","target":["https:\/\/sindromecharge.es\/index.php\/2020\/02\/19\/fundacion-randstad-y-unir-ponen-en-marcha-nuevos-cursos-de-formacion-especializada-para-personas-con-discapacidad\/#respond"]}]},{"@type":"WebPage","@id":"https:\/\/sindromecharge.es\/index.php\/2020\/02\/19\/fundacion-randstad-y-unir-ponen-en-marcha-nuevos-cursos-de-formacion-especializada-para-personas-con-discapacidad\/","url":"https:\/\/sindromecharge.es\/index.php\/2020\/02\/19\/fundacion-randstad-y-unir-ponen-en-marcha-nuevos-cursos-de-formacion-especializada-para-personas-con-discapacidad\/","name":"Fundaci\u00f3n Randstad y UNIR ponen en marcha nuevos cursos de formaci\u00f3n especializada para personas con discapacidad - Asociaci\u00f3n Espa\u00f1ola S\u00edndrome de Charge","isPartOf":{"@id":"https:\/\/sindromecharge.es\/#website"},"datePublished":"2020-02-19T10:35:09+00:00","author":{"@id":"https:\/\/sindromecharge.es\/#\/schema\/person\/39a60ebe0a2b4d5a11179701e336b039"},"breadcrumb":{"@id":"https:\/\/sindromecharge.es\/index.php\/2020\/02\/19\/fundacion-randstad-y-unir-ponen-en-marcha-nuevos-cursos-de-formacion-especializada-para-personas-con-discapacidad\/#breadcrumb"},"inLanguage":"es","potentialAction":[{"@type":"ReadAction","target":["https:\/\/sindromecharge.es\/index.php\/2020\/02\/19\/fundacion-randstad-y-unir-ponen-en-marcha-nuevos-cursos-de-formacion-especializada-para-personas-con-discapacidad\/"]}]},{"@type":"BreadcrumbList","@id":"https:\/\/sindromecharge.es\/index.php\/2020\/02\/19\/fundacion-randstad-y-unir-ponen-en-marcha-nuevos-cursos-de-formacion-especializada-para-personas-con-discapacidad\/#breadcrumb","itemListElement":[{"@type":"ListItem","position":1,"name":"Portada","item":"https:\/\/sindromecharge.es\/"},{"@type":"ListItem","position":2,"name":"Fundaci\u00f3n Randstad y UNIR ponen en marcha nuevos cursos de formaci\u00f3n especializada para personas con discapacidad"}]},{"@type":"WebSite","@id":"https:\/\/sindromecharge.es\/#website","url":"https:\/\/sindromecharge.es\/","name":"Asociaci\u00f3n Espa\u00f1ola S\u00edndrome de Charge","description":"","potentialAction":[{"@type":"SearchAction","target":{"@type":"EntryPoint","urlTemplate":"https:\/\/sindromecharge.es\/?s={search_term_string}"},"query-input":{"@type":"PropertyValueSpecification","valueRequired":true,"valueName":"search_term_string"}}],"inLanguage":"es"},{"@type":"Person","@id":"https:\/\/sindromecharge.es\/#\/schema\/person\/39a60ebe0a2b4d5a11179701e336b039","name":"Charge","image":{"@type":"ImageObject","inLanguage":"es","@id":"https:\/\/secure.gravatar.com\/avatar\/c3b46e32a0fc3b093a0873fb767bf3293de856293065e84ef06b7ec7a8acfb98?s=96&d=identicon&r=x","url":"https:\/\/secure.gravatar.com\/avatar\/c3b46e32a0fc3b093a0873fb767bf3293de856293065e84ef06b7ec7a8acfb98?s=96&d=identicon&r=x","contentUrl":"https:\/\/secure.gravatar.com\/avatar\/c3b46e32a0fc3b093a0873fb767bf3293de856293065e84ef06b7ec7a8acfb98?s=96&d=identicon&r=x","caption":"Charge"},"url":"https:\/\/sindromecharge.es\/index.php\/author\/admin\/"}]}},"_links":{"self":[{"href":"https:\/\/sindromecharge.es\/index.php\/wp-json\/wp\/v2\/posts\/5262","targetHints":{"allow":["GET"]}}],"collection":[{"href":"https:\/\/sindromecharge.es\/index.php\/wp-json\/wp\/v2\/posts"}],"about":[{"href":"https:\/\/sindromecharge.es\/index.php\/wp-json\/wp\/v2\/types\/post"}],"author":[{"embeddable":true,"href":"https:\/\/sindromecharge.es\/index.php\/wp-json\/wp\/v2\/users\/1"}],"replies":[{"embeddable":true,"href":"https:\/\/sindromecharge.es\/index.php\/wp-json\/wp\/v2\/comments?post=5262"}],"version-history":[{"count":0,"href":"https:\/\/sindromecharge.es\/index.php\/wp-json\/wp\/v2\/posts\/5262\/revisions"}],"wp:attachment":[{"href":"https:\/\/sindromecharge.es\/index.php\/wp-json\/wp\/v2\/media?parent=5262"}],"wp:term":[{"taxonomy":"category","embeddable":true,"href":"https:\/\/sindromecharge.es\/index.php\/wp-json\/wp\/v2\/categories?post=5262"},{"taxonomy":"post_tag","embeddable":true,"href":"https:\/\/sindromecharge.es\/index.php\/wp-json\/wp\/v2\/tags?post=5262"}],"curies":[{"name":"wp","href":"https:\/\/api.w.org\/{rel}","templated":true}]}}