{"id":5242,"date":"2020-02-16T10:21:09","date_gmt":"2020-02-16T10:21:09","guid":{"rendered":"https:\/\/sindromecharge.es\/index.php\/2020\/02\/16\/el-pp-pide-eximir-el-pago-de-peajes-a-vehiculos-de-personas-con-movilidad-reducida\/"},"modified":"2020-02-16T10:21:09","modified_gmt":"2020-02-16T10:21:09","slug":"el-pp-pide-eximir-el-pago-de-peajes-a-vehiculos-de-personas-con-movilidad-reducida","status":"publish","type":"post","link":"https:\/\/sindromecharge.es\/index.php\/2020\/02\/16\/el-pp-pide-eximir-el-pago-de-peajes-a-vehiculos-de-personas-con-movilidad-reducida\/","title":{"rendered":"El PP pide eximir el pago de peajes a veh\u00edculos de personas con movilidad reducida"},"content":{"rendered":"<p>Leemos en 20minutos la siguiente noticia que os reproducimos de forma \u00edntegra: <\/p>\n<p>La senadora murciana ha explicado que esta iniciativa la viene reclamando desde hace tiempo el Comit\u00e9 Espa\u00f1ol de Personas con Discapacidad (CERMI), por lo que, seg\u00fan ha indicado, \u00abcon esta modificaci\u00f3n se articula el mecanismo que permite garantizar la accesibilidad universal en la que desde hace a\u00f1os estamos liderando en el Partido Popular\u00bb.<\/p>\n<p>Tom\u00e1s, ha se\u00f1alado que la libertad de circulaci\u00f3n y de desplazamiento, que son derechos fundamentales, \u00abno est\u00e1 plenamente garantizada para las personas con discapacidad, en especial, para las que presentan reducciones de movilidad\u00bb.<\/p>\n<p>En este sentido, la portavoz popular de Discapacidad en la C\u00e1mara Alta ha puesto de manifiesto que, \u00abpese a los esfuerzos llevados a cabo en las \u00faltimas d\u00e9cadas por los poderes p\u00fablicos, los operadores econ\u00f3micos y la sociedad civil, y la legislaci\u00f3n internacional, europea y nacional, a\u00fan son considerables las carencias que presenta el transporte, tanto p\u00fablico como privado\u00bb.<\/p>\n<p>Por esto, la senadora popular por Murcia ha asegurado que en tanto que el horizonte de un transporte universalmente accesible no sea una realidad en Espa\u00f1a, \u00abes responsabilidad de las autoridades p\u00fablicas promover y adoptar medidas de acci\u00f3n positiva que favorezcan a las personas con discapacidad para poder ejercer su derecho a la movilidad en su m\u00e1s amplia extensi\u00f3n\u00bb.<\/p>\n<p>Fuente: 20minutos <a href=\"https:\/\/www.20minutos.es\/noticia\/4152976\/0\/el-pp-pide-eximir-el-pago-de-peajes-a-vehiculos-de-personas-con-movilidad-reducida\/\" target=\"_blank\" rel=\"noopener noreferrer\">El PP pide eximir el pago de peajes a veh\u00edculos de personas con movilidad reducida<\/a><\/p>\n","protected":false},"excerpt":{"rendered":"<p>Leemos en 20minutos la siguiente noticia que os reproducimos de forma \u00edntegra: La senadora murciana ha explicado que esta iniciativa la viene reclamando desde hace tiempo el Comit\u00e9 Espa\u00f1ol de Personas con Discapacidad (CERMI), por lo que, seg\u00fan ha indicado, \u00abcon esta modificaci\u00f3n se articula el mecanismo que permite garantizar la accesibilidad universal en la [&hellip;]<\/p>\n","protected":false},"author":1,"featured_media":0,"comment_status":"open","ping_status":"closed","sticky":false,"template":"","format":"standard","meta":{"footnotes":""},"categories":[8],"tags":[31],"class_list":["post-5242","post","type-post","status-publish","format-standard","hentry","category-noticias","tag-discapacidad"],"yoast_head":"<!-- This site is optimized with the Yoast SEO plugin v27.4 - https:\/\/yoast.com\/product\/yoast-seo-wordpress\/ -->\n<title>El PP pide eximir el pago de peajes a veh\u00edculos de personas con movilidad reducida - Asociaci\u00f3n Espa\u00f1ola S\u00edndrome de Charge<\/title>\n<meta name=\"robots\" content=\"index, follow, max-snippet:-1, max-image-preview:large, max-video-preview:-1\" \/>\n<link rel=\"canonical\" href=\"https:\/\/sindromecharge.es\/index.php\/2020\/02\/16\/el-pp-pide-eximir-el-pago-de-peajes-a-vehiculos-de-personas-con-movilidad-reducida\/\" \/>\n<meta property=\"og:locale\" content=\"es_ES\" \/>\n<meta property=\"og:type\" content=\"article\" \/>\n<meta property=\"og:title\" content=\"El PP pide eximir el pago de peajes a veh\u00edculos de personas con movilidad reducida - Asociaci\u00f3n Espa\u00f1ola S\u00edndrome de Charge\" \/>\n<meta property=\"og:description\" content=\"Leemos en 20minutos la siguiente noticia que os reproducimos de forma \u00edntegra: La senadora murciana ha explicado que esta iniciativa la viene reclamando desde hace tiempo el Comit\u00e9 Espa\u00f1ol de Personas con Discapacidad (CERMI), por lo que, seg\u00fan ha indicado, \u00abcon esta modificaci\u00f3n se articula el mecanismo que permite garantizar la accesibilidad universal en la [&hellip;]\" \/>\n<meta property=\"og:url\" content=\"https:\/\/sindromecharge.es\/index.php\/2020\/02\/16\/el-pp-pide-eximir-el-pago-de-peajes-a-vehiculos-de-personas-con-movilidad-reducida\/\" \/>\n<meta property=\"og:site_name\" content=\"Asociaci\u00f3n Espa\u00f1ola S\u00edndrome de Charge\" \/>\n<meta property=\"article:publisher\" content=\"https:\/\/www.facebook.com\/asociacionsindromecharge\" \/>\n<meta property=\"article:published_time\" content=\"2020-02-16T10:21:09+00:00\" \/>\n<meta property=\"og:image\" content=\"https:\/\/sindromecharge.es\/wp-content\/uploads\/2013\/09\/logodecharge300x98.png\" \/>\n\t<meta property=\"og:image:width\" content=\"300\" \/>\n\t<meta property=\"og:image:height\" content=\"98\" \/>\n\t<meta property=\"og:image:type\" content=\"image\/png\" \/>\n<meta name=\"author\" content=\"Charge\" \/>\n<meta name=\"twitter:card\" content=\"summary_large_image\" \/>\n<meta name=\"twitter:creator\" content=\"@sindromecharge\" \/>\n<meta name=\"twitter:site\" content=\"@sindromecharge\" \/>\n<meta name=\"twitter:label1\" content=\"Escrito por\" \/>\n\t<meta name=\"twitter:data1\" content=\"Charge\" \/>\n\t<meta name=\"twitter:label2\" content=\"Tiempo de lectura\" \/>\n\t<meta name=\"twitter:data2\" content=\"1 minuto\" \/>\n<script type=\"application\/ld+json\" class=\"yoast-schema-graph\">{\"@context\":\"https:\\\/\\\/schema.org\",\"@graph\":[{\"@type\":\"Article\",\"@id\":\"https:\\\/\\\/sindromecharge.es\\\/index.php\\\/2020\\\/02\\\/16\\\/el-pp-pide-eximir-el-pago-de-peajes-a-vehiculos-de-personas-con-movilidad-reducida\\\/#article\",\"isPartOf\":{\"@id\":\"https:\\\/\\\/sindromecharge.es\\\/index.php\\\/2020\\\/02\\\/16\\\/el-pp-pide-eximir-el-pago-de-peajes-a-vehiculos-de-personas-con-movilidad-reducida\\\/\"},\"author\":{\"name\":\"Charge\",\"@id\":\"https:\\\/\\\/sindromecharge.es\\\/#\\\/schema\\\/person\\\/39a60ebe0a2b4d5a11179701e336b039\"},\"headline\":\"El PP pide eximir el pago de peajes a veh\u00edculos de personas con movilidad reducida\",\"datePublished\":\"2020-02-16T10:21:09+00:00\",\"mainEntityOfPage\":{\"@id\":\"https:\\\/\\\/sindromecharge.es\\\/index.php\\\/2020\\\/02\\\/16\\\/el-pp-pide-eximir-el-pago-de-peajes-a-vehiculos-de-personas-con-movilidad-reducida\\\/\"},\"wordCount\":269,\"commentCount\":0,\"keywords\":[\"discapacidad\"],\"articleSection\":[\"noticias\"],\"inLanguage\":\"es\",\"potentialAction\":[{\"@type\":\"CommentAction\",\"name\":\"Comment\",\"target\":[\"https:\\\/\\\/sindromecharge.es\\\/index.php\\\/2020\\\/02\\\/16\\\/el-pp-pide-eximir-el-pago-de-peajes-a-vehiculos-de-personas-con-movilidad-reducida\\\/#respond\"]}]},{\"@type\":\"WebPage\",\"@id\":\"https:\\\/\\\/sindromecharge.es\\\/index.php\\\/2020\\\/02\\\/16\\\/el-pp-pide-eximir-el-pago-de-peajes-a-vehiculos-de-personas-con-movilidad-reducida\\\/\",\"url\":\"https:\\\/\\\/sindromecharge.es\\\/index.php\\\/2020\\\/02\\\/16\\\/el-pp-pide-eximir-el-pago-de-peajes-a-vehiculos-de-personas-con-movilidad-reducida\\\/\",\"name\":\"El PP pide eximir el pago de peajes a veh\u00edculos de personas con movilidad reducida - Asociaci\u00f3n Espa\u00f1ola S\u00edndrome de Charge\",\"isPartOf\":{\"@id\":\"https:\\\/\\\/sindromecharge.es\\\/#website\"},\"datePublished\":\"2020-02-16T10:21:09+00:00\",\"author\":{\"@id\":\"https:\\\/\\\/sindromecharge.es\\\/#\\\/schema\\\/person\\\/39a60ebe0a2b4d5a11179701e336b039\"},\"breadcrumb\":{\"@id\":\"https:\\\/\\\/sindromecharge.es\\\/index.php\\\/2020\\\/02\\\/16\\\/el-pp-pide-eximir-el-pago-de-peajes-a-vehiculos-de-personas-con-movilidad-reducida\\\/#breadcrumb\"},\"inLanguage\":\"es\",\"potentialAction\":[{\"@type\":\"ReadAction\",\"target\":[\"https:\\\/\\\/sindromecharge.es\\\/index.php\\\/2020\\\/02\\\/16\\\/el-pp-pide-eximir-el-pago-de-peajes-a-vehiculos-de-personas-con-movilidad-reducida\\\/\"]}]},{\"@type\":\"BreadcrumbList\",\"@id\":\"https:\\\/\\\/sindromecharge.es\\\/index.php\\\/2020\\\/02\\\/16\\\/el-pp-pide-eximir-el-pago-de-peajes-a-vehiculos-de-personas-con-movilidad-reducida\\\/#breadcrumb\",\"itemListElement\":[{\"@type\":\"ListItem\",\"position\":1,\"name\":\"Portada\",\"item\":\"https:\\\/\\\/sindromecharge.es\\\/\"},{\"@type\":\"ListItem\",\"position\":2,\"name\":\"El PP pide eximir el pago de peajes a veh\u00edculos de personas con movilidad reducida\"}]},{\"@type\":\"WebSite\",\"@id\":\"https:\\\/\\\/sindromecharge.es\\\/#website\",\"url\":\"https:\\\/\\\/sindromecharge.es\\\/\",\"name\":\"Asociaci\u00f3n Espa\u00f1ola S\u00edndrome de Charge\",\"description\":\"\",\"potentialAction\":[{\"@type\":\"SearchAction\",\"target\":{\"@type\":\"EntryPoint\",\"urlTemplate\":\"https:\\\/\\\/sindromecharge.es\\\/?s={search_term_string}\"},\"query-input\":{\"@type\":\"PropertyValueSpecification\",\"valueRequired\":true,\"valueName\":\"search_term_string\"}}],\"inLanguage\":\"es\"},{\"@type\":\"Person\",\"@id\":\"https:\\\/\\\/sindromecharge.es\\\/#\\\/schema\\\/person\\\/39a60ebe0a2b4d5a11179701e336b039\",\"name\":\"Charge\",\"image\":{\"@type\":\"ImageObject\",\"inLanguage\":\"es\",\"@id\":\"https:\\\/\\\/secure.gravatar.com\\\/avatar\\\/c3b46e32a0fc3b093a0873fb767bf3293de856293065e84ef06b7ec7a8acfb98?s=96&d=identicon&r=x\",\"url\":\"https:\\\/\\\/secure.gravatar.com\\\/avatar\\\/c3b46e32a0fc3b093a0873fb767bf3293de856293065e84ef06b7ec7a8acfb98?s=96&d=identicon&r=x\",\"contentUrl\":\"https:\\\/\\\/secure.gravatar.com\\\/avatar\\\/c3b46e32a0fc3b093a0873fb767bf3293de856293065e84ef06b7ec7a8acfb98?s=96&d=identicon&r=x\",\"caption\":\"Charge\"},\"url\":\"https:\\\/\\\/sindromecharge.es\\\/index.php\\\/author\\\/admin\\\/\"}]}<\/script>\n<!-- \/ Yoast SEO plugin. -->","yoast_head_json":{"title":"El PP pide eximir el pago de peajes a veh\u00edculos de personas con movilidad reducida - Asociaci\u00f3n Espa\u00f1ola S\u00edndrome de Charge","robots":{"index":"index","follow":"follow","max-snippet":"max-snippet:-1","max-image-preview":"max-image-preview:large","max-video-preview":"max-video-preview:-1"},"canonical":"https:\/\/sindromecharge.es\/index.php\/2020\/02\/16\/el-pp-pide-eximir-el-pago-de-peajes-a-vehiculos-de-personas-con-movilidad-reducida\/","og_locale":"es_ES","og_type":"article","og_title":"El PP pide eximir el pago de peajes a veh\u00edculos de personas con movilidad reducida - Asociaci\u00f3n Espa\u00f1ola S\u00edndrome de Charge","og_description":"Leemos en 20minutos la siguiente noticia que os reproducimos de forma \u00edntegra: La senadora murciana ha explicado que esta iniciativa la viene reclamando desde hace tiempo el Comit\u00e9 Espa\u00f1ol de Personas con Discapacidad (CERMI), por lo que, seg\u00fan ha indicado, \u00abcon esta modificaci\u00f3n se articula el mecanismo que permite garantizar la accesibilidad universal en la [&hellip;]","og_url":"https:\/\/sindromecharge.es\/index.php\/2020\/02\/16\/el-pp-pide-eximir-el-pago-de-peajes-a-vehiculos-de-personas-con-movilidad-reducida\/","og_site_name":"Asociaci\u00f3n Espa\u00f1ola S\u00edndrome de Charge","article_publisher":"https:\/\/www.facebook.com\/asociacionsindromecharge","article_published_time":"2020-02-16T10:21:09+00:00","og_image":[{"width":300,"height":98,"url":"https:\/\/sindromecharge.es\/wp-content\/uploads\/2013\/09\/logodecharge300x98.png","type":"image\/png"}],"author":"Charge","twitter_card":"summary_large_image","twitter_creator":"@sindromecharge","twitter_site":"@sindromecharge","twitter_misc":{"Escrito por":"Charge","Tiempo de lectura":"1 minuto"},"schema":{"@context":"https:\/\/schema.org","@graph":[{"@type":"Article","@id":"https:\/\/sindromecharge.es\/index.php\/2020\/02\/16\/el-pp-pide-eximir-el-pago-de-peajes-a-vehiculos-de-personas-con-movilidad-reducida\/#article","isPartOf":{"@id":"https:\/\/sindromecharge.es\/index.php\/2020\/02\/16\/el-pp-pide-eximir-el-pago-de-peajes-a-vehiculos-de-personas-con-movilidad-reducida\/"},"author":{"name":"Charge","@id":"https:\/\/sindromecharge.es\/#\/schema\/person\/39a60ebe0a2b4d5a11179701e336b039"},"headline":"El PP pide eximir el pago de peajes a veh\u00edculos de personas con movilidad reducida","datePublished":"2020-02-16T10:21:09+00:00","mainEntityOfPage":{"@id":"https:\/\/sindromecharge.es\/index.php\/2020\/02\/16\/el-pp-pide-eximir-el-pago-de-peajes-a-vehiculos-de-personas-con-movilidad-reducida\/"},"wordCount":269,"commentCount":0,"keywords":["discapacidad"],"articleSection":["noticias"],"inLanguage":"es","potentialAction":[{"@type":"CommentAction","name":"Comment","target":["https:\/\/sindromecharge.es\/index.php\/2020\/02\/16\/el-pp-pide-eximir-el-pago-de-peajes-a-vehiculos-de-personas-con-movilidad-reducida\/#respond"]}]},{"@type":"WebPage","@id":"https:\/\/sindromecharge.es\/index.php\/2020\/02\/16\/el-pp-pide-eximir-el-pago-de-peajes-a-vehiculos-de-personas-con-movilidad-reducida\/","url":"https:\/\/sindromecharge.es\/index.php\/2020\/02\/16\/el-pp-pide-eximir-el-pago-de-peajes-a-vehiculos-de-personas-con-movilidad-reducida\/","name":"El PP pide eximir el pago de peajes a veh\u00edculos de personas con movilidad reducida - Asociaci\u00f3n Espa\u00f1ola S\u00edndrome de Charge","isPartOf":{"@id":"https:\/\/sindromecharge.es\/#website"},"datePublished":"2020-02-16T10:21:09+00:00","author":{"@id":"https:\/\/sindromecharge.es\/#\/schema\/person\/39a60ebe0a2b4d5a11179701e336b039"},"breadcrumb":{"@id":"https:\/\/sindromecharge.es\/index.php\/2020\/02\/16\/el-pp-pide-eximir-el-pago-de-peajes-a-vehiculos-de-personas-con-movilidad-reducida\/#breadcrumb"},"inLanguage":"es","potentialAction":[{"@type":"ReadAction","target":["https:\/\/sindromecharge.es\/index.php\/2020\/02\/16\/el-pp-pide-eximir-el-pago-de-peajes-a-vehiculos-de-personas-con-movilidad-reducida\/"]}]},{"@type":"BreadcrumbList","@id":"https:\/\/sindromecharge.es\/index.php\/2020\/02\/16\/el-pp-pide-eximir-el-pago-de-peajes-a-vehiculos-de-personas-con-movilidad-reducida\/#breadcrumb","itemListElement":[{"@type":"ListItem","position":1,"name":"Portada","item":"https:\/\/sindromecharge.es\/"},{"@type":"ListItem","position":2,"name":"El PP pide eximir el pago de peajes a veh\u00edculos de personas con movilidad reducida"}]},{"@type":"WebSite","@id":"https:\/\/sindromecharge.es\/#website","url":"https:\/\/sindromecharge.es\/","name":"Asociaci\u00f3n Espa\u00f1ola S\u00edndrome de Charge","description":"","potentialAction":[{"@type":"SearchAction","target":{"@type":"EntryPoint","urlTemplate":"https:\/\/sindromecharge.es\/?s={search_term_string}"},"query-input":{"@type":"PropertyValueSpecification","valueRequired":true,"valueName":"search_term_string"}}],"inLanguage":"es"},{"@type":"Person","@id":"https:\/\/sindromecharge.es\/#\/schema\/person\/39a60ebe0a2b4d5a11179701e336b039","name":"Charge","image":{"@type":"ImageObject","inLanguage":"es","@id":"https:\/\/secure.gravatar.com\/avatar\/c3b46e32a0fc3b093a0873fb767bf3293de856293065e84ef06b7ec7a8acfb98?s=96&d=identicon&r=x","url":"https:\/\/secure.gravatar.com\/avatar\/c3b46e32a0fc3b093a0873fb767bf3293de856293065e84ef06b7ec7a8acfb98?s=96&d=identicon&r=x","contentUrl":"https:\/\/secure.gravatar.com\/avatar\/c3b46e32a0fc3b093a0873fb767bf3293de856293065e84ef06b7ec7a8acfb98?s=96&d=identicon&r=x","caption":"Charge"},"url":"https:\/\/sindromecharge.es\/index.php\/author\/admin\/"}]}},"_links":{"self":[{"href":"https:\/\/sindromecharge.es\/index.php\/wp-json\/wp\/v2\/posts\/5242","targetHints":{"allow":["GET"]}}],"collection":[{"href":"https:\/\/sindromecharge.es\/index.php\/wp-json\/wp\/v2\/posts"}],"about":[{"href":"https:\/\/sindromecharge.es\/index.php\/wp-json\/wp\/v2\/types\/post"}],"author":[{"embeddable":true,"href":"https:\/\/sindromecharge.es\/index.php\/wp-json\/wp\/v2\/users\/1"}],"replies":[{"embeddable":true,"href":"https:\/\/sindromecharge.es\/index.php\/wp-json\/wp\/v2\/comments?post=5242"}],"version-history":[{"count":0,"href":"https:\/\/sindromecharge.es\/index.php\/wp-json\/wp\/v2\/posts\/5242\/revisions"}],"wp:attachment":[{"href":"https:\/\/sindromecharge.es\/index.php\/wp-json\/wp\/v2\/media?parent=5242"}],"wp:term":[{"taxonomy":"category","embeddable":true,"href":"https:\/\/sindromecharge.es\/index.php\/wp-json\/wp\/v2\/categories?post=5242"},{"taxonomy":"post_tag","embeddable":true,"href":"https:\/\/sindromecharge.es\/index.php\/wp-json\/wp\/v2\/tags?post=5242"}],"curies":[{"name":"wp","href":"https:\/\/api.w.org\/{rel}","templated":true}]}}