{"id":5241,"date":"2020-02-15T17:36:05","date_gmt":"2020-02-15T17:36:05","guid":{"rendered":"https:\/\/sindromecharge.es\/index.php\/2020\/02\/15\/en-prision-un-hombre-por-abusar-de-un-menor-discapacitado-en-un-bano-de-la-estacion-de-tren-de-santander\/"},"modified":"2020-02-15T17:36:05","modified_gmt":"2020-02-15T17:36:05","slug":"en-prision-un-hombre-por-abusar-de-un-menor-discapacitado-en-un-bano-de-la-estacion-de-tren-de-santander","status":"publish","type":"post","link":"https:\/\/sindromecharge.es\/index.php\/2020\/02\/15\/en-prision-un-hombre-por-abusar-de-un-menor-discapacitado-en-un-bano-de-la-estacion-de-tren-de-santander\/","title":{"rendered":"En prisi\u00f3n un hombre por abusar de un menor discapacitado en un ba\u00f1o de la estaci\u00f3n de tren de Santander"},"content":{"rendered":"<p>Leemos en 20minutos la siguiente noticia que os reproducimos de forma \u00edntegra: <\/p>\n<p>Tras el arresto, E.F.A.R, de 67 a\u00f1os, pas\u00f3 a disposici\u00f3n judicial y el juez decret\u00f3 su ingreso en prisi\u00f3n, ha informado este s\u00e1bado la Polic\u00eda en un comunicado.<\/p>\n<p>Los hechos sucedieron el pasado viernes 7 de febrero sobre las 13.00 horas, cuando el chico entr\u00f3 en la estaci\u00f3n para coger el tren de regreso a su casa.<\/p>\n<p>Antes fue al ba\u00f1o y al salir de los aseos el hombre le cort\u00f3 el paso y lo acorral\u00f3, forz\u00e1ndole a entrar de nuevo. Tras cerrar la puerta, abus\u00f3 del menor, que se encontraba en estado de shock, al que oblig\u00f3 a mantener relacione sexuales orales.<\/p>\n<p>Cuando el var\u00f3n se march\u00f3, el menor cogi\u00f3 el tren y al llegar a su domicilio cont\u00f3 a sus tutores legales lo ocurrido, los cuales fueron de inmediato a la Polic\u00eda.<\/p>\n<p>Gracias a la descripci\u00f3n aportada por el chico, los agentes de la Brigada Provincial de Polic\u00eda Judicial encargados de este tipo de delitos iniciaron una investigaci\u00f3n con la que lograron identificar al presunto autor de los abusos, que fue detenido por efectivos del Grupo de Atenci\u00f3n al Ciudadano (G.A.C) el jueves d\u00eda 13.<\/p>\n<p>El arrestado, con antecedentes por hechos delictivos de la misma naturaleza, pas\u00f3 a disposici\u00f3n judicial, decretando el juez su ingreso en prisi\u00f3n.<\/p>\n<p>Fuente: 20minutos <a href=\"https:\/\/www.20minutos.es\/noticia\/4152776\/0\/en-prision-un-hombre-por-abusar-de-un-menor-discapacitado-en-un-bano-de-la-estacion-de-tren-de-santander\/\" target=\"_blank\" rel=\"noopener noreferrer\">En prisi\u00f3n un hombre por abusar de un menor discapacitado en un ba\u00f1o de la estaci\u00f3n de tren de Santander<\/a><\/p>\n","protected":false},"excerpt":{"rendered":"<p>Leemos en 20minutos la siguiente noticia que os reproducimos de forma \u00edntegra: Tras el arresto, E.F.A.R, de 67 a\u00f1os, pas\u00f3 a disposici\u00f3n judicial y el juez decret\u00f3 su ingreso en prisi\u00f3n, ha informado este s\u00e1bado la Polic\u00eda en un comunicado. Los hechos sucedieron el pasado viernes 7 de febrero sobre las 13.00 horas, cuando el [&hellip;]<\/p>\n","protected":false},"author":1,"featured_media":0,"comment_status":"open","ping_status":"closed","sticky":false,"template":"","format":"standard","meta":{"footnotes":""},"categories":[8],"tags":[31],"class_list":["post-5241","post","type-post","status-publish","format-standard","hentry","category-noticias","tag-discapacidad"],"yoast_head":"<!-- This site is optimized with the Yoast SEO plugin v27.4 - https:\/\/yoast.com\/product\/yoast-seo-wordpress\/ -->\n<title>En prisi\u00f3n un hombre por abusar de un menor discapacitado en un ba\u00f1o de la estaci\u00f3n de tren de Santander - Asociaci\u00f3n Espa\u00f1ola S\u00edndrome de Charge<\/title>\n<meta name=\"robots\" content=\"index, follow, max-snippet:-1, max-image-preview:large, max-video-preview:-1\" \/>\n<link rel=\"canonical\" href=\"https:\/\/sindromecharge.es\/index.php\/2020\/02\/15\/en-prision-un-hombre-por-abusar-de-un-menor-discapacitado-en-un-bano-de-la-estacion-de-tren-de-santander\/\" \/>\n<meta property=\"og:locale\" content=\"es_ES\" \/>\n<meta property=\"og:type\" content=\"article\" \/>\n<meta property=\"og:title\" content=\"En prisi\u00f3n un hombre por abusar de un menor discapacitado en un ba\u00f1o de la estaci\u00f3n de tren de Santander - Asociaci\u00f3n Espa\u00f1ola S\u00edndrome de Charge\" \/>\n<meta property=\"og:description\" content=\"Leemos en 20minutos la siguiente noticia que os reproducimos de forma \u00edntegra: Tras el arresto, E.F.A.R, de 67 a\u00f1os, pas\u00f3 a disposici\u00f3n judicial y el juez decret\u00f3 su ingreso en prisi\u00f3n, ha informado este s\u00e1bado la Polic\u00eda en un comunicado. Los hechos sucedieron el pasado viernes 7 de febrero sobre las 13.00 horas, cuando el [&hellip;]\" \/>\n<meta property=\"og:url\" content=\"https:\/\/sindromecharge.es\/index.php\/2020\/02\/15\/en-prision-un-hombre-por-abusar-de-un-menor-discapacitado-en-un-bano-de-la-estacion-de-tren-de-santander\/\" \/>\n<meta property=\"og:site_name\" content=\"Asociaci\u00f3n Espa\u00f1ola S\u00edndrome de Charge\" \/>\n<meta property=\"article:publisher\" content=\"https:\/\/www.facebook.com\/asociacionsindromecharge\" \/>\n<meta property=\"article:published_time\" content=\"2020-02-15T17:36:05+00:00\" \/>\n<meta property=\"og:image\" content=\"https:\/\/sindromecharge.es\/wp-content\/uploads\/2013\/09\/logodecharge300x98.png\" \/>\n\t<meta property=\"og:image:width\" content=\"300\" \/>\n\t<meta property=\"og:image:height\" content=\"98\" \/>\n\t<meta property=\"og:image:type\" content=\"image\/png\" \/>\n<meta name=\"author\" content=\"Charge\" \/>\n<meta name=\"twitter:card\" content=\"summary_large_image\" \/>\n<meta name=\"twitter:creator\" content=\"@sindromecharge\" \/>\n<meta name=\"twitter:site\" content=\"@sindromecharge\" \/>\n<meta name=\"twitter:label1\" content=\"Escrito por\" \/>\n\t<meta name=\"twitter:data1\" content=\"Charge\" \/>\n\t<meta name=\"twitter:label2\" content=\"Tiempo de lectura\" \/>\n\t<meta name=\"twitter:data2\" content=\"1 minuto\" \/>\n<script type=\"application\/ld+json\" class=\"yoast-schema-graph\">{\"@context\":\"https:\\\/\\\/schema.org\",\"@graph\":[{\"@type\":\"Article\",\"@id\":\"https:\\\/\\\/sindromecharge.es\\\/index.php\\\/2020\\\/02\\\/15\\\/en-prision-un-hombre-por-abusar-de-un-menor-discapacitado-en-un-bano-de-la-estacion-de-tren-de-santander\\\/#article\",\"isPartOf\":{\"@id\":\"https:\\\/\\\/sindromecharge.es\\\/index.php\\\/2020\\\/02\\\/15\\\/en-prision-un-hombre-por-abusar-de-un-menor-discapacitado-en-un-bano-de-la-estacion-de-tren-de-santander\\\/\"},\"author\":{\"name\":\"Charge\",\"@id\":\"https:\\\/\\\/sindromecharge.es\\\/#\\\/schema\\\/person\\\/39a60ebe0a2b4d5a11179701e336b039\"},\"headline\":\"En prisi\u00f3n un hombre por abusar de un menor discapacitado en un ba\u00f1o de la estaci\u00f3n de tren de Santander\",\"datePublished\":\"2020-02-15T17:36:05+00:00\",\"mainEntityOfPage\":{\"@id\":\"https:\\\/\\\/sindromecharge.es\\\/index.php\\\/2020\\\/02\\\/15\\\/en-prision-un-hombre-por-abusar-de-un-menor-discapacitado-en-un-bano-de-la-estacion-de-tren-de-santander\\\/\"},\"wordCount\":287,\"commentCount\":0,\"keywords\":[\"discapacidad\"],\"articleSection\":[\"noticias\"],\"inLanguage\":\"es\",\"potentialAction\":[{\"@type\":\"CommentAction\",\"name\":\"Comment\",\"target\":[\"https:\\\/\\\/sindromecharge.es\\\/index.php\\\/2020\\\/02\\\/15\\\/en-prision-un-hombre-por-abusar-de-un-menor-discapacitado-en-un-bano-de-la-estacion-de-tren-de-santander\\\/#respond\"]}]},{\"@type\":\"WebPage\",\"@id\":\"https:\\\/\\\/sindromecharge.es\\\/index.php\\\/2020\\\/02\\\/15\\\/en-prision-un-hombre-por-abusar-de-un-menor-discapacitado-en-un-bano-de-la-estacion-de-tren-de-santander\\\/\",\"url\":\"https:\\\/\\\/sindromecharge.es\\\/index.php\\\/2020\\\/02\\\/15\\\/en-prision-un-hombre-por-abusar-de-un-menor-discapacitado-en-un-bano-de-la-estacion-de-tren-de-santander\\\/\",\"name\":\"En prisi\u00f3n un hombre por abusar de un menor discapacitado en un ba\u00f1o de la estaci\u00f3n de tren de Santander - Asociaci\u00f3n Espa\u00f1ola S\u00edndrome de Charge\",\"isPartOf\":{\"@id\":\"https:\\\/\\\/sindromecharge.es\\\/#website\"},\"datePublished\":\"2020-02-15T17:36:05+00:00\",\"author\":{\"@id\":\"https:\\\/\\\/sindromecharge.es\\\/#\\\/schema\\\/person\\\/39a60ebe0a2b4d5a11179701e336b039\"},\"breadcrumb\":{\"@id\":\"https:\\\/\\\/sindromecharge.es\\\/index.php\\\/2020\\\/02\\\/15\\\/en-prision-un-hombre-por-abusar-de-un-menor-discapacitado-en-un-bano-de-la-estacion-de-tren-de-santander\\\/#breadcrumb\"},\"inLanguage\":\"es\",\"potentialAction\":[{\"@type\":\"ReadAction\",\"target\":[\"https:\\\/\\\/sindromecharge.es\\\/index.php\\\/2020\\\/02\\\/15\\\/en-prision-un-hombre-por-abusar-de-un-menor-discapacitado-en-un-bano-de-la-estacion-de-tren-de-santander\\\/\"]}]},{\"@type\":\"BreadcrumbList\",\"@id\":\"https:\\\/\\\/sindromecharge.es\\\/index.php\\\/2020\\\/02\\\/15\\\/en-prision-un-hombre-por-abusar-de-un-menor-discapacitado-en-un-bano-de-la-estacion-de-tren-de-santander\\\/#breadcrumb\",\"itemListElement\":[{\"@type\":\"ListItem\",\"position\":1,\"name\":\"Portada\",\"item\":\"https:\\\/\\\/sindromecharge.es\\\/\"},{\"@type\":\"ListItem\",\"position\":2,\"name\":\"En prisi\u00f3n un hombre por abusar de un menor discapacitado en un ba\u00f1o de la estaci\u00f3n de tren de Santander\"}]},{\"@type\":\"WebSite\",\"@id\":\"https:\\\/\\\/sindromecharge.es\\\/#website\",\"url\":\"https:\\\/\\\/sindromecharge.es\\\/\",\"name\":\"Asociaci\u00f3n Espa\u00f1ola S\u00edndrome de Charge\",\"description\":\"\",\"potentialAction\":[{\"@type\":\"SearchAction\",\"target\":{\"@type\":\"EntryPoint\",\"urlTemplate\":\"https:\\\/\\\/sindromecharge.es\\\/?s={search_term_string}\"},\"query-input\":{\"@type\":\"PropertyValueSpecification\",\"valueRequired\":true,\"valueName\":\"search_term_string\"}}],\"inLanguage\":\"es\"},{\"@type\":\"Person\",\"@id\":\"https:\\\/\\\/sindromecharge.es\\\/#\\\/schema\\\/person\\\/39a60ebe0a2b4d5a11179701e336b039\",\"name\":\"Charge\",\"image\":{\"@type\":\"ImageObject\",\"inLanguage\":\"es\",\"@id\":\"https:\\\/\\\/secure.gravatar.com\\\/avatar\\\/c3b46e32a0fc3b093a0873fb767bf3293de856293065e84ef06b7ec7a8acfb98?s=96&d=identicon&r=x\",\"url\":\"https:\\\/\\\/secure.gravatar.com\\\/avatar\\\/c3b46e32a0fc3b093a0873fb767bf3293de856293065e84ef06b7ec7a8acfb98?s=96&d=identicon&r=x\",\"contentUrl\":\"https:\\\/\\\/secure.gravatar.com\\\/avatar\\\/c3b46e32a0fc3b093a0873fb767bf3293de856293065e84ef06b7ec7a8acfb98?s=96&d=identicon&r=x\",\"caption\":\"Charge\"},\"url\":\"https:\\\/\\\/sindromecharge.es\\\/index.php\\\/author\\\/admin\\\/\"}]}<\/script>\n<!-- \/ Yoast SEO plugin. -->","yoast_head_json":{"title":"En prisi\u00f3n un hombre por abusar de un menor discapacitado en un ba\u00f1o de la estaci\u00f3n de tren de Santander - Asociaci\u00f3n Espa\u00f1ola S\u00edndrome de Charge","robots":{"index":"index","follow":"follow","max-snippet":"max-snippet:-1","max-image-preview":"max-image-preview:large","max-video-preview":"max-video-preview:-1"},"canonical":"https:\/\/sindromecharge.es\/index.php\/2020\/02\/15\/en-prision-un-hombre-por-abusar-de-un-menor-discapacitado-en-un-bano-de-la-estacion-de-tren-de-santander\/","og_locale":"es_ES","og_type":"article","og_title":"En prisi\u00f3n un hombre por abusar de un menor discapacitado en un ba\u00f1o de la estaci\u00f3n de tren de Santander - Asociaci\u00f3n Espa\u00f1ola S\u00edndrome de Charge","og_description":"Leemos en 20minutos la siguiente noticia que os reproducimos de forma \u00edntegra: Tras el arresto, E.F.A.R, de 67 a\u00f1os, pas\u00f3 a disposici\u00f3n judicial y el juez decret\u00f3 su ingreso en prisi\u00f3n, ha informado este s\u00e1bado la Polic\u00eda en un comunicado. Los hechos sucedieron el pasado viernes 7 de febrero sobre las 13.00 horas, cuando el [&hellip;]","og_url":"https:\/\/sindromecharge.es\/index.php\/2020\/02\/15\/en-prision-un-hombre-por-abusar-de-un-menor-discapacitado-en-un-bano-de-la-estacion-de-tren-de-santander\/","og_site_name":"Asociaci\u00f3n Espa\u00f1ola S\u00edndrome de Charge","article_publisher":"https:\/\/www.facebook.com\/asociacionsindromecharge","article_published_time":"2020-02-15T17:36:05+00:00","og_image":[{"width":300,"height":98,"url":"https:\/\/sindromecharge.es\/wp-content\/uploads\/2013\/09\/logodecharge300x98.png","type":"image\/png"}],"author":"Charge","twitter_card":"summary_large_image","twitter_creator":"@sindromecharge","twitter_site":"@sindromecharge","twitter_misc":{"Escrito por":"Charge","Tiempo de lectura":"1 minuto"},"schema":{"@context":"https:\/\/schema.org","@graph":[{"@type":"Article","@id":"https:\/\/sindromecharge.es\/index.php\/2020\/02\/15\/en-prision-un-hombre-por-abusar-de-un-menor-discapacitado-en-un-bano-de-la-estacion-de-tren-de-santander\/#article","isPartOf":{"@id":"https:\/\/sindromecharge.es\/index.php\/2020\/02\/15\/en-prision-un-hombre-por-abusar-de-un-menor-discapacitado-en-un-bano-de-la-estacion-de-tren-de-santander\/"},"author":{"name":"Charge","@id":"https:\/\/sindromecharge.es\/#\/schema\/person\/39a60ebe0a2b4d5a11179701e336b039"},"headline":"En prisi\u00f3n un hombre por abusar de un menor discapacitado en un ba\u00f1o de la estaci\u00f3n de tren de Santander","datePublished":"2020-02-15T17:36:05+00:00","mainEntityOfPage":{"@id":"https:\/\/sindromecharge.es\/index.php\/2020\/02\/15\/en-prision-un-hombre-por-abusar-de-un-menor-discapacitado-en-un-bano-de-la-estacion-de-tren-de-santander\/"},"wordCount":287,"commentCount":0,"keywords":["discapacidad"],"articleSection":["noticias"],"inLanguage":"es","potentialAction":[{"@type":"CommentAction","name":"Comment","target":["https:\/\/sindromecharge.es\/index.php\/2020\/02\/15\/en-prision-un-hombre-por-abusar-de-un-menor-discapacitado-en-un-bano-de-la-estacion-de-tren-de-santander\/#respond"]}]},{"@type":"WebPage","@id":"https:\/\/sindromecharge.es\/index.php\/2020\/02\/15\/en-prision-un-hombre-por-abusar-de-un-menor-discapacitado-en-un-bano-de-la-estacion-de-tren-de-santander\/","url":"https:\/\/sindromecharge.es\/index.php\/2020\/02\/15\/en-prision-un-hombre-por-abusar-de-un-menor-discapacitado-en-un-bano-de-la-estacion-de-tren-de-santander\/","name":"En prisi\u00f3n un hombre por abusar de un menor discapacitado en un ba\u00f1o de la estaci\u00f3n de tren de Santander - Asociaci\u00f3n Espa\u00f1ola S\u00edndrome de Charge","isPartOf":{"@id":"https:\/\/sindromecharge.es\/#website"},"datePublished":"2020-02-15T17:36:05+00:00","author":{"@id":"https:\/\/sindromecharge.es\/#\/schema\/person\/39a60ebe0a2b4d5a11179701e336b039"},"breadcrumb":{"@id":"https:\/\/sindromecharge.es\/index.php\/2020\/02\/15\/en-prision-un-hombre-por-abusar-de-un-menor-discapacitado-en-un-bano-de-la-estacion-de-tren-de-santander\/#breadcrumb"},"inLanguage":"es","potentialAction":[{"@type":"ReadAction","target":["https:\/\/sindromecharge.es\/index.php\/2020\/02\/15\/en-prision-un-hombre-por-abusar-de-un-menor-discapacitado-en-un-bano-de-la-estacion-de-tren-de-santander\/"]}]},{"@type":"BreadcrumbList","@id":"https:\/\/sindromecharge.es\/index.php\/2020\/02\/15\/en-prision-un-hombre-por-abusar-de-un-menor-discapacitado-en-un-bano-de-la-estacion-de-tren-de-santander\/#breadcrumb","itemListElement":[{"@type":"ListItem","position":1,"name":"Portada","item":"https:\/\/sindromecharge.es\/"},{"@type":"ListItem","position":2,"name":"En prisi\u00f3n un hombre por abusar de un menor discapacitado en un ba\u00f1o de la estaci\u00f3n de tren de Santander"}]},{"@type":"WebSite","@id":"https:\/\/sindromecharge.es\/#website","url":"https:\/\/sindromecharge.es\/","name":"Asociaci\u00f3n Espa\u00f1ola S\u00edndrome de Charge","description":"","potentialAction":[{"@type":"SearchAction","target":{"@type":"EntryPoint","urlTemplate":"https:\/\/sindromecharge.es\/?s={search_term_string}"},"query-input":{"@type":"PropertyValueSpecification","valueRequired":true,"valueName":"search_term_string"}}],"inLanguage":"es"},{"@type":"Person","@id":"https:\/\/sindromecharge.es\/#\/schema\/person\/39a60ebe0a2b4d5a11179701e336b039","name":"Charge","image":{"@type":"ImageObject","inLanguage":"es","@id":"https:\/\/secure.gravatar.com\/avatar\/c3b46e32a0fc3b093a0873fb767bf3293de856293065e84ef06b7ec7a8acfb98?s=96&d=identicon&r=x","url":"https:\/\/secure.gravatar.com\/avatar\/c3b46e32a0fc3b093a0873fb767bf3293de856293065e84ef06b7ec7a8acfb98?s=96&d=identicon&r=x","contentUrl":"https:\/\/secure.gravatar.com\/avatar\/c3b46e32a0fc3b093a0873fb767bf3293de856293065e84ef06b7ec7a8acfb98?s=96&d=identicon&r=x","caption":"Charge"},"url":"https:\/\/sindromecharge.es\/index.php\/author\/admin\/"}]}},"_links":{"self":[{"href":"https:\/\/sindromecharge.es\/index.php\/wp-json\/wp\/v2\/posts\/5241","targetHints":{"allow":["GET"]}}],"collection":[{"href":"https:\/\/sindromecharge.es\/index.php\/wp-json\/wp\/v2\/posts"}],"about":[{"href":"https:\/\/sindromecharge.es\/index.php\/wp-json\/wp\/v2\/types\/post"}],"author":[{"embeddable":true,"href":"https:\/\/sindromecharge.es\/index.php\/wp-json\/wp\/v2\/users\/1"}],"replies":[{"embeddable":true,"href":"https:\/\/sindromecharge.es\/index.php\/wp-json\/wp\/v2\/comments?post=5241"}],"version-history":[{"count":0,"href":"https:\/\/sindromecharge.es\/index.php\/wp-json\/wp\/v2\/posts\/5241\/revisions"}],"wp:attachment":[{"href":"https:\/\/sindromecharge.es\/index.php\/wp-json\/wp\/v2\/media?parent=5241"}],"wp:term":[{"taxonomy":"category","embeddable":true,"href":"https:\/\/sindromecharge.es\/index.php\/wp-json\/wp\/v2\/categories?post=5241"},{"taxonomy":"post_tag","embeddable":true,"href":"https:\/\/sindromecharge.es\/index.php\/wp-json\/wp\/v2\/tags?post=5241"}],"curies":[{"name":"wp","href":"https:\/\/api.w.org\/{rel}","templated":true}]}}