{"id":5240,"date":"2020-02-14T16:07:09","date_gmt":"2020-02-14T16:07:09","guid":{"rendered":"https:\/\/sindromecharge.es\/index.php\/2020\/02\/14\/el-juicio-del-caso-sinpromi-empieza-en-marzo-y-pedreira-se-enfrenta-a-una-pena-de-hasta-14-anos-de-carcel\/"},"modified":"2020-02-14T16:07:09","modified_gmt":"2020-02-14T16:07:09","slug":"el-juicio-del-caso-sinpromi-empieza-en-marzo-y-pedreira-se-enfrenta-a-una-pena-de-hasta-14-anos-de-carcel","status":"publish","type":"post","link":"https:\/\/sindromecharge.es\/index.php\/2020\/02\/14\/el-juicio-del-caso-sinpromi-empieza-en-marzo-y-pedreira-se-enfrenta-a-una-pena-de-hasta-14-anos-de-carcel\/","title":{"rendered":"El juicio del &#039;caso Sinpromi&#039; empieza en marzo y Pedreira se enfrenta a una pena de hasta 14 a\u00f1os de c\u00e1rcel"},"content":{"rendered":"<p>Leemos en 20minutos la siguiente noticia que os reproducimos de forma \u00edntegra: <\/p>\n<p>As\u00ed lo recoge un auto de la secci\u00f3n segunda de la Audiencia Provincial hecho p\u00fablico este viernes en el que se acusa al exdirector financiero de Sinpromi, Andr\u00e9s Hern\u00e1ndez Pedreira, de los presuntos delitos de malversaci\u00f3n de caudales p\u00fablicos y falsificaci\u00f3n de documento oficial por un presunto desfalco que asciende a casi 1,7 millones ocurrido entre 2010 y 2014.<\/p>\n<p>La Fiscal\u00eda pide para Hern\u00e1ndez Pedreira penas de 13 a\u00f1os de c\u00e1rcel por ambos delitos y una inhabilitaci\u00f3n de 25 a\u00f1os y que indemnice al Cabildo insular con m\u00e1s de 1,2 millones, mientras que la acusaci\u00f3n particular que ejerce Sinpromi solicita 14 a\u00f1os de c\u00e1rcel y 26 a\u00f1os de inhabilitaci\u00f3n.<\/p>\n<p>Al exdirector financiero se le atribuye la apropiaci\u00f3n de m\u00e1s de 960.000 euros de la gesti\u00f3n de los aparcamientos de la plaza del Cristo de La Laguna y los anexos al hotel Mencey y el estadio Heliodoro Rodr\u00edguez L\u00f3pez m\u00e1s 640.985 euros de la venta de los bonos de la empresa de guaguas Titsa en la tienda de Sinpromi ubicada en el aeropuerto Tenerife Sur y 83.160 euros de cheques falsificados con la firma de la consejera delegada de la sociedad, que fueron derivados al club de f\u00fatbol sala Uruguay que por entonces presid\u00eda.<\/p>\n<p>Seg\u00fan el auto, avanzado por &#8216;M\u00edrame Televisi\u00f3n&#8217;, Hern\u00e1ndez Pedreira cambi\u00f3 la forma de recaudaci\u00f3n de los aparcamientos de la sociedad para hacerse con los fondos pues dejaron de ingresarse en la cuenta bancaria habitual para ser retirados por \u00e9l mismo.<\/p>\n<p>Fuente: 20minutos <a href=\"https:\/\/www.20minutos.es\/noticia\/4152063\/0\/el-juicio-del-caso-sinpromi-empieza-en-marzo-y-pedreira-se-enfrenta-a-una-pena-de-hasta-14-anos-de-carcel\/\" target=\"_blank\" rel=\"noopener noreferrer\">El juicio del &#039;caso Sinpromi&#039; empieza en marzo y Pedreira se enfrenta a una pena de hasta 14 a\u00f1os de c\u00e1rcel<\/a><\/p>\n","protected":false},"excerpt":{"rendered":"<p>Leemos en 20minutos la siguiente noticia que os reproducimos de forma \u00edntegra: As\u00ed lo recoge un auto de la secci\u00f3n segunda de la Audiencia Provincial hecho p\u00fablico este viernes en el que se acusa al exdirector financiero de Sinpromi, Andr\u00e9s Hern\u00e1ndez Pedreira, de los presuntos delitos de malversaci\u00f3n de caudales p\u00fablicos y falsificaci\u00f3n de documento [&hellip;]<\/p>\n","protected":false},"author":1,"featured_media":0,"comment_status":"open","ping_status":"closed","sticky":false,"template":"","format":"standard","meta":{"footnotes":""},"categories":[8],"tags":[31],"class_list":["post-5240","post","type-post","status-publish","format-standard","hentry","category-noticias","tag-discapacidad"],"yoast_head":"<!-- This site is optimized with the Yoast SEO plugin v27.4 - https:\/\/yoast.com\/product\/yoast-seo-wordpress\/ -->\n<title>El juicio del &#039;caso Sinpromi&#039; empieza en marzo y Pedreira se enfrenta a una pena de hasta 14 a\u00f1os de c\u00e1rcel - Asociaci\u00f3n Espa\u00f1ola S\u00edndrome de Charge<\/title>\n<meta name=\"robots\" content=\"index, follow, max-snippet:-1, max-image-preview:large, max-video-preview:-1\" \/>\n<link rel=\"canonical\" href=\"https:\/\/sindromecharge.es\/index.php\/2020\/02\/14\/el-juicio-del-caso-sinpromi-empieza-en-marzo-y-pedreira-se-enfrenta-a-una-pena-de-hasta-14-anos-de-carcel\/\" \/>\n<meta property=\"og:locale\" content=\"es_ES\" \/>\n<meta property=\"og:type\" content=\"article\" \/>\n<meta property=\"og:title\" content=\"El juicio del &#039;caso Sinpromi&#039; empieza en marzo y Pedreira se enfrenta a una pena de hasta 14 a\u00f1os de c\u00e1rcel - Asociaci\u00f3n Espa\u00f1ola S\u00edndrome de Charge\" \/>\n<meta property=\"og:description\" content=\"Leemos en 20minutos la siguiente noticia que os reproducimos de forma \u00edntegra: As\u00ed lo recoge un auto de la secci\u00f3n segunda de la Audiencia Provincial hecho p\u00fablico este viernes en el que se acusa al exdirector financiero de Sinpromi, Andr\u00e9s Hern\u00e1ndez Pedreira, de los presuntos delitos de malversaci\u00f3n de caudales p\u00fablicos y falsificaci\u00f3n de documento [&hellip;]\" \/>\n<meta property=\"og:url\" content=\"https:\/\/sindromecharge.es\/index.php\/2020\/02\/14\/el-juicio-del-caso-sinpromi-empieza-en-marzo-y-pedreira-se-enfrenta-a-una-pena-de-hasta-14-anos-de-carcel\/\" \/>\n<meta property=\"og:site_name\" content=\"Asociaci\u00f3n Espa\u00f1ola S\u00edndrome de Charge\" \/>\n<meta property=\"article:publisher\" content=\"https:\/\/www.facebook.com\/asociacionsindromecharge\" \/>\n<meta property=\"article:published_time\" content=\"2020-02-14T16:07:09+00:00\" \/>\n<meta property=\"og:image\" content=\"https:\/\/sindromecharge.es\/wp-content\/uploads\/2013\/09\/logodecharge300x98.png\" \/>\n\t<meta property=\"og:image:width\" content=\"300\" \/>\n\t<meta property=\"og:image:height\" content=\"98\" \/>\n\t<meta property=\"og:image:type\" content=\"image\/png\" \/>\n<meta name=\"author\" content=\"Charge\" \/>\n<meta name=\"twitter:card\" content=\"summary_large_image\" \/>\n<meta name=\"twitter:creator\" content=\"@sindromecharge\" \/>\n<meta name=\"twitter:site\" content=\"@sindromecharge\" \/>\n<meta name=\"twitter:label1\" content=\"Escrito por\" \/>\n\t<meta name=\"twitter:data1\" content=\"Charge\" \/>\n\t<meta name=\"twitter:label2\" content=\"Tiempo de lectura\" \/>\n\t<meta name=\"twitter:data2\" content=\"2 minutos\" \/>\n<script type=\"application\/ld+json\" class=\"yoast-schema-graph\">{\"@context\":\"https:\\\/\\\/schema.org\",\"@graph\":[{\"@type\":\"Article\",\"@id\":\"https:\\\/\\\/sindromecharge.es\\\/index.php\\\/2020\\\/02\\\/14\\\/el-juicio-del-caso-sinpromi-empieza-en-marzo-y-pedreira-se-enfrenta-a-una-pena-de-hasta-14-anos-de-carcel\\\/#article\",\"isPartOf\":{\"@id\":\"https:\\\/\\\/sindromecharge.es\\\/index.php\\\/2020\\\/02\\\/14\\\/el-juicio-del-caso-sinpromi-empieza-en-marzo-y-pedreira-se-enfrenta-a-una-pena-de-hasta-14-anos-de-carcel\\\/\"},\"author\":{\"name\":\"Charge\",\"@id\":\"https:\\\/\\\/sindromecharge.es\\\/#\\\/schema\\\/person\\\/39a60ebe0a2b4d5a11179701e336b039\"},\"headline\":\"El juicio del &#039;caso Sinpromi&#039; empieza en marzo y Pedreira se enfrenta a una pena de hasta 14 a\u00f1os de c\u00e1rcel\",\"datePublished\":\"2020-02-14T16:07:09+00:00\",\"mainEntityOfPage\":{\"@id\":\"https:\\\/\\\/sindromecharge.es\\\/index.php\\\/2020\\\/02\\\/14\\\/el-juicio-del-caso-sinpromi-empieza-en-marzo-y-pedreira-se-enfrenta-a-una-pena-de-hasta-14-anos-de-carcel\\\/\"},\"wordCount\":322,\"commentCount\":0,\"keywords\":[\"discapacidad\"],\"articleSection\":[\"noticias\"],\"inLanguage\":\"es\",\"potentialAction\":[{\"@type\":\"CommentAction\",\"name\":\"Comment\",\"target\":[\"https:\\\/\\\/sindromecharge.es\\\/index.php\\\/2020\\\/02\\\/14\\\/el-juicio-del-caso-sinpromi-empieza-en-marzo-y-pedreira-se-enfrenta-a-una-pena-de-hasta-14-anos-de-carcel\\\/#respond\"]}]},{\"@type\":\"WebPage\",\"@id\":\"https:\\\/\\\/sindromecharge.es\\\/index.php\\\/2020\\\/02\\\/14\\\/el-juicio-del-caso-sinpromi-empieza-en-marzo-y-pedreira-se-enfrenta-a-una-pena-de-hasta-14-anos-de-carcel\\\/\",\"url\":\"https:\\\/\\\/sindromecharge.es\\\/index.php\\\/2020\\\/02\\\/14\\\/el-juicio-del-caso-sinpromi-empieza-en-marzo-y-pedreira-se-enfrenta-a-una-pena-de-hasta-14-anos-de-carcel\\\/\",\"name\":\"El juicio del &#039;caso Sinpromi&#039; empieza en marzo y Pedreira se enfrenta a una pena de hasta 14 a\u00f1os de c\u00e1rcel - Asociaci\u00f3n Espa\u00f1ola S\u00edndrome de Charge\",\"isPartOf\":{\"@id\":\"https:\\\/\\\/sindromecharge.es\\\/#website\"},\"datePublished\":\"2020-02-14T16:07:09+00:00\",\"author\":{\"@id\":\"https:\\\/\\\/sindromecharge.es\\\/#\\\/schema\\\/person\\\/39a60ebe0a2b4d5a11179701e336b039\"},\"breadcrumb\":{\"@id\":\"https:\\\/\\\/sindromecharge.es\\\/index.php\\\/2020\\\/02\\\/14\\\/el-juicio-del-caso-sinpromi-empieza-en-marzo-y-pedreira-se-enfrenta-a-una-pena-de-hasta-14-anos-de-carcel\\\/#breadcrumb\"},\"inLanguage\":\"es\",\"potentialAction\":[{\"@type\":\"ReadAction\",\"target\":[\"https:\\\/\\\/sindromecharge.es\\\/index.php\\\/2020\\\/02\\\/14\\\/el-juicio-del-caso-sinpromi-empieza-en-marzo-y-pedreira-se-enfrenta-a-una-pena-de-hasta-14-anos-de-carcel\\\/\"]}]},{\"@type\":\"BreadcrumbList\",\"@id\":\"https:\\\/\\\/sindromecharge.es\\\/index.php\\\/2020\\\/02\\\/14\\\/el-juicio-del-caso-sinpromi-empieza-en-marzo-y-pedreira-se-enfrenta-a-una-pena-de-hasta-14-anos-de-carcel\\\/#breadcrumb\",\"itemListElement\":[{\"@type\":\"ListItem\",\"position\":1,\"name\":\"Portada\",\"item\":\"https:\\\/\\\/sindromecharge.es\\\/\"},{\"@type\":\"ListItem\",\"position\":2,\"name\":\"El juicio del &#039;caso Sinpromi&#039; empieza en marzo y Pedreira se enfrenta a una pena de hasta 14 a\u00f1os de c\u00e1rcel\"}]},{\"@type\":\"WebSite\",\"@id\":\"https:\\\/\\\/sindromecharge.es\\\/#website\",\"url\":\"https:\\\/\\\/sindromecharge.es\\\/\",\"name\":\"Asociaci\u00f3n Espa\u00f1ola S\u00edndrome de Charge\",\"description\":\"\",\"potentialAction\":[{\"@type\":\"SearchAction\",\"target\":{\"@type\":\"EntryPoint\",\"urlTemplate\":\"https:\\\/\\\/sindromecharge.es\\\/?s={search_term_string}\"},\"query-input\":{\"@type\":\"PropertyValueSpecification\",\"valueRequired\":true,\"valueName\":\"search_term_string\"}}],\"inLanguage\":\"es\"},{\"@type\":\"Person\",\"@id\":\"https:\\\/\\\/sindromecharge.es\\\/#\\\/schema\\\/person\\\/39a60ebe0a2b4d5a11179701e336b039\",\"name\":\"Charge\",\"image\":{\"@type\":\"ImageObject\",\"inLanguage\":\"es\",\"@id\":\"https:\\\/\\\/secure.gravatar.com\\\/avatar\\\/c3b46e32a0fc3b093a0873fb767bf3293de856293065e84ef06b7ec7a8acfb98?s=96&d=identicon&r=x\",\"url\":\"https:\\\/\\\/secure.gravatar.com\\\/avatar\\\/c3b46e32a0fc3b093a0873fb767bf3293de856293065e84ef06b7ec7a8acfb98?s=96&d=identicon&r=x\",\"contentUrl\":\"https:\\\/\\\/secure.gravatar.com\\\/avatar\\\/c3b46e32a0fc3b093a0873fb767bf3293de856293065e84ef06b7ec7a8acfb98?s=96&d=identicon&r=x\",\"caption\":\"Charge\"},\"url\":\"https:\\\/\\\/sindromecharge.es\\\/index.php\\\/author\\\/admin\\\/\"}]}<\/script>\n<!-- \/ Yoast SEO plugin. -->","yoast_head_json":{"title":"El juicio del &#039;caso Sinpromi&#039; empieza en marzo y Pedreira se enfrenta a una pena de hasta 14 a\u00f1os de c\u00e1rcel - Asociaci\u00f3n Espa\u00f1ola S\u00edndrome de Charge","robots":{"index":"index","follow":"follow","max-snippet":"max-snippet:-1","max-image-preview":"max-image-preview:large","max-video-preview":"max-video-preview:-1"},"canonical":"https:\/\/sindromecharge.es\/index.php\/2020\/02\/14\/el-juicio-del-caso-sinpromi-empieza-en-marzo-y-pedreira-se-enfrenta-a-una-pena-de-hasta-14-anos-de-carcel\/","og_locale":"es_ES","og_type":"article","og_title":"El juicio del &#039;caso Sinpromi&#039; empieza en marzo y Pedreira se enfrenta a una pena de hasta 14 a\u00f1os de c\u00e1rcel - Asociaci\u00f3n Espa\u00f1ola S\u00edndrome de Charge","og_description":"Leemos en 20minutos la siguiente noticia que os reproducimos de forma \u00edntegra: As\u00ed lo recoge un auto de la secci\u00f3n segunda de la Audiencia Provincial hecho p\u00fablico este viernes en el que se acusa al exdirector financiero de Sinpromi, Andr\u00e9s Hern\u00e1ndez Pedreira, de los presuntos delitos de malversaci\u00f3n de caudales p\u00fablicos y falsificaci\u00f3n de documento [&hellip;]","og_url":"https:\/\/sindromecharge.es\/index.php\/2020\/02\/14\/el-juicio-del-caso-sinpromi-empieza-en-marzo-y-pedreira-se-enfrenta-a-una-pena-de-hasta-14-anos-de-carcel\/","og_site_name":"Asociaci\u00f3n Espa\u00f1ola S\u00edndrome de Charge","article_publisher":"https:\/\/www.facebook.com\/asociacionsindromecharge","article_published_time":"2020-02-14T16:07:09+00:00","og_image":[{"width":300,"height":98,"url":"https:\/\/sindromecharge.es\/wp-content\/uploads\/2013\/09\/logodecharge300x98.png","type":"image\/png"}],"author":"Charge","twitter_card":"summary_large_image","twitter_creator":"@sindromecharge","twitter_site":"@sindromecharge","twitter_misc":{"Escrito por":"Charge","Tiempo de lectura":"2 minutos"},"schema":{"@context":"https:\/\/schema.org","@graph":[{"@type":"Article","@id":"https:\/\/sindromecharge.es\/index.php\/2020\/02\/14\/el-juicio-del-caso-sinpromi-empieza-en-marzo-y-pedreira-se-enfrenta-a-una-pena-de-hasta-14-anos-de-carcel\/#article","isPartOf":{"@id":"https:\/\/sindromecharge.es\/index.php\/2020\/02\/14\/el-juicio-del-caso-sinpromi-empieza-en-marzo-y-pedreira-se-enfrenta-a-una-pena-de-hasta-14-anos-de-carcel\/"},"author":{"name":"Charge","@id":"https:\/\/sindromecharge.es\/#\/schema\/person\/39a60ebe0a2b4d5a11179701e336b039"},"headline":"El juicio del &#039;caso Sinpromi&#039; empieza en marzo y Pedreira se enfrenta a una pena de hasta 14 a\u00f1os de c\u00e1rcel","datePublished":"2020-02-14T16:07:09+00:00","mainEntityOfPage":{"@id":"https:\/\/sindromecharge.es\/index.php\/2020\/02\/14\/el-juicio-del-caso-sinpromi-empieza-en-marzo-y-pedreira-se-enfrenta-a-una-pena-de-hasta-14-anos-de-carcel\/"},"wordCount":322,"commentCount":0,"keywords":["discapacidad"],"articleSection":["noticias"],"inLanguage":"es","potentialAction":[{"@type":"CommentAction","name":"Comment","target":["https:\/\/sindromecharge.es\/index.php\/2020\/02\/14\/el-juicio-del-caso-sinpromi-empieza-en-marzo-y-pedreira-se-enfrenta-a-una-pena-de-hasta-14-anos-de-carcel\/#respond"]}]},{"@type":"WebPage","@id":"https:\/\/sindromecharge.es\/index.php\/2020\/02\/14\/el-juicio-del-caso-sinpromi-empieza-en-marzo-y-pedreira-se-enfrenta-a-una-pena-de-hasta-14-anos-de-carcel\/","url":"https:\/\/sindromecharge.es\/index.php\/2020\/02\/14\/el-juicio-del-caso-sinpromi-empieza-en-marzo-y-pedreira-se-enfrenta-a-una-pena-de-hasta-14-anos-de-carcel\/","name":"El juicio del &#039;caso Sinpromi&#039; empieza en marzo y Pedreira se enfrenta a una pena de hasta 14 a\u00f1os de c\u00e1rcel - Asociaci\u00f3n Espa\u00f1ola S\u00edndrome de Charge","isPartOf":{"@id":"https:\/\/sindromecharge.es\/#website"},"datePublished":"2020-02-14T16:07:09+00:00","author":{"@id":"https:\/\/sindromecharge.es\/#\/schema\/person\/39a60ebe0a2b4d5a11179701e336b039"},"breadcrumb":{"@id":"https:\/\/sindromecharge.es\/index.php\/2020\/02\/14\/el-juicio-del-caso-sinpromi-empieza-en-marzo-y-pedreira-se-enfrenta-a-una-pena-de-hasta-14-anos-de-carcel\/#breadcrumb"},"inLanguage":"es","potentialAction":[{"@type":"ReadAction","target":["https:\/\/sindromecharge.es\/index.php\/2020\/02\/14\/el-juicio-del-caso-sinpromi-empieza-en-marzo-y-pedreira-se-enfrenta-a-una-pena-de-hasta-14-anos-de-carcel\/"]}]},{"@type":"BreadcrumbList","@id":"https:\/\/sindromecharge.es\/index.php\/2020\/02\/14\/el-juicio-del-caso-sinpromi-empieza-en-marzo-y-pedreira-se-enfrenta-a-una-pena-de-hasta-14-anos-de-carcel\/#breadcrumb","itemListElement":[{"@type":"ListItem","position":1,"name":"Portada","item":"https:\/\/sindromecharge.es\/"},{"@type":"ListItem","position":2,"name":"El juicio del &#039;caso Sinpromi&#039; empieza en marzo y Pedreira se enfrenta a una pena de hasta 14 a\u00f1os de c\u00e1rcel"}]},{"@type":"WebSite","@id":"https:\/\/sindromecharge.es\/#website","url":"https:\/\/sindromecharge.es\/","name":"Asociaci\u00f3n Espa\u00f1ola S\u00edndrome de Charge","description":"","potentialAction":[{"@type":"SearchAction","target":{"@type":"EntryPoint","urlTemplate":"https:\/\/sindromecharge.es\/?s={search_term_string}"},"query-input":{"@type":"PropertyValueSpecification","valueRequired":true,"valueName":"search_term_string"}}],"inLanguage":"es"},{"@type":"Person","@id":"https:\/\/sindromecharge.es\/#\/schema\/person\/39a60ebe0a2b4d5a11179701e336b039","name":"Charge","image":{"@type":"ImageObject","inLanguage":"es","@id":"https:\/\/secure.gravatar.com\/avatar\/c3b46e32a0fc3b093a0873fb767bf3293de856293065e84ef06b7ec7a8acfb98?s=96&d=identicon&r=x","url":"https:\/\/secure.gravatar.com\/avatar\/c3b46e32a0fc3b093a0873fb767bf3293de856293065e84ef06b7ec7a8acfb98?s=96&d=identicon&r=x","contentUrl":"https:\/\/secure.gravatar.com\/avatar\/c3b46e32a0fc3b093a0873fb767bf3293de856293065e84ef06b7ec7a8acfb98?s=96&d=identicon&r=x","caption":"Charge"},"url":"https:\/\/sindromecharge.es\/index.php\/author\/admin\/"}]}},"_links":{"self":[{"href":"https:\/\/sindromecharge.es\/index.php\/wp-json\/wp\/v2\/posts\/5240","targetHints":{"allow":["GET"]}}],"collection":[{"href":"https:\/\/sindromecharge.es\/index.php\/wp-json\/wp\/v2\/posts"}],"about":[{"href":"https:\/\/sindromecharge.es\/index.php\/wp-json\/wp\/v2\/types\/post"}],"author":[{"embeddable":true,"href":"https:\/\/sindromecharge.es\/index.php\/wp-json\/wp\/v2\/users\/1"}],"replies":[{"embeddable":true,"href":"https:\/\/sindromecharge.es\/index.php\/wp-json\/wp\/v2\/comments?post=5240"}],"version-history":[{"count":0,"href":"https:\/\/sindromecharge.es\/index.php\/wp-json\/wp\/v2\/posts\/5240\/revisions"}],"wp:attachment":[{"href":"https:\/\/sindromecharge.es\/index.php\/wp-json\/wp\/v2\/media?parent=5240"}],"wp:term":[{"taxonomy":"category","embeddable":true,"href":"https:\/\/sindromecharge.es\/index.php\/wp-json\/wp\/v2\/categories?post=5240"},{"taxonomy":"post_tag","embeddable":true,"href":"https:\/\/sindromecharge.es\/index.php\/wp-json\/wp\/v2\/tags?post=5240"}],"curies":[{"name":"wp","href":"https:\/\/api.w.org\/{rel}","templated":true}]}}