{"id":5239,"date":"2020-02-14T12:01:50","date_gmt":"2020-02-14T12:01:50","guid":{"rendered":"https:\/\/sindromecharge.es\/index.php\/2020\/02\/14\/la-fiscalia-de-castilla-la-mancha-quiere-contribuir-a-que-la-aplicacion-de-la-ley-sobre-discapacidad-sea-todo-un-exito\/"},"modified":"2020-02-14T12:01:50","modified_gmt":"2020-02-14T12:01:50","slug":"la-fiscalia-de-castilla-la-mancha-quiere-contribuir-a-que-la-aplicacion-de-la-ley-sobre-discapacidad-sea-todo-un-exito","status":"publish","type":"post","link":"https:\/\/sindromecharge.es\/index.php\/2020\/02\/14\/la-fiscalia-de-castilla-la-mancha-quiere-contribuir-a-que-la-aplicacion-de-la-ley-sobre-discapacidad-sea-todo-un-exito\/","title":{"rendered":"La Fiscal\u00eda de Castilla-La Mancha quiere contribuir a que la aplicaci\u00f3n de la Ley sobre Discapacidad &quot;sea todo un \u00e9xito&quot;"},"content":{"rendered":"<p>Leemos en 20minutos la siguiente noticia que os reproducimos de forma \u00edntegra: <\/p>\n<p>Mart\u00ednez Jim\u00e9nez ha atendido a los medios tras un encuentro con la consejera de Bienestar Social, Aurelia S\u00e1nchez, en la sede de la Fiscal\u00eda Superior, para abordar, entre otros asuntos, el desarrollo de la Ley 3\/2018, de protecci\u00f3n y apoyo garantizado para personas con discapacidad en Castilla-La Mancha y los procesos de incapacitaci\u00f3n en la regi\u00f3n.<\/p>\n<p>El fiscal ha explicado que la reuni\u00f3n con la consejera se ha centrado en abordar \u00abtemas sobre discapacidad\u00bb porque la Fiscal\u00eda quiere ser una instituci\u00f3n \u00abque ayude a la convivencia, a solucionar los problemas\u00bb.<\/p>\n<p>Por ello, aunque trabaja en el orden penal, tiene tambi\u00e9n un cometido muy importante en materia civil \u00abde apoyo de ayuda de asistencia, de protecci\u00f3n, de asesoramiento\u00bb no solo a personas con discapacidad, sino tambi\u00e9n a aquellas personas que \u00abviven su vida entregadas y al servicio de estas personas\u00bb.<\/p>\n<p>A preguntas de cuantos procesos de incapacitaci\u00f3n se tratan desde la Fiscal\u00eda, Mart\u00ednez Jim\u00e9nez ha comentado que los datos, que se recogen en la Memoria Anual, revelan que se est\u00e1 \u00aben torno al millar de procedimientos\u00bb.<\/p>\n<p>En cuanto al proceso de declaraci\u00f3n de la modificaci\u00f3n, lo fundamental -ha dicho- es \u00abun buen diagn\u00f3stico cl\u00ednico y una sensibilidad y acierto del juez y el fiscal\u00bb, que \u00abvan a dise\u00f1ar el sistema de apoyos\u00bb que lo que requiere es que se ajuste a las necesidades de las personas.<\/p>\n<p>Los problemas jur\u00eddicos vienen cuando se nombra a un tutor, que tiene que administrar el patrimonio, hacer rendici\u00f3n de cuentas y otras acciones que s\u00ed requieren de un \u00abrefuerzo jur\u00eddico\u00bb y \u00abun turno de oficio especializado en estas materias, asociado a la justicia gratuita, ser\u00eda muy importante\u00bb porque aliviar\u00eda la carga econ\u00f3mica de estas personas.<\/p>\n<p>Ha agradecido a S\u00e1nchez su \u00abdisposici\u00f3n\u00bb para esta reuni\u00f3n, que se llevaba \u00abpreparando mucho tiempo\u00bb y ha rese\u00f1ado que desde hace muchos a\u00f1os se viene manteniendo \u00abun contacto muy regular\u00bb, una \u00abcoordinaci\u00f3n\u00bb y una \u00abcompenetraci\u00f3n institucional extraordinaria\u00bb entre las instituciones, y ahora se da un salto cualitativo para abordar \u00abotras cuestiones m\u00e1s all\u00e1\u00bb.<\/p>\n<p>C-LM \u00abVELA\u00bb POR LOS DERECHOS DE LAS PERSONAS CON DISCAPACIDAD<\/p>\n<p>Por su parte, la consejera de Bienestar Social, Aurelia S\u00e1nchez, ha planteado que el Gobierno regional \u00abvela\u00bb por los derechos de las personas con discapacidad, para que tengan capacidad de decisi\u00f3n o, si necesitan ser tuteladas, que haya \u00abmodelos de coordinaci\u00f3n muy cercanos\u00bb entre la Fiscal\u00eda de Castilla-La Mancha y el Gobierno regional para \u00abfacilitarles el proceso\u00bb.<\/p>\n<p>De la Ley para personas con Discapacidad \u00abse van a poder beneficiar 35.000 personas en la regi\u00f3n\u00bb y la idea, ha expuesto la consejera, es \u00abpoder hacer planes de futuro\u00bb en los que la Administraci\u00f3n regional les va a \u00abgarantizar los apoyos\u00bb.<\/p>\n<p>La Fiscal\u00eda es \u00abun aliado imprescindible\u00bb porque la instituci\u00f3n es tambi\u00e9n \u00abdefensora\u00bb de las personas con discapacidad.<\/p>\n<p>Fuente: 20minutos <a href=\"https:\/\/www.20minutos.es\/noticia\/4151515\/0\/la-fiscalia-de-castilla-la-mancha-quiere-contribuir-a-que-la-aplicacion-de-la-ley-sobre-discapacidad-sea-todo-un-exito\/\" target=\"_blank\" rel=\"noopener noreferrer\">La Fiscal\u00eda de Castilla-La Mancha quiere contribuir a que la aplicaci\u00f3n de la Ley sobre Discapacidad &quot;sea todo un \u00e9xito&quot;<\/a><\/p>\n","protected":false},"excerpt":{"rendered":"<p>Leemos en 20minutos la siguiente noticia que os reproducimos de forma \u00edntegra: Mart\u00ednez Jim\u00e9nez ha atendido a los medios tras un encuentro con la consejera de Bienestar Social, Aurelia S\u00e1nchez, en la sede de la Fiscal\u00eda Superior, para abordar, entre otros asuntos, el desarrollo de la Ley 3\/2018, de protecci\u00f3n y apoyo garantizado para personas [&hellip;]<\/p>\n","protected":false},"author":1,"featured_media":0,"comment_status":"open","ping_status":"closed","sticky":false,"template":"","format":"standard","meta":{"footnotes":""},"categories":[8],"tags":[31],"class_list":["post-5239","post","type-post","status-publish","format-standard","hentry","category-noticias","tag-discapacidad"],"yoast_head":"<!-- This site is optimized with the Yoast SEO plugin v27.4 - https:\/\/yoast.com\/product\/yoast-seo-wordpress\/ -->\n<title>La Fiscal\u00eda de Castilla-La Mancha quiere contribuir a que la aplicaci\u00f3n de la Ley sobre Discapacidad &quot;sea todo un \u00e9xito&quot; - Asociaci\u00f3n Espa\u00f1ola S\u00edndrome de Charge<\/title>\n<meta name=\"robots\" content=\"index, follow, max-snippet:-1, max-image-preview:large, max-video-preview:-1\" \/>\n<link rel=\"canonical\" href=\"https:\/\/sindromecharge.es\/index.php\/2020\/02\/14\/la-fiscalia-de-castilla-la-mancha-quiere-contribuir-a-que-la-aplicacion-de-la-ley-sobre-discapacidad-sea-todo-un-exito\/\" \/>\n<meta property=\"og:locale\" content=\"es_ES\" \/>\n<meta property=\"og:type\" content=\"article\" \/>\n<meta property=\"og:title\" content=\"La Fiscal\u00eda de Castilla-La Mancha quiere contribuir a que la aplicaci\u00f3n de la Ley sobre Discapacidad &quot;sea todo un \u00e9xito&quot; - Asociaci\u00f3n Espa\u00f1ola S\u00edndrome de Charge\" \/>\n<meta property=\"og:description\" content=\"Leemos en 20minutos la siguiente noticia que os reproducimos de forma \u00edntegra: Mart\u00ednez Jim\u00e9nez ha atendido a los medios tras un encuentro con la consejera de Bienestar Social, Aurelia S\u00e1nchez, en la sede de la Fiscal\u00eda Superior, para abordar, entre otros asuntos, el desarrollo de la Ley 3\/2018, de protecci\u00f3n y apoyo garantizado para personas [&hellip;]\" \/>\n<meta property=\"og:url\" content=\"https:\/\/sindromecharge.es\/index.php\/2020\/02\/14\/la-fiscalia-de-castilla-la-mancha-quiere-contribuir-a-que-la-aplicacion-de-la-ley-sobre-discapacidad-sea-todo-un-exito\/\" \/>\n<meta property=\"og:site_name\" content=\"Asociaci\u00f3n Espa\u00f1ola S\u00edndrome de Charge\" \/>\n<meta property=\"article:publisher\" content=\"https:\/\/www.facebook.com\/asociacionsindromecharge\" \/>\n<meta property=\"article:published_time\" content=\"2020-02-14T12:01:50+00:00\" \/>\n<meta property=\"og:image\" content=\"https:\/\/sindromecharge.es\/wp-content\/uploads\/2013\/09\/logodecharge300x98.png\" \/>\n\t<meta property=\"og:image:width\" content=\"300\" \/>\n\t<meta property=\"og:image:height\" content=\"98\" \/>\n\t<meta property=\"og:image:type\" content=\"image\/png\" \/>\n<meta name=\"author\" content=\"Charge\" \/>\n<meta name=\"twitter:card\" content=\"summary_large_image\" \/>\n<meta name=\"twitter:creator\" content=\"@sindromecharge\" \/>\n<meta name=\"twitter:site\" content=\"@sindromecharge\" \/>\n<meta name=\"twitter:label1\" content=\"Escrito por\" \/>\n\t<meta name=\"twitter:data1\" content=\"Charge\" \/>\n\t<meta name=\"twitter:label2\" content=\"Tiempo de lectura\" \/>\n\t<meta name=\"twitter:data2\" content=\"3 minutos\" \/>\n<script type=\"application\/ld+json\" class=\"yoast-schema-graph\">{\"@context\":\"https:\\\/\\\/schema.org\",\"@graph\":[{\"@type\":\"Article\",\"@id\":\"https:\\\/\\\/sindromecharge.es\\\/index.php\\\/2020\\\/02\\\/14\\\/la-fiscalia-de-castilla-la-mancha-quiere-contribuir-a-que-la-aplicacion-de-la-ley-sobre-discapacidad-sea-todo-un-exito\\\/#article\",\"isPartOf\":{\"@id\":\"https:\\\/\\\/sindromecharge.es\\\/index.php\\\/2020\\\/02\\\/14\\\/la-fiscalia-de-castilla-la-mancha-quiere-contribuir-a-que-la-aplicacion-de-la-ley-sobre-discapacidad-sea-todo-un-exito\\\/\"},\"author\":{\"name\":\"Charge\",\"@id\":\"https:\\\/\\\/sindromecharge.es\\\/#\\\/schema\\\/person\\\/39a60ebe0a2b4d5a11179701e336b039\"},\"headline\":\"La Fiscal\u00eda de Castilla-La Mancha quiere contribuir a que la aplicaci\u00f3n de la Ley sobre Discapacidad &quot;sea todo un \u00e9xito&quot;\",\"datePublished\":\"2020-02-14T12:01:50+00:00\",\"mainEntityOfPage\":{\"@id\":\"https:\\\/\\\/sindromecharge.es\\\/index.php\\\/2020\\\/02\\\/14\\\/la-fiscalia-de-castilla-la-mancha-quiere-contribuir-a-que-la-aplicacion-de-la-ley-sobre-discapacidad-sea-todo-un-exito\\\/\"},\"wordCount\":564,\"commentCount\":0,\"keywords\":[\"discapacidad\"],\"articleSection\":[\"noticias\"],\"inLanguage\":\"es\",\"potentialAction\":[{\"@type\":\"CommentAction\",\"name\":\"Comment\",\"target\":[\"https:\\\/\\\/sindromecharge.es\\\/index.php\\\/2020\\\/02\\\/14\\\/la-fiscalia-de-castilla-la-mancha-quiere-contribuir-a-que-la-aplicacion-de-la-ley-sobre-discapacidad-sea-todo-un-exito\\\/#respond\"]}]},{\"@type\":\"WebPage\",\"@id\":\"https:\\\/\\\/sindromecharge.es\\\/index.php\\\/2020\\\/02\\\/14\\\/la-fiscalia-de-castilla-la-mancha-quiere-contribuir-a-que-la-aplicacion-de-la-ley-sobre-discapacidad-sea-todo-un-exito\\\/\",\"url\":\"https:\\\/\\\/sindromecharge.es\\\/index.php\\\/2020\\\/02\\\/14\\\/la-fiscalia-de-castilla-la-mancha-quiere-contribuir-a-que-la-aplicacion-de-la-ley-sobre-discapacidad-sea-todo-un-exito\\\/\",\"name\":\"La Fiscal\u00eda de Castilla-La Mancha quiere contribuir a que la aplicaci\u00f3n de la Ley sobre Discapacidad &quot;sea todo un \u00e9xito&quot; - Asociaci\u00f3n Espa\u00f1ola S\u00edndrome de Charge\",\"isPartOf\":{\"@id\":\"https:\\\/\\\/sindromecharge.es\\\/#website\"},\"datePublished\":\"2020-02-14T12:01:50+00:00\",\"author\":{\"@id\":\"https:\\\/\\\/sindromecharge.es\\\/#\\\/schema\\\/person\\\/39a60ebe0a2b4d5a11179701e336b039\"},\"breadcrumb\":{\"@id\":\"https:\\\/\\\/sindromecharge.es\\\/index.php\\\/2020\\\/02\\\/14\\\/la-fiscalia-de-castilla-la-mancha-quiere-contribuir-a-que-la-aplicacion-de-la-ley-sobre-discapacidad-sea-todo-un-exito\\\/#breadcrumb\"},\"inLanguage\":\"es\",\"potentialAction\":[{\"@type\":\"ReadAction\",\"target\":[\"https:\\\/\\\/sindromecharge.es\\\/index.php\\\/2020\\\/02\\\/14\\\/la-fiscalia-de-castilla-la-mancha-quiere-contribuir-a-que-la-aplicacion-de-la-ley-sobre-discapacidad-sea-todo-un-exito\\\/\"]}]},{\"@type\":\"BreadcrumbList\",\"@id\":\"https:\\\/\\\/sindromecharge.es\\\/index.php\\\/2020\\\/02\\\/14\\\/la-fiscalia-de-castilla-la-mancha-quiere-contribuir-a-que-la-aplicacion-de-la-ley-sobre-discapacidad-sea-todo-un-exito\\\/#breadcrumb\",\"itemListElement\":[{\"@type\":\"ListItem\",\"position\":1,\"name\":\"Portada\",\"item\":\"https:\\\/\\\/sindromecharge.es\\\/\"},{\"@type\":\"ListItem\",\"position\":2,\"name\":\"La Fiscal\u00eda de Castilla-La Mancha quiere contribuir a que la aplicaci\u00f3n de la Ley sobre Discapacidad &quot;sea todo un \u00e9xito&quot;\"}]},{\"@type\":\"WebSite\",\"@id\":\"https:\\\/\\\/sindromecharge.es\\\/#website\",\"url\":\"https:\\\/\\\/sindromecharge.es\\\/\",\"name\":\"Asociaci\u00f3n Espa\u00f1ola S\u00edndrome de Charge\",\"description\":\"\",\"potentialAction\":[{\"@type\":\"SearchAction\",\"target\":{\"@type\":\"EntryPoint\",\"urlTemplate\":\"https:\\\/\\\/sindromecharge.es\\\/?s={search_term_string}\"},\"query-input\":{\"@type\":\"PropertyValueSpecification\",\"valueRequired\":true,\"valueName\":\"search_term_string\"}}],\"inLanguage\":\"es\"},{\"@type\":\"Person\",\"@id\":\"https:\\\/\\\/sindromecharge.es\\\/#\\\/schema\\\/person\\\/39a60ebe0a2b4d5a11179701e336b039\",\"name\":\"Charge\",\"image\":{\"@type\":\"ImageObject\",\"inLanguage\":\"es\",\"@id\":\"https:\\\/\\\/secure.gravatar.com\\\/avatar\\\/c3b46e32a0fc3b093a0873fb767bf3293de856293065e84ef06b7ec7a8acfb98?s=96&d=identicon&r=x\",\"url\":\"https:\\\/\\\/secure.gravatar.com\\\/avatar\\\/c3b46e32a0fc3b093a0873fb767bf3293de856293065e84ef06b7ec7a8acfb98?s=96&d=identicon&r=x\",\"contentUrl\":\"https:\\\/\\\/secure.gravatar.com\\\/avatar\\\/c3b46e32a0fc3b093a0873fb767bf3293de856293065e84ef06b7ec7a8acfb98?s=96&d=identicon&r=x\",\"caption\":\"Charge\"},\"url\":\"https:\\\/\\\/sindromecharge.es\\\/index.php\\\/author\\\/admin\\\/\"}]}<\/script>\n<!-- \/ Yoast SEO plugin. -->","yoast_head_json":{"title":"La Fiscal\u00eda de Castilla-La Mancha quiere contribuir a que la aplicaci\u00f3n de la Ley sobre Discapacidad &quot;sea todo un \u00e9xito&quot; - Asociaci\u00f3n Espa\u00f1ola S\u00edndrome de Charge","robots":{"index":"index","follow":"follow","max-snippet":"max-snippet:-1","max-image-preview":"max-image-preview:large","max-video-preview":"max-video-preview:-1"},"canonical":"https:\/\/sindromecharge.es\/index.php\/2020\/02\/14\/la-fiscalia-de-castilla-la-mancha-quiere-contribuir-a-que-la-aplicacion-de-la-ley-sobre-discapacidad-sea-todo-un-exito\/","og_locale":"es_ES","og_type":"article","og_title":"La Fiscal\u00eda de Castilla-La Mancha quiere contribuir a que la aplicaci\u00f3n de la Ley sobre Discapacidad &quot;sea todo un \u00e9xito&quot; - Asociaci\u00f3n Espa\u00f1ola S\u00edndrome de Charge","og_description":"Leemos en 20minutos la siguiente noticia que os reproducimos de forma \u00edntegra: Mart\u00ednez Jim\u00e9nez ha atendido a los medios tras un encuentro con la consejera de Bienestar Social, Aurelia S\u00e1nchez, en la sede de la Fiscal\u00eda Superior, para abordar, entre otros asuntos, el desarrollo de la Ley 3\/2018, de protecci\u00f3n y apoyo garantizado para personas [&hellip;]","og_url":"https:\/\/sindromecharge.es\/index.php\/2020\/02\/14\/la-fiscalia-de-castilla-la-mancha-quiere-contribuir-a-que-la-aplicacion-de-la-ley-sobre-discapacidad-sea-todo-un-exito\/","og_site_name":"Asociaci\u00f3n Espa\u00f1ola S\u00edndrome de Charge","article_publisher":"https:\/\/www.facebook.com\/asociacionsindromecharge","article_published_time":"2020-02-14T12:01:50+00:00","og_image":[{"width":300,"height":98,"url":"https:\/\/sindromecharge.es\/wp-content\/uploads\/2013\/09\/logodecharge300x98.png","type":"image\/png"}],"author":"Charge","twitter_card":"summary_large_image","twitter_creator":"@sindromecharge","twitter_site":"@sindromecharge","twitter_misc":{"Escrito por":"Charge","Tiempo de lectura":"3 minutos"},"schema":{"@context":"https:\/\/schema.org","@graph":[{"@type":"Article","@id":"https:\/\/sindromecharge.es\/index.php\/2020\/02\/14\/la-fiscalia-de-castilla-la-mancha-quiere-contribuir-a-que-la-aplicacion-de-la-ley-sobre-discapacidad-sea-todo-un-exito\/#article","isPartOf":{"@id":"https:\/\/sindromecharge.es\/index.php\/2020\/02\/14\/la-fiscalia-de-castilla-la-mancha-quiere-contribuir-a-que-la-aplicacion-de-la-ley-sobre-discapacidad-sea-todo-un-exito\/"},"author":{"name":"Charge","@id":"https:\/\/sindromecharge.es\/#\/schema\/person\/39a60ebe0a2b4d5a11179701e336b039"},"headline":"La Fiscal\u00eda de Castilla-La Mancha quiere contribuir a que la aplicaci\u00f3n de la Ley sobre Discapacidad &quot;sea todo un \u00e9xito&quot;","datePublished":"2020-02-14T12:01:50+00:00","mainEntityOfPage":{"@id":"https:\/\/sindromecharge.es\/index.php\/2020\/02\/14\/la-fiscalia-de-castilla-la-mancha-quiere-contribuir-a-que-la-aplicacion-de-la-ley-sobre-discapacidad-sea-todo-un-exito\/"},"wordCount":564,"commentCount":0,"keywords":["discapacidad"],"articleSection":["noticias"],"inLanguage":"es","potentialAction":[{"@type":"CommentAction","name":"Comment","target":["https:\/\/sindromecharge.es\/index.php\/2020\/02\/14\/la-fiscalia-de-castilla-la-mancha-quiere-contribuir-a-que-la-aplicacion-de-la-ley-sobre-discapacidad-sea-todo-un-exito\/#respond"]}]},{"@type":"WebPage","@id":"https:\/\/sindromecharge.es\/index.php\/2020\/02\/14\/la-fiscalia-de-castilla-la-mancha-quiere-contribuir-a-que-la-aplicacion-de-la-ley-sobre-discapacidad-sea-todo-un-exito\/","url":"https:\/\/sindromecharge.es\/index.php\/2020\/02\/14\/la-fiscalia-de-castilla-la-mancha-quiere-contribuir-a-que-la-aplicacion-de-la-ley-sobre-discapacidad-sea-todo-un-exito\/","name":"La Fiscal\u00eda de Castilla-La Mancha quiere contribuir a que la aplicaci\u00f3n de la Ley sobre Discapacidad &quot;sea todo un \u00e9xito&quot; - Asociaci\u00f3n Espa\u00f1ola S\u00edndrome de Charge","isPartOf":{"@id":"https:\/\/sindromecharge.es\/#website"},"datePublished":"2020-02-14T12:01:50+00:00","author":{"@id":"https:\/\/sindromecharge.es\/#\/schema\/person\/39a60ebe0a2b4d5a11179701e336b039"},"breadcrumb":{"@id":"https:\/\/sindromecharge.es\/index.php\/2020\/02\/14\/la-fiscalia-de-castilla-la-mancha-quiere-contribuir-a-que-la-aplicacion-de-la-ley-sobre-discapacidad-sea-todo-un-exito\/#breadcrumb"},"inLanguage":"es","potentialAction":[{"@type":"ReadAction","target":["https:\/\/sindromecharge.es\/index.php\/2020\/02\/14\/la-fiscalia-de-castilla-la-mancha-quiere-contribuir-a-que-la-aplicacion-de-la-ley-sobre-discapacidad-sea-todo-un-exito\/"]}]},{"@type":"BreadcrumbList","@id":"https:\/\/sindromecharge.es\/index.php\/2020\/02\/14\/la-fiscalia-de-castilla-la-mancha-quiere-contribuir-a-que-la-aplicacion-de-la-ley-sobre-discapacidad-sea-todo-un-exito\/#breadcrumb","itemListElement":[{"@type":"ListItem","position":1,"name":"Portada","item":"https:\/\/sindromecharge.es\/"},{"@type":"ListItem","position":2,"name":"La Fiscal\u00eda de Castilla-La Mancha quiere contribuir a que la aplicaci\u00f3n de la Ley sobre Discapacidad &quot;sea todo un \u00e9xito&quot;"}]},{"@type":"WebSite","@id":"https:\/\/sindromecharge.es\/#website","url":"https:\/\/sindromecharge.es\/","name":"Asociaci\u00f3n Espa\u00f1ola S\u00edndrome de Charge","description":"","potentialAction":[{"@type":"SearchAction","target":{"@type":"EntryPoint","urlTemplate":"https:\/\/sindromecharge.es\/?s={search_term_string}"},"query-input":{"@type":"PropertyValueSpecification","valueRequired":true,"valueName":"search_term_string"}}],"inLanguage":"es"},{"@type":"Person","@id":"https:\/\/sindromecharge.es\/#\/schema\/person\/39a60ebe0a2b4d5a11179701e336b039","name":"Charge","image":{"@type":"ImageObject","inLanguage":"es","@id":"https:\/\/secure.gravatar.com\/avatar\/c3b46e32a0fc3b093a0873fb767bf3293de856293065e84ef06b7ec7a8acfb98?s=96&d=identicon&r=x","url":"https:\/\/secure.gravatar.com\/avatar\/c3b46e32a0fc3b093a0873fb767bf3293de856293065e84ef06b7ec7a8acfb98?s=96&d=identicon&r=x","contentUrl":"https:\/\/secure.gravatar.com\/avatar\/c3b46e32a0fc3b093a0873fb767bf3293de856293065e84ef06b7ec7a8acfb98?s=96&d=identicon&r=x","caption":"Charge"},"url":"https:\/\/sindromecharge.es\/index.php\/author\/admin\/"}]}},"_links":{"self":[{"href":"https:\/\/sindromecharge.es\/index.php\/wp-json\/wp\/v2\/posts\/5239","targetHints":{"allow":["GET"]}}],"collection":[{"href":"https:\/\/sindromecharge.es\/index.php\/wp-json\/wp\/v2\/posts"}],"about":[{"href":"https:\/\/sindromecharge.es\/index.php\/wp-json\/wp\/v2\/types\/post"}],"author":[{"embeddable":true,"href":"https:\/\/sindromecharge.es\/index.php\/wp-json\/wp\/v2\/users\/1"}],"replies":[{"embeddable":true,"href":"https:\/\/sindromecharge.es\/index.php\/wp-json\/wp\/v2\/comments?post=5239"}],"version-history":[{"count":0,"href":"https:\/\/sindromecharge.es\/index.php\/wp-json\/wp\/v2\/posts\/5239\/revisions"}],"wp:attachment":[{"href":"https:\/\/sindromecharge.es\/index.php\/wp-json\/wp\/v2\/media?parent=5239"}],"wp:term":[{"taxonomy":"category","embeddable":true,"href":"https:\/\/sindromecharge.es\/index.php\/wp-json\/wp\/v2\/categories?post=5239"},{"taxonomy":"post_tag","embeddable":true,"href":"https:\/\/sindromecharge.es\/index.php\/wp-json\/wp\/v2\/tags?post=5239"}],"curies":[{"name":"wp","href":"https:\/\/api.w.org\/{rel}","templated":true}]}}