{"id":5238,"date":"2020-02-14T10:59:17","date_gmt":"2020-02-14T10:59:17","guid":{"rendered":"https:\/\/sindromecharge.es\/index.php\/2020\/02\/14\/corre-la-xi-carrera-por-la-esperanza-y-entra-a-formar-parte-de-la-running-league-de-mapoma\/"},"modified":"2020-02-14T10:59:17","modified_gmt":"2020-02-14T10:59:17","slug":"corre-la-xi-carrera-por-la-esperanza-y-entra-a-formar-parte-de-la-running-league-de-mapoma","status":"publish","type":"post","link":"https:\/\/sindromecharge.es\/index.php\/2020\/02\/14\/corre-la-xi-carrera-por-la-esperanza-y-entra-a-formar-parte-de-la-running-league-de-mapoma\/","title":{"rendered":"\u00a1Corre la XI Carrera por la Esperanza y entra a formar parte de la Running League de Mapoma!"},"content":{"rendered":"<p>Leemos en FEDER la siguiente noticia que os reproducimos de forma \u00edntegra: <\/p>\n<p>&nbsp;<\/p>\n<p>Nuestros amigos de MAPOMA han lanzado la Running league by as y puedes participar en ella a trav\u00e9s de la XI Carrera por la Esperanza que celebramos el 1 de marzo en la Casa de Campo de Madrid.&nbsp;Esta liga va dirigida a todos los corredores, aficionados o profesionales que quieran disfrutar de su pasi\u00f3n y compartirla como nunca antes.<\/p>\n<p>Esta iniciativa consiste en un ranking en el que todos los participantes de las carreras de MAPOMA entrar\u00e1n a formar parte autom\u00e1ticamente y en el que su puntuaci\u00f3n y posici\u00f3n ir\u00e1 cambiando conforme el tiempo y el n\u00famero de carreras en las que compitan. Y no solo los m\u00e1s r\u00e1pidos suben escalones, tambi\u00e9n los m\u00e1s constantes.<br \/>Se cuenta con diferentes categor\u00edas y los participantes que obtengan m\u00e1s puntos recibir\u00e1n un premio que se entregar\u00e1 en un acto oficial al finalizar la temporada que comprende los meses entre septiembre y julio.<\/p>\n<p>\u00a1Empieza a correr en las diferentes carreras de Mapoma y hazte el ganador de la liga m\u00e1s solidaria!<\/p>\n<p><b>Puedes inscribirte en la XI Carrera por la esperanza en la parte superior de la noticia.<\/b><\/p>\n<p>\u00daltima modificaci\u00f3n: 14\/2\/20<\/p>\n<p>&nbsp;<\/p>\n<p>Fuente: FEDER <a href=\"https:\/\/enfermedades-raras.org\/index.php\/actualidad\/noticias-eventos\/2-feder\/13579-%C2%A1corre-la-xi-carrera-por-la-esperanza-y-entra-a-formar-parte-de-la-running-league-de-mapoma\" target=\"_blank\" rel=\"noopener noreferrer\">\u00a1Corre la XI Carrera por la Esperanza y entra a formar parte de la Running League de Mapoma!<\/a><\/p>\n","protected":false},"excerpt":{"rendered":"<p>Leemos en FEDER la siguiente noticia que os reproducimos de forma \u00edntegra: &nbsp; Nuestros amigos de MAPOMA han lanzado la Running league by as y puedes participar en ella a trav\u00e9s de la XI Carrera por la Esperanza que celebramos el 1 de marzo en la Casa de Campo de Madrid.&nbsp;Esta liga va dirigida a [&hellip;]<\/p>\n","protected":false},"author":1,"featured_media":0,"comment_status":"open","ping_status":"closed","sticky":false,"template":"","format":"standard","meta":{"footnotes":""},"categories":[8],"tags":[36],"class_list":["post-5238","post","type-post","status-publish","format-standard","hentry","category-noticias","tag-enfermedades-raras"],"yoast_head":"<!-- This site is optimized with the Yoast SEO plugin v27.4 - https:\/\/yoast.com\/product\/yoast-seo-wordpress\/ -->\n<title>\u00a1Corre la XI Carrera por la Esperanza y entra a formar parte de la Running League de Mapoma! - Asociaci\u00f3n Espa\u00f1ola S\u00edndrome de Charge<\/title>\n<meta name=\"robots\" content=\"index, follow, max-snippet:-1, max-image-preview:large, max-video-preview:-1\" \/>\n<link rel=\"canonical\" href=\"https:\/\/sindromecharge.es\/index.php\/2020\/02\/14\/corre-la-xi-carrera-por-la-esperanza-y-entra-a-formar-parte-de-la-running-league-de-mapoma\/\" \/>\n<meta property=\"og:locale\" content=\"es_ES\" \/>\n<meta property=\"og:type\" content=\"article\" \/>\n<meta property=\"og:title\" content=\"\u00a1Corre la XI Carrera por la Esperanza y entra a formar parte de la Running League de Mapoma! - Asociaci\u00f3n Espa\u00f1ola S\u00edndrome de Charge\" \/>\n<meta property=\"og:description\" content=\"Leemos en FEDER la siguiente noticia que os reproducimos de forma \u00edntegra: &nbsp; Nuestros amigos de MAPOMA han lanzado la Running league by as y puedes participar en ella a trav\u00e9s de la XI Carrera por la Esperanza que celebramos el 1 de marzo en la Casa de Campo de Madrid.&nbsp;Esta liga va dirigida a [&hellip;]\" \/>\n<meta property=\"og:url\" content=\"https:\/\/sindromecharge.es\/index.php\/2020\/02\/14\/corre-la-xi-carrera-por-la-esperanza-y-entra-a-formar-parte-de-la-running-league-de-mapoma\/\" \/>\n<meta property=\"og:site_name\" content=\"Asociaci\u00f3n Espa\u00f1ola S\u00edndrome de Charge\" \/>\n<meta property=\"article:publisher\" content=\"https:\/\/www.facebook.com\/asociacionsindromecharge\" \/>\n<meta property=\"article:published_time\" content=\"2020-02-14T10:59:17+00:00\" \/>\n<meta property=\"og:image\" content=\"https:\/\/sindromecharge.es\/wp-content\/uploads\/2013\/09\/logodecharge300x98.png\" \/>\n\t<meta property=\"og:image:width\" content=\"300\" \/>\n\t<meta property=\"og:image:height\" content=\"98\" \/>\n\t<meta property=\"og:image:type\" content=\"image\/png\" \/>\n<meta name=\"author\" content=\"Charge\" \/>\n<meta name=\"twitter:card\" content=\"summary_large_image\" \/>\n<meta name=\"twitter:creator\" content=\"@sindromecharge\" \/>\n<meta name=\"twitter:site\" content=\"@sindromecharge\" \/>\n<meta name=\"twitter:label1\" content=\"Escrito por\" \/>\n\t<meta name=\"twitter:data1\" content=\"Charge\" \/>\n\t<meta name=\"twitter:label2\" content=\"Tiempo de lectura\" \/>\n\t<meta name=\"twitter:data2\" content=\"1 minuto\" \/>\n<script type=\"application\/ld+json\" class=\"yoast-schema-graph\">{\"@context\":\"https:\\\/\\\/schema.org\",\"@graph\":[{\"@type\":\"Article\",\"@id\":\"https:\\\/\\\/sindromecharge.es\\\/index.php\\\/2020\\\/02\\\/14\\\/corre-la-xi-carrera-por-la-esperanza-y-entra-a-formar-parte-de-la-running-league-de-mapoma\\\/#article\",\"isPartOf\":{\"@id\":\"https:\\\/\\\/sindromecharge.es\\\/index.php\\\/2020\\\/02\\\/14\\\/corre-la-xi-carrera-por-la-esperanza-y-entra-a-formar-parte-de-la-running-league-de-mapoma\\\/\"},\"author\":{\"name\":\"Charge\",\"@id\":\"https:\\\/\\\/sindromecharge.es\\\/#\\\/schema\\\/person\\\/39a60ebe0a2b4d5a11179701e336b039\"},\"headline\":\"\u00a1Corre la XI Carrera por la Esperanza y entra a formar parte de la Running League de Mapoma!\",\"datePublished\":\"2020-02-14T10:59:17+00:00\",\"mainEntityOfPage\":{\"@id\":\"https:\\\/\\\/sindromecharge.es\\\/index.php\\\/2020\\\/02\\\/14\\\/corre-la-xi-carrera-por-la-esperanza-y-entra-a-formar-parte-de-la-running-league-de-mapoma\\\/\"},\"wordCount\":254,\"commentCount\":0,\"keywords\":[\"enfermedades raras\"],\"articleSection\":[\"noticias\"],\"inLanguage\":\"es\",\"potentialAction\":[{\"@type\":\"CommentAction\",\"name\":\"Comment\",\"target\":[\"https:\\\/\\\/sindromecharge.es\\\/index.php\\\/2020\\\/02\\\/14\\\/corre-la-xi-carrera-por-la-esperanza-y-entra-a-formar-parte-de-la-running-league-de-mapoma\\\/#respond\"]}]},{\"@type\":\"WebPage\",\"@id\":\"https:\\\/\\\/sindromecharge.es\\\/index.php\\\/2020\\\/02\\\/14\\\/corre-la-xi-carrera-por-la-esperanza-y-entra-a-formar-parte-de-la-running-league-de-mapoma\\\/\",\"url\":\"https:\\\/\\\/sindromecharge.es\\\/index.php\\\/2020\\\/02\\\/14\\\/corre-la-xi-carrera-por-la-esperanza-y-entra-a-formar-parte-de-la-running-league-de-mapoma\\\/\",\"name\":\"\u00a1Corre la XI Carrera por la Esperanza y entra a formar parte de la Running League de Mapoma! - Asociaci\u00f3n Espa\u00f1ola S\u00edndrome de Charge\",\"isPartOf\":{\"@id\":\"https:\\\/\\\/sindromecharge.es\\\/#website\"},\"datePublished\":\"2020-02-14T10:59:17+00:00\",\"author\":{\"@id\":\"https:\\\/\\\/sindromecharge.es\\\/#\\\/schema\\\/person\\\/39a60ebe0a2b4d5a11179701e336b039\"},\"breadcrumb\":{\"@id\":\"https:\\\/\\\/sindromecharge.es\\\/index.php\\\/2020\\\/02\\\/14\\\/corre-la-xi-carrera-por-la-esperanza-y-entra-a-formar-parte-de-la-running-league-de-mapoma\\\/#breadcrumb\"},\"inLanguage\":\"es\",\"potentialAction\":[{\"@type\":\"ReadAction\",\"target\":[\"https:\\\/\\\/sindromecharge.es\\\/index.php\\\/2020\\\/02\\\/14\\\/corre-la-xi-carrera-por-la-esperanza-y-entra-a-formar-parte-de-la-running-league-de-mapoma\\\/\"]}]},{\"@type\":\"BreadcrumbList\",\"@id\":\"https:\\\/\\\/sindromecharge.es\\\/index.php\\\/2020\\\/02\\\/14\\\/corre-la-xi-carrera-por-la-esperanza-y-entra-a-formar-parte-de-la-running-league-de-mapoma\\\/#breadcrumb\",\"itemListElement\":[{\"@type\":\"ListItem\",\"position\":1,\"name\":\"Portada\",\"item\":\"https:\\\/\\\/sindromecharge.es\\\/\"},{\"@type\":\"ListItem\",\"position\":2,\"name\":\"\u00a1Corre la XI Carrera por la Esperanza y entra a formar parte de la Running League de Mapoma!\"}]},{\"@type\":\"WebSite\",\"@id\":\"https:\\\/\\\/sindromecharge.es\\\/#website\",\"url\":\"https:\\\/\\\/sindromecharge.es\\\/\",\"name\":\"Asociaci\u00f3n Espa\u00f1ola S\u00edndrome de Charge\",\"description\":\"\",\"potentialAction\":[{\"@type\":\"SearchAction\",\"target\":{\"@type\":\"EntryPoint\",\"urlTemplate\":\"https:\\\/\\\/sindromecharge.es\\\/?s={search_term_string}\"},\"query-input\":{\"@type\":\"PropertyValueSpecification\",\"valueRequired\":true,\"valueName\":\"search_term_string\"}}],\"inLanguage\":\"es\"},{\"@type\":\"Person\",\"@id\":\"https:\\\/\\\/sindromecharge.es\\\/#\\\/schema\\\/person\\\/39a60ebe0a2b4d5a11179701e336b039\",\"name\":\"Charge\",\"image\":{\"@type\":\"ImageObject\",\"inLanguage\":\"es\",\"@id\":\"https:\\\/\\\/secure.gravatar.com\\\/avatar\\\/c3b46e32a0fc3b093a0873fb767bf3293de856293065e84ef06b7ec7a8acfb98?s=96&d=identicon&r=x\",\"url\":\"https:\\\/\\\/secure.gravatar.com\\\/avatar\\\/c3b46e32a0fc3b093a0873fb767bf3293de856293065e84ef06b7ec7a8acfb98?s=96&d=identicon&r=x\",\"contentUrl\":\"https:\\\/\\\/secure.gravatar.com\\\/avatar\\\/c3b46e32a0fc3b093a0873fb767bf3293de856293065e84ef06b7ec7a8acfb98?s=96&d=identicon&r=x\",\"caption\":\"Charge\"},\"url\":\"https:\\\/\\\/sindromecharge.es\\\/index.php\\\/author\\\/admin\\\/\"}]}<\/script>\n<!-- \/ Yoast SEO plugin. -->","yoast_head_json":{"title":"\u00a1Corre la XI Carrera por la Esperanza y entra a formar parte de la Running League de Mapoma! - Asociaci\u00f3n Espa\u00f1ola S\u00edndrome de Charge","robots":{"index":"index","follow":"follow","max-snippet":"max-snippet:-1","max-image-preview":"max-image-preview:large","max-video-preview":"max-video-preview:-1"},"canonical":"https:\/\/sindromecharge.es\/index.php\/2020\/02\/14\/corre-la-xi-carrera-por-la-esperanza-y-entra-a-formar-parte-de-la-running-league-de-mapoma\/","og_locale":"es_ES","og_type":"article","og_title":"\u00a1Corre la XI Carrera por la Esperanza y entra a formar parte de la Running League de Mapoma! - Asociaci\u00f3n Espa\u00f1ola S\u00edndrome de Charge","og_description":"Leemos en FEDER la siguiente noticia que os reproducimos de forma \u00edntegra: &nbsp; Nuestros amigos de MAPOMA han lanzado la Running league by as y puedes participar en ella a trav\u00e9s de la XI Carrera por la Esperanza que celebramos el 1 de marzo en la Casa de Campo de Madrid.&nbsp;Esta liga va dirigida a [&hellip;]","og_url":"https:\/\/sindromecharge.es\/index.php\/2020\/02\/14\/corre-la-xi-carrera-por-la-esperanza-y-entra-a-formar-parte-de-la-running-league-de-mapoma\/","og_site_name":"Asociaci\u00f3n Espa\u00f1ola S\u00edndrome de Charge","article_publisher":"https:\/\/www.facebook.com\/asociacionsindromecharge","article_published_time":"2020-02-14T10:59:17+00:00","og_image":[{"width":300,"height":98,"url":"https:\/\/sindromecharge.es\/wp-content\/uploads\/2013\/09\/logodecharge300x98.png","type":"image\/png"}],"author":"Charge","twitter_card":"summary_large_image","twitter_creator":"@sindromecharge","twitter_site":"@sindromecharge","twitter_misc":{"Escrito por":"Charge","Tiempo de lectura":"1 minuto"},"schema":{"@context":"https:\/\/schema.org","@graph":[{"@type":"Article","@id":"https:\/\/sindromecharge.es\/index.php\/2020\/02\/14\/corre-la-xi-carrera-por-la-esperanza-y-entra-a-formar-parte-de-la-running-league-de-mapoma\/#article","isPartOf":{"@id":"https:\/\/sindromecharge.es\/index.php\/2020\/02\/14\/corre-la-xi-carrera-por-la-esperanza-y-entra-a-formar-parte-de-la-running-league-de-mapoma\/"},"author":{"name":"Charge","@id":"https:\/\/sindromecharge.es\/#\/schema\/person\/39a60ebe0a2b4d5a11179701e336b039"},"headline":"\u00a1Corre la XI Carrera por la Esperanza y entra a formar parte de la Running League de Mapoma!","datePublished":"2020-02-14T10:59:17+00:00","mainEntityOfPage":{"@id":"https:\/\/sindromecharge.es\/index.php\/2020\/02\/14\/corre-la-xi-carrera-por-la-esperanza-y-entra-a-formar-parte-de-la-running-league-de-mapoma\/"},"wordCount":254,"commentCount":0,"keywords":["enfermedades raras"],"articleSection":["noticias"],"inLanguage":"es","potentialAction":[{"@type":"CommentAction","name":"Comment","target":["https:\/\/sindromecharge.es\/index.php\/2020\/02\/14\/corre-la-xi-carrera-por-la-esperanza-y-entra-a-formar-parte-de-la-running-league-de-mapoma\/#respond"]}]},{"@type":"WebPage","@id":"https:\/\/sindromecharge.es\/index.php\/2020\/02\/14\/corre-la-xi-carrera-por-la-esperanza-y-entra-a-formar-parte-de-la-running-league-de-mapoma\/","url":"https:\/\/sindromecharge.es\/index.php\/2020\/02\/14\/corre-la-xi-carrera-por-la-esperanza-y-entra-a-formar-parte-de-la-running-league-de-mapoma\/","name":"\u00a1Corre la XI Carrera por la Esperanza y entra a formar parte de la Running League de Mapoma! - Asociaci\u00f3n Espa\u00f1ola S\u00edndrome de Charge","isPartOf":{"@id":"https:\/\/sindromecharge.es\/#website"},"datePublished":"2020-02-14T10:59:17+00:00","author":{"@id":"https:\/\/sindromecharge.es\/#\/schema\/person\/39a60ebe0a2b4d5a11179701e336b039"},"breadcrumb":{"@id":"https:\/\/sindromecharge.es\/index.php\/2020\/02\/14\/corre-la-xi-carrera-por-la-esperanza-y-entra-a-formar-parte-de-la-running-league-de-mapoma\/#breadcrumb"},"inLanguage":"es","potentialAction":[{"@type":"ReadAction","target":["https:\/\/sindromecharge.es\/index.php\/2020\/02\/14\/corre-la-xi-carrera-por-la-esperanza-y-entra-a-formar-parte-de-la-running-league-de-mapoma\/"]}]},{"@type":"BreadcrumbList","@id":"https:\/\/sindromecharge.es\/index.php\/2020\/02\/14\/corre-la-xi-carrera-por-la-esperanza-y-entra-a-formar-parte-de-la-running-league-de-mapoma\/#breadcrumb","itemListElement":[{"@type":"ListItem","position":1,"name":"Portada","item":"https:\/\/sindromecharge.es\/"},{"@type":"ListItem","position":2,"name":"\u00a1Corre la XI Carrera por la Esperanza y entra a formar parte de la Running League de Mapoma!"}]},{"@type":"WebSite","@id":"https:\/\/sindromecharge.es\/#website","url":"https:\/\/sindromecharge.es\/","name":"Asociaci\u00f3n Espa\u00f1ola S\u00edndrome de Charge","description":"","potentialAction":[{"@type":"SearchAction","target":{"@type":"EntryPoint","urlTemplate":"https:\/\/sindromecharge.es\/?s={search_term_string}"},"query-input":{"@type":"PropertyValueSpecification","valueRequired":true,"valueName":"search_term_string"}}],"inLanguage":"es"},{"@type":"Person","@id":"https:\/\/sindromecharge.es\/#\/schema\/person\/39a60ebe0a2b4d5a11179701e336b039","name":"Charge","image":{"@type":"ImageObject","inLanguage":"es","@id":"https:\/\/secure.gravatar.com\/avatar\/c3b46e32a0fc3b093a0873fb767bf3293de856293065e84ef06b7ec7a8acfb98?s=96&d=identicon&r=x","url":"https:\/\/secure.gravatar.com\/avatar\/c3b46e32a0fc3b093a0873fb767bf3293de856293065e84ef06b7ec7a8acfb98?s=96&d=identicon&r=x","contentUrl":"https:\/\/secure.gravatar.com\/avatar\/c3b46e32a0fc3b093a0873fb767bf3293de856293065e84ef06b7ec7a8acfb98?s=96&d=identicon&r=x","caption":"Charge"},"url":"https:\/\/sindromecharge.es\/index.php\/author\/admin\/"}]}},"_links":{"self":[{"href":"https:\/\/sindromecharge.es\/index.php\/wp-json\/wp\/v2\/posts\/5238","targetHints":{"allow":["GET"]}}],"collection":[{"href":"https:\/\/sindromecharge.es\/index.php\/wp-json\/wp\/v2\/posts"}],"about":[{"href":"https:\/\/sindromecharge.es\/index.php\/wp-json\/wp\/v2\/types\/post"}],"author":[{"embeddable":true,"href":"https:\/\/sindromecharge.es\/index.php\/wp-json\/wp\/v2\/users\/1"}],"replies":[{"embeddable":true,"href":"https:\/\/sindromecharge.es\/index.php\/wp-json\/wp\/v2\/comments?post=5238"}],"version-history":[{"count":0,"href":"https:\/\/sindromecharge.es\/index.php\/wp-json\/wp\/v2\/posts\/5238\/revisions"}],"wp:attachment":[{"href":"https:\/\/sindromecharge.es\/index.php\/wp-json\/wp\/v2\/media?parent=5238"}],"wp:term":[{"taxonomy":"category","embeddable":true,"href":"https:\/\/sindromecharge.es\/index.php\/wp-json\/wp\/v2\/categories?post=5238"},{"taxonomy":"post_tag","embeddable":true,"href":"https:\/\/sindromecharge.es\/index.php\/wp-json\/wp\/v2\/tags?post=5238"}],"curies":[{"name":"wp","href":"https:\/\/api.w.org\/{rel}","templated":true}]}}