{"id":4111,"date":"2018-11-24T09:35:13","date_gmt":"2018-11-24T09:35:13","guid":{"rendered":"https:\/\/sindromecharge.es\/index.php\/2018\/11\/24\/xxi-edicion-premios-aice\/"},"modified":"2018-11-24T09:35:13","modified_gmt":"2018-11-24T09:35:13","slug":"xxi-edicion-premios-aice","status":"publish","type":"post","link":"https:\/\/sindromecharge.es\/index.php\/2018\/11\/24\/xxi-edicion-premios-aice\/","title":{"rendered":"XXI Edici\u00f3n Premios AICE"},"content":{"rendered":"<p>Leemos en Federaci\u00f3n Aice la siguiente noticia que os reproducimos de forma \u00edntegra: <\/p>\n<p><a class=\"jcepopup\" title=\"Premiois AICE\" href=\"http:\/\/www.implantecoclear.org\/images\/premios\/2018\/Premios_AICE.JPG\" target=\"_blank\"><img loading=\"lazy\" decoding=\"async\" height=\"159\" width=\"199\" style=\"margin-right: 8px;float: left\" src=\"http:\/\/www.implantecoclear.org\/images\/premios\/2018\/Premios_AICE.JPG\" alt=\"Foto de los premios AICE\" \/><\/a>La Federaci\u00f3n AICE (Federaci\u00f3n de Asociaciones de Implantados Cocleares de Espa\u00f1a) entregar\u00e1 el pr\u00f3ximo s\u00e1bado 24 de noviembre los XXI Premios AICE, en una ceremonia que se celebrar\u00e1 en el Hotel Catalonia Plaza, de Barcelona. Los Premios AICE se entregan a personas y entidades que durante el a\u00f1o anterior hayan destacado por alguno de los objetivos que la Federaci\u00f3n AICE considera prioritarios en el mundo de los implantados cocleares, de la sordera y\/o de la discapacidad en general.<\/p>\n<p>Los galardonados de la edici\u00f3n del 2018 son los siguientes:<\/p>\n<p>Fuente: Federaci\u00f3n Aice <a href=\"http:\/\/implantecoclear.org\/index.php?option=com_content&#038;view=article&#038;id=522:2018-11-24-09-36-11&#038;catid=1:latest-news&#038;Itemid=50\" target=\"_blank\">XXI Edici\u00f3n Premios AICE<\/a><\/p>\n","protected":false},"excerpt":{"rendered":"<p>Leemos en Federaci\u00f3n Aice la siguiente noticia que os reproducimos de forma \u00edntegra: La Federaci\u00f3n AICE (Federaci\u00f3n de Asociaciones de Implantados Cocleares de Espa\u00f1a) entregar\u00e1 el pr\u00f3ximo s\u00e1bado 24 de noviembre los XXI Premios AICE, en una ceremonia que se celebrar\u00e1 en el Hotel Catalonia Plaza, de Barcelona. Los Premios AICE se entregan a personas [&hellip;]<\/p>\n","protected":false},"author":1,"featured_media":0,"comment_status":"open","ping_status":"closed","sticky":false,"template":"","format":"standard","meta":{"footnotes":""},"categories":[8],"tags":[31],"class_list":["post-4111","post","type-post","status-publish","format-standard","hentry","category-noticias","tag-discapacidad"],"yoast_head":"<!-- This site is optimized with the Yoast SEO plugin v27.4 - https:\/\/yoast.com\/product\/yoast-seo-wordpress\/ -->\n<title>XXI Edici\u00f3n Premios AICE - Asociaci\u00f3n Espa\u00f1ola S\u00edndrome de Charge<\/title>\n<meta name=\"robots\" content=\"index, follow, max-snippet:-1, max-image-preview:large, max-video-preview:-1\" \/>\n<link rel=\"canonical\" href=\"https:\/\/sindromecharge.es\/index.php\/2018\/11\/24\/xxi-edicion-premios-aice\/\" \/>\n<meta property=\"og:locale\" content=\"es_ES\" \/>\n<meta property=\"og:type\" content=\"article\" \/>\n<meta property=\"og:title\" content=\"XXI Edici\u00f3n Premios AICE - Asociaci\u00f3n Espa\u00f1ola S\u00edndrome de Charge\" \/>\n<meta property=\"og:description\" content=\"Leemos en Federaci\u00f3n Aice la siguiente noticia que os reproducimos de forma \u00edntegra: La Federaci\u00f3n AICE (Federaci\u00f3n de Asociaciones de Implantados Cocleares de Espa\u00f1a) entregar\u00e1 el pr\u00f3ximo s\u00e1bado 24 de noviembre los XXI Premios AICE, en una ceremonia que se celebrar\u00e1 en el Hotel Catalonia Plaza, de Barcelona. Los Premios AICE se entregan a personas [&hellip;]\" \/>\n<meta property=\"og:url\" content=\"https:\/\/sindromecharge.es\/index.php\/2018\/11\/24\/xxi-edicion-premios-aice\/\" \/>\n<meta property=\"og:site_name\" content=\"Asociaci\u00f3n Espa\u00f1ola S\u00edndrome de Charge\" \/>\n<meta property=\"article:publisher\" content=\"https:\/\/www.facebook.com\/asociacionsindromecharge\" \/>\n<meta property=\"article:published_time\" content=\"2018-11-24T09:35:13+00:00\" \/>\n<meta property=\"og:image\" content=\"http:\/\/www.implantecoclear.org\/images\/premios\/2018\/Premios_AICE.JPG\" \/>\n<meta name=\"author\" content=\"Charge\" \/>\n<meta name=\"twitter:card\" content=\"summary_large_image\" \/>\n<meta name=\"twitter:creator\" content=\"@sindromecharge\" \/>\n<meta name=\"twitter:site\" content=\"@sindromecharge\" \/>\n<meta name=\"twitter:label1\" content=\"Escrito por\" \/>\n\t<meta name=\"twitter:data1\" content=\"Charge\" \/>\n\t<meta name=\"twitter:label2\" content=\"Tiempo de lectura\" \/>\n\t<meta name=\"twitter:data2\" content=\"1 minuto\" \/>\n<script type=\"application\/ld+json\" class=\"yoast-schema-graph\">{\"@context\":\"https:\\\/\\\/schema.org\",\"@graph\":[{\"@type\":\"Article\",\"@id\":\"https:\\\/\\\/sindromecharge.es\\\/index.php\\\/2018\\\/11\\\/24\\\/xxi-edicion-premios-aice\\\/#article\",\"isPartOf\":{\"@id\":\"https:\\\/\\\/sindromecharge.es\\\/index.php\\\/2018\\\/11\\\/24\\\/xxi-edicion-premios-aice\\\/\"},\"author\":{\"name\":\"Charge\",\"@id\":\"https:\\\/\\\/sindromecharge.es\\\/#\\\/schema\\\/person\\\/39a60ebe0a2b4d5a11179701e336b039\"},\"headline\":\"XXI Edici\u00f3n Premios AICE\",\"datePublished\":\"2018-11-24T09:35:13+00:00\",\"mainEntityOfPage\":{\"@id\":\"https:\\\/\\\/sindromecharge.es\\\/index.php\\\/2018\\\/11\\\/24\\\/xxi-edicion-premios-aice\\\/\"},\"wordCount\":123,\"commentCount\":0,\"image\":{\"@id\":\"https:\\\/\\\/sindromecharge.es\\\/index.php\\\/2018\\\/11\\\/24\\\/xxi-edicion-premios-aice\\\/#primaryimage\"},\"thumbnailUrl\":\"http:\\\/\\\/www.implantecoclear.org\\\/images\\\/premios\\\/2018\\\/Premios_AICE.JPG\",\"keywords\":[\"discapacidad\"],\"articleSection\":[\"noticias\"],\"inLanguage\":\"es\",\"potentialAction\":[{\"@type\":\"CommentAction\",\"name\":\"Comment\",\"target\":[\"https:\\\/\\\/sindromecharge.es\\\/index.php\\\/2018\\\/11\\\/24\\\/xxi-edicion-premios-aice\\\/#respond\"]}]},{\"@type\":\"WebPage\",\"@id\":\"https:\\\/\\\/sindromecharge.es\\\/index.php\\\/2018\\\/11\\\/24\\\/xxi-edicion-premios-aice\\\/\",\"url\":\"https:\\\/\\\/sindromecharge.es\\\/index.php\\\/2018\\\/11\\\/24\\\/xxi-edicion-premios-aice\\\/\",\"name\":\"XXI Edici\u00f3n Premios AICE - Asociaci\u00f3n Espa\u00f1ola S\u00edndrome de Charge\",\"isPartOf\":{\"@id\":\"https:\\\/\\\/sindromecharge.es\\\/#website\"},\"primaryImageOfPage\":{\"@id\":\"https:\\\/\\\/sindromecharge.es\\\/index.php\\\/2018\\\/11\\\/24\\\/xxi-edicion-premios-aice\\\/#primaryimage\"},\"image\":{\"@id\":\"https:\\\/\\\/sindromecharge.es\\\/index.php\\\/2018\\\/11\\\/24\\\/xxi-edicion-premios-aice\\\/#primaryimage\"},\"thumbnailUrl\":\"http:\\\/\\\/www.implantecoclear.org\\\/images\\\/premios\\\/2018\\\/Premios_AICE.JPG\",\"datePublished\":\"2018-11-24T09:35:13+00:00\",\"author\":{\"@id\":\"https:\\\/\\\/sindromecharge.es\\\/#\\\/schema\\\/person\\\/39a60ebe0a2b4d5a11179701e336b039\"},\"breadcrumb\":{\"@id\":\"https:\\\/\\\/sindromecharge.es\\\/index.php\\\/2018\\\/11\\\/24\\\/xxi-edicion-premios-aice\\\/#breadcrumb\"},\"inLanguage\":\"es\",\"potentialAction\":[{\"@type\":\"ReadAction\",\"target\":[\"https:\\\/\\\/sindromecharge.es\\\/index.php\\\/2018\\\/11\\\/24\\\/xxi-edicion-premios-aice\\\/\"]}]},{\"@type\":\"ImageObject\",\"inLanguage\":\"es\",\"@id\":\"https:\\\/\\\/sindromecharge.es\\\/index.php\\\/2018\\\/11\\\/24\\\/xxi-edicion-premios-aice\\\/#primaryimage\",\"url\":\"http:\\\/\\\/www.implantecoclear.org\\\/images\\\/premios\\\/2018\\\/Premios_AICE.JPG\",\"contentUrl\":\"http:\\\/\\\/www.implantecoclear.org\\\/images\\\/premios\\\/2018\\\/Premios_AICE.JPG\"},{\"@type\":\"BreadcrumbList\",\"@id\":\"https:\\\/\\\/sindromecharge.es\\\/index.php\\\/2018\\\/11\\\/24\\\/xxi-edicion-premios-aice\\\/#breadcrumb\",\"itemListElement\":[{\"@type\":\"ListItem\",\"position\":1,\"name\":\"Portada\",\"item\":\"https:\\\/\\\/sindromecharge.es\\\/\"},{\"@type\":\"ListItem\",\"position\":2,\"name\":\"XXI Edici\u00f3n Premios AICE\"}]},{\"@type\":\"WebSite\",\"@id\":\"https:\\\/\\\/sindromecharge.es\\\/#website\",\"url\":\"https:\\\/\\\/sindromecharge.es\\\/\",\"name\":\"Asociaci\u00f3n Espa\u00f1ola S\u00edndrome de Charge\",\"description\":\"\",\"potentialAction\":[{\"@type\":\"SearchAction\",\"target\":{\"@type\":\"EntryPoint\",\"urlTemplate\":\"https:\\\/\\\/sindromecharge.es\\\/?s={search_term_string}\"},\"query-input\":{\"@type\":\"PropertyValueSpecification\",\"valueRequired\":true,\"valueName\":\"search_term_string\"}}],\"inLanguage\":\"es\"},{\"@type\":\"Person\",\"@id\":\"https:\\\/\\\/sindromecharge.es\\\/#\\\/schema\\\/person\\\/39a60ebe0a2b4d5a11179701e336b039\",\"name\":\"Charge\",\"image\":{\"@type\":\"ImageObject\",\"inLanguage\":\"es\",\"@id\":\"https:\\\/\\\/secure.gravatar.com\\\/avatar\\\/c3b46e32a0fc3b093a0873fb767bf3293de856293065e84ef06b7ec7a8acfb98?s=96&d=identicon&r=x\",\"url\":\"https:\\\/\\\/secure.gravatar.com\\\/avatar\\\/c3b46e32a0fc3b093a0873fb767bf3293de856293065e84ef06b7ec7a8acfb98?s=96&d=identicon&r=x\",\"contentUrl\":\"https:\\\/\\\/secure.gravatar.com\\\/avatar\\\/c3b46e32a0fc3b093a0873fb767bf3293de856293065e84ef06b7ec7a8acfb98?s=96&d=identicon&r=x\",\"caption\":\"Charge\"},\"url\":\"https:\\\/\\\/sindromecharge.es\\\/index.php\\\/author\\\/admin\\\/\"}]}<\/script>\n<!-- \/ Yoast SEO plugin. -->","yoast_head_json":{"title":"XXI Edici\u00f3n Premios AICE - Asociaci\u00f3n Espa\u00f1ola S\u00edndrome de Charge","robots":{"index":"index","follow":"follow","max-snippet":"max-snippet:-1","max-image-preview":"max-image-preview:large","max-video-preview":"max-video-preview:-1"},"canonical":"https:\/\/sindromecharge.es\/index.php\/2018\/11\/24\/xxi-edicion-premios-aice\/","og_locale":"es_ES","og_type":"article","og_title":"XXI Edici\u00f3n Premios AICE - Asociaci\u00f3n Espa\u00f1ola S\u00edndrome de Charge","og_description":"Leemos en Federaci\u00f3n Aice la siguiente noticia que os reproducimos de forma \u00edntegra: La Federaci\u00f3n AICE (Federaci\u00f3n de Asociaciones de Implantados Cocleares de Espa\u00f1a) entregar\u00e1 el pr\u00f3ximo s\u00e1bado 24 de noviembre los XXI Premios AICE, en una ceremonia que se celebrar\u00e1 en el Hotel Catalonia Plaza, de Barcelona. Los Premios AICE se entregan a personas [&hellip;]","og_url":"https:\/\/sindromecharge.es\/index.php\/2018\/11\/24\/xxi-edicion-premios-aice\/","og_site_name":"Asociaci\u00f3n Espa\u00f1ola S\u00edndrome de Charge","article_publisher":"https:\/\/www.facebook.com\/asociacionsindromecharge","article_published_time":"2018-11-24T09:35:13+00:00","og_image":[{"url":"http:\/\/www.implantecoclear.org\/images\/premios\/2018\/Premios_AICE.JPG","type":"","width":"","height":""}],"author":"Charge","twitter_card":"summary_large_image","twitter_creator":"@sindromecharge","twitter_site":"@sindromecharge","twitter_misc":{"Escrito por":"Charge","Tiempo de lectura":"1 minuto"},"schema":{"@context":"https:\/\/schema.org","@graph":[{"@type":"Article","@id":"https:\/\/sindromecharge.es\/index.php\/2018\/11\/24\/xxi-edicion-premios-aice\/#article","isPartOf":{"@id":"https:\/\/sindromecharge.es\/index.php\/2018\/11\/24\/xxi-edicion-premios-aice\/"},"author":{"name":"Charge","@id":"https:\/\/sindromecharge.es\/#\/schema\/person\/39a60ebe0a2b4d5a11179701e336b039"},"headline":"XXI Edici\u00f3n Premios AICE","datePublished":"2018-11-24T09:35:13+00:00","mainEntityOfPage":{"@id":"https:\/\/sindromecharge.es\/index.php\/2018\/11\/24\/xxi-edicion-premios-aice\/"},"wordCount":123,"commentCount":0,"image":{"@id":"https:\/\/sindromecharge.es\/index.php\/2018\/11\/24\/xxi-edicion-premios-aice\/#primaryimage"},"thumbnailUrl":"http:\/\/www.implantecoclear.org\/images\/premios\/2018\/Premios_AICE.JPG","keywords":["discapacidad"],"articleSection":["noticias"],"inLanguage":"es","potentialAction":[{"@type":"CommentAction","name":"Comment","target":["https:\/\/sindromecharge.es\/index.php\/2018\/11\/24\/xxi-edicion-premios-aice\/#respond"]}]},{"@type":"WebPage","@id":"https:\/\/sindromecharge.es\/index.php\/2018\/11\/24\/xxi-edicion-premios-aice\/","url":"https:\/\/sindromecharge.es\/index.php\/2018\/11\/24\/xxi-edicion-premios-aice\/","name":"XXI Edici\u00f3n Premios AICE - Asociaci\u00f3n Espa\u00f1ola S\u00edndrome de Charge","isPartOf":{"@id":"https:\/\/sindromecharge.es\/#website"},"primaryImageOfPage":{"@id":"https:\/\/sindromecharge.es\/index.php\/2018\/11\/24\/xxi-edicion-premios-aice\/#primaryimage"},"image":{"@id":"https:\/\/sindromecharge.es\/index.php\/2018\/11\/24\/xxi-edicion-premios-aice\/#primaryimage"},"thumbnailUrl":"http:\/\/www.implantecoclear.org\/images\/premios\/2018\/Premios_AICE.JPG","datePublished":"2018-11-24T09:35:13+00:00","author":{"@id":"https:\/\/sindromecharge.es\/#\/schema\/person\/39a60ebe0a2b4d5a11179701e336b039"},"breadcrumb":{"@id":"https:\/\/sindromecharge.es\/index.php\/2018\/11\/24\/xxi-edicion-premios-aice\/#breadcrumb"},"inLanguage":"es","potentialAction":[{"@type":"ReadAction","target":["https:\/\/sindromecharge.es\/index.php\/2018\/11\/24\/xxi-edicion-premios-aice\/"]}]},{"@type":"ImageObject","inLanguage":"es","@id":"https:\/\/sindromecharge.es\/index.php\/2018\/11\/24\/xxi-edicion-premios-aice\/#primaryimage","url":"http:\/\/www.implantecoclear.org\/images\/premios\/2018\/Premios_AICE.JPG","contentUrl":"http:\/\/www.implantecoclear.org\/images\/premios\/2018\/Premios_AICE.JPG"},{"@type":"BreadcrumbList","@id":"https:\/\/sindromecharge.es\/index.php\/2018\/11\/24\/xxi-edicion-premios-aice\/#breadcrumb","itemListElement":[{"@type":"ListItem","position":1,"name":"Portada","item":"https:\/\/sindromecharge.es\/"},{"@type":"ListItem","position":2,"name":"XXI Edici\u00f3n Premios AICE"}]},{"@type":"WebSite","@id":"https:\/\/sindromecharge.es\/#website","url":"https:\/\/sindromecharge.es\/","name":"Asociaci\u00f3n Espa\u00f1ola S\u00edndrome de Charge","description":"","potentialAction":[{"@type":"SearchAction","target":{"@type":"EntryPoint","urlTemplate":"https:\/\/sindromecharge.es\/?s={search_term_string}"},"query-input":{"@type":"PropertyValueSpecification","valueRequired":true,"valueName":"search_term_string"}}],"inLanguage":"es"},{"@type":"Person","@id":"https:\/\/sindromecharge.es\/#\/schema\/person\/39a60ebe0a2b4d5a11179701e336b039","name":"Charge","image":{"@type":"ImageObject","inLanguage":"es","@id":"https:\/\/secure.gravatar.com\/avatar\/c3b46e32a0fc3b093a0873fb767bf3293de856293065e84ef06b7ec7a8acfb98?s=96&d=identicon&r=x","url":"https:\/\/secure.gravatar.com\/avatar\/c3b46e32a0fc3b093a0873fb767bf3293de856293065e84ef06b7ec7a8acfb98?s=96&d=identicon&r=x","contentUrl":"https:\/\/secure.gravatar.com\/avatar\/c3b46e32a0fc3b093a0873fb767bf3293de856293065e84ef06b7ec7a8acfb98?s=96&d=identicon&r=x","caption":"Charge"},"url":"https:\/\/sindromecharge.es\/index.php\/author\/admin\/"}]}},"_links":{"self":[{"href":"https:\/\/sindromecharge.es\/index.php\/wp-json\/wp\/v2\/posts\/4111","targetHints":{"allow":["GET"]}}],"collection":[{"href":"https:\/\/sindromecharge.es\/index.php\/wp-json\/wp\/v2\/posts"}],"about":[{"href":"https:\/\/sindromecharge.es\/index.php\/wp-json\/wp\/v2\/types\/post"}],"author":[{"embeddable":true,"href":"https:\/\/sindromecharge.es\/index.php\/wp-json\/wp\/v2\/users\/1"}],"replies":[{"embeddable":true,"href":"https:\/\/sindromecharge.es\/index.php\/wp-json\/wp\/v2\/comments?post=4111"}],"version-history":[{"count":0,"href":"https:\/\/sindromecharge.es\/index.php\/wp-json\/wp\/v2\/posts\/4111\/revisions"}],"wp:attachment":[{"href":"https:\/\/sindromecharge.es\/index.php\/wp-json\/wp\/v2\/media?parent=4111"}],"wp:term":[{"taxonomy":"category","embeddable":true,"href":"https:\/\/sindromecharge.es\/index.php\/wp-json\/wp\/v2\/categories?post=4111"},{"taxonomy":"post_tag","embeddable":true,"href":"https:\/\/sindromecharge.es\/index.php\/wp-json\/wp\/v2\/tags?post=4111"}],"curies":[{"name":"wp","href":"https:\/\/api.w.org\/{rel}","templated":true}]}}