{"id":4110,"date":"2018-11-23T13:06:08","date_gmt":"2018-11-23T13:06:08","guid":{"rendered":"https:\/\/sindromecharge.es\/index.php\/2018\/11\/23\/celebramos-una-actividad-ludica-en-murcia-junto-a-los-menores-que-participan-en-el-proyecto-acoger\/"},"modified":"2018-11-23T13:06:08","modified_gmt":"2018-11-23T13:06:08","slug":"celebramos-una-actividad-ludica-en-murcia-junto-a-los-menores-que-participan-en-el-proyecto-acoger","status":"publish","type":"post","link":"https:\/\/sindromecharge.es\/index.php\/2018\/11\/23\/celebramos-una-actividad-ludica-en-murcia-junto-a-los-menores-que-participan-en-el-proyecto-acoger\/","title":{"rendered":"Celebramos una actividad l\u00fadica en Murcia junto a los menores que participan en el proyecto AcogER"},"content":{"rendered":"<p>Leemos en FEDER la siguiente noticia que os reproducimos de forma \u00edntegra: <\/p>\n<p>El este viernes 23 de noviembre celebramos una actividad l\u00fadica en la Granja Escuela Maria de Murcia en el marco de nuestro proyecto AcogER, el proyecto para el Acogimiento de los Menores con Enfermedades Poco Frecuentes atendidos por el Sistema de Protecci\u00f3n a la Infancia (SPI).&nbsp;<\/p>\n<p>Compartiremos este marco con un total de 13 ni\u00f1os y ni\u00f1as adem\u00e1s de con Miriam P\u00e9rez Albadalejo, Directora General de Familia y Pol\u00edticas Sociales y David S\u00e1nchez, Miembro de nuestra Junta Directiva.<\/p>\n<p>Estamos consolidando, a\u00f1o tras a\u00f1o, este proyecto que naci\u00f3 en 2013 para potenciar el acogimiento familiar de los menores que est\u00e1n en esta situaci\u00f3n a trav\u00e9s de la formaci\u00f3n e informaci\u00f3n a los profesionales, pero tambi\u00e9n a las propias familias, para impulsar la prevenci\u00f3n y adaptaci\u00f3n de los menores. Para ello, FEDER cuenta con el apoyo del Ministerio de Sanidad, Servicios Sociales e Igualdad a trav\u00e9s de la convocatoria del IRPF.<\/p>\n<p style=\"text-align: right\">\u00daltima actualizaci\u00f3n: 23\/11\/2018.<\/p>\n<p>&nbsp;<\/p>\n<p>Fuente: FEDER <a href=\"https:\/\/enfermedades-raras.org\/index.php\/actualidad\/noticias-eventos\/2-feder\/11478-celebramos-una-actividad-l%C3%BAdica-en-murcia-junto-a-los-menores-que-participan-en-nuestro-proyecto-acoger\" target=\"_blank\">Celebramos una actividad l\u00fadica en Murcia junto a los menores que participan en el proyecto AcogER<\/a><\/p>\n","protected":false},"excerpt":{"rendered":"<p>Leemos en FEDER la siguiente noticia que os reproducimos de forma \u00edntegra: El este viernes 23 de noviembre celebramos una actividad l\u00fadica en la Granja Escuela Maria de Murcia en el marco de nuestro proyecto AcogER, el proyecto para el Acogimiento de los Menores con Enfermedades Poco Frecuentes atendidos por el Sistema de Protecci\u00f3n a [&hellip;]<\/p>\n","protected":false},"author":1,"featured_media":0,"comment_status":"open","ping_status":"closed","sticky":false,"template":"","format":"standard","meta":{"footnotes":""},"categories":[8],"tags":[36],"class_list":["post-4110","post","type-post","status-publish","format-standard","hentry","category-noticias","tag-enfermedades-raras"],"yoast_head":"<!-- This site is optimized with the Yoast SEO plugin v27.4 - https:\/\/yoast.com\/product\/yoast-seo-wordpress\/ -->\n<title>Celebramos una actividad l\u00fadica en Murcia junto a los menores que participan en el proyecto AcogER - Asociaci\u00f3n Espa\u00f1ola S\u00edndrome de Charge<\/title>\n<meta name=\"robots\" content=\"index, follow, max-snippet:-1, max-image-preview:large, max-video-preview:-1\" \/>\n<link rel=\"canonical\" href=\"https:\/\/sindromecharge.es\/index.php\/2018\/11\/23\/celebramos-una-actividad-ludica-en-murcia-junto-a-los-menores-que-participan-en-el-proyecto-acoger\/\" \/>\n<meta property=\"og:locale\" content=\"es_ES\" \/>\n<meta property=\"og:type\" content=\"article\" \/>\n<meta property=\"og:title\" content=\"Celebramos una actividad l\u00fadica en Murcia junto a los menores que participan en el proyecto AcogER - Asociaci\u00f3n Espa\u00f1ola S\u00edndrome de Charge\" \/>\n<meta property=\"og:description\" content=\"Leemos en FEDER la siguiente noticia que os reproducimos de forma \u00edntegra: El este viernes 23 de noviembre celebramos una actividad l\u00fadica en la Granja Escuela Maria de Murcia en el marco de nuestro proyecto AcogER, el proyecto para el Acogimiento de los Menores con Enfermedades Poco Frecuentes atendidos por el Sistema de Protecci\u00f3n a [&hellip;]\" \/>\n<meta property=\"og:url\" content=\"https:\/\/sindromecharge.es\/index.php\/2018\/11\/23\/celebramos-una-actividad-ludica-en-murcia-junto-a-los-menores-que-participan-en-el-proyecto-acoger\/\" \/>\n<meta property=\"og:site_name\" content=\"Asociaci\u00f3n Espa\u00f1ola S\u00edndrome de Charge\" \/>\n<meta property=\"article:publisher\" content=\"https:\/\/www.facebook.com\/asociacionsindromecharge\" \/>\n<meta property=\"article:published_time\" content=\"2018-11-23T13:06:08+00:00\" \/>\n<meta property=\"og:image\" content=\"https:\/\/sindromecharge.es\/wp-content\/uploads\/2013\/09\/logodecharge300x98.png\" \/>\n\t<meta property=\"og:image:width\" content=\"300\" \/>\n\t<meta property=\"og:image:height\" content=\"98\" \/>\n\t<meta property=\"og:image:type\" content=\"image\/png\" \/>\n<meta name=\"author\" content=\"Charge\" \/>\n<meta name=\"twitter:card\" content=\"summary_large_image\" \/>\n<meta name=\"twitter:creator\" content=\"@sindromecharge\" \/>\n<meta name=\"twitter:site\" content=\"@sindromecharge\" \/>\n<meta name=\"twitter:label1\" content=\"Escrito por\" \/>\n\t<meta name=\"twitter:data1\" content=\"Charge\" \/>\n\t<meta name=\"twitter:label2\" content=\"Tiempo de lectura\" \/>\n\t<meta name=\"twitter:data2\" content=\"1 minuto\" \/>\n<script type=\"application\/ld+json\" class=\"yoast-schema-graph\">{\"@context\":\"https:\\\/\\\/schema.org\",\"@graph\":[{\"@type\":\"Article\",\"@id\":\"https:\\\/\\\/sindromecharge.es\\\/index.php\\\/2018\\\/11\\\/23\\\/celebramos-una-actividad-ludica-en-murcia-junto-a-los-menores-que-participan-en-el-proyecto-acoger\\\/#article\",\"isPartOf\":{\"@id\":\"https:\\\/\\\/sindromecharge.es\\\/index.php\\\/2018\\\/11\\\/23\\\/celebramos-una-actividad-ludica-en-murcia-junto-a-los-menores-que-participan-en-el-proyecto-acoger\\\/\"},\"author\":{\"name\":\"Charge\",\"@id\":\"https:\\\/\\\/sindromecharge.es\\\/#\\\/schema\\\/person\\\/39a60ebe0a2b4d5a11179701e336b039\"},\"headline\":\"Celebramos una actividad l\u00fadica en Murcia junto a los menores que participan en el proyecto AcogER\",\"datePublished\":\"2018-11-23T13:06:08+00:00\",\"mainEntityOfPage\":{\"@id\":\"https:\\\/\\\/sindromecharge.es\\\/index.php\\\/2018\\\/11\\\/23\\\/celebramos-una-actividad-ludica-en-murcia-junto-a-los-menores-que-participan-en-el-proyecto-acoger\\\/\"},\"wordCount\":218,\"commentCount\":0,\"keywords\":[\"enfermedades raras\"],\"articleSection\":[\"noticias\"],\"inLanguage\":\"es\",\"potentialAction\":[{\"@type\":\"CommentAction\",\"name\":\"Comment\",\"target\":[\"https:\\\/\\\/sindromecharge.es\\\/index.php\\\/2018\\\/11\\\/23\\\/celebramos-una-actividad-ludica-en-murcia-junto-a-los-menores-que-participan-en-el-proyecto-acoger\\\/#respond\"]}]},{\"@type\":\"WebPage\",\"@id\":\"https:\\\/\\\/sindromecharge.es\\\/index.php\\\/2018\\\/11\\\/23\\\/celebramos-una-actividad-ludica-en-murcia-junto-a-los-menores-que-participan-en-el-proyecto-acoger\\\/\",\"url\":\"https:\\\/\\\/sindromecharge.es\\\/index.php\\\/2018\\\/11\\\/23\\\/celebramos-una-actividad-ludica-en-murcia-junto-a-los-menores-que-participan-en-el-proyecto-acoger\\\/\",\"name\":\"Celebramos una actividad l\u00fadica en Murcia junto a los menores que participan en el proyecto AcogER - Asociaci\u00f3n Espa\u00f1ola S\u00edndrome de Charge\",\"isPartOf\":{\"@id\":\"https:\\\/\\\/sindromecharge.es\\\/#website\"},\"datePublished\":\"2018-11-23T13:06:08+00:00\",\"author\":{\"@id\":\"https:\\\/\\\/sindromecharge.es\\\/#\\\/schema\\\/person\\\/39a60ebe0a2b4d5a11179701e336b039\"},\"breadcrumb\":{\"@id\":\"https:\\\/\\\/sindromecharge.es\\\/index.php\\\/2018\\\/11\\\/23\\\/celebramos-una-actividad-ludica-en-murcia-junto-a-los-menores-que-participan-en-el-proyecto-acoger\\\/#breadcrumb\"},\"inLanguage\":\"es\",\"potentialAction\":[{\"@type\":\"ReadAction\",\"target\":[\"https:\\\/\\\/sindromecharge.es\\\/index.php\\\/2018\\\/11\\\/23\\\/celebramos-una-actividad-ludica-en-murcia-junto-a-los-menores-que-participan-en-el-proyecto-acoger\\\/\"]}]},{\"@type\":\"BreadcrumbList\",\"@id\":\"https:\\\/\\\/sindromecharge.es\\\/index.php\\\/2018\\\/11\\\/23\\\/celebramos-una-actividad-ludica-en-murcia-junto-a-los-menores-que-participan-en-el-proyecto-acoger\\\/#breadcrumb\",\"itemListElement\":[{\"@type\":\"ListItem\",\"position\":1,\"name\":\"Portada\",\"item\":\"https:\\\/\\\/sindromecharge.es\\\/\"},{\"@type\":\"ListItem\",\"position\":2,\"name\":\"Celebramos una actividad l\u00fadica en Murcia junto a los menores que participan en el proyecto AcogER\"}]},{\"@type\":\"WebSite\",\"@id\":\"https:\\\/\\\/sindromecharge.es\\\/#website\",\"url\":\"https:\\\/\\\/sindromecharge.es\\\/\",\"name\":\"Asociaci\u00f3n Espa\u00f1ola S\u00edndrome de Charge\",\"description\":\"\",\"potentialAction\":[{\"@type\":\"SearchAction\",\"target\":{\"@type\":\"EntryPoint\",\"urlTemplate\":\"https:\\\/\\\/sindromecharge.es\\\/?s={search_term_string}\"},\"query-input\":{\"@type\":\"PropertyValueSpecification\",\"valueRequired\":true,\"valueName\":\"search_term_string\"}}],\"inLanguage\":\"es\"},{\"@type\":\"Person\",\"@id\":\"https:\\\/\\\/sindromecharge.es\\\/#\\\/schema\\\/person\\\/39a60ebe0a2b4d5a11179701e336b039\",\"name\":\"Charge\",\"image\":{\"@type\":\"ImageObject\",\"inLanguage\":\"es\",\"@id\":\"https:\\\/\\\/secure.gravatar.com\\\/avatar\\\/c3b46e32a0fc3b093a0873fb767bf3293de856293065e84ef06b7ec7a8acfb98?s=96&d=identicon&r=x\",\"url\":\"https:\\\/\\\/secure.gravatar.com\\\/avatar\\\/c3b46e32a0fc3b093a0873fb767bf3293de856293065e84ef06b7ec7a8acfb98?s=96&d=identicon&r=x\",\"contentUrl\":\"https:\\\/\\\/secure.gravatar.com\\\/avatar\\\/c3b46e32a0fc3b093a0873fb767bf3293de856293065e84ef06b7ec7a8acfb98?s=96&d=identicon&r=x\",\"caption\":\"Charge\"},\"url\":\"https:\\\/\\\/sindromecharge.es\\\/index.php\\\/author\\\/admin\\\/\"}]}<\/script>\n<!-- \/ Yoast SEO plugin. -->","yoast_head_json":{"title":"Celebramos una actividad l\u00fadica en Murcia junto a los menores que participan en el proyecto AcogER - Asociaci\u00f3n Espa\u00f1ola S\u00edndrome de Charge","robots":{"index":"index","follow":"follow","max-snippet":"max-snippet:-1","max-image-preview":"max-image-preview:large","max-video-preview":"max-video-preview:-1"},"canonical":"https:\/\/sindromecharge.es\/index.php\/2018\/11\/23\/celebramos-una-actividad-ludica-en-murcia-junto-a-los-menores-que-participan-en-el-proyecto-acoger\/","og_locale":"es_ES","og_type":"article","og_title":"Celebramos una actividad l\u00fadica en Murcia junto a los menores que participan en el proyecto AcogER - Asociaci\u00f3n Espa\u00f1ola S\u00edndrome de Charge","og_description":"Leemos en FEDER la siguiente noticia que os reproducimos de forma \u00edntegra: El este viernes 23 de noviembre celebramos una actividad l\u00fadica en la Granja Escuela Maria de Murcia en el marco de nuestro proyecto AcogER, el proyecto para el Acogimiento de los Menores con Enfermedades Poco Frecuentes atendidos por el Sistema de Protecci\u00f3n a [&hellip;]","og_url":"https:\/\/sindromecharge.es\/index.php\/2018\/11\/23\/celebramos-una-actividad-ludica-en-murcia-junto-a-los-menores-que-participan-en-el-proyecto-acoger\/","og_site_name":"Asociaci\u00f3n Espa\u00f1ola S\u00edndrome de Charge","article_publisher":"https:\/\/www.facebook.com\/asociacionsindromecharge","article_published_time":"2018-11-23T13:06:08+00:00","og_image":[{"width":300,"height":98,"url":"https:\/\/sindromecharge.es\/wp-content\/uploads\/2013\/09\/logodecharge300x98.png","type":"image\/png"}],"author":"Charge","twitter_card":"summary_large_image","twitter_creator":"@sindromecharge","twitter_site":"@sindromecharge","twitter_misc":{"Escrito por":"Charge","Tiempo de lectura":"1 minuto"},"schema":{"@context":"https:\/\/schema.org","@graph":[{"@type":"Article","@id":"https:\/\/sindromecharge.es\/index.php\/2018\/11\/23\/celebramos-una-actividad-ludica-en-murcia-junto-a-los-menores-que-participan-en-el-proyecto-acoger\/#article","isPartOf":{"@id":"https:\/\/sindromecharge.es\/index.php\/2018\/11\/23\/celebramos-una-actividad-ludica-en-murcia-junto-a-los-menores-que-participan-en-el-proyecto-acoger\/"},"author":{"name":"Charge","@id":"https:\/\/sindromecharge.es\/#\/schema\/person\/39a60ebe0a2b4d5a11179701e336b039"},"headline":"Celebramos una actividad l\u00fadica en Murcia junto a los menores que participan en el proyecto AcogER","datePublished":"2018-11-23T13:06:08+00:00","mainEntityOfPage":{"@id":"https:\/\/sindromecharge.es\/index.php\/2018\/11\/23\/celebramos-una-actividad-ludica-en-murcia-junto-a-los-menores-que-participan-en-el-proyecto-acoger\/"},"wordCount":218,"commentCount":0,"keywords":["enfermedades raras"],"articleSection":["noticias"],"inLanguage":"es","potentialAction":[{"@type":"CommentAction","name":"Comment","target":["https:\/\/sindromecharge.es\/index.php\/2018\/11\/23\/celebramos-una-actividad-ludica-en-murcia-junto-a-los-menores-que-participan-en-el-proyecto-acoger\/#respond"]}]},{"@type":"WebPage","@id":"https:\/\/sindromecharge.es\/index.php\/2018\/11\/23\/celebramos-una-actividad-ludica-en-murcia-junto-a-los-menores-que-participan-en-el-proyecto-acoger\/","url":"https:\/\/sindromecharge.es\/index.php\/2018\/11\/23\/celebramos-una-actividad-ludica-en-murcia-junto-a-los-menores-que-participan-en-el-proyecto-acoger\/","name":"Celebramos una actividad l\u00fadica en Murcia junto a los menores que participan en el proyecto AcogER - Asociaci\u00f3n Espa\u00f1ola S\u00edndrome de Charge","isPartOf":{"@id":"https:\/\/sindromecharge.es\/#website"},"datePublished":"2018-11-23T13:06:08+00:00","author":{"@id":"https:\/\/sindromecharge.es\/#\/schema\/person\/39a60ebe0a2b4d5a11179701e336b039"},"breadcrumb":{"@id":"https:\/\/sindromecharge.es\/index.php\/2018\/11\/23\/celebramos-una-actividad-ludica-en-murcia-junto-a-los-menores-que-participan-en-el-proyecto-acoger\/#breadcrumb"},"inLanguage":"es","potentialAction":[{"@type":"ReadAction","target":["https:\/\/sindromecharge.es\/index.php\/2018\/11\/23\/celebramos-una-actividad-ludica-en-murcia-junto-a-los-menores-que-participan-en-el-proyecto-acoger\/"]}]},{"@type":"BreadcrumbList","@id":"https:\/\/sindromecharge.es\/index.php\/2018\/11\/23\/celebramos-una-actividad-ludica-en-murcia-junto-a-los-menores-que-participan-en-el-proyecto-acoger\/#breadcrumb","itemListElement":[{"@type":"ListItem","position":1,"name":"Portada","item":"https:\/\/sindromecharge.es\/"},{"@type":"ListItem","position":2,"name":"Celebramos una actividad l\u00fadica en Murcia junto a los menores que participan en el proyecto AcogER"}]},{"@type":"WebSite","@id":"https:\/\/sindromecharge.es\/#website","url":"https:\/\/sindromecharge.es\/","name":"Asociaci\u00f3n Espa\u00f1ola S\u00edndrome de Charge","description":"","potentialAction":[{"@type":"SearchAction","target":{"@type":"EntryPoint","urlTemplate":"https:\/\/sindromecharge.es\/?s={search_term_string}"},"query-input":{"@type":"PropertyValueSpecification","valueRequired":true,"valueName":"search_term_string"}}],"inLanguage":"es"},{"@type":"Person","@id":"https:\/\/sindromecharge.es\/#\/schema\/person\/39a60ebe0a2b4d5a11179701e336b039","name":"Charge","image":{"@type":"ImageObject","inLanguage":"es","@id":"https:\/\/secure.gravatar.com\/avatar\/c3b46e32a0fc3b093a0873fb767bf3293de856293065e84ef06b7ec7a8acfb98?s=96&d=identicon&r=x","url":"https:\/\/secure.gravatar.com\/avatar\/c3b46e32a0fc3b093a0873fb767bf3293de856293065e84ef06b7ec7a8acfb98?s=96&d=identicon&r=x","contentUrl":"https:\/\/secure.gravatar.com\/avatar\/c3b46e32a0fc3b093a0873fb767bf3293de856293065e84ef06b7ec7a8acfb98?s=96&d=identicon&r=x","caption":"Charge"},"url":"https:\/\/sindromecharge.es\/index.php\/author\/admin\/"}]}},"_links":{"self":[{"href":"https:\/\/sindromecharge.es\/index.php\/wp-json\/wp\/v2\/posts\/4110","targetHints":{"allow":["GET"]}}],"collection":[{"href":"https:\/\/sindromecharge.es\/index.php\/wp-json\/wp\/v2\/posts"}],"about":[{"href":"https:\/\/sindromecharge.es\/index.php\/wp-json\/wp\/v2\/types\/post"}],"author":[{"embeddable":true,"href":"https:\/\/sindromecharge.es\/index.php\/wp-json\/wp\/v2\/users\/1"}],"replies":[{"embeddable":true,"href":"https:\/\/sindromecharge.es\/index.php\/wp-json\/wp\/v2\/comments?post=4110"}],"version-history":[{"count":0,"href":"https:\/\/sindromecharge.es\/index.php\/wp-json\/wp\/v2\/posts\/4110\/revisions"}],"wp:attachment":[{"href":"https:\/\/sindromecharge.es\/index.php\/wp-json\/wp\/v2\/media?parent=4110"}],"wp:term":[{"taxonomy":"category","embeddable":true,"href":"https:\/\/sindromecharge.es\/index.php\/wp-json\/wp\/v2\/categories?post=4110"},{"taxonomy":"post_tag","embeddable":true,"href":"https:\/\/sindromecharge.es\/index.php\/wp-json\/wp\/v2\/tags?post=4110"}],"curies":[{"name":"wp","href":"https:\/\/api.w.org\/{rel}","templated":true}]}}