{"id":4108,"date":"2018-11-23T06:53:33","date_gmt":"2018-11-23T06:53:33","guid":{"rendered":"https:\/\/sindromecharge.es\/index.php\/2018\/11\/23\/feder-celebro-junto-a-la-fundacion-contra-la-hipertension-pulmonar-fchp-su-x-aniversario\/"},"modified":"2018-11-23T06:53:33","modified_gmt":"2018-11-23T06:53:33","slug":"feder-celebro-junto-a-la-fundacion-contra-la-hipertension-pulmonar-fchp-su-x-aniversario","status":"publish","type":"post","link":"https:\/\/sindromecharge.es\/index.php\/2018\/11\/23\/feder-celebro-junto-a-la-fundacion-contra-la-hipertension-pulmonar-fchp-su-x-aniversario\/","title":{"rendered":"FEDER celebr\u00f3 junto a la Fundaci\u00f3n Contra la Hipertensi\u00f3n Pulmonar (FCHP) su X aniversario"},"content":{"rendered":"<p>Leemos en FEDER la siguiente noticia que os reproducimos de forma \u00edntegra: <\/p>\n<p>El &nbsp;jueves 22 de noviembre, la Fundaci\u00f3n Contra la Hipertensi\u00f3n&nbsp;Pulmonar (FCHP) celebr\u00f3 su d\u00e9cimo aniversario y, con motivo de esta&nbsp;efem\u00e9ride, realiz\u00f3 la entrega de sus premios a las personalidades, entidades e&nbsp;instituciones que han apoyado a la Fundaci\u00f3n en la labor de divulgaci\u00f3n y&nbsp;concienciaci\u00f3n durante esta d\u00e9cada. FEDER pudo unirse y &nbsp;compartir esta celebraci\u00f3n de la mano de nuestro Miembro de la Junta Directiva, Jos\u00e9 Luis Plaza.&nbsp;<\/p>\n<p>El evento se realiz\u00f3 a las 19: 00 &nbsp;h en el Hotel AC Feria (v\u00eda de los Poblados, 3). En este lugar se realiz\u00f3 una &nbsp;gala que ccont\u00f3 en una primera parte con dos mesas redondas, una&nbsp;cl\u00ednica y otra de investigaci\u00f3n, con los mejores especialistas en esta&nbsp;enfermedad rara, entre ellos el prestigioso investigador de la Universidad&nbsp;de Standford, Vinicio de Jes\u00fas P\u00e9rez.<\/p>\n<p>En una segunda parte, se entregaron diez premios. Entre los galardonados&nbsp;est\u00e1n los Servicios Informativos de TVE y Centro M\u00e9dico; Pasapalabra de&nbsp;Telecinco; Metro de Madrid; el Hospital Virgen del Roc\u00edo de Sevilla, los ex futbolistas Dani Garc\u00eda y Javi Camu\u00f1as o el periodista deportivo,&nbsp;adjunto a la direcci\u00f3n del AS, Javier Matallanas y la empresa BASE 100.<\/p>\n<p>Adem\u00e1s, el Grupo Efecto Pasillo que tambi\u00e9n fue acreedo a un &nbsp;premio, ha&nbsp;compuesto una melod\u00eda para este X Aniversario. El X Aniversario fue &nbsp;presentado por los periodistas Marta Solano y Carlos Garc\u00eda Hirschfeld.<\/p>\n<p>Hoy por hoy, la Hipertensi\u00f3n Pulmonar es una enfermedad rara que no&nbsp;tiene cura, que afecta especialmente a ni\u00f1os y mujeres. En Espa\u00f1a hay 15&nbsp;casos por mill\u00f3n de habitantes. Ataca a las arterias del pulm\u00f3n&nbsp;produciendo un estrechamiento que dificulta la respiraci\u00f3n del paciente, &nbsp;debilita su coraz\u00f3n y merma su calidad de vida.<\/p>\n<p>Toda la esperanza est\u00e1 puesta en la investigaci\u00f3n que es uno de los ejes&nbsp;centrales de la Fundaci\u00f3n. Recaudar fondos durante todo el a\u00f1o a trav\u00e9s&nbsp;de multitud de actividades (deportivas, rastrillos\u2026). Este a\u00f1o se entregar\u00e1&nbsp;un cheque valorado en 35 Mil euros para el PROYECTO DE&nbsp;INVESTIGACI\u00d3N EMPATHY. Es un proyecto de investigaci\u00f3n que acaba de&nbsp;cumplir tres a\u00f1os y cuenta con m\u00e1s de 20 centros colaboradores. Ha dado&nbsp;los primeros pasos para buscar dianas terap\u00e9uticas que es la gran&nbsp;esperanza de los afectados por la Hipertensi\u00f3n Pulmonar. FCHP cuenta&nbsp;hoy con 250 socios de toda Espa\u00f1a y ha apoyado 12 becas de&nbsp;investigaci\u00f3n. &nbsp;Se har\u00e1 entrega de los fondos recaudados por la FCHP al Centro de&nbsp;Investigaci\u00f3n Biom\u00e9dica en Red, donde se coordina el Proyecto de&nbsp;Investigaci\u00f3n EMPATHY.<\/p>\n<p style=\"text-align: right\"><span style=\"font-size: 11.97px;line-height: 1.3\">\u00daltima actualizaci\u00f3n: 23 de noviembre.&nbsp;<\/span><\/p>\n<p>&nbsp;<\/p>\n<p>Fuente: FEDER <a href=\"https:\/\/enfermedades-raras.org\/index.php\/actualidad\/noticias-eventos\/2-feder\/11470-feder-celebr%C3%B3-junto-a-la-fundaci%C3%B3n-contra-la-hipertensi%C3%B3n-pulmonar-fchp-su-x-aniversario\" target=\"_blank\">FEDER celebr\u00f3 junto a la Fundaci\u00f3n Contra la Hipertensi\u00f3n Pulmonar (FCHP) su X aniversario<\/a><\/p>\n","protected":false},"excerpt":{"rendered":"<p>Leemos en FEDER la siguiente noticia que os reproducimos de forma \u00edntegra: El &nbsp;jueves 22 de noviembre, la Fundaci\u00f3n Contra la Hipertensi\u00f3n&nbsp;Pulmonar (FCHP) celebr\u00f3 su d\u00e9cimo aniversario y, con motivo de esta&nbsp;efem\u00e9ride, realiz\u00f3 la entrega de sus premios a las personalidades, entidades e&nbsp;instituciones que han apoyado a la Fundaci\u00f3n en la labor de divulgaci\u00f3n y&nbsp;concienciaci\u00f3n [&hellip;]<\/p>\n","protected":false},"author":1,"featured_media":0,"comment_status":"open","ping_status":"closed","sticky":false,"template":"","format":"standard","meta":{"footnotes":""},"categories":[8],"tags":[36],"class_list":["post-4108","post","type-post","status-publish","format-standard","hentry","category-noticias","tag-enfermedades-raras"],"yoast_head":"<!-- This site is optimized with the Yoast SEO plugin v27.4 - https:\/\/yoast.com\/product\/yoast-seo-wordpress\/ -->\n<title>FEDER celebr\u00f3 junto a la Fundaci\u00f3n Contra la Hipertensi\u00f3n Pulmonar (FCHP) su X aniversario - Asociaci\u00f3n Espa\u00f1ola S\u00edndrome de Charge<\/title>\n<meta name=\"robots\" content=\"index, follow, max-snippet:-1, max-image-preview:large, max-video-preview:-1\" \/>\n<link rel=\"canonical\" href=\"https:\/\/sindromecharge.es\/index.php\/2018\/11\/23\/feder-celebro-junto-a-la-fundacion-contra-la-hipertension-pulmonar-fchp-su-x-aniversario\/\" \/>\n<meta property=\"og:locale\" content=\"es_ES\" \/>\n<meta property=\"og:type\" content=\"article\" \/>\n<meta property=\"og:title\" content=\"FEDER celebr\u00f3 junto a la Fundaci\u00f3n Contra la Hipertensi\u00f3n Pulmonar (FCHP) su X aniversario - Asociaci\u00f3n Espa\u00f1ola S\u00edndrome de Charge\" \/>\n<meta property=\"og:description\" content=\"Leemos en FEDER la siguiente noticia que os reproducimos de forma \u00edntegra: El &nbsp;jueves 22 de noviembre, la Fundaci\u00f3n Contra la Hipertensi\u00f3n&nbsp;Pulmonar (FCHP) celebr\u00f3 su d\u00e9cimo aniversario y, con motivo de esta&nbsp;efem\u00e9ride, realiz\u00f3 la entrega de sus premios a las personalidades, entidades e&nbsp;instituciones que han apoyado a la Fundaci\u00f3n en la labor de divulgaci\u00f3n y&nbsp;concienciaci\u00f3n [&hellip;]\" \/>\n<meta property=\"og:url\" content=\"https:\/\/sindromecharge.es\/index.php\/2018\/11\/23\/feder-celebro-junto-a-la-fundacion-contra-la-hipertension-pulmonar-fchp-su-x-aniversario\/\" \/>\n<meta property=\"og:site_name\" content=\"Asociaci\u00f3n Espa\u00f1ola S\u00edndrome de Charge\" \/>\n<meta property=\"article:publisher\" content=\"https:\/\/www.facebook.com\/asociacionsindromecharge\" \/>\n<meta property=\"article:published_time\" content=\"2018-11-23T06:53:33+00:00\" \/>\n<meta property=\"og:image\" content=\"https:\/\/sindromecharge.es\/wp-content\/uploads\/2013\/09\/logodecharge300x98.png\" \/>\n\t<meta property=\"og:image:width\" content=\"300\" \/>\n\t<meta property=\"og:image:height\" content=\"98\" \/>\n\t<meta property=\"og:image:type\" content=\"image\/png\" \/>\n<meta name=\"author\" content=\"Charge\" \/>\n<meta name=\"twitter:card\" content=\"summary_large_image\" \/>\n<meta name=\"twitter:creator\" content=\"@sindromecharge\" \/>\n<meta name=\"twitter:site\" content=\"@sindromecharge\" \/>\n<meta name=\"twitter:label1\" content=\"Escrito por\" \/>\n\t<meta name=\"twitter:data1\" content=\"Charge\" \/>\n\t<meta name=\"twitter:label2\" content=\"Tiempo de lectura\" \/>\n\t<meta name=\"twitter:data2\" content=\"3 minutos\" \/>\n<script type=\"application\/ld+json\" class=\"yoast-schema-graph\">{\"@context\":\"https:\\\/\\\/schema.org\",\"@graph\":[{\"@type\":\"Article\",\"@id\":\"https:\\\/\\\/sindromecharge.es\\\/index.php\\\/2018\\\/11\\\/23\\\/feder-celebro-junto-a-la-fundacion-contra-la-hipertension-pulmonar-fchp-su-x-aniversario\\\/#article\",\"isPartOf\":{\"@id\":\"https:\\\/\\\/sindromecharge.es\\\/index.php\\\/2018\\\/11\\\/23\\\/feder-celebro-junto-a-la-fundacion-contra-la-hipertension-pulmonar-fchp-su-x-aniversario\\\/\"},\"author\":{\"name\":\"Charge\",\"@id\":\"https:\\\/\\\/sindromecharge.es\\\/#\\\/schema\\\/person\\\/39a60ebe0a2b4d5a11179701e336b039\"},\"headline\":\"FEDER celebr\u00f3 junto a la Fundaci\u00f3n Contra la Hipertensi\u00f3n Pulmonar (FCHP) su X aniversario\",\"datePublished\":\"2018-11-23T06:53:33+00:00\",\"mainEntityOfPage\":{\"@id\":\"https:\\\/\\\/sindromecharge.es\\\/index.php\\\/2018\\\/11\\\/23\\\/feder-celebro-junto-a-la-fundacion-contra-la-hipertension-pulmonar-fchp-su-x-aniversario\\\/\"},\"wordCount\":534,\"commentCount\":0,\"keywords\":[\"enfermedades raras\"],\"articleSection\":[\"noticias\"],\"inLanguage\":\"es\",\"potentialAction\":[{\"@type\":\"CommentAction\",\"name\":\"Comment\",\"target\":[\"https:\\\/\\\/sindromecharge.es\\\/index.php\\\/2018\\\/11\\\/23\\\/feder-celebro-junto-a-la-fundacion-contra-la-hipertension-pulmonar-fchp-su-x-aniversario\\\/#respond\"]}]},{\"@type\":\"WebPage\",\"@id\":\"https:\\\/\\\/sindromecharge.es\\\/index.php\\\/2018\\\/11\\\/23\\\/feder-celebro-junto-a-la-fundacion-contra-la-hipertension-pulmonar-fchp-su-x-aniversario\\\/\",\"url\":\"https:\\\/\\\/sindromecharge.es\\\/index.php\\\/2018\\\/11\\\/23\\\/feder-celebro-junto-a-la-fundacion-contra-la-hipertension-pulmonar-fchp-su-x-aniversario\\\/\",\"name\":\"FEDER celebr\u00f3 junto a la Fundaci\u00f3n Contra la Hipertensi\u00f3n Pulmonar (FCHP) su X aniversario - Asociaci\u00f3n Espa\u00f1ola S\u00edndrome de Charge\",\"isPartOf\":{\"@id\":\"https:\\\/\\\/sindromecharge.es\\\/#website\"},\"datePublished\":\"2018-11-23T06:53:33+00:00\",\"author\":{\"@id\":\"https:\\\/\\\/sindromecharge.es\\\/#\\\/schema\\\/person\\\/39a60ebe0a2b4d5a11179701e336b039\"},\"breadcrumb\":{\"@id\":\"https:\\\/\\\/sindromecharge.es\\\/index.php\\\/2018\\\/11\\\/23\\\/feder-celebro-junto-a-la-fundacion-contra-la-hipertension-pulmonar-fchp-su-x-aniversario\\\/#breadcrumb\"},\"inLanguage\":\"es\",\"potentialAction\":[{\"@type\":\"ReadAction\",\"target\":[\"https:\\\/\\\/sindromecharge.es\\\/index.php\\\/2018\\\/11\\\/23\\\/feder-celebro-junto-a-la-fundacion-contra-la-hipertension-pulmonar-fchp-su-x-aniversario\\\/\"]}]},{\"@type\":\"BreadcrumbList\",\"@id\":\"https:\\\/\\\/sindromecharge.es\\\/index.php\\\/2018\\\/11\\\/23\\\/feder-celebro-junto-a-la-fundacion-contra-la-hipertension-pulmonar-fchp-su-x-aniversario\\\/#breadcrumb\",\"itemListElement\":[{\"@type\":\"ListItem\",\"position\":1,\"name\":\"Portada\",\"item\":\"https:\\\/\\\/sindromecharge.es\\\/\"},{\"@type\":\"ListItem\",\"position\":2,\"name\":\"FEDER celebr\u00f3 junto a la Fundaci\u00f3n Contra la Hipertensi\u00f3n Pulmonar (FCHP) su X aniversario\"}]},{\"@type\":\"WebSite\",\"@id\":\"https:\\\/\\\/sindromecharge.es\\\/#website\",\"url\":\"https:\\\/\\\/sindromecharge.es\\\/\",\"name\":\"Asociaci\u00f3n Espa\u00f1ola S\u00edndrome de Charge\",\"description\":\"\",\"potentialAction\":[{\"@type\":\"SearchAction\",\"target\":{\"@type\":\"EntryPoint\",\"urlTemplate\":\"https:\\\/\\\/sindromecharge.es\\\/?s={search_term_string}\"},\"query-input\":{\"@type\":\"PropertyValueSpecification\",\"valueRequired\":true,\"valueName\":\"search_term_string\"}}],\"inLanguage\":\"es\"},{\"@type\":\"Person\",\"@id\":\"https:\\\/\\\/sindromecharge.es\\\/#\\\/schema\\\/person\\\/39a60ebe0a2b4d5a11179701e336b039\",\"name\":\"Charge\",\"image\":{\"@type\":\"ImageObject\",\"inLanguage\":\"es\",\"@id\":\"https:\\\/\\\/secure.gravatar.com\\\/avatar\\\/c3b46e32a0fc3b093a0873fb767bf3293de856293065e84ef06b7ec7a8acfb98?s=96&d=identicon&r=x\",\"url\":\"https:\\\/\\\/secure.gravatar.com\\\/avatar\\\/c3b46e32a0fc3b093a0873fb767bf3293de856293065e84ef06b7ec7a8acfb98?s=96&d=identicon&r=x\",\"contentUrl\":\"https:\\\/\\\/secure.gravatar.com\\\/avatar\\\/c3b46e32a0fc3b093a0873fb767bf3293de856293065e84ef06b7ec7a8acfb98?s=96&d=identicon&r=x\",\"caption\":\"Charge\"},\"url\":\"https:\\\/\\\/sindromecharge.es\\\/index.php\\\/author\\\/admin\\\/\"}]}<\/script>\n<!-- \/ Yoast SEO plugin. -->","yoast_head_json":{"title":"FEDER celebr\u00f3 junto a la Fundaci\u00f3n Contra la Hipertensi\u00f3n Pulmonar (FCHP) su X aniversario - Asociaci\u00f3n Espa\u00f1ola S\u00edndrome de Charge","robots":{"index":"index","follow":"follow","max-snippet":"max-snippet:-1","max-image-preview":"max-image-preview:large","max-video-preview":"max-video-preview:-1"},"canonical":"https:\/\/sindromecharge.es\/index.php\/2018\/11\/23\/feder-celebro-junto-a-la-fundacion-contra-la-hipertension-pulmonar-fchp-su-x-aniversario\/","og_locale":"es_ES","og_type":"article","og_title":"FEDER celebr\u00f3 junto a la Fundaci\u00f3n Contra la Hipertensi\u00f3n Pulmonar (FCHP) su X aniversario - Asociaci\u00f3n Espa\u00f1ola S\u00edndrome de Charge","og_description":"Leemos en FEDER la siguiente noticia que os reproducimos de forma \u00edntegra: El &nbsp;jueves 22 de noviembre, la Fundaci\u00f3n Contra la Hipertensi\u00f3n&nbsp;Pulmonar (FCHP) celebr\u00f3 su d\u00e9cimo aniversario y, con motivo de esta&nbsp;efem\u00e9ride, realiz\u00f3 la entrega de sus premios a las personalidades, entidades e&nbsp;instituciones que han apoyado a la Fundaci\u00f3n en la labor de divulgaci\u00f3n y&nbsp;concienciaci\u00f3n [&hellip;]","og_url":"https:\/\/sindromecharge.es\/index.php\/2018\/11\/23\/feder-celebro-junto-a-la-fundacion-contra-la-hipertension-pulmonar-fchp-su-x-aniversario\/","og_site_name":"Asociaci\u00f3n Espa\u00f1ola S\u00edndrome de Charge","article_publisher":"https:\/\/www.facebook.com\/asociacionsindromecharge","article_published_time":"2018-11-23T06:53:33+00:00","og_image":[{"width":300,"height":98,"url":"https:\/\/sindromecharge.es\/wp-content\/uploads\/2013\/09\/logodecharge300x98.png","type":"image\/png"}],"author":"Charge","twitter_card":"summary_large_image","twitter_creator":"@sindromecharge","twitter_site":"@sindromecharge","twitter_misc":{"Escrito por":"Charge","Tiempo de lectura":"3 minutos"},"schema":{"@context":"https:\/\/schema.org","@graph":[{"@type":"Article","@id":"https:\/\/sindromecharge.es\/index.php\/2018\/11\/23\/feder-celebro-junto-a-la-fundacion-contra-la-hipertension-pulmonar-fchp-su-x-aniversario\/#article","isPartOf":{"@id":"https:\/\/sindromecharge.es\/index.php\/2018\/11\/23\/feder-celebro-junto-a-la-fundacion-contra-la-hipertension-pulmonar-fchp-su-x-aniversario\/"},"author":{"name":"Charge","@id":"https:\/\/sindromecharge.es\/#\/schema\/person\/39a60ebe0a2b4d5a11179701e336b039"},"headline":"FEDER celebr\u00f3 junto a la Fundaci\u00f3n Contra la Hipertensi\u00f3n Pulmonar (FCHP) su X aniversario","datePublished":"2018-11-23T06:53:33+00:00","mainEntityOfPage":{"@id":"https:\/\/sindromecharge.es\/index.php\/2018\/11\/23\/feder-celebro-junto-a-la-fundacion-contra-la-hipertension-pulmonar-fchp-su-x-aniversario\/"},"wordCount":534,"commentCount":0,"keywords":["enfermedades raras"],"articleSection":["noticias"],"inLanguage":"es","potentialAction":[{"@type":"CommentAction","name":"Comment","target":["https:\/\/sindromecharge.es\/index.php\/2018\/11\/23\/feder-celebro-junto-a-la-fundacion-contra-la-hipertension-pulmonar-fchp-su-x-aniversario\/#respond"]}]},{"@type":"WebPage","@id":"https:\/\/sindromecharge.es\/index.php\/2018\/11\/23\/feder-celebro-junto-a-la-fundacion-contra-la-hipertension-pulmonar-fchp-su-x-aniversario\/","url":"https:\/\/sindromecharge.es\/index.php\/2018\/11\/23\/feder-celebro-junto-a-la-fundacion-contra-la-hipertension-pulmonar-fchp-su-x-aniversario\/","name":"FEDER celebr\u00f3 junto a la Fundaci\u00f3n Contra la Hipertensi\u00f3n Pulmonar (FCHP) su X aniversario - Asociaci\u00f3n Espa\u00f1ola S\u00edndrome de Charge","isPartOf":{"@id":"https:\/\/sindromecharge.es\/#website"},"datePublished":"2018-11-23T06:53:33+00:00","author":{"@id":"https:\/\/sindromecharge.es\/#\/schema\/person\/39a60ebe0a2b4d5a11179701e336b039"},"breadcrumb":{"@id":"https:\/\/sindromecharge.es\/index.php\/2018\/11\/23\/feder-celebro-junto-a-la-fundacion-contra-la-hipertension-pulmonar-fchp-su-x-aniversario\/#breadcrumb"},"inLanguage":"es","potentialAction":[{"@type":"ReadAction","target":["https:\/\/sindromecharge.es\/index.php\/2018\/11\/23\/feder-celebro-junto-a-la-fundacion-contra-la-hipertension-pulmonar-fchp-su-x-aniversario\/"]}]},{"@type":"BreadcrumbList","@id":"https:\/\/sindromecharge.es\/index.php\/2018\/11\/23\/feder-celebro-junto-a-la-fundacion-contra-la-hipertension-pulmonar-fchp-su-x-aniversario\/#breadcrumb","itemListElement":[{"@type":"ListItem","position":1,"name":"Portada","item":"https:\/\/sindromecharge.es\/"},{"@type":"ListItem","position":2,"name":"FEDER celebr\u00f3 junto a la Fundaci\u00f3n Contra la Hipertensi\u00f3n Pulmonar (FCHP) su X aniversario"}]},{"@type":"WebSite","@id":"https:\/\/sindromecharge.es\/#website","url":"https:\/\/sindromecharge.es\/","name":"Asociaci\u00f3n Espa\u00f1ola S\u00edndrome de Charge","description":"","potentialAction":[{"@type":"SearchAction","target":{"@type":"EntryPoint","urlTemplate":"https:\/\/sindromecharge.es\/?s={search_term_string}"},"query-input":{"@type":"PropertyValueSpecification","valueRequired":true,"valueName":"search_term_string"}}],"inLanguage":"es"},{"@type":"Person","@id":"https:\/\/sindromecharge.es\/#\/schema\/person\/39a60ebe0a2b4d5a11179701e336b039","name":"Charge","image":{"@type":"ImageObject","inLanguage":"es","@id":"https:\/\/secure.gravatar.com\/avatar\/c3b46e32a0fc3b093a0873fb767bf3293de856293065e84ef06b7ec7a8acfb98?s=96&d=identicon&r=x","url":"https:\/\/secure.gravatar.com\/avatar\/c3b46e32a0fc3b093a0873fb767bf3293de856293065e84ef06b7ec7a8acfb98?s=96&d=identicon&r=x","contentUrl":"https:\/\/secure.gravatar.com\/avatar\/c3b46e32a0fc3b093a0873fb767bf3293de856293065e84ef06b7ec7a8acfb98?s=96&d=identicon&r=x","caption":"Charge"},"url":"https:\/\/sindromecharge.es\/index.php\/author\/admin\/"}]}},"_links":{"self":[{"href":"https:\/\/sindromecharge.es\/index.php\/wp-json\/wp\/v2\/posts\/4108","targetHints":{"allow":["GET"]}}],"collection":[{"href":"https:\/\/sindromecharge.es\/index.php\/wp-json\/wp\/v2\/posts"}],"about":[{"href":"https:\/\/sindromecharge.es\/index.php\/wp-json\/wp\/v2\/types\/post"}],"author":[{"embeddable":true,"href":"https:\/\/sindromecharge.es\/index.php\/wp-json\/wp\/v2\/users\/1"}],"replies":[{"embeddable":true,"href":"https:\/\/sindromecharge.es\/index.php\/wp-json\/wp\/v2\/comments?post=4108"}],"version-history":[{"count":0,"href":"https:\/\/sindromecharge.es\/index.php\/wp-json\/wp\/v2\/posts\/4108\/revisions"}],"wp:attachment":[{"href":"https:\/\/sindromecharge.es\/index.php\/wp-json\/wp\/v2\/media?parent=4108"}],"wp:term":[{"taxonomy":"category","embeddable":true,"href":"https:\/\/sindromecharge.es\/index.php\/wp-json\/wp\/v2\/categories?post=4108"},{"taxonomy":"post_tag","embeddable":true,"href":"https:\/\/sindromecharge.es\/index.php\/wp-json\/wp\/v2\/tags?post=4108"}],"curies":[{"name":"wp","href":"https:\/\/api.w.org\/{rel}","templated":true}]}}