{"id":4092,"date":"2018-11-15T08:44:38","date_gmt":"2018-11-15T08:44:38","guid":{"rendered":"https:\/\/sindromecharge.es\/index.php\/2018\/11\/15\/nos-adherimos-al-dia-internacional-del-sindrome-de-inversion-duplicacion-del-cromosoma-15q\/"},"modified":"2018-11-15T08:44:38","modified_gmt":"2018-11-15T08:44:38","slug":"nos-adherimos-al-dia-internacional-del-sindrome-de-inversion-duplicacion-del-cromosoma-15q","status":"publish","type":"post","link":"https:\/\/sindromecharge.es\/index.php\/2018\/11\/15\/nos-adherimos-al-dia-internacional-del-sindrome-de-inversion-duplicacion-del-cromosoma-15q\/","title":{"rendered":"Nos adherimos al D\u00eda Internacional del S\u00edndrome de Inversi\u00f3n\/Duplicaci\u00f3n del Cromosoma 15q"},"content":{"rendered":"<p>Leemos en FEDER la siguiente noticia que os reproducimos de forma \u00edntegra: <\/p>\n<p>&nbsp;<\/p>\n<p><span style=\"font-size: 11.97px;line-height: 1.3\">El D\u00eda Internacional del S\u00edndrome de Inversi\u00f3n\/Duplicaci\u00f3n del Cromosoma 15q se celebra cada 15 de noviembre para concienciar a la sociedad sobre esta enfermedad poco frecuente que se produce debido a una anomal\u00eda gen\u00e9tica en ese cromosoma. Por esta raz\u00f3n, en FEDER queremos adherirnos a esta celebraci\u00f3n con el fin de apoyar a quienes conviven con esta enfermedad y ayudar a la sensibilizaci\u00f3n y visibilizaci\u00f3n de esta patolog\u00eda.<\/span><\/p>\n<p>El S\u00edndrome 15q se da equitativamente a ambos sexos y tiene una incidencia estimada de 1 sujeto por cada 30.000 nacimientos. Los signos y s\u00edntomas de esta patolog\u00eda var\u00edan seg\u00fan los individuos, ya que depende del tama\u00f1o del cromosoma duplicado; pero algunos son muy caracter\u00edsticos Los signos m\u00e1s comunes son hipoton\u00eda (tonicidad muscular escasa) central temprana, retraso en el desarrollo psicomotor, discapacidad intelectual de moderada a grave, trastorno generalizado del desarrollo y epilepsia.<\/p>\n<p>La discapacidad intelectual y el retraso del desarrollo se producen en todos los pacientes y muchos son totalmente dependientes. La comprensi\u00f3n de las personas que conviven con el S\u00edndrome 15q es muy limitada y contextual y el lenguaje expresivo es muy pobre o ausente. Estas personas tambi\u00e9n presentan rasgos morfol\u00f3gicos significativos a nivel facial y en las extremidades.<\/p>\n<p>Actualmente, no existe un tratamiento espec\u00edfico para este s\u00edndrome; existen medicamentos que reducen en gran parte su sintomatolog\u00eda como las crisis epil\u00e9pticas, los trastornos en el comportamiento o del Trastorno por D\u00e9ficit de Atenci\u00f3n e Hiperactividad. Por esta raz\u00f3n, la reivindicaci\u00f3n y celebraci\u00f3n de este d\u00eda tiene como objetivo incidir en la priorizaci\u00f3n de la investigaci\u00f3n como herramienta para alcanzar un diagn\u00f3stico precoz y que el paciente pueda acceder a los \u00faltimos tratamientos disponibles.<\/p>\n<p>Las terapias actuales est\u00e1n centradas en que estos pacientes logren la mayor autonom\u00eda posible para que puedan realizar, por s\u00ed mismos, tareas como vestirse y desvestirse o beber agua. Los expertos coinciden en que es crucial poder acceder siempre a un diagn\u00f3stico de esta patolog\u00eda y que es la investigaci\u00f3n la piedra angular para encontrar un tratamiento. Por esta raz\u00f3n, tambi\u00e9n desde FEDER impulsamos la investigaci\u00f3n a trav\u00e9s de nuestra Fundaci\u00f3n brindando apoyo a proyectos &nbsp;y la promoci\u00f3n de la investigaci\u00f3n en enfermedades poco frecuentes para que los pacientes y sus familias puedan mejorar su calidad de vida.<\/p>\n<p>En este d\u00eda, queremos resaltar la labor que la Fundaci\u00f3n Inversi\u00f3n Duplicaci\u00f3n del Cromosoma 15q y la Asociaci\u00f3n Nacional de familiares y personas con s\u00edndrome de inversi\u00f3n duplicaci\u00f3n del cromosoma 15 realizan para sensibilizar a la sociedad, opini\u00f3n p\u00fablica, instituciones p\u00fablicas y privadas respecto a la enfermedad posicionando la investigaci\u00f3n coordinada como una herramienta importante para avanzar en el conocimiento de las causas, diagn\u00f3stico y tratamiento de las enfermedades raras.<\/p>\n<p style=\"text-align: right\">\u00daltima actualizaci\u00f3n: 15 de noviembre de 2018.<\/p>\n<p>&nbsp;<\/p>\n<p>Fuente: FEDER <a href=\"https:\/\/enfermedades-raras.org\/index.php\/actualidad\/noticias-eventos\/2-feder\/11420-nos-adherimos-al-d%C3%ADa-internacional-del-s%C3%ADndrome-de-inversi%C3%B3n-duplicaci%C3%B3n-del-cromosoma-15q\" target=\"_blank\">Nos adherimos al D\u00eda Internacional del S\u00edndrome de Inversi\u00f3n\/Duplicaci\u00f3n del Cromosoma 15q<\/a><\/p>\n","protected":false},"excerpt":{"rendered":"<p>Leemos en FEDER la siguiente noticia que os reproducimos de forma \u00edntegra: &nbsp; El D\u00eda Internacional del S\u00edndrome de Inversi\u00f3n\/Duplicaci\u00f3n del Cromosoma 15q se celebra cada 15 de noviembre para concienciar a la sociedad sobre esta enfermedad poco frecuente que se produce debido a una anomal\u00eda gen\u00e9tica en ese cromosoma. Por esta raz\u00f3n, en FEDER [&hellip;]<\/p>\n","protected":false},"author":1,"featured_media":0,"comment_status":"open","ping_status":"closed","sticky":false,"template":"","format":"standard","meta":{"footnotes":""},"categories":[8],"tags":[36],"class_list":["post-4092","post","type-post","status-publish","format-standard","hentry","category-noticias","tag-enfermedades-raras"],"yoast_head":"<!-- This site is optimized with the Yoast SEO plugin v27.4 - https:\/\/yoast.com\/product\/yoast-seo-wordpress\/ -->\n<title>Nos adherimos al D\u00eda Internacional del S\u00edndrome de Inversi\u00f3n\/Duplicaci\u00f3n del Cromosoma 15q - Asociaci\u00f3n Espa\u00f1ola S\u00edndrome de Charge<\/title>\n<meta name=\"robots\" content=\"index, follow, max-snippet:-1, max-image-preview:large, max-video-preview:-1\" \/>\n<link rel=\"canonical\" href=\"https:\/\/sindromecharge.es\/index.php\/2018\/11\/15\/nos-adherimos-al-dia-internacional-del-sindrome-de-inversion-duplicacion-del-cromosoma-15q\/\" \/>\n<meta property=\"og:locale\" content=\"es_ES\" \/>\n<meta property=\"og:type\" content=\"article\" \/>\n<meta property=\"og:title\" content=\"Nos adherimos al D\u00eda Internacional del S\u00edndrome de Inversi\u00f3n\/Duplicaci\u00f3n del Cromosoma 15q - Asociaci\u00f3n Espa\u00f1ola S\u00edndrome de Charge\" \/>\n<meta property=\"og:description\" content=\"Leemos en FEDER la siguiente noticia que os reproducimos de forma \u00edntegra: &nbsp; El D\u00eda Internacional del S\u00edndrome de Inversi\u00f3n\/Duplicaci\u00f3n del Cromosoma 15q se celebra cada 15 de noviembre para concienciar a la sociedad sobre esta enfermedad poco frecuente que se produce debido a una anomal\u00eda gen\u00e9tica en ese cromosoma. Por esta raz\u00f3n, en FEDER [&hellip;]\" \/>\n<meta property=\"og:url\" content=\"https:\/\/sindromecharge.es\/index.php\/2018\/11\/15\/nos-adherimos-al-dia-internacional-del-sindrome-de-inversion-duplicacion-del-cromosoma-15q\/\" \/>\n<meta property=\"og:site_name\" content=\"Asociaci\u00f3n Espa\u00f1ola S\u00edndrome de Charge\" \/>\n<meta property=\"article:publisher\" content=\"https:\/\/www.facebook.com\/asociacionsindromecharge\" \/>\n<meta property=\"article:published_time\" content=\"2018-11-15T08:44:38+00:00\" \/>\n<meta property=\"og:image\" content=\"https:\/\/sindromecharge.es\/wp-content\/uploads\/2013\/09\/logodecharge300x98.png\" \/>\n\t<meta property=\"og:image:width\" content=\"300\" \/>\n\t<meta property=\"og:image:height\" content=\"98\" \/>\n\t<meta property=\"og:image:type\" content=\"image\/png\" \/>\n<meta name=\"author\" content=\"Charge\" \/>\n<meta name=\"twitter:card\" content=\"summary_large_image\" \/>\n<meta name=\"twitter:creator\" content=\"@sindromecharge\" \/>\n<meta name=\"twitter:site\" content=\"@sindromecharge\" \/>\n<meta name=\"twitter:label1\" content=\"Escrito por\" \/>\n\t<meta name=\"twitter:data1\" content=\"Charge\" \/>\n\t<meta name=\"twitter:label2\" content=\"Tiempo de lectura\" \/>\n\t<meta name=\"twitter:data2\" content=\"3 minutos\" \/>\n<script type=\"application\/ld+json\" class=\"yoast-schema-graph\">{\"@context\":\"https:\\\/\\\/schema.org\",\"@graph\":[{\"@type\":\"Article\",\"@id\":\"https:\\\/\\\/sindromecharge.es\\\/index.php\\\/2018\\\/11\\\/15\\\/nos-adherimos-al-dia-internacional-del-sindrome-de-inversion-duplicacion-del-cromosoma-15q\\\/#article\",\"isPartOf\":{\"@id\":\"https:\\\/\\\/sindromecharge.es\\\/index.php\\\/2018\\\/11\\\/15\\\/nos-adherimos-al-dia-internacional-del-sindrome-de-inversion-duplicacion-del-cromosoma-15q\\\/\"},\"author\":{\"name\":\"Charge\",\"@id\":\"https:\\\/\\\/sindromecharge.es\\\/#\\\/schema\\\/person\\\/39a60ebe0a2b4d5a11179701e336b039\"},\"headline\":\"Nos adherimos al D\u00eda Internacional del S\u00edndrome de Inversi\u00f3n\\\/Duplicaci\u00f3n del Cromosoma 15q\",\"datePublished\":\"2018-11-15T08:44:38+00:00\",\"mainEntityOfPage\":{\"@id\":\"https:\\\/\\\/sindromecharge.es\\\/index.php\\\/2018\\\/11\\\/15\\\/nos-adherimos-al-dia-internacional-del-sindrome-de-inversion-duplicacion-del-cromosoma-15q\\\/\"},\"wordCount\":557,\"commentCount\":0,\"keywords\":[\"enfermedades raras\"],\"articleSection\":[\"noticias\"],\"inLanguage\":\"es\",\"potentialAction\":[{\"@type\":\"CommentAction\",\"name\":\"Comment\",\"target\":[\"https:\\\/\\\/sindromecharge.es\\\/index.php\\\/2018\\\/11\\\/15\\\/nos-adherimos-al-dia-internacional-del-sindrome-de-inversion-duplicacion-del-cromosoma-15q\\\/#respond\"]}]},{\"@type\":\"WebPage\",\"@id\":\"https:\\\/\\\/sindromecharge.es\\\/index.php\\\/2018\\\/11\\\/15\\\/nos-adherimos-al-dia-internacional-del-sindrome-de-inversion-duplicacion-del-cromosoma-15q\\\/\",\"url\":\"https:\\\/\\\/sindromecharge.es\\\/index.php\\\/2018\\\/11\\\/15\\\/nos-adherimos-al-dia-internacional-del-sindrome-de-inversion-duplicacion-del-cromosoma-15q\\\/\",\"name\":\"Nos adherimos al D\u00eda Internacional del S\u00edndrome de Inversi\u00f3n\\\/Duplicaci\u00f3n del Cromosoma 15q - Asociaci\u00f3n Espa\u00f1ola S\u00edndrome de Charge\",\"isPartOf\":{\"@id\":\"https:\\\/\\\/sindromecharge.es\\\/#website\"},\"datePublished\":\"2018-11-15T08:44:38+00:00\",\"author\":{\"@id\":\"https:\\\/\\\/sindromecharge.es\\\/#\\\/schema\\\/person\\\/39a60ebe0a2b4d5a11179701e336b039\"},\"breadcrumb\":{\"@id\":\"https:\\\/\\\/sindromecharge.es\\\/index.php\\\/2018\\\/11\\\/15\\\/nos-adherimos-al-dia-internacional-del-sindrome-de-inversion-duplicacion-del-cromosoma-15q\\\/#breadcrumb\"},\"inLanguage\":\"es\",\"potentialAction\":[{\"@type\":\"ReadAction\",\"target\":[\"https:\\\/\\\/sindromecharge.es\\\/index.php\\\/2018\\\/11\\\/15\\\/nos-adherimos-al-dia-internacional-del-sindrome-de-inversion-duplicacion-del-cromosoma-15q\\\/\"]}]},{\"@type\":\"BreadcrumbList\",\"@id\":\"https:\\\/\\\/sindromecharge.es\\\/index.php\\\/2018\\\/11\\\/15\\\/nos-adherimos-al-dia-internacional-del-sindrome-de-inversion-duplicacion-del-cromosoma-15q\\\/#breadcrumb\",\"itemListElement\":[{\"@type\":\"ListItem\",\"position\":1,\"name\":\"Portada\",\"item\":\"https:\\\/\\\/sindromecharge.es\\\/\"},{\"@type\":\"ListItem\",\"position\":2,\"name\":\"Nos adherimos al D\u00eda Internacional del S\u00edndrome de Inversi\u00f3n\\\/Duplicaci\u00f3n del Cromosoma 15q\"}]},{\"@type\":\"WebSite\",\"@id\":\"https:\\\/\\\/sindromecharge.es\\\/#website\",\"url\":\"https:\\\/\\\/sindromecharge.es\\\/\",\"name\":\"Asociaci\u00f3n Espa\u00f1ola S\u00edndrome de Charge\",\"description\":\"\",\"potentialAction\":[{\"@type\":\"SearchAction\",\"target\":{\"@type\":\"EntryPoint\",\"urlTemplate\":\"https:\\\/\\\/sindromecharge.es\\\/?s={search_term_string}\"},\"query-input\":{\"@type\":\"PropertyValueSpecification\",\"valueRequired\":true,\"valueName\":\"search_term_string\"}}],\"inLanguage\":\"es\"},{\"@type\":\"Person\",\"@id\":\"https:\\\/\\\/sindromecharge.es\\\/#\\\/schema\\\/person\\\/39a60ebe0a2b4d5a11179701e336b039\",\"name\":\"Charge\",\"image\":{\"@type\":\"ImageObject\",\"inLanguage\":\"es\",\"@id\":\"https:\\\/\\\/secure.gravatar.com\\\/avatar\\\/c3b46e32a0fc3b093a0873fb767bf3293de856293065e84ef06b7ec7a8acfb98?s=96&d=identicon&r=x\",\"url\":\"https:\\\/\\\/secure.gravatar.com\\\/avatar\\\/c3b46e32a0fc3b093a0873fb767bf3293de856293065e84ef06b7ec7a8acfb98?s=96&d=identicon&r=x\",\"contentUrl\":\"https:\\\/\\\/secure.gravatar.com\\\/avatar\\\/c3b46e32a0fc3b093a0873fb767bf3293de856293065e84ef06b7ec7a8acfb98?s=96&d=identicon&r=x\",\"caption\":\"Charge\"},\"url\":\"https:\\\/\\\/sindromecharge.es\\\/index.php\\\/author\\\/admin\\\/\"}]}<\/script>\n<!-- \/ Yoast SEO plugin. -->","yoast_head_json":{"title":"Nos adherimos al D\u00eda Internacional del S\u00edndrome de Inversi\u00f3n\/Duplicaci\u00f3n del Cromosoma 15q - Asociaci\u00f3n Espa\u00f1ola S\u00edndrome de Charge","robots":{"index":"index","follow":"follow","max-snippet":"max-snippet:-1","max-image-preview":"max-image-preview:large","max-video-preview":"max-video-preview:-1"},"canonical":"https:\/\/sindromecharge.es\/index.php\/2018\/11\/15\/nos-adherimos-al-dia-internacional-del-sindrome-de-inversion-duplicacion-del-cromosoma-15q\/","og_locale":"es_ES","og_type":"article","og_title":"Nos adherimos al D\u00eda Internacional del S\u00edndrome de Inversi\u00f3n\/Duplicaci\u00f3n del Cromosoma 15q - Asociaci\u00f3n Espa\u00f1ola S\u00edndrome de Charge","og_description":"Leemos en FEDER la siguiente noticia que os reproducimos de forma \u00edntegra: &nbsp; El D\u00eda Internacional del S\u00edndrome de Inversi\u00f3n\/Duplicaci\u00f3n del Cromosoma 15q se celebra cada 15 de noviembre para concienciar a la sociedad sobre esta enfermedad poco frecuente que se produce debido a una anomal\u00eda gen\u00e9tica en ese cromosoma. Por esta raz\u00f3n, en FEDER [&hellip;]","og_url":"https:\/\/sindromecharge.es\/index.php\/2018\/11\/15\/nos-adherimos-al-dia-internacional-del-sindrome-de-inversion-duplicacion-del-cromosoma-15q\/","og_site_name":"Asociaci\u00f3n Espa\u00f1ola S\u00edndrome de Charge","article_publisher":"https:\/\/www.facebook.com\/asociacionsindromecharge","article_published_time":"2018-11-15T08:44:38+00:00","og_image":[{"width":300,"height":98,"url":"https:\/\/sindromecharge.es\/wp-content\/uploads\/2013\/09\/logodecharge300x98.png","type":"image\/png"}],"author":"Charge","twitter_card":"summary_large_image","twitter_creator":"@sindromecharge","twitter_site":"@sindromecharge","twitter_misc":{"Escrito por":"Charge","Tiempo de lectura":"3 minutos"},"schema":{"@context":"https:\/\/schema.org","@graph":[{"@type":"Article","@id":"https:\/\/sindromecharge.es\/index.php\/2018\/11\/15\/nos-adherimos-al-dia-internacional-del-sindrome-de-inversion-duplicacion-del-cromosoma-15q\/#article","isPartOf":{"@id":"https:\/\/sindromecharge.es\/index.php\/2018\/11\/15\/nos-adherimos-al-dia-internacional-del-sindrome-de-inversion-duplicacion-del-cromosoma-15q\/"},"author":{"name":"Charge","@id":"https:\/\/sindromecharge.es\/#\/schema\/person\/39a60ebe0a2b4d5a11179701e336b039"},"headline":"Nos adherimos al D\u00eda Internacional del S\u00edndrome de Inversi\u00f3n\/Duplicaci\u00f3n del Cromosoma 15q","datePublished":"2018-11-15T08:44:38+00:00","mainEntityOfPage":{"@id":"https:\/\/sindromecharge.es\/index.php\/2018\/11\/15\/nos-adherimos-al-dia-internacional-del-sindrome-de-inversion-duplicacion-del-cromosoma-15q\/"},"wordCount":557,"commentCount":0,"keywords":["enfermedades raras"],"articleSection":["noticias"],"inLanguage":"es","potentialAction":[{"@type":"CommentAction","name":"Comment","target":["https:\/\/sindromecharge.es\/index.php\/2018\/11\/15\/nos-adherimos-al-dia-internacional-del-sindrome-de-inversion-duplicacion-del-cromosoma-15q\/#respond"]}]},{"@type":"WebPage","@id":"https:\/\/sindromecharge.es\/index.php\/2018\/11\/15\/nos-adherimos-al-dia-internacional-del-sindrome-de-inversion-duplicacion-del-cromosoma-15q\/","url":"https:\/\/sindromecharge.es\/index.php\/2018\/11\/15\/nos-adherimos-al-dia-internacional-del-sindrome-de-inversion-duplicacion-del-cromosoma-15q\/","name":"Nos adherimos al D\u00eda Internacional del S\u00edndrome de Inversi\u00f3n\/Duplicaci\u00f3n del Cromosoma 15q - Asociaci\u00f3n Espa\u00f1ola S\u00edndrome de Charge","isPartOf":{"@id":"https:\/\/sindromecharge.es\/#website"},"datePublished":"2018-11-15T08:44:38+00:00","author":{"@id":"https:\/\/sindromecharge.es\/#\/schema\/person\/39a60ebe0a2b4d5a11179701e336b039"},"breadcrumb":{"@id":"https:\/\/sindromecharge.es\/index.php\/2018\/11\/15\/nos-adherimos-al-dia-internacional-del-sindrome-de-inversion-duplicacion-del-cromosoma-15q\/#breadcrumb"},"inLanguage":"es","potentialAction":[{"@type":"ReadAction","target":["https:\/\/sindromecharge.es\/index.php\/2018\/11\/15\/nos-adherimos-al-dia-internacional-del-sindrome-de-inversion-duplicacion-del-cromosoma-15q\/"]}]},{"@type":"BreadcrumbList","@id":"https:\/\/sindromecharge.es\/index.php\/2018\/11\/15\/nos-adherimos-al-dia-internacional-del-sindrome-de-inversion-duplicacion-del-cromosoma-15q\/#breadcrumb","itemListElement":[{"@type":"ListItem","position":1,"name":"Portada","item":"https:\/\/sindromecharge.es\/"},{"@type":"ListItem","position":2,"name":"Nos adherimos al D\u00eda Internacional del S\u00edndrome de Inversi\u00f3n\/Duplicaci\u00f3n del Cromosoma 15q"}]},{"@type":"WebSite","@id":"https:\/\/sindromecharge.es\/#website","url":"https:\/\/sindromecharge.es\/","name":"Asociaci\u00f3n Espa\u00f1ola S\u00edndrome de Charge","description":"","potentialAction":[{"@type":"SearchAction","target":{"@type":"EntryPoint","urlTemplate":"https:\/\/sindromecharge.es\/?s={search_term_string}"},"query-input":{"@type":"PropertyValueSpecification","valueRequired":true,"valueName":"search_term_string"}}],"inLanguage":"es"},{"@type":"Person","@id":"https:\/\/sindromecharge.es\/#\/schema\/person\/39a60ebe0a2b4d5a11179701e336b039","name":"Charge","image":{"@type":"ImageObject","inLanguage":"es","@id":"https:\/\/secure.gravatar.com\/avatar\/c3b46e32a0fc3b093a0873fb767bf3293de856293065e84ef06b7ec7a8acfb98?s=96&d=identicon&r=x","url":"https:\/\/secure.gravatar.com\/avatar\/c3b46e32a0fc3b093a0873fb767bf3293de856293065e84ef06b7ec7a8acfb98?s=96&d=identicon&r=x","contentUrl":"https:\/\/secure.gravatar.com\/avatar\/c3b46e32a0fc3b093a0873fb767bf3293de856293065e84ef06b7ec7a8acfb98?s=96&d=identicon&r=x","caption":"Charge"},"url":"https:\/\/sindromecharge.es\/index.php\/author\/admin\/"}]}},"_links":{"self":[{"href":"https:\/\/sindromecharge.es\/index.php\/wp-json\/wp\/v2\/posts\/4092","targetHints":{"allow":["GET"]}}],"collection":[{"href":"https:\/\/sindromecharge.es\/index.php\/wp-json\/wp\/v2\/posts"}],"about":[{"href":"https:\/\/sindromecharge.es\/index.php\/wp-json\/wp\/v2\/types\/post"}],"author":[{"embeddable":true,"href":"https:\/\/sindromecharge.es\/index.php\/wp-json\/wp\/v2\/users\/1"}],"replies":[{"embeddable":true,"href":"https:\/\/sindromecharge.es\/index.php\/wp-json\/wp\/v2\/comments?post=4092"}],"version-history":[{"count":0,"href":"https:\/\/sindromecharge.es\/index.php\/wp-json\/wp\/v2\/posts\/4092\/revisions"}],"wp:attachment":[{"href":"https:\/\/sindromecharge.es\/index.php\/wp-json\/wp\/v2\/media?parent=4092"}],"wp:term":[{"taxonomy":"category","embeddable":true,"href":"https:\/\/sindromecharge.es\/index.php\/wp-json\/wp\/v2\/categories?post=4092"},{"taxonomy":"post_tag","embeddable":true,"href":"https:\/\/sindromecharge.es\/index.php\/wp-json\/wp\/v2\/tags?post=4092"}],"curies":[{"name":"wp","href":"https:\/\/api.w.org\/{rel}","templated":true}]}}