{"id":4090,"date":"2018-11-15T07:10:13","date_gmt":"2018-11-15T07:10:13","guid":{"rendered":"https:\/\/sindromecharge.es\/index.php\/2018\/11\/15\/nos-unimos-a-los-pacientes-y-familias-en-el-dia-nacional-de-las-enfermedades-neuromusculares\/"},"modified":"2018-11-15T07:10:13","modified_gmt":"2018-11-15T07:10:13","slug":"nos-unimos-a-los-pacientes-y-familias-en-el-dia-nacional-de-las-enfermedades-neuromusculares","status":"publish","type":"post","link":"https:\/\/sindromecharge.es\/index.php\/2018\/11\/15\/nos-unimos-a-los-pacientes-y-familias-en-el-dia-nacional-de-las-enfermedades-neuromusculares\/","title":{"rendered":"Nos unimos a los pacientes y familias en el D\u00eda Nacional de las Enfermedades Neuromusculares"},"content":{"rendered":"<p>Leemos en FEDER la siguiente noticia que os reproducimos de forma \u00edntegra: <\/p>\n<p>&nbsp;<\/p>\n<p><span style=\"font-size: 11.97px;line-height: 1.3\">Cada 15 de noviembre se conmemora el D\u00eda Nacional de las Enfermedades Neuromusculares, un conjunto de m\u00e1s de 150 enfermedades neurol\u00f3gicas, de naturaleza progresiva, en su mayor\u00eda de origen gen\u00e9tico y cuya principal caracter\u00edstica es la p\u00e9rdida de fuerza muscular. Por esta raz\u00f3n, &nbsp;en FEDER queremos hacer p\u00fablica nuestra adhesi\u00f3n a la celebraci\u00f3n de este D\u00eda Nacional y a todos los pacientes que conviven con esta enfermedad y sus familias y de esta forma sumar m\u00e1s esfuerzos para mejorar su calidad de vida.<\/span><\/p>\n<p>Las enfermedades neuromusculares son de car\u00e1cter cr\u00f3nico que generan gran discapacidad, p\u00e9rdida de la autonom\u00eda personal y cargas psicosociales. Todav\u00eda no disponen de tratamientos efectivos, ni curaci\u00f3n. Su aparici\u00f3n puede producirse en cualquier etapa de la vida, pero m\u00e1s del 50% aparecen en la infancia. De acuerdo con la Federaci\u00f3n Espa\u00f1ola de Enfermedades Neuromusculares (ASEM) existen m\u00e1s de 60.000 de pacientes que conviven con una enfermedad neuromuscular en toda Espa\u00f1a.<\/p>\n<p>Las enfermedades neuromusculares afectan a la musculatura y al sistema nervioso, pudiendo estar afectados: la uni\u00f3n neuromuscular (donde se junta el nervio con el m\u00fasculo), el nervio perif\u00e9rico (en brazos, piernas, cuello y cara), la motoneurona espinal (c\u00e9lulas nerviosas que controlan la acci\u00f3n de los m\u00fasculos). Su aparici\u00f3n puede producirse en cualquier etapa de la vida, tanto en el nacimiento como en la adolescencia o en la edad adulta.<\/p>\n<p>La celebraci\u00f3n de este d\u00eda es una iniciativa impulsada por las familias y asociaciones que representan al movimiento y que tiene como objetivo principal difundir el conocimiento que se tiene sobre la enfermedad a trav\u00e9s de diferentes actividades informativas, divulgativas y de concienciaci\u00f3n.<\/p>\n<p>Precisamente, en este d\u00eda, la Federaci\u00f3n Espa\u00f1ola de Enfermedades Neuromusculares &#8211; Federaci\u00f3n ASEM invita, nuevamente, a que todas las personas participen activamente en la campa\u00f1a de concienciaci\u00f3n ciudadana #DELAMANO15N.<\/p>\n<p>Gracias a esta campa\u00f1a quienes lo deseen podr\u00e1n participar mediante el env\u00edo de fotograf\u00edas de personas cogidas \u00abde la mano\u00bb y subirlas a sus perfiles sociales, con la etiqueta o hashtag #DELAMANO15N, simbolizando la fuerza de la amistad y la solidaridad por encima de los prejuicios y barreras sociales. Adem\u00e1s se realizar\u00e1n actividades conmemorativas y Cadenas Humanas Solidarias en distintas ciudades.<\/p>\n<p>La campa\u00f1a solidaria auspiciada por Federaci\u00f3n ASEM y sus asociaciones es interactiva, se puede seguir y participar en ella a trav\u00e9s de las redes sociales con la etiqueta #DELAMANO15N o mediante la web www.enfermedadesneuromusculares.org.<\/p>\n<p>De igual forma, con motivo de este D\u00eda se realizar\u00e1 la presentaci\u00f3n del Libro \u00abDieta en enfermedades Neuromusculares. Preguntas, respuestas y platos del mundo\u00bb en la sede del Ministerio de Sanidad, Consumo y Bienestar Social (Madrid) a partir de las 12:00 h.<\/p>\n<p>Estas actividades est\u00e1n dirigidas a la sociedad y buscan dar a conocer los desaf\u00edos y victorias que d\u00eda a d\u00eda enfrentan las personas que conviven con esta enfermedad y sus familias as\u00ed como promover la investigaci\u00f3n como respuesta a la necesidad de prevenci\u00f3n, detecci\u00f3n y diagn\u00f3stico precoz.<\/p>\n<p>En este d\u00eda, queremos reconocer el trabajo que varias Asociaciones realizan en pro de las personas que conviven con esta situaci\u00f3n gen\u00e9tica a trav\u00e9s de la b\u00fasqueda de respuestas, su ayuda desinteresada tanto al paciente como a sus familias y el impulso que brinda a la investigaci\u00f3n no solo de esta patolog\u00eda sino de todas las enfermedades raras.<\/p>\n<p>En concreto quiere resaltar el trabajo que realiza la Asociaci\u00f3n de Enfermedades Neuromusculares de Andaluc\u00eda (ASENSE-A), la de Canarias (ASENECAN), la de C\u00f3rdoba (ASENCO), la de Bizkaia (BENE), la de Madrid (ASEM MADRID), la de Castilla La Macha (ASEM- CLM) y la de Catalu\u00f1a (ASEM CATALUNYA), la Fundaci\u00f3n Ana Carolina D\u00edez Mahou y la Federaci\u00f3n ASEM de enfermedades neuromusculares.<\/p>\n<p>&nbsp;<\/p>\n<p>Fuente: FEDER <a href=\"https:\/\/enfermedades-raras.org\/index.php\/actualidad\/noticias-eventos\/2-feder\/11418-nos-unimos-a-los-pacientes-y-familias-en-el-d%C3%ADa-nacional-de-las-enfermedades-neuromusculares\" target=\"_blank\">Nos unimos a los pacientes y familias en el D\u00eda Nacional de las Enfermedades Neuromusculares<\/a><\/p>\n","protected":false},"excerpt":{"rendered":"<p>Leemos en FEDER la siguiente noticia que os reproducimos de forma \u00edntegra: &nbsp; Cada 15 de noviembre se conmemora el D\u00eda Nacional de las Enfermedades Neuromusculares, un conjunto de m\u00e1s de 150 enfermedades neurol\u00f3gicas, de naturaleza progresiva, en su mayor\u00eda de origen gen\u00e9tico y cuya principal caracter\u00edstica es la p\u00e9rdida de fuerza muscular. Por esta [&hellip;]<\/p>\n","protected":false},"author":1,"featured_media":0,"comment_status":"open","ping_status":"closed","sticky":false,"template":"","format":"standard","meta":{"footnotes":""},"categories":[8],"tags":[36],"class_list":["post-4090","post","type-post","status-publish","format-standard","hentry","category-noticias","tag-enfermedades-raras"],"yoast_head":"<!-- This site is optimized with the Yoast SEO plugin v27.4 - https:\/\/yoast.com\/product\/yoast-seo-wordpress\/ -->\n<title>Nos unimos a los pacientes y familias en el D\u00eda Nacional de las Enfermedades Neuromusculares - Asociaci\u00f3n Espa\u00f1ola S\u00edndrome de Charge<\/title>\n<meta name=\"robots\" content=\"index, follow, max-snippet:-1, max-image-preview:large, max-video-preview:-1\" \/>\n<link rel=\"canonical\" href=\"https:\/\/sindromecharge.es\/index.php\/2018\/11\/15\/nos-unimos-a-los-pacientes-y-familias-en-el-dia-nacional-de-las-enfermedades-neuromusculares\/\" \/>\n<meta property=\"og:locale\" content=\"es_ES\" \/>\n<meta property=\"og:type\" content=\"article\" \/>\n<meta property=\"og:title\" content=\"Nos unimos a los pacientes y familias en el D\u00eda Nacional de las Enfermedades Neuromusculares - Asociaci\u00f3n Espa\u00f1ola S\u00edndrome de Charge\" \/>\n<meta property=\"og:description\" content=\"Leemos en FEDER la siguiente noticia que os reproducimos de forma \u00edntegra: &nbsp; Cada 15 de noviembre se conmemora el D\u00eda Nacional de las Enfermedades Neuromusculares, un conjunto de m\u00e1s de 150 enfermedades neurol\u00f3gicas, de naturaleza progresiva, en su mayor\u00eda de origen gen\u00e9tico y cuya principal caracter\u00edstica es la p\u00e9rdida de fuerza muscular. Por esta [&hellip;]\" \/>\n<meta property=\"og:url\" content=\"https:\/\/sindromecharge.es\/index.php\/2018\/11\/15\/nos-unimos-a-los-pacientes-y-familias-en-el-dia-nacional-de-las-enfermedades-neuromusculares\/\" \/>\n<meta property=\"og:site_name\" content=\"Asociaci\u00f3n Espa\u00f1ola S\u00edndrome de Charge\" \/>\n<meta property=\"article:publisher\" content=\"https:\/\/www.facebook.com\/asociacionsindromecharge\" \/>\n<meta property=\"article:published_time\" content=\"2018-11-15T07:10:13+00:00\" \/>\n<meta property=\"og:image\" content=\"https:\/\/sindromecharge.es\/wp-content\/uploads\/2013\/09\/logodecharge300x98.png\" \/>\n\t<meta property=\"og:image:width\" content=\"300\" \/>\n\t<meta property=\"og:image:height\" content=\"98\" \/>\n\t<meta property=\"og:image:type\" content=\"image\/png\" \/>\n<meta name=\"author\" content=\"Charge\" \/>\n<meta name=\"twitter:card\" content=\"summary_large_image\" \/>\n<meta name=\"twitter:creator\" content=\"@sindromecharge\" \/>\n<meta name=\"twitter:site\" content=\"@sindromecharge\" \/>\n<meta name=\"twitter:label1\" content=\"Escrito por\" \/>\n\t<meta name=\"twitter:data1\" content=\"Charge\" \/>\n\t<meta name=\"twitter:label2\" content=\"Tiempo de lectura\" \/>\n\t<meta name=\"twitter:data2\" content=\"4 minutos\" \/>\n<script type=\"application\/ld+json\" class=\"yoast-schema-graph\">{\"@context\":\"https:\\\/\\\/schema.org\",\"@graph\":[{\"@type\":\"Article\",\"@id\":\"https:\\\/\\\/sindromecharge.es\\\/index.php\\\/2018\\\/11\\\/15\\\/nos-unimos-a-los-pacientes-y-familias-en-el-dia-nacional-de-las-enfermedades-neuromusculares\\\/#article\",\"isPartOf\":{\"@id\":\"https:\\\/\\\/sindromecharge.es\\\/index.php\\\/2018\\\/11\\\/15\\\/nos-unimos-a-los-pacientes-y-familias-en-el-dia-nacional-de-las-enfermedades-neuromusculares\\\/\"},\"author\":{\"name\":\"Charge\",\"@id\":\"https:\\\/\\\/sindromecharge.es\\\/#\\\/schema\\\/person\\\/39a60ebe0a2b4d5a11179701e336b039\"},\"headline\":\"Nos unimos a los pacientes y familias en el D\u00eda Nacional de las Enfermedades Neuromusculares\",\"datePublished\":\"2018-11-15T07:10:13+00:00\",\"mainEntityOfPage\":{\"@id\":\"https:\\\/\\\/sindromecharge.es\\\/index.php\\\/2018\\\/11\\\/15\\\/nos-unimos-a-los-pacientes-y-familias-en-el-dia-nacional-de-las-enfermedades-neuromusculares\\\/\"},\"wordCount\":719,\"commentCount\":0,\"keywords\":[\"enfermedades raras\"],\"articleSection\":[\"noticias\"],\"inLanguage\":\"es\",\"potentialAction\":[{\"@type\":\"CommentAction\",\"name\":\"Comment\",\"target\":[\"https:\\\/\\\/sindromecharge.es\\\/index.php\\\/2018\\\/11\\\/15\\\/nos-unimos-a-los-pacientes-y-familias-en-el-dia-nacional-de-las-enfermedades-neuromusculares\\\/#respond\"]}]},{\"@type\":\"WebPage\",\"@id\":\"https:\\\/\\\/sindromecharge.es\\\/index.php\\\/2018\\\/11\\\/15\\\/nos-unimos-a-los-pacientes-y-familias-en-el-dia-nacional-de-las-enfermedades-neuromusculares\\\/\",\"url\":\"https:\\\/\\\/sindromecharge.es\\\/index.php\\\/2018\\\/11\\\/15\\\/nos-unimos-a-los-pacientes-y-familias-en-el-dia-nacional-de-las-enfermedades-neuromusculares\\\/\",\"name\":\"Nos unimos a los pacientes y familias en el D\u00eda Nacional de las Enfermedades Neuromusculares - Asociaci\u00f3n Espa\u00f1ola S\u00edndrome de Charge\",\"isPartOf\":{\"@id\":\"https:\\\/\\\/sindromecharge.es\\\/#website\"},\"datePublished\":\"2018-11-15T07:10:13+00:00\",\"author\":{\"@id\":\"https:\\\/\\\/sindromecharge.es\\\/#\\\/schema\\\/person\\\/39a60ebe0a2b4d5a11179701e336b039\"},\"breadcrumb\":{\"@id\":\"https:\\\/\\\/sindromecharge.es\\\/index.php\\\/2018\\\/11\\\/15\\\/nos-unimos-a-los-pacientes-y-familias-en-el-dia-nacional-de-las-enfermedades-neuromusculares\\\/#breadcrumb\"},\"inLanguage\":\"es\",\"potentialAction\":[{\"@type\":\"ReadAction\",\"target\":[\"https:\\\/\\\/sindromecharge.es\\\/index.php\\\/2018\\\/11\\\/15\\\/nos-unimos-a-los-pacientes-y-familias-en-el-dia-nacional-de-las-enfermedades-neuromusculares\\\/\"]}]},{\"@type\":\"BreadcrumbList\",\"@id\":\"https:\\\/\\\/sindromecharge.es\\\/index.php\\\/2018\\\/11\\\/15\\\/nos-unimos-a-los-pacientes-y-familias-en-el-dia-nacional-de-las-enfermedades-neuromusculares\\\/#breadcrumb\",\"itemListElement\":[{\"@type\":\"ListItem\",\"position\":1,\"name\":\"Portada\",\"item\":\"https:\\\/\\\/sindromecharge.es\\\/\"},{\"@type\":\"ListItem\",\"position\":2,\"name\":\"Nos unimos a los pacientes y familias en el D\u00eda Nacional de las Enfermedades Neuromusculares\"}]},{\"@type\":\"WebSite\",\"@id\":\"https:\\\/\\\/sindromecharge.es\\\/#website\",\"url\":\"https:\\\/\\\/sindromecharge.es\\\/\",\"name\":\"Asociaci\u00f3n Espa\u00f1ola S\u00edndrome de Charge\",\"description\":\"\",\"potentialAction\":[{\"@type\":\"SearchAction\",\"target\":{\"@type\":\"EntryPoint\",\"urlTemplate\":\"https:\\\/\\\/sindromecharge.es\\\/?s={search_term_string}\"},\"query-input\":{\"@type\":\"PropertyValueSpecification\",\"valueRequired\":true,\"valueName\":\"search_term_string\"}}],\"inLanguage\":\"es\"},{\"@type\":\"Person\",\"@id\":\"https:\\\/\\\/sindromecharge.es\\\/#\\\/schema\\\/person\\\/39a60ebe0a2b4d5a11179701e336b039\",\"name\":\"Charge\",\"image\":{\"@type\":\"ImageObject\",\"inLanguage\":\"es\",\"@id\":\"https:\\\/\\\/secure.gravatar.com\\\/avatar\\\/c3b46e32a0fc3b093a0873fb767bf3293de856293065e84ef06b7ec7a8acfb98?s=96&d=identicon&r=x\",\"url\":\"https:\\\/\\\/secure.gravatar.com\\\/avatar\\\/c3b46e32a0fc3b093a0873fb767bf3293de856293065e84ef06b7ec7a8acfb98?s=96&d=identicon&r=x\",\"contentUrl\":\"https:\\\/\\\/secure.gravatar.com\\\/avatar\\\/c3b46e32a0fc3b093a0873fb767bf3293de856293065e84ef06b7ec7a8acfb98?s=96&d=identicon&r=x\",\"caption\":\"Charge\"},\"url\":\"https:\\\/\\\/sindromecharge.es\\\/index.php\\\/author\\\/admin\\\/\"}]}<\/script>\n<!-- \/ Yoast SEO plugin. -->","yoast_head_json":{"title":"Nos unimos a los pacientes y familias en el D\u00eda Nacional de las Enfermedades Neuromusculares - Asociaci\u00f3n Espa\u00f1ola S\u00edndrome de Charge","robots":{"index":"index","follow":"follow","max-snippet":"max-snippet:-1","max-image-preview":"max-image-preview:large","max-video-preview":"max-video-preview:-1"},"canonical":"https:\/\/sindromecharge.es\/index.php\/2018\/11\/15\/nos-unimos-a-los-pacientes-y-familias-en-el-dia-nacional-de-las-enfermedades-neuromusculares\/","og_locale":"es_ES","og_type":"article","og_title":"Nos unimos a los pacientes y familias en el D\u00eda Nacional de las Enfermedades Neuromusculares - Asociaci\u00f3n Espa\u00f1ola S\u00edndrome de Charge","og_description":"Leemos en FEDER la siguiente noticia que os reproducimos de forma \u00edntegra: &nbsp; Cada 15 de noviembre se conmemora el D\u00eda Nacional de las Enfermedades Neuromusculares, un conjunto de m\u00e1s de 150 enfermedades neurol\u00f3gicas, de naturaleza progresiva, en su mayor\u00eda de origen gen\u00e9tico y cuya principal caracter\u00edstica es la p\u00e9rdida de fuerza muscular. Por esta [&hellip;]","og_url":"https:\/\/sindromecharge.es\/index.php\/2018\/11\/15\/nos-unimos-a-los-pacientes-y-familias-en-el-dia-nacional-de-las-enfermedades-neuromusculares\/","og_site_name":"Asociaci\u00f3n Espa\u00f1ola S\u00edndrome de Charge","article_publisher":"https:\/\/www.facebook.com\/asociacionsindromecharge","article_published_time":"2018-11-15T07:10:13+00:00","og_image":[{"width":300,"height":98,"url":"https:\/\/sindromecharge.es\/wp-content\/uploads\/2013\/09\/logodecharge300x98.png","type":"image\/png"}],"author":"Charge","twitter_card":"summary_large_image","twitter_creator":"@sindromecharge","twitter_site":"@sindromecharge","twitter_misc":{"Escrito por":"Charge","Tiempo de lectura":"4 minutos"},"schema":{"@context":"https:\/\/schema.org","@graph":[{"@type":"Article","@id":"https:\/\/sindromecharge.es\/index.php\/2018\/11\/15\/nos-unimos-a-los-pacientes-y-familias-en-el-dia-nacional-de-las-enfermedades-neuromusculares\/#article","isPartOf":{"@id":"https:\/\/sindromecharge.es\/index.php\/2018\/11\/15\/nos-unimos-a-los-pacientes-y-familias-en-el-dia-nacional-de-las-enfermedades-neuromusculares\/"},"author":{"name":"Charge","@id":"https:\/\/sindromecharge.es\/#\/schema\/person\/39a60ebe0a2b4d5a11179701e336b039"},"headline":"Nos unimos a los pacientes y familias en el D\u00eda Nacional de las Enfermedades Neuromusculares","datePublished":"2018-11-15T07:10:13+00:00","mainEntityOfPage":{"@id":"https:\/\/sindromecharge.es\/index.php\/2018\/11\/15\/nos-unimos-a-los-pacientes-y-familias-en-el-dia-nacional-de-las-enfermedades-neuromusculares\/"},"wordCount":719,"commentCount":0,"keywords":["enfermedades raras"],"articleSection":["noticias"],"inLanguage":"es","potentialAction":[{"@type":"CommentAction","name":"Comment","target":["https:\/\/sindromecharge.es\/index.php\/2018\/11\/15\/nos-unimos-a-los-pacientes-y-familias-en-el-dia-nacional-de-las-enfermedades-neuromusculares\/#respond"]}]},{"@type":"WebPage","@id":"https:\/\/sindromecharge.es\/index.php\/2018\/11\/15\/nos-unimos-a-los-pacientes-y-familias-en-el-dia-nacional-de-las-enfermedades-neuromusculares\/","url":"https:\/\/sindromecharge.es\/index.php\/2018\/11\/15\/nos-unimos-a-los-pacientes-y-familias-en-el-dia-nacional-de-las-enfermedades-neuromusculares\/","name":"Nos unimos a los pacientes y familias en el D\u00eda Nacional de las Enfermedades Neuromusculares - Asociaci\u00f3n Espa\u00f1ola S\u00edndrome de Charge","isPartOf":{"@id":"https:\/\/sindromecharge.es\/#website"},"datePublished":"2018-11-15T07:10:13+00:00","author":{"@id":"https:\/\/sindromecharge.es\/#\/schema\/person\/39a60ebe0a2b4d5a11179701e336b039"},"breadcrumb":{"@id":"https:\/\/sindromecharge.es\/index.php\/2018\/11\/15\/nos-unimos-a-los-pacientes-y-familias-en-el-dia-nacional-de-las-enfermedades-neuromusculares\/#breadcrumb"},"inLanguage":"es","potentialAction":[{"@type":"ReadAction","target":["https:\/\/sindromecharge.es\/index.php\/2018\/11\/15\/nos-unimos-a-los-pacientes-y-familias-en-el-dia-nacional-de-las-enfermedades-neuromusculares\/"]}]},{"@type":"BreadcrumbList","@id":"https:\/\/sindromecharge.es\/index.php\/2018\/11\/15\/nos-unimos-a-los-pacientes-y-familias-en-el-dia-nacional-de-las-enfermedades-neuromusculares\/#breadcrumb","itemListElement":[{"@type":"ListItem","position":1,"name":"Portada","item":"https:\/\/sindromecharge.es\/"},{"@type":"ListItem","position":2,"name":"Nos unimos a los pacientes y familias en el D\u00eda Nacional de las Enfermedades Neuromusculares"}]},{"@type":"WebSite","@id":"https:\/\/sindromecharge.es\/#website","url":"https:\/\/sindromecharge.es\/","name":"Asociaci\u00f3n Espa\u00f1ola S\u00edndrome de Charge","description":"","potentialAction":[{"@type":"SearchAction","target":{"@type":"EntryPoint","urlTemplate":"https:\/\/sindromecharge.es\/?s={search_term_string}"},"query-input":{"@type":"PropertyValueSpecification","valueRequired":true,"valueName":"search_term_string"}}],"inLanguage":"es"},{"@type":"Person","@id":"https:\/\/sindromecharge.es\/#\/schema\/person\/39a60ebe0a2b4d5a11179701e336b039","name":"Charge","image":{"@type":"ImageObject","inLanguage":"es","@id":"https:\/\/secure.gravatar.com\/avatar\/c3b46e32a0fc3b093a0873fb767bf3293de856293065e84ef06b7ec7a8acfb98?s=96&d=identicon&r=x","url":"https:\/\/secure.gravatar.com\/avatar\/c3b46e32a0fc3b093a0873fb767bf3293de856293065e84ef06b7ec7a8acfb98?s=96&d=identicon&r=x","contentUrl":"https:\/\/secure.gravatar.com\/avatar\/c3b46e32a0fc3b093a0873fb767bf3293de856293065e84ef06b7ec7a8acfb98?s=96&d=identicon&r=x","caption":"Charge"},"url":"https:\/\/sindromecharge.es\/index.php\/author\/admin\/"}]}},"_links":{"self":[{"href":"https:\/\/sindromecharge.es\/index.php\/wp-json\/wp\/v2\/posts\/4090","targetHints":{"allow":["GET"]}}],"collection":[{"href":"https:\/\/sindromecharge.es\/index.php\/wp-json\/wp\/v2\/posts"}],"about":[{"href":"https:\/\/sindromecharge.es\/index.php\/wp-json\/wp\/v2\/types\/post"}],"author":[{"embeddable":true,"href":"https:\/\/sindromecharge.es\/index.php\/wp-json\/wp\/v2\/users\/1"}],"replies":[{"embeddable":true,"href":"https:\/\/sindromecharge.es\/index.php\/wp-json\/wp\/v2\/comments?post=4090"}],"version-history":[{"count":0,"href":"https:\/\/sindromecharge.es\/index.php\/wp-json\/wp\/v2\/posts\/4090\/revisions"}],"wp:attachment":[{"href":"https:\/\/sindromecharge.es\/index.php\/wp-json\/wp\/v2\/media?parent=4090"}],"wp:term":[{"taxonomy":"category","embeddable":true,"href":"https:\/\/sindromecharge.es\/index.php\/wp-json\/wp\/v2\/categories?post=4090"},{"taxonomy":"post_tag","embeddable":true,"href":"https:\/\/sindromecharge.es\/index.php\/wp-json\/wp\/v2\/tags?post=4090"}],"curies":[{"name":"wp","href":"https:\/\/api.w.org\/{rel}","templated":true}]}}