{"id":4089,"date":"2018-11-14T09:03:59","date_gmt":"2018-11-14T09:03:59","guid":{"rendered":"https:\/\/sindromecharge.es\/index.php\/2018\/11\/14\/instamos-a-las-cc-aa-a-representar-a-las-personas-er-y-sin-diagnostico-el-interterritorial\/"},"modified":"2018-11-14T09:03:59","modified_gmt":"2018-11-14T09:03:59","slug":"instamos-a-las-cc-aa-a-representar-a-las-personas-er-y-sin-diagnostico-el-interterritorial","status":"publish","type":"post","link":"https:\/\/sindromecharge.es\/index.php\/2018\/11\/14\/instamos-a-las-cc-aa-a-representar-a-las-personas-er-y-sin-diagnostico-el-interterritorial\/","title":{"rendered":"Instamos a las CC.AA a representar a las personas ER y sin diagn\u00f3stico el Interterritorial"},"content":{"rendered":"<p>Leemos en FEDER la siguiente noticia que os reproducimos de forma \u00edntegra: <\/p>\n<p><b>Nota de Prensa<\/b>: La Federaci\u00f3n Espa\u00f1ola de Enfermedades Raras (FEDER) ha instado a las Consejer\u00edas de Sanidad de las autonom\u00edas a presentar las necesidades del colectivo y de quienes conviven sin diagn\u00f3stico en el Consejo Interterritorial del Sistema Nacional de Salud (SNS) que el nuevo gobierno celebra por primera vez este jueves.<\/p>\n<p>En este marco se debatir\u00e1n un total de 25 puntos, muchos de ellos vinculados al abordaje de las enfermedades poco frecuentes. Aprovechando el debate sobre la distribuci\u00f3n de fondos a las Comunidades Aut\u00f3nomas para estrategias en enfermedades raras, FEDER ha trasladado su preocupaci\u00f3n sobre la incorporaci\u00f3n o no de una partida espec\u00edfica para dar continuidad al Plan de Diagn\u00f3stico Gen\u00e9tico en Enfermedades Raras.<\/p>\n<p>Adem\u00e1s, en este mismo \u00e1mbito, la organizaci\u00f3n recuerda la necesidad de dotar de recursos los planes auton\u00f3micos para el abordaje integral de estas patolog\u00edas puestos en marcha en algunas comunidades as\u00ed como impulsar estrategias en aquellas autonom\u00edas que no cuentan con \u00e9l.<\/p>\n<p>La coordinaci\u00f3n ser\u00e1 uno de los temas clave: se abordar\u00e1n dos puntos relativos a la designaci\u00f3n de nuevos Centros, Servicios y Unidades de Referencia (CSUR) y su participaci\u00f3n en las Redes Europeas de Referencia (ERNs). En este sentido, la organizaci\u00f3n espa\u00f1ola subraya la necesidad de que sean las Consejer\u00edas las que impulsen la aprobaci\u00f3n de nuevos CSUR as\u00ed como su coordinaci\u00f3n con otros centros de experiencia europeos a trav\u00e9s de las ERNs, ya que Espa\u00f1a actualmente est\u00e1 presente en 17 de las 24 redes creadas en 2017.<\/p>\n<h3>El papel de los pacientes en el acceso a tratamiento<\/h3>\n<p>Aunque de forma no vinculante, el orden del d\u00eda tambi\u00e9n debatir\u00e1 sobre algunos aspectos relacionados con el acceso a tratamiento. En este sentido, FEDER recuerda el compromiso del Ministerio de integrar la perspectiva de los pacientes en el grupo de trabajo sobre medicamentos de alto impacto como ocurre con los hu\u00e9rfanos, aquellos destinados al abordaje de estas patolog\u00edas.<\/p>\n<p>De forma paralela, la organizaci\u00f3n insta a que estos tratamientos sean incluidos en la iniciativa de compras centralizadas en el marco del SNS de forma que se facilite el acceso a este tipo de medicamentos.<\/p>\n<h3>Actualizar la cartera b\u00e1sica del SNS<\/h3>\n<p>Por otro lado, la Federaci\u00f3n busca trasladar en este marco las necesidades del colectivo aprovechando el debate sobre la actualizaci\u00f3n de la cartera de servicios comunes del SNS. En este punto, ha trasladado las prioridades de su tejido asociativo a trav\u00e9s de la incorporaci\u00f3n de prestaciones para Displasias Ectod\u00e9rmicas, enfermedades creaneofaciales, ictiosis o s\u00edndromes como el de Sj\u00f6gren.<\/p>\n<p>Todo ello, apostando tambi\u00e9n por la incorporaci\u00f3n de servicios de rehabilitaci\u00f3n como fisioterapia y logopedia m\u00e1s all\u00e1 de los 6 a\u00f1os, seg\u00fan contempla Atenci\u00f3n Temprana, para todas aquellas personas que conviven con una enfermedad neurodegenerativa.<\/p>\n<p style=\"text-align: right\">\u00daltima actualizaci\u00f3n: 14\/11\/2018.<\/p>\n<p>Fuente: FEDER <a href=\"https:\/\/enfermedades-raras.org\/index.php\/actualidad\/noticias-eventos\/2-feder\/11415-instamos-a-las-consejer%C3%ADas-a-presentar-las-necesidades-de-las-personas-con-enfermedades-raras-y-sin-diagn%C3%B3stico-en-el-interterritorial\" target=\"_blank\">Instamos a las CC.AA a representar a las personas ER y sin diagn\u00f3stico el Interterritorial<\/a><\/p>\n","protected":false},"excerpt":{"rendered":"<p>Leemos en FEDER la siguiente noticia que os reproducimos de forma \u00edntegra: Nota de Prensa: La Federaci\u00f3n Espa\u00f1ola de Enfermedades Raras (FEDER) ha instado a las Consejer\u00edas de Sanidad de las autonom\u00edas a presentar las necesidades del colectivo y de quienes conviven sin diagn\u00f3stico en el Consejo Interterritorial del Sistema Nacional de Salud (SNS) que [&hellip;]<\/p>\n","protected":false},"author":1,"featured_media":0,"comment_status":"open","ping_status":"closed","sticky":false,"template":"","format":"standard","meta":{"footnotes":""},"categories":[8],"tags":[36],"class_list":["post-4089","post","type-post","status-publish","format-standard","hentry","category-noticias","tag-enfermedades-raras"],"yoast_head":"<!-- This site is optimized with the Yoast SEO plugin v27.4 - https:\/\/yoast.com\/product\/yoast-seo-wordpress\/ -->\n<title>Instamos a las CC.AA a representar a las personas ER y sin diagn\u00f3stico el Interterritorial - Asociaci\u00f3n Espa\u00f1ola S\u00edndrome de Charge<\/title>\n<meta name=\"robots\" content=\"index, follow, max-snippet:-1, max-image-preview:large, max-video-preview:-1\" \/>\n<link rel=\"canonical\" href=\"https:\/\/sindromecharge.es\/index.php\/2018\/11\/14\/instamos-a-las-cc-aa-a-representar-a-las-personas-er-y-sin-diagnostico-el-interterritorial\/\" \/>\n<meta property=\"og:locale\" content=\"es_ES\" \/>\n<meta property=\"og:type\" content=\"article\" \/>\n<meta property=\"og:title\" content=\"Instamos a las CC.AA a representar a las personas ER y sin diagn\u00f3stico el Interterritorial - Asociaci\u00f3n Espa\u00f1ola S\u00edndrome de Charge\" \/>\n<meta property=\"og:description\" content=\"Leemos en FEDER la siguiente noticia que os reproducimos de forma \u00edntegra: Nota de Prensa: La Federaci\u00f3n Espa\u00f1ola de Enfermedades Raras (FEDER) ha instado a las Consejer\u00edas de Sanidad de las autonom\u00edas a presentar las necesidades del colectivo y de quienes conviven sin diagn\u00f3stico en el Consejo Interterritorial del Sistema Nacional de Salud (SNS) que [&hellip;]\" \/>\n<meta property=\"og:url\" content=\"https:\/\/sindromecharge.es\/index.php\/2018\/11\/14\/instamos-a-las-cc-aa-a-representar-a-las-personas-er-y-sin-diagnostico-el-interterritorial\/\" \/>\n<meta property=\"og:site_name\" content=\"Asociaci\u00f3n Espa\u00f1ola S\u00edndrome de Charge\" \/>\n<meta property=\"article:publisher\" content=\"https:\/\/www.facebook.com\/asociacionsindromecharge\" \/>\n<meta property=\"article:published_time\" content=\"2018-11-14T09:03:59+00:00\" \/>\n<meta property=\"og:image\" content=\"https:\/\/sindromecharge.es\/wp-content\/uploads\/2013\/09\/logodecharge300x98.png\" \/>\n\t<meta property=\"og:image:width\" content=\"300\" \/>\n\t<meta property=\"og:image:height\" content=\"98\" \/>\n\t<meta property=\"og:image:type\" content=\"image\/png\" \/>\n<meta name=\"author\" content=\"Charge\" \/>\n<meta name=\"twitter:card\" content=\"summary_large_image\" \/>\n<meta name=\"twitter:creator\" content=\"@sindromecharge\" \/>\n<meta name=\"twitter:site\" content=\"@sindromecharge\" \/>\n<meta name=\"twitter:label1\" content=\"Escrito por\" \/>\n\t<meta name=\"twitter:data1\" content=\"Charge\" \/>\n\t<meta name=\"twitter:label2\" content=\"Tiempo de lectura\" \/>\n\t<meta name=\"twitter:data2\" content=\"3 minutos\" \/>\n<script type=\"application\/ld+json\" class=\"yoast-schema-graph\">{\"@context\":\"https:\\\/\\\/schema.org\",\"@graph\":[{\"@type\":\"Article\",\"@id\":\"https:\\\/\\\/sindromecharge.es\\\/index.php\\\/2018\\\/11\\\/14\\\/instamos-a-las-cc-aa-a-representar-a-las-personas-er-y-sin-diagnostico-el-interterritorial\\\/#article\",\"isPartOf\":{\"@id\":\"https:\\\/\\\/sindromecharge.es\\\/index.php\\\/2018\\\/11\\\/14\\\/instamos-a-las-cc-aa-a-representar-a-las-personas-er-y-sin-diagnostico-el-interterritorial\\\/\"},\"author\":{\"name\":\"Charge\",\"@id\":\"https:\\\/\\\/sindromecharge.es\\\/#\\\/schema\\\/person\\\/39a60ebe0a2b4d5a11179701e336b039\"},\"headline\":\"Instamos a las CC.AA a representar a las personas ER y sin diagn\u00f3stico el Interterritorial\",\"datePublished\":\"2018-11-14T09:03:59+00:00\",\"mainEntityOfPage\":{\"@id\":\"https:\\\/\\\/sindromecharge.es\\\/index.php\\\/2018\\\/11\\\/14\\\/instamos-a-las-cc-aa-a-representar-a-las-personas-er-y-sin-diagnostico-el-interterritorial\\\/\"},\"wordCount\":541,\"commentCount\":0,\"keywords\":[\"enfermedades raras\"],\"articleSection\":[\"noticias\"],\"inLanguage\":\"es\",\"potentialAction\":[{\"@type\":\"CommentAction\",\"name\":\"Comment\",\"target\":[\"https:\\\/\\\/sindromecharge.es\\\/index.php\\\/2018\\\/11\\\/14\\\/instamos-a-las-cc-aa-a-representar-a-las-personas-er-y-sin-diagnostico-el-interterritorial\\\/#respond\"]}]},{\"@type\":\"WebPage\",\"@id\":\"https:\\\/\\\/sindromecharge.es\\\/index.php\\\/2018\\\/11\\\/14\\\/instamos-a-las-cc-aa-a-representar-a-las-personas-er-y-sin-diagnostico-el-interterritorial\\\/\",\"url\":\"https:\\\/\\\/sindromecharge.es\\\/index.php\\\/2018\\\/11\\\/14\\\/instamos-a-las-cc-aa-a-representar-a-las-personas-er-y-sin-diagnostico-el-interterritorial\\\/\",\"name\":\"Instamos a las CC.AA a representar a las personas ER y sin diagn\u00f3stico el Interterritorial - Asociaci\u00f3n Espa\u00f1ola S\u00edndrome de Charge\",\"isPartOf\":{\"@id\":\"https:\\\/\\\/sindromecharge.es\\\/#website\"},\"datePublished\":\"2018-11-14T09:03:59+00:00\",\"author\":{\"@id\":\"https:\\\/\\\/sindromecharge.es\\\/#\\\/schema\\\/person\\\/39a60ebe0a2b4d5a11179701e336b039\"},\"breadcrumb\":{\"@id\":\"https:\\\/\\\/sindromecharge.es\\\/index.php\\\/2018\\\/11\\\/14\\\/instamos-a-las-cc-aa-a-representar-a-las-personas-er-y-sin-diagnostico-el-interterritorial\\\/#breadcrumb\"},\"inLanguage\":\"es\",\"potentialAction\":[{\"@type\":\"ReadAction\",\"target\":[\"https:\\\/\\\/sindromecharge.es\\\/index.php\\\/2018\\\/11\\\/14\\\/instamos-a-las-cc-aa-a-representar-a-las-personas-er-y-sin-diagnostico-el-interterritorial\\\/\"]}]},{\"@type\":\"BreadcrumbList\",\"@id\":\"https:\\\/\\\/sindromecharge.es\\\/index.php\\\/2018\\\/11\\\/14\\\/instamos-a-las-cc-aa-a-representar-a-las-personas-er-y-sin-diagnostico-el-interterritorial\\\/#breadcrumb\",\"itemListElement\":[{\"@type\":\"ListItem\",\"position\":1,\"name\":\"Portada\",\"item\":\"https:\\\/\\\/sindromecharge.es\\\/\"},{\"@type\":\"ListItem\",\"position\":2,\"name\":\"Instamos a las CC.AA a representar a las personas ER y sin diagn\u00f3stico el Interterritorial\"}]},{\"@type\":\"WebSite\",\"@id\":\"https:\\\/\\\/sindromecharge.es\\\/#website\",\"url\":\"https:\\\/\\\/sindromecharge.es\\\/\",\"name\":\"Asociaci\u00f3n Espa\u00f1ola S\u00edndrome de Charge\",\"description\":\"\",\"potentialAction\":[{\"@type\":\"SearchAction\",\"target\":{\"@type\":\"EntryPoint\",\"urlTemplate\":\"https:\\\/\\\/sindromecharge.es\\\/?s={search_term_string}\"},\"query-input\":{\"@type\":\"PropertyValueSpecification\",\"valueRequired\":true,\"valueName\":\"search_term_string\"}}],\"inLanguage\":\"es\"},{\"@type\":\"Person\",\"@id\":\"https:\\\/\\\/sindromecharge.es\\\/#\\\/schema\\\/person\\\/39a60ebe0a2b4d5a11179701e336b039\",\"name\":\"Charge\",\"image\":{\"@type\":\"ImageObject\",\"inLanguage\":\"es\",\"@id\":\"https:\\\/\\\/secure.gravatar.com\\\/avatar\\\/c3b46e32a0fc3b093a0873fb767bf3293de856293065e84ef06b7ec7a8acfb98?s=96&d=identicon&r=x\",\"url\":\"https:\\\/\\\/secure.gravatar.com\\\/avatar\\\/c3b46e32a0fc3b093a0873fb767bf3293de856293065e84ef06b7ec7a8acfb98?s=96&d=identicon&r=x\",\"contentUrl\":\"https:\\\/\\\/secure.gravatar.com\\\/avatar\\\/c3b46e32a0fc3b093a0873fb767bf3293de856293065e84ef06b7ec7a8acfb98?s=96&d=identicon&r=x\",\"caption\":\"Charge\"},\"url\":\"https:\\\/\\\/sindromecharge.es\\\/index.php\\\/author\\\/admin\\\/\"}]}<\/script>\n<!-- \/ Yoast SEO plugin. -->","yoast_head_json":{"title":"Instamos a las CC.AA a representar a las personas ER y sin diagn\u00f3stico el Interterritorial - Asociaci\u00f3n Espa\u00f1ola S\u00edndrome de Charge","robots":{"index":"index","follow":"follow","max-snippet":"max-snippet:-1","max-image-preview":"max-image-preview:large","max-video-preview":"max-video-preview:-1"},"canonical":"https:\/\/sindromecharge.es\/index.php\/2018\/11\/14\/instamos-a-las-cc-aa-a-representar-a-las-personas-er-y-sin-diagnostico-el-interterritorial\/","og_locale":"es_ES","og_type":"article","og_title":"Instamos a las CC.AA a representar a las personas ER y sin diagn\u00f3stico el Interterritorial - Asociaci\u00f3n Espa\u00f1ola S\u00edndrome de Charge","og_description":"Leemos en FEDER la siguiente noticia que os reproducimos de forma \u00edntegra: Nota de Prensa: La Federaci\u00f3n Espa\u00f1ola de Enfermedades Raras (FEDER) ha instado a las Consejer\u00edas de Sanidad de las autonom\u00edas a presentar las necesidades del colectivo y de quienes conviven sin diagn\u00f3stico en el Consejo Interterritorial del Sistema Nacional de Salud (SNS) que [&hellip;]","og_url":"https:\/\/sindromecharge.es\/index.php\/2018\/11\/14\/instamos-a-las-cc-aa-a-representar-a-las-personas-er-y-sin-diagnostico-el-interterritorial\/","og_site_name":"Asociaci\u00f3n Espa\u00f1ola S\u00edndrome de Charge","article_publisher":"https:\/\/www.facebook.com\/asociacionsindromecharge","article_published_time":"2018-11-14T09:03:59+00:00","og_image":[{"width":300,"height":98,"url":"https:\/\/sindromecharge.es\/wp-content\/uploads\/2013\/09\/logodecharge300x98.png","type":"image\/png"}],"author":"Charge","twitter_card":"summary_large_image","twitter_creator":"@sindromecharge","twitter_site":"@sindromecharge","twitter_misc":{"Escrito por":"Charge","Tiempo de lectura":"3 minutos"},"schema":{"@context":"https:\/\/schema.org","@graph":[{"@type":"Article","@id":"https:\/\/sindromecharge.es\/index.php\/2018\/11\/14\/instamos-a-las-cc-aa-a-representar-a-las-personas-er-y-sin-diagnostico-el-interterritorial\/#article","isPartOf":{"@id":"https:\/\/sindromecharge.es\/index.php\/2018\/11\/14\/instamos-a-las-cc-aa-a-representar-a-las-personas-er-y-sin-diagnostico-el-interterritorial\/"},"author":{"name":"Charge","@id":"https:\/\/sindromecharge.es\/#\/schema\/person\/39a60ebe0a2b4d5a11179701e336b039"},"headline":"Instamos a las CC.AA a representar a las personas ER y sin diagn\u00f3stico el Interterritorial","datePublished":"2018-11-14T09:03:59+00:00","mainEntityOfPage":{"@id":"https:\/\/sindromecharge.es\/index.php\/2018\/11\/14\/instamos-a-las-cc-aa-a-representar-a-las-personas-er-y-sin-diagnostico-el-interterritorial\/"},"wordCount":541,"commentCount":0,"keywords":["enfermedades raras"],"articleSection":["noticias"],"inLanguage":"es","potentialAction":[{"@type":"CommentAction","name":"Comment","target":["https:\/\/sindromecharge.es\/index.php\/2018\/11\/14\/instamos-a-las-cc-aa-a-representar-a-las-personas-er-y-sin-diagnostico-el-interterritorial\/#respond"]}]},{"@type":"WebPage","@id":"https:\/\/sindromecharge.es\/index.php\/2018\/11\/14\/instamos-a-las-cc-aa-a-representar-a-las-personas-er-y-sin-diagnostico-el-interterritorial\/","url":"https:\/\/sindromecharge.es\/index.php\/2018\/11\/14\/instamos-a-las-cc-aa-a-representar-a-las-personas-er-y-sin-diagnostico-el-interterritorial\/","name":"Instamos a las CC.AA a representar a las personas ER y sin diagn\u00f3stico el Interterritorial - Asociaci\u00f3n Espa\u00f1ola S\u00edndrome de Charge","isPartOf":{"@id":"https:\/\/sindromecharge.es\/#website"},"datePublished":"2018-11-14T09:03:59+00:00","author":{"@id":"https:\/\/sindromecharge.es\/#\/schema\/person\/39a60ebe0a2b4d5a11179701e336b039"},"breadcrumb":{"@id":"https:\/\/sindromecharge.es\/index.php\/2018\/11\/14\/instamos-a-las-cc-aa-a-representar-a-las-personas-er-y-sin-diagnostico-el-interterritorial\/#breadcrumb"},"inLanguage":"es","potentialAction":[{"@type":"ReadAction","target":["https:\/\/sindromecharge.es\/index.php\/2018\/11\/14\/instamos-a-las-cc-aa-a-representar-a-las-personas-er-y-sin-diagnostico-el-interterritorial\/"]}]},{"@type":"BreadcrumbList","@id":"https:\/\/sindromecharge.es\/index.php\/2018\/11\/14\/instamos-a-las-cc-aa-a-representar-a-las-personas-er-y-sin-diagnostico-el-interterritorial\/#breadcrumb","itemListElement":[{"@type":"ListItem","position":1,"name":"Portada","item":"https:\/\/sindromecharge.es\/"},{"@type":"ListItem","position":2,"name":"Instamos a las CC.AA a representar a las personas ER y sin diagn\u00f3stico el Interterritorial"}]},{"@type":"WebSite","@id":"https:\/\/sindromecharge.es\/#website","url":"https:\/\/sindromecharge.es\/","name":"Asociaci\u00f3n Espa\u00f1ola S\u00edndrome de Charge","description":"","potentialAction":[{"@type":"SearchAction","target":{"@type":"EntryPoint","urlTemplate":"https:\/\/sindromecharge.es\/?s={search_term_string}"},"query-input":{"@type":"PropertyValueSpecification","valueRequired":true,"valueName":"search_term_string"}}],"inLanguage":"es"},{"@type":"Person","@id":"https:\/\/sindromecharge.es\/#\/schema\/person\/39a60ebe0a2b4d5a11179701e336b039","name":"Charge","image":{"@type":"ImageObject","inLanguage":"es","@id":"https:\/\/secure.gravatar.com\/avatar\/c3b46e32a0fc3b093a0873fb767bf3293de856293065e84ef06b7ec7a8acfb98?s=96&d=identicon&r=x","url":"https:\/\/secure.gravatar.com\/avatar\/c3b46e32a0fc3b093a0873fb767bf3293de856293065e84ef06b7ec7a8acfb98?s=96&d=identicon&r=x","contentUrl":"https:\/\/secure.gravatar.com\/avatar\/c3b46e32a0fc3b093a0873fb767bf3293de856293065e84ef06b7ec7a8acfb98?s=96&d=identicon&r=x","caption":"Charge"},"url":"https:\/\/sindromecharge.es\/index.php\/author\/admin\/"}]}},"_links":{"self":[{"href":"https:\/\/sindromecharge.es\/index.php\/wp-json\/wp\/v2\/posts\/4089","targetHints":{"allow":["GET"]}}],"collection":[{"href":"https:\/\/sindromecharge.es\/index.php\/wp-json\/wp\/v2\/posts"}],"about":[{"href":"https:\/\/sindromecharge.es\/index.php\/wp-json\/wp\/v2\/types\/post"}],"author":[{"embeddable":true,"href":"https:\/\/sindromecharge.es\/index.php\/wp-json\/wp\/v2\/users\/1"}],"replies":[{"embeddable":true,"href":"https:\/\/sindromecharge.es\/index.php\/wp-json\/wp\/v2\/comments?post=4089"}],"version-history":[{"count":0,"href":"https:\/\/sindromecharge.es\/index.php\/wp-json\/wp\/v2\/posts\/4089\/revisions"}],"wp:attachment":[{"href":"https:\/\/sindromecharge.es\/index.php\/wp-json\/wp\/v2\/media?parent=4089"}],"wp:term":[{"taxonomy":"category","embeddable":true,"href":"https:\/\/sindromecharge.es\/index.php\/wp-json\/wp\/v2\/categories?post=4089"},{"taxonomy":"post_tag","embeddable":true,"href":"https:\/\/sindromecharge.es\/index.php\/wp-json\/wp\/v2\/tags?post=4089"}],"curies":[{"name":"wp","href":"https:\/\/api.w.org\/{rel}","templated":true}]}}