{"id":4088,"date":"2018-11-14T08:01:19","date_gmt":"2018-11-14T08:01:19","guid":{"rendered":"https:\/\/sindromecharge.es\/index.php\/2018\/11\/14\/nuestra-vicepresidenta-fide-miron-premiada-por-la-diputacion-de-alicante\/"},"modified":"2018-11-14T08:01:19","modified_gmt":"2018-11-14T08:01:19","slug":"nuestra-vicepresidenta-fide-miron-premiada-por-la-diputacion-de-alicante","status":"publish","type":"post","link":"https:\/\/sindromecharge.es\/index.php\/2018\/11\/14\/nuestra-vicepresidenta-fide-miron-premiada-por-la-diputacion-de-alicante\/","title":{"rendered":"Nuestra Vicepresidenta, Fide Mir\u00f3n, premiada por la Diputaci\u00f3n de Alicante"},"content":{"rendered":"<p>Leemos en FEDER la siguiente noticia que os reproducimos de forma \u00edntegra: <\/p>\n<p><p><span style=\"font-style: normal;font-weight: 400\">Fuente:&nbsp;<\/span><span style=\"font-weight: 400;font-style: normal\"><a href=\"https:\/\/www.denia.com\/condenados-al-bordillo-recibe-el-premio-provincial-del-voluntariado\/\" target=\"_blank\">Denia.com<\/a>&nbsp;|&nbsp;<\/span>La Diputaci\u00f3n de Alicante organiza por primera vez los Premios Provinciales de Voluntariado, cuya entrega tuvo lugar en el MARQ, Museo Arqueol\u00f3gico de Alicante, el pasado 9 de noviembre.<\/p>\n<p>En esta primera edici\u00f3n se presentaron 47 proyectos de distintos \u00e1mbitos: poblaci\u00f3n vulnerable, socio-sanitario, cooperaci\u00f3n al desarrollo, familia, infancia y juventud, mujeres en situaci\u00f3n de riesgo o diversidad funcional.<\/p>\n<p>El jurado valor\u00f3 los diferentes proyectos y decidi\u00f3 los cuatro ganadores, que recibieron un premio en met\u00e1lico de 3.000 euros cada uno.<\/p>\n<p>Uno de los premios recay\u00f3 en la asociaci\u00f3n comarcal Condenados al Bordillo por su proyecto \u201cQueremos Salir\u201d. Este proyecto comenz\u00f3 a realizarse en el a\u00f1o 2010 en D\u00e9nia y la comarca de la Marina Alta debido a la demanda tanto de los usuarios como de sus familiares. El proyecto ofrece salidas de fin de semana y campamentos durante todo el a\u00f1o al colectivo de la diversidad funcional y, desde el a\u00f1o que se cre\u00f3, no ha parado de crecer, participando en la actualidad 80 usuarios y m\u00e1s de 50 voluntarios, sin los cuales seria imposible la realizaci\u00f3n del proyecto.<\/p>\n<p>El reconocimiento del premio es por la labor que llevan realizando las voluntarias y voluntarios en este proyecto en el que ayudan a los usuarias y usuarias en las actividades b\u00e1sicas e instrumentales de la vida diaria, as\u00ed como en la realizaci\u00f3n de los diferentes tipos de actividades recreativas (juegos, din\u00e1micas de grupo, deportes\u2026).<\/p>\n<p>La diputada de Familia y Ciudadan\u00eda, Mercedes Alonso, fue la encargada de presidir el acto junto al Padre \u00c1ngel, de Mensajeros de la Paz, que tuvo una intervenci\u00f3n hablando sobre sus experiencias en el voluntariado, en el que comento entre otras cosas, que \u201cel voluntariado es un reflejo de la sociedad actual porque nunca en la historia de la humanidad hubo tanta solidaridad y voluntarios\u201d.<\/p>\n<p>Las otras asociaciones premiadas fueron ADIS (Ayuda a Domicilio e Integraci\u00f3n Social) de Orihuela, a la Obra Social Santa Luisa de Marillac por su programa de emergencia social Prosanvi en Alicante y ASPANION por su voluntariado hospitalario en ni\u00f1os con C\u00e1ncer.<\/p>\n<p>Tambi\u00e9n premiaron la trayectoria personal de la educadora Amaya G\u00f3mez, fundadora de la Asociaci\u00f3n ANMAG (atenci\u00f3n a menores y mujeres en situaci\u00f3n de vulnerabilidad social) y a Fide Mir\u00f3n, de ADIBI (enfermedades raras).<\/p>\n<p style=\"text-align: right\">Fuente: <span style=\"text-decoration: underline\"><a href=\"https:\/\/www.denia.com\/condenados-al-bordillo-recibe-el-premio-provincial-del-voluntariado\/\" target=\"_blank\">Denia.com<\/a><\/span>.<\/p>\n<p style=\"text-align: right\">\u00daltima actualizaci\u00f3n: 14\/11\/2018.<\/p>\n<\/p>\n<p>Fuente: FEDER <a href=\"https:\/\/enfermedades-raras.org\/index.php\/actualidad\/noticias-eventos\/2-feder\/11414-nuestra-vicepresidenta%2C-fide-mir%C3%B3n%2C-premiada-por-la-diputaci%C3%B3n-de-alicante\" target=\"_blank\">Nuestra Vicepresidenta, Fide Mir\u00f3n, premiada por la Diputaci\u00f3n de Alicante<\/a><\/p>\n","protected":false},"excerpt":{"rendered":"<p>Leemos en FEDER la siguiente noticia que os reproducimos de forma \u00edntegra: Fuente:&nbsp;Denia.com&nbsp;|&nbsp;La Diputaci\u00f3n de Alicante organiza por primera vez los Premios Provinciales de Voluntariado, cuya entrega tuvo lugar en el MARQ, Museo Arqueol\u00f3gico de Alicante, el pasado 9 de noviembre. En esta primera edici\u00f3n se presentaron 47 proyectos de distintos \u00e1mbitos: poblaci\u00f3n vulnerable, socio-sanitario, [&hellip;]<\/p>\n","protected":false},"author":1,"featured_media":0,"comment_status":"open","ping_status":"closed","sticky":false,"template":"","format":"standard","meta":{"footnotes":""},"categories":[8],"tags":[36],"class_list":["post-4088","post","type-post","status-publish","format-standard","hentry","category-noticias","tag-enfermedades-raras"],"yoast_head":"<!-- This site is optimized with the Yoast SEO plugin v27.4 - https:\/\/yoast.com\/product\/yoast-seo-wordpress\/ -->\n<title>Nuestra Vicepresidenta, Fide Mir\u00f3n, premiada por la Diputaci\u00f3n de Alicante - Asociaci\u00f3n Espa\u00f1ola S\u00edndrome de Charge<\/title>\n<meta name=\"robots\" content=\"index, follow, max-snippet:-1, max-image-preview:large, max-video-preview:-1\" \/>\n<link rel=\"canonical\" href=\"https:\/\/sindromecharge.es\/index.php\/2018\/11\/14\/nuestra-vicepresidenta-fide-miron-premiada-por-la-diputacion-de-alicante\/\" \/>\n<meta property=\"og:locale\" content=\"es_ES\" \/>\n<meta property=\"og:type\" content=\"article\" \/>\n<meta property=\"og:title\" content=\"Nuestra Vicepresidenta, Fide Mir\u00f3n, premiada por la Diputaci\u00f3n de Alicante - Asociaci\u00f3n Espa\u00f1ola S\u00edndrome de Charge\" \/>\n<meta property=\"og:description\" content=\"Leemos en FEDER la siguiente noticia que os reproducimos de forma \u00edntegra: Fuente:&nbsp;Denia.com&nbsp;|&nbsp;La Diputaci\u00f3n de Alicante organiza por primera vez los Premios Provinciales de Voluntariado, cuya entrega tuvo lugar en el MARQ, Museo Arqueol\u00f3gico de Alicante, el pasado 9 de noviembre. En esta primera edici\u00f3n se presentaron 47 proyectos de distintos \u00e1mbitos: poblaci\u00f3n vulnerable, socio-sanitario, [&hellip;]\" \/>\n<meta property=\"og:url\" content=\"https:\/\/sindromecharge.es\/index.php\/2018\/11\/14\/nuestra-vicepresidenta-fide-miron-premiada-por-la-diputacion-de-alicante\/\" \/>\n<meta property=\"og:site_name\" content=\"Asociaci\u00f3n Espa\u00f1ola S\u00edndrome de Charge\" \/>\n<meta property=\"article:publisher\" content=\"https:\/\/www.facebook.com\/asociacionsindromecharge\" \/>\n<meta property=\"article:published_time\" content=\"2018-11-14T08:01:19+00:00\" \/>\n<meta property=\"og:image\" content=\"https:\/\/sindromecharge.es\/wp-content\/uploads\/2013\/09\/logodecharge300x98.png\" \/>\n\t<meta property=\"og:image:width\" content=\"300\" \/>\n\t<meta property=\"og:image:height\" content=\"98\" \/>\n\t<meta property=\"og:image:type\" content=\"image\/png\" \/>\n<meta name=\"author\" content=\"Charge\" \/>\n<meta name=\"twitter:card\" content=\"summary_large_image\" \/>\n<meta name=\"twitter:creator\" content=\"@sindromecharge\" \/>\n<meta name=\"twitter:site\" content=\"@sindromecharge\" \/>\n<meta name=\"twitter:label1\" content=\"Escrito por\" \/>\n\t<meta name=\"twitter:data1\" content=\"Charge\" \/>\n\t<meta name=\"twitter:label2\" content=\"Tiempo de lectura\" \/>\n\t<meta name=\"twitter:data2\" content=\"2 minutos\" \/>\n<script type=\"application\/ld+json\" class=\"yoast-schema-graph\">{\"@context\":\"https:\\\/\\\/schema.org\",\"@graph\":[{\"@type\":\"Article\",\"@id\":\"https:\\\/\\\/sindromecharge.es\\\/index.php\\\/2018\\\/11\\\/14\\\/nuestra-vicepresidenta-fide-miron-premiada-por-la-diputacion-de-alicante\\\/#article\",\"isPartOf\":{\"@id\":\"https:\\\/\\\/sindromecharge.es\\\/index.php\\\/2018\\\/11\\\/14\\\/nuestra-vicepresidenta-fide-miron-premiada-por-la-diputacion-de-alicante\\\/\"},\"author\":{\"name\":\"Charge\",\"@id\":\"https:\\\/\\\/sindromecharge.es\\\/#\\\/schema\\\/person\\\/39a60ebe0a2b4d5a11179701e336b039\"},\"headline\":\"Nuestra Vicepresidenta, Fide Mir\u00f3n, premiada por la Diputaci\u00f3n de Alicante\",\"datePublished\":\"2018-11-14T08:01:19+00:00\",\"mainEntityOfPage\":{\"@id\":\"https:\\\/\\\/sindromecharge.es\\\/index.php\\\/2018\\\/11\\\/14\\\/nuestra-vicepresidenta-fide-miron-premiada-por-la-diputacion-de-alicante\\\/\"},\"wordCount\":444,\"commentCount\":0,\"keywords\":[\"enfermedades raras\"],\"articleSection\":[\"noticias\"],\"inLanguage\":\"es\",\"potentialAction\":[{\"@type\":\"CommentAction\",\"name\":\"Comment\",\"target\":[\"https:\\\/\\\/sindromecharge.es\\\/index.php\\\/2018\\\/11\\\/14\\\/nuestra-vicepresidenta-fide-miron-premiada-por-la-diputacion-de-alicante\\\/#respond\"]}]},{\"@type\":\"WebPage\",\"@id\":\"https:\\\/\\\/sindromecharge.es\\\/index.php\\\/2018\\\/11\\\/14\\\/nuestra-vicepresidenta-fide-miron-premiada-por-la-diputacion-de-alicante\\\/\",\"url\":\"https:\\\/\\\/sindromecharge.es\\\/index.php\\\/2018\\\/11\\\/14\\\/nuestra-vicepresidenta-fide-miron-premiada-por-la-diputacion-de-alicante\\\/\",\"name\":\"Nuestra Vicepresidenta, Fide Mir\u00f3n, premiada por la Diputaci\u00f3n de Alicante - Asociaci\u00f3n Espa\u00f1ola S\u00edndrome de Charge\",\"isPartOf\":{\"@id\":\"https:\\\/\\\/sindromecharge.es\\\/#website\"},\"datePublished\":\"2018-11-14T08:01:19+00:00\",\"author\":{\"@id\":\"https:\\\/\\\/sindromecharge.es\\\/#\\\/schema\\\/person\\\/39a60ebe0a2b4d5a11179701e336b039\"},\"breadcrumb\":{\"@id\":\"https:\\\/\\\/sindromecharge.es\\\/index.php\\\/2018\\\/11\\\/14\\\/nuestra-vicepresidenta-fide-miron-premiada-por-la-diputacion-de-alicante\\\/#breadcrumb\"},\"inLanguage\":\"es\",\"potentialAction\":[{\"@type\":\"ReadAction\",\"target\":[\"https:\\\/\\\/sindromecharge.es\\\/index.php\\\/2018\\\/11\\\/14\\\/nuestra-vicepresidenta-fide-miron-premiada-por-la-diputacion-de-alicante\\\/\"]}]},{\"@type\":\"BreadcrumbList\",\"@id\":\"https:\\\/\\\/sindromecharge.es\\\/index.php\\\/2018\\\/11\\\/14\\\/nuestra-vicepresidenta-fide-miron-premiada-por-la-diputacion-de-alicante\\\/#breadcrumb\",\"itemListElement\":[{\"@type\":\"ListItem\",\"position\":1,\"name\":\"Portada\",\"item\":\"https:\\\/\\\/sindromecharge.es\\\/\"},{\"@type\":\"ListItem\",\"position\":2,\"name\":\"Nuestra Vicepresidenta, Fide Mir\u00f3n, premiada por la Diputaci\u00f3n de Alicante\"}]},{\"@type\":\"WebSite\",\"@id\":\"https:\\\/\\\/sindromecharge.es\\\/#website\",\"url\":\"https:\\\/\\\/sindromecharge.es\\\/\",\"name\":\"Asociaci\u00f3n Espa\u00f1ola S\u00edndrome de Charge\",\"description\":\"\",\"potentialAction\":[{\"@type\":\"SearchAction\",\"target\":{\"@type\":\"EntryPoint\",\"urlTemplate\":\"https:\\\/\\\/sindromecharge.es\\\/?s={search_term_string}\"},\"query-input\":{\"@type\":\"PropertyValueSpecification\",\"valueRequired\":true,\"valueName\":\"search_term_string\"}}],\"inLanguage\":\"es\"},{\"@type\":\"Person\",\"@id\":\"https:\\\/\\\/sindromecharge.es\\\/#\\\/schema\\\/person\\\/39a60ebe0a2b4d5a11179701e336b039\",\"name\":\"Charge\",\"image\":{\"@type\":\"ImageObject\",\"inLanguage\":\"es\",\"@id\":\"https:\\\/\\\/secure.gravatar.com\\\/avatar\\\/c3b46e32a0fc3b093a0873fb767bf3293de856293065e84ef06b7ec7a8acfb98?s=96&d=identicon&r=x\",\"url\":\"https:\\\/\\\/secure.gravatar.com\\\/avatar\\\/c3b46e32a0fc3b093a0873fb767bf3293de856293065e84ef06b7ec7a8acfb98?s=96&d=identicon&r=x\",\"contentUrl\":\"https:\\\/\\\/secure.gravatar.com\\\/avatar\\\/c3b46e32a0fc3b093a0873fb767bf3293de856293065e84ef06b7ec7a8acfb98?s=96&d=identicon&r=x\",\"caption\":\"Charge\"},\"url\":\"https:\\\/\\\/sindromecharge.es\\\/index.php\\\/author\\\/admin\\\/\"}]}<\/script>\n<!-- \/ Yoast SEO plugin. -->","yoast_head_json":{"title":"Nuestra Vicepresidenta, Fide Mir\u00f3n, premiada por la Diputaci\u00f3n de Alicante - Asociaci\u00f3n Espa\u00f1ola S\u00edndrome de Charge","robots":{"index":"index","follow":"follow","max-snippet":"max-snippet:-1","max-image-preview":"max-image-preview:large","max-video-preview":"max-video-preview:-1"},"canonical":"https:\/\/sindromecharge.es\/index.php\/2018\/11\/14\/nuestra-vicepresidenta-fide-miron-premiada-por-la-diputacion-de-alicante\/","og_locale":"es_ES","og_type":"article","og_title":"Nuestra Vicepresidenta, Fide Mir\u00f3n, premiada por la Diputaci\u00f3n de Alicante - Asociaci\u00f3n Espa\u00f1ola S\u00edndrome de Charge","og_description":"Leemos en FEDER la siguiente noticia que os reproducimos de forma \u00edntegra: Fuente:&nbsp;Denia.com&nbsp;|&nbsp;La Diputaci\u00f3n de Alicante organiza por primera vez los Premios Provinciales de Voluntariado, cuya entrega tuvo lugar en el MARQ, Museo Arqueol\u00f3gico de Alicante, el pasado 9 de noviembre. En esta primera edici\u00f3n se presentaron 47 proyectos de distintos \u00e1mbitos: poblaci\u00f3n vulnerable, socio-sanitario, [&hellip;]","og_url":"https:\/\/sindromecharge.es\/index.php\/2018\/11\/14\/nuestra-vicepresidenta-fide-miron-premiada-por-la-diputacion-de-alicante\/","og_site_name":"Asociaci\u00f3n Espa\u00f1ola S\u00edndrome de Charge","article_publisher":"https:\/\/www.facebook.com\/asociacionsindromecharge","article_published_time":"2018-11-14T08:01:19+00:00","og_image":[{"width":300,"height":98,"url":"https:\/\/sindromecharge.es\/wp-content\/uploads\/2013\/09\/logodecharge300x98.png","type":"image\/png"}],"author":"Charge","twitter_card":"summary_large_image","twitter_creator":"@sindromecharge","twitter_site":"@sindromecharge","twitter_misc":{"Escrito por":"Charge","Tiempo de lectura":"2 minutos"},"schema":{"@context":"https:\/\/schema.org","@graph":[{"@type":"Article","@id":"https:\/\/sindromecharge.es\/index.php\/2018\/11\/14\/nuestra-vicepresidenta-fide-miron-premiada-por-la-diputacion-de-alicante\/#article","isPartOf":{"@id":"https:\/\/sindromecharge.es\/index.php\/2018\/11\/14\/nuestra-vicepresidenta-fide-miron-premiada-por-la-diputacion-de-alicante\/"},"author":{"name":"Charge","@id":"https:\/\/sindromecharge.es\/#\/schema\/person\/39a60ebe0a2b4d5a11179701e336b039"},"headline":"Nuestra Vicepresidenta, Fide Mir\u00f3n, premiada por la Diputaci\u00f3n de Alicante","datePublished":"2018-11-14T08:01:19+00:00","mainEntityOfPage":{"@id":"https:\/\/sindromecharge.es\/index.php\/2018\/11\/14\/nuestra-vicepresidenta-fide-miron-premiada-por-la-diputacion-de-alicante\/"},"wordCount":444,"commentCount":0,"keywords":["enfermedades raras"],"articleSection":["noticias"],"inLanguage":"es","potentialAction":[{"@type":"CommentAction","name":"Comment","target":["https:\/\/sindromecharge.es\/index.php\/2018\/11\/14\/nuestra-vicepresidenta-fide-miron-premiada-por-la-diputacion-de-alicante\/#respond"]}]},{"@type":"WebPage","@id":"https:\/\/sindromecharge.es\/index.php\/2018\/11\/14\/nuestra-vicepresidenta-fide-miron-premiada-por-la-diputacion-de-alicante\/","url":"https:\/\/sindromecharge.es\/index.php\/2018\/11\/14\/nuestra-vicepresidenta-fide-miron-premiada-por-la-diputacion-de-alicante\/","name":"Nuestra Vicepresidenta, Fide Mir\u00f3n, premiada por la Diputaci\u00f3n de Alicante - Asociaci\u00f3n Espa\u00f1ola S\u00edndrome de Charge","isPartOf":{"@id":"https:\/\/sindromecharge.es\/#website"},"datePublished":"2018-11-14T08:01:19+00:00","author":{"@id":"https:\/\/sindromecharge.es\/#\/schema\/person\/39a60ebe0a2b4d5a11179701e336b039"},"breadcrumb":{"@id":"https:\/\/sindromecharge.es\/index.php\/2018\/11\/14\/nuestra-vicepresidenta-fide-miron-premiada-por-la-diputacion-de-alicante\/#breadcrumb"},"inLanguage":"es","potentialAction":[{"@type":"ReadAction","target":["https:\/\/sindromecharge.es\/index.php\/2018\/11\/14\/nuestra-vicepresidenta-fide-miron-premiada-por-la-diputacion-de-alicante\/"]}]},{"@type":"BreadcrumbList","@id":"https:\/\/sindromecharge.es\/index.php\/2018\/11\/14\/nuestra-vicepresidenta-fide-miron-premiada-por-la-diputacion-de-alicante\/#breadcrumb","itemListElement":[{"@type":"ListItem","position":1,"name":"Portada","item":"https:\/\/sindromecharge.es\/"},{"@type":"ListItem","position":2,"name":"Nuestra Vicepresidenta, Fide Mir\u00f3n, premiada por la Diputaci\u00f3n de Alicante"}]},{"@type":"WebSite","@id":"https:\/\/sindromecharge.es\/#website","url":"https:\/\/sindromecharge.es\/","name":"Asociaci\u00f3n Espa\u00f1ola S\u00edndrome de Charge","description":"","potentialAction":[{"@type":"SearchAction","target":{"@type":"EntryPoint","urlTemplate":"https:\/\/sindromecharge.es\/?s={search_term_string}"},"query-input":{"@type":"PropertyValueSpecification","valueRequired":true,"valueName":"search_term_string"}}],"inLanguage":"es"},{"@type":"Person","@id":"https:\/\/sindromecharge.es\/#\/schema\/person\/39a60ebe0a2b4d5a11179701e336b039","name":"Charge","image":{"@type":"ImageObject","inLanguage":"es","@id":"https:\/\/secure.gravatar.com\/avatar\/c3b46e32a0fc3b093a0873fb767bf3293de856293065e84ef06b7ec7a8acfb98?s=96&d=identicon&r=x","url":"https:\/\/secure.gravatar.com\/avatar\/c3b46e32a0fc3b093a0873fb767bf3293de856293065e84ef06b7ec7a8acfb98?s=96&d=identicon&r=x","contentUrl":"https:\/\/secure.gravatar.com\/avatar\/c3b46e32a0fc3b093a0873fb767bf3293de856293065e84ef06b7ec7a8acfb98?s=96&d=identicon&r=x","caption":"Charge"},"url":"https:\/\/sindromecharge.es\/index.php\/author\/admin\/"}]}},"_links":{"self":[{"href":"https:\/\/sindromecharge.es\/index.php\/wp-json\/wp\/v2\/posts\/4088","targetHints":{"allow":["GET"]}}],"collection":[{"href":"https:\/\/sindromecharge.es\/index.php\/wp-json\/wp\/v2\/posts"}],"about":[{"href":"https:\/\/sindromecharge.es\/index.php\/wp-json\/wp\/v2\/types\/post"}],"author":[{"embeddable":true,"href":"https:\/\/sindromecharge.es\/index.php\/wp-json\/wp\/v2\/users\/1"}],"replies":[{"embeddable":true,"href":"https:\/\/sindromecharge.es\/index.php\/wp-json\/wp\/v2\/comments?post=4088"}],"version-history":[{"count":0,"href":"https:\/\/sindromecharge.es\/index.php\/wp-json\/wp\/v2\/posts\/4088\/revisions"}],"wp:attachment":[{"href":"https:\/\/sindromecharge.es\/index.php\/wp-json\/wp\/v2\/media?parent=4088"}],"wp:term":[{"taxonomy":"category","embeddable":true,"href":"https:\/\/sindromecharge.es\/index.php\/wp-json\/wp\/v2\/categories?post=4088"},{"taxonomy":"post_tag","embeddable":true,"href":"https:\/\/sindromecharge.es\/index.php\/wp-json\/wp\/v2\/tags?post=4088"}],"curies":[{"name":"wp","href":"https:\/\/api.w.org\/{rel}","templated":true}]}}