{"id":4086,"date":"2018-11-12T10:35:00","date_gmt":"2018-11-12T10:35:00","guid":{"rendered":"https:\/\/sindromecharge.es\/index.php\/2018\/11\/12\/nos-reunimos-con-raquel-yotti-directora-del-isciii-para-trabajar-juntos-a-las-enfermedades-raras\/"},"modified":"2018-11-12T10:35:00","modified_gmt":"2018-11-12T10:35:00","slug":"nos-reunimos-con-raquel-yotti-directora-del-isciii-para-trabajar-juntos-a-las-enfermedades-raras","status":"publish","type":"post","link":"https:\/\/sindromecharge.es\/index.php\/2018\/11\/12\/nos-reunimos-con-raquel-yotti-directora-del-isciii-para-trabajar-juntos-a-las-enfermedades-raras\/","title":{"rendered":"Nos reunimos con Raquel Yotti, directora del ISCIII, para trabajar juntos a las enfermedades raras"},"content":{"rendered":"<p>Leemos en FEDER la siguiente noticia que os reproducimos de forma \u00edntegra: <\/p>\n<p><p>Fuente: <span style=\"text-decoration: underline\"><a href=\"http:\/\/www.isciii.es\/ISCIII\/es\/contenidos\/fd-el-instituto\/fd-comunicacion\/fd-noticias\/20181105_Raquel_Yotti_se_reune_representantes_FEDER.shtml\" target=\"_blank\">ISCIII<\/a><\/span> | Raquel Yotti, directora del Instituto de Salud Carlos III (ISCIII) mantuvo una reuni\u00f3n la pasada semana con varios miembros del equipo directivo de la Federaci\u00f3n Espa\u00f1ola de Enfermedades Raras (FEDER) que trasladaron a la directora los objetivos, los proyectos y servicios de la Federaci\u00f3n.<\/p>\n<p>FEDER estuvo representada por Alba Ancochea, directora general de FEDER; Patricia Arias, responsable del \u00e1rea de investigaci\u00f3n e Isabel Campos, miembro de la Junta Directiva.<\/p>\n<p style=\"text-align: right\">\u00daltima actualizaci\u00f3n: 12\/11\/2018.<\/p>\n<\/p>\n<p>Fuente: FEDER <a href=\"https:\/\/enfermedades-raras.org\/index.php\/actualidad\/noticias-eventos\/2-feder\/11404-nos-reunimos-con-raquel-yotti,-directora-del-isciii,-para-trabajar-juntos-a-las-enfermedades-raras\" target=\"_blank\">Nos reunimos con Raquel Yotti, directora del ISCIII, para trabajar juntos a las enfermedades raras<\/a><\/p>\n","protected":false},"excerpt":{"rendered":"<p>Leemos en FEDER la siguiente noticia que os reproducimos de forma \u00edntegra: Fuente: ISCIII | Raquel Yotti, directora del Instituto de Salud Carlos III (ISCIII) mantuvo una reuni\u00f3n la pasada semana con varios miembros del equipo directivo de la Federaci\u00f3n Espa\u00f1ola de Enfermedades Raras (FEDER) que trasladaron a la directora los objetivos, los proyectos y [&hellip;]<\/p>\n","protected":false},"author":1,"featured_media":0,"comment_status":"open","ping_status":"closed","sticky":false,"template":"","format":"standard","meta":{"footnotes":""},"categories":[8],"tags":[36],"class_list":["post-4086","post","type-post","status-publish","format-standard","hentry","category-noticias","tag-enfermedades-raras"],"yoast_head":"<!-- This site is optimized with the Yoast SEO plugin v27.4 - https:\/\/yoast.com\/product\/yoast-seo-wordpress\/ -->\n<title>Nos reunimos con Raquel Yotti, directora del ISCIII, para trabajar juntos a las enfermedades raras - Asociaci\u00f3n Espa\u00f1ola S\u00edndrome de Charge<\/title>\n<meta name=\"robots\" content=\"index, follow, max-snippet:-1, max-image-preview:large, max-video-preview:-1\" \/>\n<link rel=\"canonical\" href=\"https:\/\/sindromecharge.es\/index.php\/2018\/11\/12\/nos-reunimos-con-raquel-yotti-directora-del-isciii-para-trabajar-juntos-a-las-enfermedades-raras\/\" \/>\n<meta property=\"og:locale\" content=\"es_ES\" \/>\n<meta property=\"og:type\" content=\"article\" \/>\n<meta property=\"og:title\" content=\"Nos reunimos con Raquel Yotti, directora del ISCIII, para trabajar juntos a las enfermedades raras - Asociaci\u00f3n Espa\u00f1ola S\u00edndrome de Charge\" \/>\n<meta property=\"og:description\" content=\"Leemos en FEDER la siguiente noticia que os reproducimos de forma \u00edntegra: Fuente: ISCIII | Raquel Yotti, directora del Instituto de Salud Carlos III (ISCIII) mantuvo una reuni\u00f3n la pasada semana con varios miembros del equipo directivo de la Federaci\u00f3n Espa\u00f1ola de Enfermedades Raras (FEDER) que trasladaron a la directora los objetivos, los proyectos y [&hellip;]\" \/>\n<meta property=\"og:url\" content=\"https:\/\/sindromecharge.es\/index.php\/2018\/11\/12\/nos-reunimos-con-raquel-yotti-directora-del-isciii-para-trabajar-juntos-a-las-enfermedades-raras\/\" \/>\n<meta property=\"og:site_name\" content=\"Asociaci\u00f3n Espa\u00f1ola S\u00edndrome de Charge\" \/>\n<meta property=\"article:publisher\" content=\"https:\/\/www.facebook.com\/asociacionsindromecharge\" \/>\n<meta property=\"article:published_time\" content=\"2018-11-12T10:35:00+00:00\" \/>\n<meta property=\"og:image\" content=\"https:\/\/sindromecharge.es\/wp-content\/uploads\/2013\/09\/logodecharge300x98.png\" \/>\n\t<meta property=\"og:image:width\" content=\"300\" \/>\n\t<meta property=\"og:image:height\" content=\"98\" \/>\n\t<meta property=\"og:image:type\" content=\"image\/png\" \/>\n<meta name=\"author\" content=\"Charge\" \/>\n<meta name=\"twitter:card\" content=\"summary_large_image\" \/>\n<meta name=\"twitter:creator\" content=\"@sindromecharge\" \/>\n<meta name=\"twitter:site\" content=\"@sindromecharge\" \/>\n<meta name=\"twitter:label1\" content=\"Escrito por\" \/>\n\t<meta name=\"twitter:data1\" content=\"Charge\" \/>\n\t<meta name=\"twitter:label2\" content=\"Tiempo de lectura\" \/>\n\t<meta name=\"twitter:data2\" content=\"1 minuto\" \/>\n<script type=\"application\/ld+json\" class=\"yoast-schema-graph\">{\"@context\":\"https:\\\/\\\/schema.org\",\"@graph\":[{\"@type\":\"Article\",\"@id\":\"https:\\\/\\\/sindromecharge.es\\\/index.php\\\/2018\\\/11\\\/12\\\/nos-reunimos-con-raquel-yotti-directora-del-isciii-para-trabajar-juntos-a-las-enfermedades-raras\\\/#article\",\"isPartOf\":{\"@id\":\"https:\\\/\\\/sindromecharge.es\\\/index.php\\\/2018\\\/11\\\/12\\\/nos-reunimos-con-raquel-yotti-directora-del-isciii-para-trabajar-juntos-a-las-enfermedades-raras\\\/\"},\"author\":{\"name\":\"Charge\",\"@id\":\"https:\\\/\\\/sindromecharge.es\\\/#\\\/schema\\\/person\\\/39a60ebe0a2b4d5a11179701e336b039\"},\"headline\":\"Nos reunimos con Raquel Yotti, directora del ISCIII, para trabajar juntos a las enfermedades raras\",\"datePublished\":\"2018-11-12T10:35:00+00:00\",\"mainEntityOfPage\":{\"@id\":\"https:\\\/\\\/sindromecharge.es\\\/index.php\\\/2018\\\/11\\\/12\\\/nos-reunimos-con-raquel-yotti-directora-del-isciii-para-trabajar-juntos-a-las-enfermedades-raras\\\/\"},\"wordCount\":123,\"commentCount\":0,\"keywords\":[\"enfermedades raras\"],\"articleSection\":[\"noticias\"],\"inLanguage\":\"es\",\"potentialAction\":[{\"@type\":\"CommentAction\",\"name\":\"Comment\",\"target\":[\"https:\\\/\\\/sindromecharge.es\\\/index.php\\\/2018\\\/11\\\/12\\\/nos-reunimos-con-raquel-yotti-directora-del-isciii-para-trabajar-juntos-a-las-enfermedades-raras\\\/#respond\"]}]},{\"@type\":\"WebPage\",\"@id\":\"https:\\\/\\\/sindromecharge.es\\\/index.php\\\/2018\\\/11\\\/12\\\/nos-reunimos-con-raquel-yotti-directora-del-isciii-para-trabajar-juntos-a-las-enfermedades-raras\\\/\",\"url\":\"https:\\\/\\\/sindromecharge.es\\\/index.php\\\/2018\\\/11\\\/12\\\/nos-reunimos-con-raquel-yotti-directora-del-isciii-para-trabajar-juntos-a-las-enfermedades-raras\\\/\",\"name\":\"Nos reunimos con Raquel Yotti, directora del ISCIII, para trabajar juntos a las enfermedades raras - Asociaci\u00f3n Espa\u00f1ola S\u00edndrome de Charge\",\"isPartOf\":{\"@id\":\"https:\\\/\\\/sindromecharge.es\\\/#website\"},\"datePublished\":\"2018-11-12T10:35:00+00:00\",\"author\":{\"@id\":\"https:\\\/\\\/sindromecharge.es\\\/#\\\/schema\\\/person\\\/39a60ebe0a2b4d5a11179701e336b039\"},\"breadcrumb\":{\"@id\":\"https:\\\/\\\/sindromecharge.es\\\/index.php\\\/2018\\\/11\\\/12\\\/nos-reunimos-con-raquel-yotti-directora-del-isciii-para-trabajar-juntos-a-las-enfermedades-raras\\\/#breadcrumb\"},\"inLanguage\":\"es\",\"potentialAction\":[{\"@type\":\"ReadAction\",\"target\":[\"https:\\\/\\\/sindromecharge.es\\\/index.php\\\/2018\\\/11\\\/12\\\/nos-reunimos-con-raquel-yotti-directora-del-isciii-para-trabajar-juntos-a-las-enfermedades-raras\\\/\"]}]},{\"@type\":\"BreadcrumbList\",\"@id\":\"https:\\\/\\\/sindromecharge.es\\\/index.php\\\/2018\\\/11\\\/12\\\/nos-reunimos-con-raquel-yotti-directora-del-isciii-para-trabajar-juntos-a-las-enfermedades-raras\\\/#breadcrumb\",\"itemListElement\":[{\"@type\":\"ListItem\",\"position\":1,\"name\":\"Portada\",\"item\":\"https:\\\/\\\/sindromecharge.es\\\/\"},{\"@type\":\"ListItem\",\"position\":2,\"name\":\"Nos reunimos con Raquel Yotti, directora del ISCIII, para trabajar juntos a las enfermedades raras\"}]},{\"@type\":\"WebSite\",\"@id\":\"https:\\\/\\\/sindromecharge.es\\\/#website\",\"url\":\"https:\\\/\\\/sindromecharge.es\\\/\",\"name\":\"Asociaci\u00f3n Espa\u00f1ola S\u00edndrome de Charge\",\"description\":\"\",\"potentialAction\":[{\"@type\":\"SearchAction\",\"target\":{\"@type\":\"EntryPoint\",\"urlTemplate\":\"https:\\\/\\\/sindromecharge.es\\\/?s={search_term_string}\"},\"query-input\":{\"@type\":\"PropertyValueSpecification\",\"valueRequired\":true,\"valueName\":\"search_term_string\"}}],\"inLanguage\":\"es\"},{\"@type\":\"Person\",\"@id\":\"https:\\\/\\\/sindromecharge.es\\\/#\\\/schema\\\/person\\\/39a60ebe0a2b4d5a11179701e336b039\",\"name\":\"Charge\",\"image\":{\"@type\":\"ImageObject\",\"inLanguage\":\"es\",\"@id\":\"https:\\\/\\\/secure.gravatar.com\\\/avatar\\\/c3b46e32a0fc3b093a0873fb767bf3293de856293065e84ef06b7ec7a8acfb98?s=96&d=identicon&r=x\",\"url\":\"https:\\\/\\\/secure.gravatar.com\\\/avatar\\\/c3b46e32a0fc3b093a0873fb767bf3293de856293065e84ef06b7ec7a8acfb98?s=96&d=identicon&r=x\",\"contentUrl\":\"https:\\\/\\\/secure.gravatar.com\\\/avatar\\\/c3b46e32a0fc3b093a0873fb767bf3293de856293065e84ef06b7ec7a8acfb98?s=96&d=identicon&r=x\",\"caption\":\"Charge\"},\"url\":\"https:\\\/\\\/sindromecharge.es\\\/index.php\\\/author\\\/admin\\\/\"}]}<\/script>\n<!-- \/ Yoast SEO plugin. -->","yoast_head_json":{"title":"Nos reunimos con Raquel Yotti, directora del ISCIII, para trabajar juntos a las enfermedades raras - Asociaci\u00f3n Espa\u00f1ola S\u00edndrome de Charge","robots":{"index":"index","follow":"follow","max-snippet":"max-snippet:-1","max-image-preview":"max-image-preview:large","max-video-preview":"max-video-preview:-1"},"canonical":"https:\/\/sindromecharge.es\/index.php\/2018\/11\/12\/nos-reunimos-con-raquel-yotti-directora-del-isciii-para-trabajar-juntos-a-las-enfermedades-raras\/","og_locale":"es_ES","og_type":"article","og_title":"Nos reunimos con Raquel Yotti, directora del ISCIII, para trabajar juntos a las enfermedades raras - Asociaci\u00f3n Espa\u00f1ola S\u00edndrome de Charge","og_description":"Leemos en FEDER la siguiente noticia que os reproducimos de forma \u00edntegra: Fuente: ISCIII | Raquel Yotti, directora del Instituto de Salud Carlos III (ISCIII) mantuvo una reuni\u00f3n la pasada semana con varios miembros del equipo directivo de la Federaci\u00f3n Espa\u00f1ola de Enfermedades Raras (FEDER) que trasladaron a la directora los objetivos, los proyectos y [&hellip;]","og_url":"https:\/\/sindromecharge.es\/index.php\/2018\/11\/12\/nos-reunimos-con-raquel-yotti-directora-del-isciii-para-trabajar-juntos-a-las-enfermedades-raras\/","og_site_name":"Asociaci\u00f3n Espa\u00f1ola S\u00edndrome de Charge","article_publisher":"https:\/\/www.facebook.com\/asociacionsindromecharge","article_published_time":"2018-11-12T10:35:00+00:00","og_image":[{"width":300,"height":98,"url":"https:\/\/sindromecharge.es\/wp-content\/uploads\/2013\/09\/logodecharge300x98.png","type":"image\/png"}],"author":"Charge","twitter_card":"summary_large_image","twitter_creator":"@sindromecharge","twitter_site":"@sindromecharge","twitter_misc":{"Escrito por":"Charge","Tiempo de lectura":"1 minuto"},"schema":{"@context":"https:\/\/schema.org","@graph":[{"@type":"Article","@id":"https:\/\/sindromecharge.es\/index.php\/2018\/11\/12\/nos-reunimos-con-raquel-yotti-directora-del-isciii-para-trabajar-juntos-a-las-enfermedades-raras\/#article","isPartOf":{"@id":"https:\/\/sindromecharge.es\/index.php\/2018\/11\/12\/nos-reunimos-con-raquel-yotti-directora-del-isciii-para-trabajar-juntos-a-las-enfermedades-raras\/"},"author":{"name":"Charge","@id":"https:\/\/sindromecharge.es\/#\/schema\/person\/39a60ebe0a2b4d5a11179701e336b039"},"headline":"Nos reunimos con Raquel Yotti, directora del ISCIII, para trabajar juntos a las enfermedades raras","datePublished":"2018-11-12T10:35:00+00:00","mainEntityOfPage":{"@id":"https:\/\/sindromecharge.es\/index.php\/2018\/11\/12\/nos-reunimos-con-raquel-yotti-directora-del-isciii-para-trabajar-juntos-a-las-enfermedades-raras\/"},"wordCount":123,"commentCount":0,"keywords":["enfermedades raras"],"articleSection":["noticias"],"inLanguage":"es","potentialAction":[{"@type":"CommentAction","name":"Comment","target":["https:\/\/sindromecharge.es\/index.php\/2018\/11\/12\/nos-reunimos-con-raquel-yotti-directora-del-isciii-para-trabajar-juntos-a-las-enfermedades-raras\/#respond"]}]},{"@type":"WebPage","@id":"https:\/\/sindromecharge.es\/index.php\/2018\/11\/12\/nos-reunimos-con-raquel-yotti-directora-del-isciii-para-trabajar-juntos-a-las-enfermedades-raras\/","url":"https:\/\/sindromecharge.es\/index.php\/2018\/11\/12\/nos-reunimos-con-raquel-yotti-directora-del-isciii-para-trabajar-juntos-a-las-enfermedades-raras\/","name":"Nos reunimos con Raquel Yotti, directora del ISCIII, para trabajar juntos a las enfermedades raras - Asociaci\u00f3n Espa\u00f1ola S\u00edndrome de Charge","isPartOf":{"@id":"https:\/\/sindromecharge.es\/#website"},"datePublished":"2018-11-12T10:35:00+00:00","author":{"@id":"https:\/\/sindromecharge.es\/#\/schema\/person\/39a60ebe0a2b4d5a11179701e336b039"},"breadcrumb":{"@id":"https:\/\/sindromecharge.es\/index.php\/2018\/11\/12\/nos-reunimos-con-raquel-yotti-directora-del-isciii-para-trabajar-juntos-a-las-enfermedades-raras\/#breadcrumb"},"inLanguage":"es","potentialAction":[{"@type":"ReadAction","target":["https:\/\/sindromecharge.es\/index.php\/2018\/11\/12\/nos-reunimos-con-raquel-yotti-directora-del-isciii-para-trabajar-juntos-a-las-enfermedades-raras\/"]}]},{"@type":"BreadcrumbList","@id":"https:\/\/sindromecharge.es\/index.php\/2018\/11\/12\/nos-reunimos-con-raquel-yotti-directora-del-isciii-para-trabajar-juntos-a-las-enfermedades-raras\/#breadcrumb","itemListElement":[{"@type":"ListItem","position":1,"name":"Portada","item":"https:\/\/sindromecharge.es\/"},{"@type":"ListItem","position":2,"name":"Nos reunimos con Raquel Yotti, directora del ISCIII, para trabajar juntos a las enfermedades raras"}]},{"@type":"WebSite","@id":"https:\/\/sindromecharge.es\/#website","url":"https:\/\/sindromecharge.es\/","name":"Asociaci\u00f3n Espa\u00f1ola S\u00edndrome de Charge","description":"","potentialAction":[{"@type":"SearchAction","target":{"@type":"EntryPoint","urlTemplate":"https:\/\/sindromecharge.es\/?s={search_term_string}"},"query-input":{"@type":"PropertyValueSpecification","valueRequired":true,"valueName":"search_term_string"}}],"inLanguage":"es"},{"@type":"Person","@id":"https:\/\/sindromecharge.es\/#\/schema\/person\/39a60ebe0a2b4d5a11179701e336b039","name":"Charge","image":{"@type":"ImageObject","inLanguage":"es","@id":"https:\/\/secure.gravatar.com\/avatar\/c3b46e32a0fc3b093a0873fb767bf3293de856293065e84ef06b7ec7a8acfb98?s=96&d=identicon&r=x","url":"https:\/\/secure.gravatar.com\/avatar\/c3b46e32a0fc3b093a0873fb767bf3293de856293065e84ef06b7ec7a8acfb98?s=96&d=identicon&r=x","contentUrl":"https:\/\/secure.gravatar.com\/avatar\/c3b46e32a0fc3b093a0873fb767bf3293de856293065e84ef06b7ec7a8acfb98?s=96&d=identicon&r=x","caption":"Charge"},"url":"https:\/\/sindromecharge.es\/index.php\/author\/admin\/"}]}},"_links":{"self":[{"href":"https:\/\/sindromecharge.es\/index.php\/wp-json\/wp\/v2\/posts\/4086","targetHints":{"allow":["GET"]}}],"collection":[{"href":"https:\/\/sindromecharge.es\/index.php\/wp-json\/wp\/v2\/posts"}],"about":[{"href":"https:\/\/sindromecharge.es\/index.php\/wp-json\/wp\/v2\/types\/post"}],"author":[{"embeddable":true,"href":"https:\/\/sindromecharge.es\/index.php\/wp-json\/wp\/v2\/users\/1"}],"replies":[{"embeddable":true,"href":"https:\/\/sindromecharge.es\/index.php\/wp-json\/wp\/v2\/comments?post=4086"}],"version-history":[{"count":0,"href":"https:\/\/sindromecharge.es\/index.php\/wp-json\/wp\/v2\/posts\/4086\/revisions"}],"wp:attachment":[{"href":"https:\/\/sindromecharge.es\/index.php\/wp-json\/wp\/v2\/media?parent=4086"}],"wp:term":[{"taxonomy":"category","embeddable":true,"href":"https:\/\/sindromecharge.es\/index.php\/wp-json\/wp\/v2\/categories?post=4086"},{"taxonomy":"post_tag","embeddable":true,"href":"https:\/\/sindromecharge.es\/index.php\/wp-json\/wp\/v2\/tags?post=4086"}],"curies":[{"name":"wp","href":"https:\/\/api.w.org\/{rel}","templated":true}]}}