{"id":4084,"date":"2018-11-12T07:26:37","date_gmt":"2018-11-12T07:26:37","guid":{"rendered":"https:\/\/sindromecharge.es\/index.php\/2018\/11\/12\/nos-unimos-a-la-celebracion-del-dia-internacional-de-la-enfermedad-de-huntington\/"},"modified":"2018-11-12T07:26:37","modified_gmt":"2018-11-12T07:26:37","slug":"nos-unimos-a-la-celebracion-del-dia-internacional-de-la-enfermedad-de-huntington","status":"publish","type":"post","link":"https:\/\/sindromecharge.es\/index.php\/2018\/11\/12\/nos-unimos-a-la-celebracion-del-dia-internacional-de-la-enfermedad-de-huntington\/","title":{"rendered":"Nos unimos a la celebraci\u00f3n  del D\u00eda Internacional de la Enfermedad de Huntington"},"content":{"rendered":"<p>Leemos en FEDER la siguiente noticia que os reproducimos de forma \u00edntegra: <\/p>\n<p><p><span style=\"font-size: 11.97px;line-height: 1.3\">El 13 de noviembre es el D\u00eda Internacional de la Enfermedad de Huntington que se celebra con el prop\u00f3sito de concienciar sobre esta patolog\u00eda neurol\u00f3gica, que tiene una incidencia de 1 sujeto por cada 10.000. Por esta raz\u00f3n, desde FEDER nos unimos a este d\u00eda para brindar su apoyo a todas las personas que conviven con esta enfermedad y sobre todo resaltar la importancia de impulsar la investigaci\u00f3n como una herramienta importante para dar una respuesta a los problemas m\u00e1s urgentes de nuestro tejido asociativo: la obtenci\u00f3n de un diagn\u00f3stico y el acceso a tratamiento.<\/span><\/p>\n<p>La enfermedad de Huntington es la tercera patolog\u00eda neurodegenerativa m\u00e1s importante tras el Alzheimer y el Parkinson. A pesar de que se estima que la padecen m\u00e1s de 4.000 personas en Espa\u00f1a y m\u00e1s de 15.000 est\u00e1n en riesgo de desarrollarla debido a su car\u00e1cter hereditario e incurable, todav\u00eda es muy desconocida.<\/p>\n<p>Esta enfermedad tambi\u00e9n recibe el nombre de Corea de Huntington debido a las sacudidas frecuentes irregulares y bruscas y movimientos de la cara, de las extremidades superiores o inferiores o el tronco que presentan estos pacientes, que tambi\u00e9n desarrollan demencia y alteraciones en su comportamiento.&nbsp;Sus s\u00edntomas, gravemente incapacitantes y de car\u00e1cter progresivo, se asemejan a la uni\u00f3n del Parkinson, la ELA y el Alzheimer, con la diferencia de que sus s\u00edntomas se inician sobre los 35-45 a\u00f1os y que su pron\u00f3stico vital es de unos 15-20 a\u00f1os. A partir de la fase intermediaria de la enfermedad comienza a manifestarse el proceso degenerativo, produci\u00e9ndose el deterioro funcional progresivo y la p\u00e9rdida de habilidades.<\/p>\n<p>En las \u00faltimas fases de la enfermedad, el paciente requiere ayuda total para cualquier actividad de la vida diaria. Las personas que conviven con esta patolog\u00eda tambi\u00e9n desarrollan depresi\u00f3n, apat\u00eda, aislamiento social, irritabilidad y desinhibici\u00f3n. En ocasiones, adem\u00e1s presentan delirios y comportamientos obsesivo-compulsivos.<\/p>\n<p>Este d\u00eda permite y brinda la oportunidad a que las Asociaciones de pacientes re\u00fanan esfuerzos centrados en la investigaci\u00f3n para lograr un tratamiento curativo o que pueda detener el avance de esta enfermedad, ya que hasta la fecha tan s\u00f3lo existen algunos medicamentos que controlan ciertos s\u00edntomas como los movimientos, la depresi\u00f3n, la irritabilidad y la apat\u00eda de estos pacientes.<\/p>\n<p>Y por esta raz\u00f3n, queremos reconocer el trabajo que las mismas realizan al apostar por medidas que promuevan la investigaci\u00f3n y de esta forma garantizar un mejor diagn\u00f3stico de esta enfermedad y sobre todo por brindar esperanza a los pacientes y sus familias, actores importantes para avanzar hacia grandes cambios en la investigaci\u00f3n no solo de esta enfermedad sino de todas las enfermedades raras.<\/p>\n<p>Resaltamos la labor de la Asociaci\u00f3n de Corea de Huntington Espa\u00f1ola, la Associaci\u00f3 Catalana de Malaltia de Huntington, la Asociaci\u00f3n Valenciana de Enfermedad de Huntington, la Asociaci\u00f3n Extreme\u00f1a de Enfermos de Huntington, la Asociaci\u00f3n Corea de Huntington de Castilla y Le\u00f3n y la Asociaci\u00f3n Cordobesa para la investigaci\u00f3n de Corea de Huntington.<\/p>\n<p style=\"text-align: right\">\u00daltima actualizaci\u00f3n: 12 de noviembre de 2018.<\/p>\n<\/p>\n<p>Fuente: FEDER <a href=\"https:\/\/enfermedades-raras.org\/index.php\/actualidad\/noticias-eventos\/2-feder\/11398-nos-unimos-a-la-celebraci%C3%B3n-del-d%C3%ADa-internacional-de-la-enfermedad-de-huntington\" target=\"_blank\">Nos unimos a la celebraci\u00f3n  del D\u00eda Internacional de la Enfermedad de Huntington<\/a><\/p>\n","protected":false},"excerpt":{"rendered":"<p>Leemos en FEDER la siguiente noticia que os reproducimos de forma \u00edntegra: El 13 de noviembre es el D\u00eda Internacional de la Enfermedad de Huntington que se celebra con el prop\u00f3sito de concienciar sobre esta patolog\u00eda neurol\u00f3gica, que tiene una incidencia de 1 sujeto por cada 10.000. Por esta raz\u00f3n, desde FEDER nos unimos a [&hellip;]<\/p>\n","protected":false},"author":1,"featured_media":0,"comment_status":"open","ping_status":"closed","sticky":false,"template":"","format":"standard","meta":{"footnotes":""},"categories":[8],"tags":[36],"class_list":["post-4084","post","type-post","status-publish","format-standard","hentry","category-noticias","tag-enfermedades-raras"],"yoast_head":"<!-- This site is optimized with the Yoast SEO plugin v27.4 - https:\/\/yoast.com\/product\/yoast-seo-wordpress\/ -->\n<title>Nos unimos a la celebraci\u00f3n del D\u00eda Internacional de la Enfermedad de Huntington - Asociaci\u00f3n Espa\u00f1ola S\u00edndrome de Charge<\/title>\n<meta name=\"robots\" content=\"index, follow, max-snippet:-1, max-image-preview:large, max-video-preview:-1\" \/>\n<link rel=\"canonical\" href=\"https:\/\/sindromecharge.es\/index.php\/2018\/11\/12\/nos-unimos-a-la-celebracion-del-dia-internacional-de-la-enfermedad-de-huntington\/\" \/>\n<meta property=\"og:locale\" content=\"es_ES\" \/>\n<meta property=\"og:type\" content=\"article\" \/>\n<meta property=\"og:title\" content=\"Nos unimos a la celebraci\u00f3n del D\u00eda Internacional de la Enfermedad de Huntington - Asociaci\u00f3n Espa\u00f1ola S\u00edndrome de Charge\" \/>\n<meta property=\"og:description\" content=\"Leemos en FEDER la siguiente noticia que os reproducimos de forma \u00edntegra: El 13 de noviembre es el D\u00eda Internacional de la Enfermedad de Huntington que se celebra con el prop\u00f3sito de concienciar sobre esta patolog\u00eda neurol\u00f3gica, que tiene una incidencia de 1 sujeto por cada 10.000. Por esta raz\u00f3n, desde FEDER nos unimos a [&hellip;]\" \/>\n<meta property=\"og:url\" content=\"https:\/\/sindromecharge.es\/index.php\/2018\/11\/12\/nos-unimos-a-la-celebracion-del-dia-internacional-de-la-enfermedad-de-huntington\/\" \/>\n<meta property=\"og:site_name\" content=\"Asociaci\u00f3n Espa\u00f1ola S\u00edndrome de Charge\" \/>\n<meta property=\"article:publisher\" content=\"https:\/\/www.facebook.com\/asociacionsindromecharge\" \/>\n<meta property=\"article:published_time\" content=\"2018-11-12T07:26:37+00:00\" \/>\n<meta property=\"og:image\" content=\"https:\/\/sindromecharge.es\/wp-content\/uploads\/2013\/09\/logodecharge300x98.png\" \/>\n\t<meta property=\"og:image:width\" content=\"300\" \/>\n\t<meta property=\"og:image:height\" content=\"98\" \/>\n\t<meta property=\"og:image:type\" content=\"image\/png\" \/>\n<meta name=\"author\" content=\"Charge\" \/>\n<meta name=\"twitter:card\" content=\"summary_large_image\" \/>\n<meta name=\"twitter:creator\" content=\"@sindromecharge\" \/>\n<meta name=\"twitter:site\" content=\"@sindromecharge\" \/>\n<meta name=\"twitter:label1\" content=\"Escrito por\" \/>\n\t<meta name=\"twitter:data1\" content=\"Charge\" \/>\n\t<meta name=\"twitter:label2\" content=\"Tiempo de lectura\" \/>\n\t<meta name=\"twitter:data2\" content=\"3 minutos\" \/>\n<script type=\"application\/ld+json\" class=\"yoast-schema-graph\">{\"@context\":\"https:\\\/\\\/schema.org\",\"@graph\":[{\"@type\":\"Article\",\"@id\":\"https:\\\/\\\/sindromecharge.es\\\/index.php\\\/2018\\\/11\\\/12\\\/nos-unimos-a-la-celebracion-del-dia-internacional-de-la-enfermedad-de-huntington\\\/#article\",\"isPartOf\":{\"@id\":\"https:\\\/\\\/sindromecharge.es\\\/index.php\\\/2018\\\/11\\\/12\\\/nos-unimos-a-la-celebracion-del-dia-internacional-de-la-enfermedad-de-huntington\\\/\"},\"author\":{\"name\":\"Charge\",\"@id\":\"https:\\\/\\\/sindromecharge.es\\\/#\\\/schema\\\/person\\\/39a60ebe0a2b4d5a11179701e336b039\"},\"headline\":\"Nos unimos a la celebraci\u00f3n del D\u00eda Internacional de la Enfermedad de Huntington\",\"datePublished\":\"2018-11-12T07:26:37+00:00\",\"mainEntityOfPage\":{\"@id\":\"https:\\\/\\\/sindromecharge.es\\\/index.php\\\/2018\\\/11\\\/12\\\/nos-unimos-a-la-celebracion-del-dia-internacional-de-la-enfermedad-de-huntington\\\/\"},\"wordCount\":580,\"commentCount\":0,\"keywords\":[\"enfermedades raras\"],\"articleSection\":[\"noticias\"],\"inLanguage\":\"es\",\"potentialAction\":[{\"@type\":\"CommentAction\",\"name\":\"Comment\",\"target\":[\"https:\\\/\\\/sindromecharge.es\\\/index.php\\\/2018\\\/11\\\/12\\\/nos-unimos-a-la-celebracion-del-dia-internacional-de-la-enfermedad-de-huntington\\\/#respond\"]}]},{\"@type\":\"WebPage\",\"@id\":\"https:\\\/\\\/sindromecharge.es\\\/index.php\\\/2018\\\/11\\\/12\\\/nos-unimos-a-la-celebracion-del-dia-internacional-de-la-enfermedad-de-huntington\\\/\",\"url\":\"https:\\\/\\\/sindromecharge.es\\\/index.php\\\/2018\\\/11\\\/12\\\/nos-unimos-a-la-celebracion-del-dia-internacional-de-la-enfermedad-de-huntington\\\/\",\"name\":\"Nos unimos a la celebraci\u00f3n del D\u00eda Internacional de la Enfermedad de Huntington - Asociaci\u00f3n Espa\u00f1ola S\u00edndrome de Charge\",\"isPartOf\":{\"@id\":\"https:\\\/\\\/sindromecharge.es\\\/#website\"},\"datePublished\":\"2018-11-12T07:26:37+00:00\",\"author\":{\"@id\":\"https:\\\/\\\/sindromecharge.es\\\/#\\\/schema\\\/person\\\/39a60ebe0a2b4d5a11179701e336b039\"},\"breadcrumb\":{\"@id\":\"https:\\\/\\\/sindromecharge.es\\\/index.php\\\/2018\\\/11\\\/12\\\/nos-unimos-a-la-celebracion-del-dia-internacional-de-la-enfermedad-de-huntington\\\/#breadcrumb\"},\"inLanguage\":\"es\",\"potentialAction\":[{\"@type\":\"ReadAction\",\"target\":[\"https:\\\/\\\/sindromecharge.es\\\/index.php\\\/2018\\\/11\\\/12\\\/nos-unimos-a-la-celebracion-del-dia-internacional-de-la-enfermedad-de-huntington\\\/\"]}]},{\"@type\":\"BreadcrumbList\",\"@id\":\"https:\\\/\\\/sindromecharge.es\\\/index.php\\\/2018\\\/11\\\/12\\\/nos-unimos-a-la-celebracion-del-dia-internacional-de-la-enfermedad-de-huntington\\\/#breadcrumb\",\"itemListElement\":[{\"@type\":\"ListItem\",\"position\":1,\"name\":\"Portada\",\"item\":\"https:\\\/\\\/sindromecharge.es\\\/\"},{\"@type\":\"ListItem\",\"position\":2,\"name\":\"Nos unimos a la celebraci\u00f3n del D\u00eda Internacional de la Enfermedad de Huntington\"}]},{\"@type\":\"WebSite\",\"@id\":\"https:\\\/\\\/sindromecharge.es\\\/#website\",\"url\":\"https:\\\/\\\/sindromecharge.es\\\/\",\"name\":\"Asociaci\u00f3n Espa\u00f1ola S\u00edndrome de Charge\",\"description\":\"\",\"potentialAction\":[{\"@type\":\"SearchAction\",\"target\":{\"@type\":\"EntryPoint\",\"urlTemplate\":\"https:\\\/\\\/sindromecharge.es\\\/?s={search_term_string}\"},\"query-input\":{\"@type\":\"PropertyValueSpecification\",\"valueRequired\":true,\"valueName\":\"search_term_string\"}}],\"inLanguage\":\"es\"},{\"@type\":\"Person\",\"@id\":\"https:\\\/\\\/sindromecharge.es\\\/#\\\/schema\\\/person\\\/39a60ebe0a2b4d5a11179701e336b039\",\"name\":\"Charge\",\"image\":{\"@type\":\"ImageObject\",\"inLanguage\":\"es\",\"@id\":\"https:\\\/\\\/secure.gravatar.com\\\/avatar\\\/c3b46e32a0fc3b093a0873fb767bf3293de856293065e84ef06b7ec7a8acfb98?s=96&d=identicon&r=x\",\"url\":\"https:\\\/\\\/secure.gravatar.com\\\/avatar\\\/c3b46e32a0fc3b093a0873fb767bf3293de856293065e84ef06b7ec7a8acfb98?s=96&d=identicon&r=x\",\"contentUrl\":\"https:\\\/\\\/secure.gravatar.com\\\/avatar\\\/c3b46e32a0fc3b093a0873fb767bf3293de856293065e84ef06b7ec7a8acfb98?s=96&d=identicon&r=x\",\"caption\":\"Charge\"},\"url\":\"https:\\\/\\\/sindromecharge.es\\\/index.php\\\/author\\\/admin\\\/\"}]}<\/script>\n<!-- \/ Yoast SEO plugin. -->","yoast_head_json":{"title":"Nos unimos a la celebraci\u00f3n del D\u00eda Internacional de la Enfermedad de Huntington - Asociaci\u00f3n Espa\u00f1ola S\u00edndrome de Charge","robots":{"index":"index","follow":"follow","max-snippet":"max-snippet:-1","max-image-preview":"max-image-preview:large","max-video-preview":"max-video-preview:-1"},"canonical":"https:\/\/sindromecharge.es\/index.php\/2018\/11\/12\/nos-unimos-a-la-celebracion-del-dia-internacional-de-la-enfermedad-de-huntington\/","og_locale":"es_ES","og_type":"article","og_title":"Nos unimos a la celebraci\u00f3n del D\u00eda Internacional de la Enfermedad de Huntington - Asociaci\u00f3n Espa\u00f1ola S\u00edndrome de Charge","og_description":"Leemos en FEDER la siguiente noticia que os reproducimos de forma \u00edntegra: El 13 de noviembre es el D\u00eda Internacional de la Enfermedad de Huntington que se celebra con el prop\u00f3sito de concienciar sobre esta patolog\u00eda neurol\u00f3gica, que tiene una incidencia de 1 sujeto por cada 10.000. Por esta raz\u00f3n, desde FEDER nos unimos a [&hellip;]","og_url":"https:\/\/sindromecharge.es\/index.php\/2018\/11\/12\/nos-unimos-a-la-celebracion-del-dia-internacional-de-la-enfermedad-de-huntington\/","og_site_name":"Asociaci\u00f3n Espa\u00f1ola S\u00edndrome de Charge","article_publisher":"https:\/\/www.facebook.com\/asociacionsindromecharge","article_published_time":"2018-11-12T07:26:37+00:00","og_image":[{"width":300,"height":98,"url":"https:\/\/sindromecharge.es\/wp-content\/uploads\/2013\/09\/logodecharge300x98.png","type":"image\/png"}],"author":"Charge","twitter_card":"summary_large_image","twitter_creator":"@sindromecharge","twitter_site":"@sindromecharge","twitter_misc":{"Escrito por":"Charge","Tiempo de lectura":"3 minutos"},"schema":{"@context":"https:\/\/schema.org","@graph":[{"@type":"Article","@id":"https:\/\/sindromecharge.es\/index.php\/2018\/11\/12\/nos-unimos-a-la-celebracion-del-dia-internacional-de-la-enfermedad-de-huntington\/#article","isPartOf":{"@id":"https:\/\/sindromecharge.es\/index.php\/2018\/11\/12\/nos-unimos-a-la-celebracion-del-dia-internacional-de-la-enfermedad-de-huntington\/"},"author":{"name":"Charge","@id":"https:\/\/sindromecharge.es\/#\/schema\/person\/39a60ebe0a2b4d5a11179701e336b039"},"headline":"Nos unimos a la celebraci\u00f3n del D\u00eda Internacional de la Enfermedad de Huntington","datePublished":"2018-11-12T07:26:37+00:00","mainEntityOfPage":{"@id":"https:\/\/sindromecharge.es\/index.php\/2018\/11\/12\/nos-unimos-a-la-celebracion-del-dia-internacional-de-la-enfermedad-de-huntington\/"},"wordCount":580,"commentCount":0,"keywords":["enfermedades raras"],"articleSection":["noticias"],"inLanguage":"es","potentialAction":[{"@type":"CommentAction","name":"Comment","target":["https:\/\/sindromecharge.es\/index.php\/2018\/11\/12\/nos-unimos-a-la-celebracion-del-dia-internacional-de-la-enfermedad-de-huntington\/#respond"]}]},{"@type":"WebPage","@id":"https:\/\/sindromecharge.es\/index.php\/2018\/11\/12\/nos-unimos-a-la-celebracion-del-dia-internacional-de-la-enfermedad-de-huntington\/","url":"https:\/\/sindromecharge.es\/index.php\/2018\/11\/12\/nos-unimos-a-la-celebracion-del-dia-internacional-de-la-enfermedad-de-huntington\/","name":"Nos unimos a la celebraci\u00f3n del D\u00eda Internacional de la Enfermedad de Huntington - Asociaci\u00f3n Espa\u00f1ola S\u00edndrome de Charge","isPartOf":{"@id":"https:\/\/sindromecharge.es\/#website"},"datePublished":"2018-11-12T07:26:37+00:00","author":{"@id":"https:\/\/sindromecharge.es\/#\/schema\/person\/39a60ebe0a2b4d5a11179701e336b039"},"breadcrumb":{"@id":"https:\/\/sindromecharge.es\/index.php\/2018\/11\/12\/nos-unimos-a-la-celebracion-del-dia-internacional-de-la-enfermedad-de-huntington\/#breadcrumb"},"inLanguage":"es","potentialAction":[{"@type":"ReadAction","target":["https:\/\/sindromecharge.es\/index.php\/2018\/11\/12\/nos-unimos-a-la-celebracion-del-dia-internacional-de-la-enfermedad-de-huntington\/"]}]},{"@type":"BreadcrumbList","@id":"https:\/\/sindromecharge.es\/index.php\/2018\/11\/12\/nos-unimos-a-la-celebracion-del-dia-internacional-de-la-enfermedad-de-huntington\/#breadcrumb","itemListElement":[{"@type":"ListItem","position":1,"name":"Portada","item":"https:\/\/sindromecharge.es\/"},{"@type":"ListItem","position":2,"name":"Nos unimos a la celebraci\u00f3n del D\u00eda Internacional de la Enfermedad de Huntington"}]},{"@type":"WebSite","@id":"https:\/\/sindromecharge.es\/#website","url":"https:\/\/sindromecharge.es\/","name":"Asociaci\u00f3n Espa\u00f1ola S\u00edndrome de Charge","description":"","potentialAction":[{"@type":"SearchAction","target":{"@type":"EntryPoint","urlTemplate":"https:\/\/sindromecharge.es\/?s={search_term_string}"},"query-input":{"@type":"PropertyValueSpecification","valueRequired":true,"valueName":"search_term_string"}}],"inLanguage":"es"},{"@type":"Person","@id":"https:\/\/sindromecharge.es\/#\/schema\/person\/39a60ebe0a2b4d5a11179701e336b039","name":"Charge","image":{"@type":"ImageObject","inLanguage":"es","@id":"https:\/\/secure.gravatar.com\/avatar\/c3b46e32a0fc3b093a0873fb767bf3293de856293065e84ef06b7ec7a8acfb98?s=96&d=identicon&r=x","url":"https:\/\/secure.gravatar.com\/avatar\/c3b46e32a0fc3b093a0873fb767bf3293de856293065e84ef06b7ec7a8acfb98?s=96&d=identicon&r=x","contentUrl":"https:\/\/secure.gravatar.com\/avatar\/c3b46e32a0fc3b093a0873fb767bf3293de856293065e84ef06b7ec7a8acfb98?s=96&d=identicon&r=x","caption":"Charge"},"url":"https:\/\/sindromecharge.es\/index.php\/author\/admin\/"}]}},"_links":{"self":[{"href":"https:\/\/sindromecharge.es\/index.php\/wp-json\/wp\/v2\/posts\/4084","targetHints":{"allow":["GET"]}}],"collection":[{"href":"https:\/\/sindromecharge.es\/index.php\/wp-json\/wp\/v2\/posts"}],"about":[{"href":"https:\/\/sindromecharge.es\/index.php\/wp-json\/wp\/v2\/types\/post"}],"author":[{"embeddable":true,"href":"https:\/\/sindromecharge.es\/index.php\/wp-json\/wp\/v2\/users\/1"}],"replies":[{"embeddable":true,"href":"https:\/\/sindromecharge.es\/index.php\/wp-json\/wp\/v2\/comments?post=4084"}],"version-history":[{"count":0,"href":"https:\/\/sindromecharge.es\/index.php\/wp-json\/wp\/v2\/posts\/4084\/revisions"}],"wp:attachment":[{"href":"https:\/\/sindromecharge.es\/index.php\/wp-json\/wp\/v2\/media?parent=4084"}],"wp:term":[{"taxonomy":"category","embeddable":true,"href":"https:\/\/sindromecharge.es\/index.php\/wp-json\/wp\/v2\/categories?post=4084"},{"taxonomy":"post_tag","embeddable":true,"href":"https:\/\/sindromecharge.es\/index.php\/wp-json\/wp\/v2\/tags?post=4084"}],"curies":[{"name":"wp","href":"https:\/\/api.w.org\/{rel}","templated":true}]}}