{"id":4083,"date":"2018-11-08T10:40:42","date_gmt":"2018-11-08T10:40:42","guid":{"rendered":"https:\/\/sindromecharge.es\/index.php\/2018\/11\/08\/instamos-a-recuperar-la-partida-presupuestaria-para-el-plan-de-diagnostico-genetico-en-enfermedades-raras\/"},"modified":"2018-11-08T10:40:42","modified_gmt":"2018-11-08T10:40:42","slug":"instamos-a-recuperar-la-partida-presupuestaria-para-el-plan-de-diagnostico-genetico-en-enfermedades-raras","status":"publish","type":"post","link":"https:\/\/sindromecharge.es\/index.php\/2018\/11\/08\/instamos-a-recuperar-la-partida-presupuestaria-para-el-plan-de-diagnostico-genetico-en-enfermedades-raras\/","title":{"rendered":"Instamos a recuperar la partida presupuestaria para el Plan de Diagn\u00f3stico Gen\u00e9tico en Enfermedades Raras"},"content":{"rendered":"<p>Leemos en FEDER la siguiente noticia que os reproducimos de forma \u00edntegra: <\/p>\n<p><b>Nota de Prensa<\/b>: La Federaci\u00f3n Espa\u00f1ola de Enfermedades Raras (FEDER) insta a recuperar en 2019 la partida presupuestaria destinada al Plan de Diagn\u00f3stico Gen\u00e9tico que el Ministerio de Sanidad puso en marcha hace un a\u00f1o a trav\u00e9s de una prueba piloto.<\/p>\n<p>Desde la Federaci\u00f3n indican que \u00abse nos inform\u00f3 de que este plan tendr\u00eda continuidad en los pr\u00f3ximos ejercicios con una partida espec\u00edfica\u00bb ha afirmado Juan Carri\u00f3n, Presidente de FEDER y su Fundaci\u00f3n. No obstante, tras una pregunta parlamentaria sobre las partidas presupuestarias para estas patolog\u00edas, el Ministerio ha informado sobre la distribuci\u00f3n presupuestaria para tres estrategias: frente a enfermedades raras, frente a enfermedades neurol\u00f3gicas y para vigilancia en salud.<\/p>\n<p>La organizaci\u00f3n espa\u00f1ola insta al Ministerio de Sanidad a confirmar si dicho plan tendr\u00e1 finalmente continuidad y, en el caso de que as\u00ed sea, en qu\u00e9 partida se integrar\u00e1. Lo hace, adem\u00e1s, a pocos d\u00edas del pr\u00f3ximo Consejo Interterritorial del Sistema Nacional de Salud (SNS), que se celebrar\u00e1 el 15 de noviembre.<\/p>\n<p>En este contexto, FEDER recuerda que la prueba piloto se puso en marcha en 2017 con un presupuesto de 800.000 euros para ser aplicado desde las Comunidades Aut\u00f3nomas. Ahora, \u00abes el momento de conocer y evaluar el impacto de este plan, que empez\u00f3 como una prueba piloto, con el objetivo de poner en valor sus resultados y darle continuidad en los pr\u00f3ximos a\u00f1os\u00bb ha subrayado Juan Carri\u00f3n, Presidente de la Federaci\u00f3n y su Fundaci\u00f3n.<\/p>\n<p>Para ello, a lo largo de este \u00faltimo a\u00f1o, la organizaci\u00f3n no s\u00f3lo ha planteado esta necesidad, sino tambi\u00e9n posibles v\u00edas de acci\u00f3n. Entre ellas, recuerda Carri\u00f3n, se encuentran \u00abintegrar indicadores que permitan medir el impacto del acceso a diagn\u00f3stico y comparar las rutas asistenciales que los pacientes han seguido en cada autonom\u00eda as\u00ed como crear un Comit\u00e9 de Expertos que, de la mano de los pacientes, eval\u00fae los resultados del plan\u00bb.<\/p>\n<h3>El 20% del colectivo ha sufrido un retraso diagn\u00f3stico de 10 a\u00f1os<\/h3>\n<p>La importancia de esta iniciativa radica en que \u00abla mitad de las personas que conviven con estas patolog\u00edas han sufrido un retraso en su diagn\u00f3stico; de hecho, el 20% de ellas han tenido que esperar m\u00e1s de 10 a\u00f1os\u00bb ha contextualizado Carri\u00f3n. Para un porcentaje similar, el diagn\u00f3stico se ha demorado entre 4 y 9 a\u00f1os.<\/p>\n<p>Entre las principales consecuencias que esta realidad deja tras de s\u00ed se encuentra el agravamiento de la enfermedad en el 30% de los casos, adem\u00e1s de una barrera en el acceso a las ayudas ya que \u00abal tratarse de enfermedades \u201csin nombre\u201d no est\u00e1n reconocidas dentro del marco normativo o la cartera b\u00e1sica de prestaciones\u00bb ha puntualizado el Presidente de FEDER.<\/p>\n<h3>Los puntos clave del Interterritorial sobre enfermedades raras<\/h3>\n<p>Adem\u00e1s de los presupuestos para estrategias, el primer interterritorial del nuevo gobierno tambi\u00e9n debatir\u00e1 sobre otras prioridades del movimiento de enfermedades raras, representado en FEDER por la fuerza de m\u00e1s de 340 entidades.<\/p>\n<p>Entre las principales novedades destaca la aprobaci\u00f3n de un procedimiento para facilitar que los Centros, Servicios y Unidades de Referencia (CSUR) puedan ser miembros afiliados de las Redes Europeas de Referencia. Adem\u00e1s, en este marco, se aprobar\u00e1 la designaci\u00f3n de nuevos centros.<\/p>\n<p>Por otro lado, tambi\u00e9n se encuentran la aprobaci\u00f3n del plan para el abordaje de terapias avanzadas, la actualizaci\u00f3n de la cartera de servicios comunes del SNS o el impulso a la iniciativa de compras centralizadas dentro del mismo sistema.<\/p>\n<p style=\"text-align: right\">\u00daltima actualizaci\u00f3n: 08\/11\/2018.<\/p>\n<p>&nbsp;<\/p>\n<p>Fuente: FEDER <a href=\"https:\/\/enfermedades-raras.org\/index.php\/actualidad\/noticias-eventos\/2-feder\/11389-instamos-a-recuperar-en-2019-la-partida-presupuestaria-para-el-plan-de-diagn%C3%B3stico-gen%C3%A9tico-en-enfermedades-raras\" target=\"_blank\">Instamos a recuperar la partida presupuestaria para el Plan de Diagn\u00f3stico Gen\u00e9tico en Enfermedades Raras<\/a><\/p>\n","protected":false},"excerpt":{"rendered":"<p>Leemos en FEDER la siguiente noticia que os reproducimos de forma \u00edntegra: Nota de Prensa: La Federaci\u00f3n Espa\u00f1ola de Enfermedades Raras (FEDER) insta a recuperar en 2019 la partida presupuestaria destinada al Plan de Diagn\u00f3stico Gen\u00e9tico que el Ministerio de Sanidad puso en marcha hace un a\u00f1o a trav\u00e9s de una prueba piloto. Desde la [&hellip;]<\/p>\n","protected":false},"author":1,"featured_media":0,"comment_status":"open","ping_status":"closed","sticky":false,"template":"","format":"standard","meta":{"footnotes":""},"categories":[8],"tags":[36],"class_list":["post-4083","post","type-post","status-publish","format-standard","hentry","category-noticias","tag-enfermedades-raras"],"yoast_head":"<!-- This site is optimized with the Yoast SEO plugin v27.4 - https:\/\/yoast.com\/product\/yoast-seo-wordpress\/ -->\n<title>Instamos a recuperar la partida presupuestaria para el Plan de Diagn\u00f3stico Gen\u00e9tico en Enfermedades Raras - Asociaci\u00f3n Espa\u00f1ola S\u00edndrome de Charge<\/title>\n<meta name=\"robots\" content=\"index, follow, max-snippet:-1, max-image-preview:large, max-video-preview:-1\" \/>\n<link rel=\"canonical\" href=\"https:\/\/sindromecharge.es\/index.php\/2018\/11\/08\/instamos-a-recuperar-la-partida-presupuestaria-para-el-plan-de-diagnostico-genetico-en-enfermedades-raras\/\" \/>\n<meta property=\"og:locale\" content=\"es_ES\" \/>\n<meta property=\"og:type\" content=\"article\" \/>\n<meta property=\"og:title\" content=\"Instamos a recuperar la partida presupuestaria para el Plan de Diagn\u00f3stico Gen\u00e9tico en Enfermedades Raras - Asociaci\u00f3n Espa\u00f1ola S\u00edndrome de Charge\" \/>\n<meta property=\"og:description\" content=\"Leemos en FEDER la siguiente noticia que os reproducimos de forma \u00edntegra: Nota de Prensa: La Federaci\u00f3n Espa\u00f1ola de Enfermedades Raras (FEDER) insta a recuperar en 2019 la partida presupuestaria destinada al Plan de Diagn\u00f3stico Gen\u00e9tico que el Ministerio de Sanidad puso en marcha hace un a\u00f1o a trav\u00e9s de una prueba piloto. Desde la [&hellip;]\" \/>\n<meta property=\"og:url\" content=\"https:\/\/sindromecharge.es\/index.php\/2018\/11\/08\/instamos-a-recuperar-la-partida-presupuestaria-para-el-plan-de-diagnostico-genetico-en-enfermedades-raras\/\" \/>\n<meta property=\"og:site_name\" content=\"Asociaci\u00f3n Espa\u00f1ola S\u00edndrome de Charge\" \/>\n<meta property=\"article:publisher\" content=\"https:\/\/www.facebook.com\/asociacionsindromecharge\" \/>\n<meta property=\"article:published_time\" content=\"2018-11-08T10:40:42+00:00\" \/>\n<meta property=\"og:image\" content=\"https:\/\/sindromecharge.es\/wp-content\/uploads\/2013\/09\/logodecharge300x98.png\" \/>\n\t<meta property=\"og:image:width\" content=\"300\" \/>\n\t<meta property=\"og:image:height\" content=\"98\" \/>\n\t<meta property=\"og:image:type\" content=\"image\/png\" \/>\n<meta name=\"author\" content=\"Charge\" \/>\n<meta name=\"twitter:card\" content=\"summary_large_image\" \/>\n<meta name=\"twitter:creator\" content=\"@sindromecharge\" \/>\n<meta name=\"twitter:site\" content=\"@sindromecharge\" \/>\n<meta name=\"twitter:label1\" content=\"Escrito por\" \/>\n\t<meta name=\"twitter:data1\" content=\"Charge\" \/>\n\t<meta name=\"twitter:label2\" content=\"Tiempo de lectura\" \/>\n\t<meta name=\"twitter:data2\" content=\"3 minutos\" \/>\n<script type=\"application\/ld+json\" class=\"yoast-schema-graph\">{\"@context\":\"https:\\\/\\\/schema.org\",\"@graph\":[{\"@type\":\"Article\",\"@id\":\"https:\\\/\\\/sindromecharge.es\\\/index.php\\\/2018\\\/11\\\/08\\\/instamos-a-recuperar-la-partida-presupuestaria-para-el-plan-de-diagnostico-genetico-en-enfermedades-raras\\\/#article\",\"isPartOf\":{\"@id\":\"https:\\\/\\\/sindromecharge.es\\\/index.php\\\/2018\\\/11\\\/08\\\/instamos-a-recuperar-la-partida-presupuestaria-para-el-plan-de-diagnostico-genetico-en-enfermedades-raras\\\/\"},\"author\":{\"name\":\"Charge\",\"@id\":\"https:\\\/\\\/sindromecharge.es\\\/#\\\/schema\\\/person\\\/39a60ebe0a2b4d5a11179701e336b039\"},\"headline\":\"Instamos a recuperar la partida presupuestaria para el Plan de Diagn\u00f3stico Gen\u00e9tico en Enfermedades Raras\",\"datePublished\":\"2018-11-08T10:40:42+00:00\",\"mainEntityOfPage\":{\"@id\":\"https:\\\/\\\/sindromecharge.es\\\/index.php\\\/2018\\\/11\\\/08\\\/instamos-a-recuperar-la-partida-presupuestaria-para-el-plan-de-diagnostico-genetico-en-enfermedades-raras\\\/\"},\"wordCount\":656,\"commentCount\":0,\"keywords\":[\"enfermedades raras\"],\"articleSection\":[\"noticias\"],\"inLanguage\":\"es\",\"potentialAction\":[{\"@type\":\"CommentAction\",\"name\":\"Comment\",\"target\":[\"https:\\\/\\\/sindromecharge.es\\\/index.php\\\/2018\\\/11\\\/08\\\/instamos-a-recuperar-la-partida-presupuestaria-para-el-plan-de-diagnostico-genetico-en-enfermedades-raras\\\/#respond\"]}]},{\"@type\":\"WebPage\",\"@id\":\"https:\\\/\\\/sindromecharge.es\\\/index.php\\\/2018\\\/11\\\/08\\\/instamos-a-recuperar-la-partida-presupuestaria-para-el-plan-de-diagnostico-genetico-en-enfermedades-raras\\\/\",\"url\":\"https:\\\/\\\/sindromecharge.es\\\/index.php\\\/2018\\\/11\\\/08\\\/instamos-a-recuperar-la-partida-presupuestaria-para-el-plan-de-diagnostico-genetico-en-enfermedades-raras\\\/\",\"name\":\"Instamos a recuperar la partida presupuestaria para el Plan de Diagn\u00f3stico Gen\u00e9tico en Enfermedades Raras - Asociaci\u00f3n Espa\u00f1ola S\u00edndrome de Charge\",\"isPartOf\":{\"@id\":\"https:\\\/\\\/sindromecharge.es\\\/#website\"},\"datePublished\":\"2018-11-08T10:40:42+00:00\",\"author\":{\"@id\":\"https:\\\/\\\/sindromecharge.es\\\/#\\\/schema\\\/person\\\/39a60ebe0a2b4d5a11179701e336b039\"},\"breadcrumb\":{\"@id\":\"https:\\\/\\\/sindromecharge.es\\\/index.php\\\/2018\\\/11\\\/08\\\/instamos-a-recuperar-la-partida-presupuestaria-para-el-plan-de-diagnostico-genetico-en-enfermedades-raras\\\/#breadcrumb\"},\"inLanguage\":\"es\",\"potentialAction\":[{\"@type\":\"ReadAction\",\"target\":[\"https:\\\/\\\/sindromecharge.es\\\/index.php\\\/2018\\\/11\\\/08\\\/instamos-a-recuperar-la-partida-presupuestaria-para-el-plan-de-diagnostico-genetico-en-enfermedades-raras\\\/\"]}]},{\"@type\":\"BreadcrumbList\",\"@id\":\"https:\\\/\\\/sindromecharge.es\\\/index.php\\\/2018\\\/11\\\/08\\\/instamos-a-recuperar-la-partida-presupuestaria-para-el-plan-de-diagnostico-genetico-en-enfermedades-raras\\\/#breadcrumb\",\"itemListElement\":[{\"@type\":\"ListItem\",\"position\":1,\"name\":\"Portada\",\"item\":\"https:\\\/\\\/sindromecharge.es\\\/\"},{\"@type\":\"ListItem\",\"position\":2,\"name\":\"Instamos a recuperar la partida presupuestaria para el Plan de Diagn\u00f3stico Gen\u00e9tico en Enfermedades Raras\"}]},{\"@type\":\"WebSite\",\"@id\":\"https:\\\/\\\/sindromecharge.es\\\/#website\",\"url\":\"https:\\\/\\\/sindromecharge.es\\\/\",\"name\":\"Asociaci\u00f3n Espa\u00f1ola S\u00edndrome de Charge\",\"description\":\"\",\"potentialAction\":[{\"@type\":\"SearchAction\",\"target\":{\"@type\":\"EntryPoint\",\"urlTemplate\":\"https:\\\/\\\/sindromecharge.es\\\/?s={search_term_string}\"},\"query-input\":{\"@type\":\"PropertyValueSpecification\",\"valueRequired\":true,\"valueName\":\"search_term_string\"}}],\"inLanguage\":\"es\"},{\"@type\":\"Person\",\"@id\":\"https:\\\/\\\/sindromecharge.es\\\/#\\\/schema\\\/person\\\/39a60ebe0a2b4d5a11179701e336b039\",\"name\":\"Charge\",\"image\":{\"@type\":\"ImageObject\",\"inLanguage\":\"es\",\"@id\":\"https:\\\/\\\/secure.gravatar.com\\\/avatar\\\/c3b46e32a0fc3b093a0873fb767bf3293de856293065e84ef06b7ec7a8acfb98?s=96&d=identicon&r=x\",\"url\":\"https:\\\/\\\/secure.gravatar.com\\\/avatar\\\/c3b46e32a0fc3b093a0873fb767bf3293de856293065e84ef06b7ec7a8acfb98?s=96&d=identicon&r=x\",\"contentUrl\":\"https:\\\/\\\/secure.gravatar.com\\\/avatar\\\/c3b46e32a0fc3b093a0873fb767bf3293de856293065e84ef06b7ec7a8acfb98?s=96&d=identicon&r=x\",\"caption\":\"Charge\"},\"url\":\"https:\\\/\\\/sindromecharge.es\\\/index.php\\\/author\\\/admin\\\/\"}]}<\/script>\n<!-- \/ Yoast SEO plugin. -->","yoast_head_json":{"title":"Instamos a recuperar la partida presupuestaria para el Plan de Diagn\u00f3stico Gen\u00e9tico en Enfermedades Raras - Asociaci\u00f3n Espa\u00f1ola S\u00edndrome de Charge","robots":{"index":"index","follow":"follow","max-snippet":"max-snippet:-1","max-image-preview":"max-image-preview:large","max-video-preview":"max-video-preview:-1"},"canonical":"https:\/\/sindromecharge.es\/index.php\/2018\/11\/08\/instamos-a-recuperar-la-partida-presupuestaria-para-el-plan-de-diagnostico-genetico-en-enfermedades-raras\/","og_locale":"es_ES","og_type":"article","og_title":"Instamos a recuperar la partida presupuestaria para el Plan de Diagn\u00f3stico Gen\u00e9tico en Enfermedades Raras - Asociaci\u00f3n Espa\u00f1ola S\u00edndrome de Charge","og_description":"Leemos en FEDER la siguiente noticia que os reproducimos de forma \u00edntegra: Nota de Prensa: La Federaci\u00f3n Espa\u00f1ola de Enfermedades Raras (FEDER) insta a recuperar en 2019 la partida presupuestaria destinada al Plan de Diagn\u00f3stico Gen\u00e9tico que el Ministerio de Sanidad puso en marcha hace un a\u00f1o a trav\u00e9s de una prueba piloto. Desde la [&hellip;]","og_url":"https:\/\/sindromecharge.es\/index.php\/2018\/11\/08\/instamos-a-recuperar-la-partida-presupuestaria-para-el-plan-de-diagnostico-genetico-en-enfermedades-raras\/","og_site_name":"Asociaci\u00f3n Espa\u00f1ola S\u00edndrome de Charge","article_publisher":"https:\/\/www.facebook.com\/asociacionsindromecharge","article_published_time":"2018-11-08T10:40:42+00:00","og_image":[{"width":300,"height":98,"url":"https:\/\/sindromecharge.es\/wp-content\/uploads\/2013\/09\/logodecharge300x98.png","type":"image\/png"}],"author":"Charge","twitter_card":"summary_large_image","twitter_creator":"@sindromecharge","twitter_site":"@sindromecharge","twitter_misc":{"Escrito por":"Charge","Tiempo de lectura":"3 minutos"},"schema":{"@context":"https:\/\/schema.org","@graph":[{"@type":"Article","@id":"https:\/\/sindromecharge.es\/index.php\/2018\/11\/08\/instamos-a-recuperar-la-partida-presupuestaria-para-el-plan-de-diagnostico-genetico-en-enfermedades-raras\/#article","isPartOf":{"@id":"https:\/\/sindromecharge.es\/index.php\/2018\/11\/08\/instamos-a-recuperar-la-partida-presupuestaria-para-el-plan-de-diagnostico-genetico-en-enfermedades-raras\/"},"author":{"name":"Charge","@id":"https:\/\/sindromecharge.es\/#\/schema\/person\/39a60ebe0a2b4d5a11179701e336b039"},"headline":"Instamos a recuperar la partida presupuestaria para el Plan de Diagn\u00f3stico Gen\u00e9tico en Enfermedades Raras","datePublished":"2018-11-08T10:40:42+00:00","mainEntityOfPage":{"@id":"https:\/\/sindromecharge.es\/index.php\/2018\/11\/08\/instamos-a-recuperar-la-partida-presupuestaria-para-el-plan-de-diagnostico-genetico-en-enfermedades-raras\/"},"wordCount":656,"commentCount":0,"keywords":["enfermedades raras"],"articleSection":["noticias"],"inLanguage":"es","potentialAction":[{"@type":"CommentAction","name":"Comment","target":["https:\/\/sindromecharge.es\/index.php\/2018\/11\/08\/instamos-a-recuperar-la-partida-presupuestaria-para-el-plan-de-diagnostico-genetico-en-enfermedades-raras\/#respond"]}]},{"@type":"WebPage","@id":"https:\/\/sindromecharge.es\/index.php\/2018\/11\/08\/instamos-a-recuperar-la-partida-presupuestaria-para-el-plan-de-diagnostico-genetico-en-enfermedades-raras\/","url":"https:\/\/sindromecharge.es\/index.php\/2018\/11\/08\/instamos-a-recuperar-la-partida-presupuestaria-para-el-plan-de-diagnostico-genetico-en-enfermedades-raras\/","name":"Instamos a recuperar la partida presupuestaria para el Plan de Diagn\u00f3stico Gen\u00e9tico en Enfermedades Raras - Asociaci\u00f3n Espa\u00f1ola S\u00edndrome de Charge","isPartOf":{"@id":"https:\/\/sindromecharge.es\/#website"},"datePublished":"2018-11-08T10:40:42+00:00","author":{"@id":"https:\/\/sindromecharge.es\/#\/schema\/person\/39a60ebe0a2b4d5a11179701e336b039"},"breadcrumb":{"@id":"https:\/\/sindromecharge.es\/index.php\/2018\/11\/08\/instamos-a-recuperar-la-partida-presupuestaria-para-el-plan-de-diagnostico-genetico-en-enfermedades-raras\/#breadcrumb"},"inLanguage":"es","potentialAction":[{"@type":"ReadAction","target":["https:\/\/sindromecharge.es\/index.php\/2018\/11\/08\/instamos-a-recuperar-la-partida-presupuestaria-para-el-plan-de-diagnostico-genetico-en-enfermedades-raras\/"]}]},{"@type":"BreadcrumbList","@id":"https:\/\/sindromecharge.es\/index.php\/2018\/11\/08\/instamos-a-recuperar-la-partida-presupuestaria-para-el-plan-de-diagnostico-genetico-en-enfermedades-raras\/#breadcrumb","itemListElement":[{"@type":"ListItem","position":1,"name":"Portada","item":"https:\/\/sindromecharge.es\/"},{"@type":"ListItem","position":2,"name":"Instamos a recuperar la partida presupuestaria para el Plan de Diagn\u00f3stico Gen\u00e9tico en Enfermedades Raras"}]},{"@type":"WebSite","@id":"https:\/\/sindromecharge.es\/#website","url":"https:\/\/sindromecharge.es\/","name":"Asociaci\u00f3n Espa\u00f1ola S\u00edndrome de Charge","description":"","potentialAction":[{"@type":"SearchAction","target":{"@type":"EntryPoint","urlTemplate":"https:\/\/sindromecharge.es\/?s={search_term_string}"},"query-input":{"@type":"PropertyValueSpecification","valueRequired":true,"valueName":"search_term_string"}}],"inLanguage":"es"},{"@type":"Person","@id":"https:\/\/sindromecharge.es\/#\/schema\/person\/39a60ebe0a2b4d5a11179701e336b039","name":"Charge","image":{"@type":"ImageObject","inLanguage":"es","@id":"https:\/\/secure.gravatar.com\/avatar\/c3b46e32a0fc3b093a0873fb767bf3293de856293065e84ef06b7ec7a8acfb98?s=96&d=identicon&r=x","url":"https:\/\/secure.gravatar.com\/avatar\/c3b46e32a0fc3b093a0873fb767bf3293de856293065e84ef06b7ec7a8acfb98?s=96&d=identicon&r=x","contentUrl":"https:\/\/secure.gravatar.com\/avatar\/c3b46e32a0fc3b093a0873fb767bf3293de856293065e84ef06b7ec7a8acfb98?s=96&d=identicon&r=x","caption":"Charge"},"url":"https:\/\/sindromecharge.es\/index.php\/author\/admin\/"}]}},"_links":{"self":[{"href":"https:\/\/sindromecharge.es\/index.php\/wp-json\/wp\/v2\/posts\/4083","targetHints":{"allow":["GET"]}}],"collection":[{"href":"https:\/\/sindromecharge.es\/index.php\/wp-json\/wp\/v2\/posts"}],"about":[{"href":"https:\/\/sindromecharge.es\/index.php\/wp-json\/wp\/v2\/types\/post"}],"author":[{"embeddable":true,"href":"https:\/\/sindromecharge.es\/index.php\/wp-json\/wp\/v2\/users\/1"}],"replies":[{"embeddable":true,"href":"https:\/\/sindromecharge.es\/index.php\/wp-json\/wp\/v2\/comments?post=4083"}],"version-history":[{"count":0,"href":"https:\/\/sindromecharge.es\/index.php\/wp-json\/wp\/v2\/posts\/4083\/revisions"}],"wp:attachment":[{"href":"https:\/\/sindromecharge.es\/index.php\/wp-json\/wp\/v2\/media?parent=4083"}],"wp:term":[{"taxonomy":"category","embeddable":true,"href":"https:\/\/sindromecharge.es\/index.php\/wp-json\/wp\/v2\/categories?post=4083"},{"taxonomy":"post_tag","embeddable":true,"href":"https:\/\/sindromecharge.es\/index.php\/wp-json\/wp\/v2\/tags?post=4083"}],"curies":[{"name":"wp","href":"https:\/\/api.w.org\/{rel}","templated":true}]}}