{"id":4079,"date":"2018-11-05T21:02:00","date_gmt":"2018-11-05T21:02:00","guid":{"rendered":"https:\/\/sindromecharge.es\/index.php\/2018\/11\/05\/la-oms-integra-nuestro-posicionamiento-para-incluir-las-er-en-su-accion-frente-a-ent\/"},"modified":"2018-11-05T21:02:00","modified_gmt":"2018-11-05T21:02:00","slug":"la-oms-integra-nuestro-posicionamiento-para-incluir-las-er-en-su-accion-frente-a-ent","status":"publish","type":"post","link":"https:\/\/sindromecharge.es\/index.php\/2018\/11\/05\/la-oms-integra-nuestro-posicionamiento-para-incluir-las-er-en-su-accion-frente-a-ent\/","title":{"rendered":"La OMS integra nuestro posicionamiento para incluir las ER en su acci\u00f3n frente a ENT"},"content":{"rendered":"<p>Leemos en FEDER la siguiente noticia que os reproducimos de forma \u00edntegra: <\/p>\n<p>La Organizaci\u00f3n Mundial de la Salud (OMS) ha integrado en su web, en el marco de los contenidos abordados en la III Reuni\u00f3n de Alto Nivel de Naciones Unidas, el posicionamiento que, desde el movimiento iberoamericano, lanzamos para&nbsp;integrar el abordaje de las enfermedades raras dentro de la acci\u00f3n que la Organizaci\u00f3n de Naciones Unidas (ONU) lleva a cabo frente a las enfermedades no transmisibles (ENT) con el objetivo de garantizar la cobertura universal de la salud.<\/p>\n<p>Este posicionamiento lo lanzamos con motivo de esta reuni\u00f3n que se llev\u00f3 a cabo el pasado 27 de septiembre en Nueva York sobre prevenci\u00f3n y control de ENT, enfermedades de larga duraci\u00f3n con una progresi\u00f3n generalmente lenta. Entre ellas, se identifican las enfermedades cardiovasculares, el c\u00e1ncer, la diabetes o las neumopat\u00edas cr\u00f3nicas.<\/p>\n<p>En esta l\u00ednea, la Federaci\u00f3n Espa\u00f1ola de Enfermedades Raras (FEDER), la Alianza Iberoamericana de Enfermedades Raras (ALIBER) y la Federaci\u00f3n Argentina de Enfermedades Poco Frecuentes (FADEPOP) lanzamos un posicionamiento en el que se pone de relieve la necesidad de actualizar el listado de ENT contempladas en la ONU e integrar en \u00e9l enfermedades complejas como las enfermedades raras.<\/p>\n<p>Con este posicionamiento, el tejido asociativo busca crear medidas sobre la inclusi\u00f3n de servicios sanitarios, atenci\u00f3n m\u00e9dica y terap\u00e9utica para las enfermedades no transmisibles ni prevenibles (mediante una prevenci\u00f3n primaria) dentro del conjunto b\u00e1sico de prestaciones de la cobertura universal de salud.<\/p>\n<p>Para lograrlo, el colectivo propone crear una sub-categor\u00eda que incluya a las enfermedades raras como ENT, porque si bien la mayor\u00eda son de car\u00e1cter gen\u00e9tico, s\u00ed pueden prevenirse a trav\u00e9s de mecanismos de prevenci\u00f3n secundarios y terciarios como son las pruebas de detecci\u00f3n precoz, el cribado neonatal, el acceso a tratamiento o el abordaje terap\u00e9utico.<\/p>\n<p>Enfermedades que, aunque se cifran en m\u00e1s de 7.000, comparten una realidad com\u00fan: comienzo precoz, pron\u00f3stico vital en juego y cronicidad. A ello, se unen los problemas m\u00e1s urgentes del movimiento: de un lado, el retraso en la obtenci\u00f3n del diagn\u00f3stico y, de otro, el acceso a medicamentos, ya que tan s\u00f3lo el 5% de las enfermedades raras cuentan con tratamiento.<\/p>\n<h3>Medidas para abordar las ER como ENT<\/h3>\n<p>En esta misma l\u00ednea, FEDER, ALIBER y FADEPOP proponen establecer una actualizaci\u00f3n del listado de medicamentos esenciales incluyendo aquellos que seg\u00fan evidencia cient\u00edfica son eficaces, seguros y de calidad as\u00ed como alcanzar un compromiso sobre una pol\u00edtica integrada referida al \u201cacceso y uso racional\u201d de los medicamentos y las tecnolog\u00edas sanitarias esenciales y estrat\u00e9gicas, incluidos los que se consideren de alto costo, ya que muchos de \u00e9stos para las enfermedades complejas y\/o poco frecuentes a d\u00eda de hoy se consideran esenciales.<\/p>\n<p>Y todo ello, bajo la necesidad de que los compromisos se traduzcan en medidas legislativas y reglamentarias, inversi\u00f3n y financiaci\u00f3n de programas contra ENT y ENT no prevenibles. Porque, como indica el movimiento de pacientes en el posicionamiento, los sistemas sanitarios no siempre cuentan con los recursos, por lo que es imperioso establecer estrategias globales que permitan acumular experiencia en las regiones fronterizas si la asistencia sanitaria o los tratamientos que se requieran no est\u00e1n disponibles en el pa\u00eds de origen o al menos no en un tiempo razonable.<\/p>\n<h3>\u201cNo dejar a nadie atr\u00e1s\u201d<\/h3>\n<p>La propuesta se enmarca, adem\u00e1s, en el compromiso 2030 de la ONU de \u201cno dejar a nadie atr\u00e1s\u201d, buscando aplicar un enfoque intersectorial que abarque la salud en todas las pol\u00edticas, en todos los \u00e1mbitos gubernamentales y en toda la sociedad.<\/p>\n<p>Y es que, \u00abs\u00f3lo mediante la coordinaci\u00f3n internacional paliaremos la escasez de muestra, evitaremos duplicidades, concentraremos recursos y reduciremos los tiempos e inversi\u00f3n en el desarrollo de tratamientos\u00bb.<\/p>\n<p>Con estas palabras, Juan Carri\u00f3n, Presidente de FEDER y ALIBER, ha hecho referencia la necesidad de \u00abtrabajar globalmente para lograr una cobertura universal de la salud y, para lograrlo, el abordaje de las enfermedades raras es sin duda alguna uno de los nuevos desaf\u00edos de salud que enfrenta la ONU\u00bb.<\/p>\n<p style=\"text-align: right\">\u00daltima actualizaci\u00f3n: 27\/09\/2018.<\/p>\n<p>Fuente: FEDER <a href=\"https:\/\/enfermedades-raras.org\/index.php\/actualidad\/noticias-eventos\/2-feder\/11384-posicionamiento-integrar-las-enfermedades-raras-dentro-de-la-acci%C3%B3n-de-la-onu-frente-a-enfermedades-no-transmisibles-2\" target=\"_blank\">La OMS integra nuestro posicionamiento para incluir las ER en su acci\u00f3n frente a ENT<\/a><\/p>\n","protected":false},"excerpt":{"rendered":"<p>Leemos en FEDER la siguiente noticia que os reproducimos de forma \u00edntegra: La Organizaci\u00f3n Mundial de la Salud (OMS) ha integrado en su web, en el marco de los contenidos abordados en la III Reuni\u00f3n de Alto Nivel de Naciones Unidas, el posicionamiento que, desde el movimiento iberoamericano, lanzamos para&nbsp;integrar el abordaje de las enfermedades [&hellip;]<\/p>\n","protected":false},"author":1,"featured_media":0,"comment_status":"open","ping_status":"closed","sticky":false,"template":"","format":"standard","meta":{"footnotes":""},"categories":[8],"tags":[36],"class_list":["post-4079","post","type-post","status-publish","format-standard","hentry","category-noticias","tag-enfermedades-raras"],"yoast_head":"<!-- This site is optimized with the Yoast SEO plugin v27.4 - https:\/\/yoast.com\/product\/yoast-seo-wordpress\/ -->\n<title>La OMS integra nuestro posicionamiento para incluir las ER en su acci\u00f3n frente a ENT - Asociaci\u00f3n Espa\u00f1ola S\u00edndrome de Charge<\/title>\n<meta name=\"robots\" content=\"index, follow, max-snippet:-1, max-image-preview:large, max-video-preview:-1\" \/>\n<link rel=\"canonical\" href=\"https:\/\/sindromecharge.es\/index.php\/2018\/11\/05\/la-oms-integra-nuestro-posicionamiento-para-incluir-las-er-en-su-accion-frente-a-ent\/\" \/>\n<meta property=\"og:locale\" content=\"es_ES\" \/>\n<meta property=\"og:type\" content=\"article\" \/>\n<meta property=\"og:title\" content=\"La OMS integra nuestro posicionamiento para incluir las ER en su acci\u00f3n frente a ENT - Asociaci\u00f3n Espa\u00f1ola S\u00edndrome de Charge\" \/>\n<meta property=\"og:description\" content=\"Leemos en FEDER la siguiente noticia que os reproducimos de forma \u00edntegra: La Organizaci\u00f3n Mundial de la Salud (OMS) ha integrado en su web, en el marco de los contenidos abordados en la III Reuni\u00f3n de Alto Nivel de Naciones Unidas, el posicionamiento que, desde el movimiento iberoamericano, lanzamos para&nbsp;integrar el abordaje de las enfermedades [&hellip;]\" \/>\n<meta property=\"og:url\" content=\"https:\/\/sindromecharge.es\/index.php\/2018\/11\/05\/la-oms-integra-nuestro-posicionamiento-para-incluir-las-er-en-su-accion-frente-a-ent\/\" \/>\n<meta property=\"og:site_name\" content=\"Asociaci\u00f3n Espa\u00f1ola S\u00edndrome de Charge\" \/>\n<meta property=\"article:publisher\" content=\"https:\/\/www.facebook.com\/asociacionsindromecharge\" \/>\n<meta property=\"article:published_time\" content=\"2018-11-05T21:02:00+00:00\" \/>\n<meta property=\"og:image\" content=\"https:\/\/sindromecharge.es\/wp-content\/uploads\/2013\/09\/logodecharge300x98.png\" \/>\n\t<meta property=\"og:image:width\" content=\"300\" \/>\n\t<meta property=\"og:image:height\" content=\"98\" \/>\n\t<meta property=\"og:image:type\" content=\"image\/png\" \/>\n<meta name=\"author\" content=\"Charge\" \/>\n<meta name=\"twitter:card\" content=\"summary_large_image\" \/>\n<meta name=\"twitter:creator\" content=\"@sindromecharge\" \/>\n<meta name=\"twitter:site\" content=\"@sindromecharge\" \/>\n<meta name=\"twitter:label1\" content=\"Escrito por\" \/>\n\t<meta name=\"twitter:data1\" content=\"Charge\" \/>\n\t<meta name=\"twitter:label2\" content=\"Tiempo de lectura\" \/>\n\t<meta name=\"twitter:data2\" content=\"4 minutos\" \/>\n<script type=\"application\/ld+json\" class=\"yoast-schema-graph\">{\"@context\":\"https:\\\/\\\/schema.org\",\"@graph\":[{\"@type\":\"Article\",\"@id\":\"https:\\\/\\\/sindromecharge.es\\\/index.php\\\/2018\\\/11\\\/05\\\/la-oms-integra-nuestro-posicionamiento-para-incluir-las-er-en-su-accion-frente-a-ent\\\/#article\",\"isPartOf\":{\"@id\":\"https:\\\/\\\/sindromecharge.es\\\/index.php\\\/2018\\\/11\\\/05\\\/la-oms-integra-nuestro-posicionamiento-para-incluir-las-er-en-su-accion-frente-a-ent\\\/\"},\"author\":{\"name\":\"Charge\",\"@id\":\"https:\\\/\\\/sindromecharge.es\\\/#\\\/schema\\\/person\\\/39a60ebe0a2b4d5a11179701e336b039\"},\"headline\":\"La OMS integra nuestro posicionamiento para incluir las ER en su acci\u00f3n frente a ENT\",\"datePublished\":\"2018-11-05T21:02:00+00:00\",\"mainEntityOfPage\":{\"@id\":\"https:\\\/\\\/sindromecharge.es\\\/index.php\\\/2018\\\/11\\\/05\\\/la-oms-integra-nuestro-posicionamiento-para-incluir-las-er-en-su-accion-frente-a-ent\\\/\"},\"wordCount\":750,\"commentCount\":0,\"keywords\":[\"enfermedades raras\"],\"articleSection\":[\"noticias\"],\"inLanguage\":\"es\",\"potentialAction\":[{\"@type\":\"CommentAction\",\"name\":\"Comment\",\"target\":[\"https:\\\/\\\/sindromecharge.es\\\/index.php\\\/2018\\\/11\\\/05\\\/la-oms-integra-nuestro-posicionamiento-para-incluir-las-er-en-su-accion-frente-a-ent\\\/#respond\"]}]},{\"@type\":\"WebPage\",\"@id\":\"https:\\\/\\\/sindromecharge.es\\\/index.php\\\/2018\\\/11\\\/05\\\/la-oms-integra-nuestro-posicionamiento-para-incluir-las-er-en-su-accion-frente-a-ent\\\/\",\"url\":\"https:\\\/\\\/sindromecharge.es\\\/index.php\\\/2018\\\/11\\\/05\\\/la-oms-integra-nuestro-posicionamiento-para-incluir-las-er-en-su-accion-frente-a-ent\\\/\",\"name\":\"La OMS integra nuestro posicionamiento para incluir las ER en su acci\u00f3n frente a ENT - Asociaci\u00f3n Espa\u00f1ola S\u00edndrome de Charge\",\"isPartOf\":{\"@id\":\"https:\\\/\\\/sindromecharge.es\\\/#website\"},\"datePublished\":\"2018-11-05T21:02:00+00:00\",\"author\":{\"@id\":\"https:\\\/\\\/sindromecharge.es\\\/#\\\/schema\\\/person\\\/39a60ebe0a2b4d5a11179701e336b039\"},\"breadcrumb\":{\"@id\":\"https:\\\/\\\/sindromecharge.es\\\/index.php\\\/2018\\\/11\\\/05\\\/la-oms-integra-nuestro-posicionamiento-para-incluir-las-er-en-su-accion-frente-a-ent\\\/#breadcrumb\"},\"inLanguage\":\"es\",\"potentialAction\":[{\"@type\":\"ReadAction\",\"target\":[\"https:\\\/\\\/sindromecharge.es\\\/index.php\\\/2018\\\/11\\\/05\\\/la-oms-integra-nuestro-posicionamiento-para-incluir-las-er-en-su-accion-frente-a-ent\\\/\"]}]},{\"@type\":\"BreadcrumbList\",\"@id\":\"https:\\\/\\\/sindromecharge.es\\\/index.php\\\/2018\\\/11\\\/05\\\/la-oms-integra-nuestro-posicionamiento-para-incluir-las-er-en-su-accion-frente-a-ent\\\/#breadcrumb\",\"itemListElement\":[{\"@type\":\"ListItem\",\"position\":1,\"name\":\"Portada\",\"item\":\"https:\\\/\\\/sindromecharge.es\\\/\"},{\"@type\":\"ListItem\",\"position\":2,\"name\":\"La OMS integra nuestro posicionamiento para incluir las ER en su acci\u00f3n frente a ENT\"}]},{\"@type\":\"WebSite\",\"@id\":\"https:\\\/\\\/sindromecharge.es\\\/#website\",\"url\":\"https:\\\/\\\/sindromecharge.es\\\/\",\"name\":\"Asociaci\u00f3n Espa\u00f1ola S\u00edndrome de Charge\",\"description\":\"\",\"potentialAction\":[{\"@type\":\"SearchAction\",\"target\":{\"@type\":\"EntryPoint\",\"urlTemplate\":\"https:\\\/\\\/sindromecharge.es\\\/?s={search_term_string}\"},\"query-input\":{\"@type\":\"PropertyValueSpecification\",\"valueRequired\":true,\"valueName\":\"search_term_string\"}}],\"inLanguage\":\"es\"},{\"@type\":\"Person\",\"@id\":\"https:\\\/\\\/sindromecharge.es\\\/#\\\/schema\\\/person\\\/39a60ebe0a2b4d5a11179701e336b039\",\"name\":\"Charge\",\"image\":{\"@type\":\"ImageObject\",\"inLanguage\":\"es\",\"@id\":\"https:\\\/\\\/secure.gravatar.com\\\/avatar\\\/c3b46e32a0fc3b093a0873fb767bf3293de856293065e84ef06b7ec7a8acfb98?s=96&d=identicon&r=x\",\"url\":\"https:\\\/\\\/secure.gravatar.com\\\/avatar\\\/c3b46e32a0fc3b093a0873fb767bf3293de856293065e84ef06b7ec7a8acfb98?s=96&d=identicon&r=x\",\"contentUrl\":\"https:\\\/\\\/secure.gravatar.com\\\/avatar\\\/c3b46e32a0fc3b093a0873fb767bf3293de856293065e84ef06b7ec7a8acfb98?s=96&d=identicon&r=x\",\"caption\":\"Charge\"},\"url\":\"https:\\\/\\\/sindromecharge.es\\\/index.php\\\/author\\\/admin\\\/\"}]}<\/script>\n<!-- \/ Yoast SEO plugin. -->","yoast_head_json":{"title":"La OMS integra nuestro posicionamiento para incluir las ER en su acci\u00f3n frente a ENT - Asociaci\u00f3n Espa\u00f1ola S\u00edndrome de Charge","robots":{"index":"index","follow":"follow","max-snippet":"max-snippet:-1","max-image-preview":"max-image-preview:large","max-video-preview":"max-video-preview:-1"},"canonical":"https:\/\/sindromecharge.es\/index.php\/2018\/11\/05\/la-oms-integra-nuestro-posicionamiento-para-incluir-las-er-en-su-accion-frente-a-ent\/","og_locale":"es_ES","og_type":"article","og_title":"La OMS integra nuestro posicionamiento para incluir las ER en su acci\u00f3n frente a ENT - Asociaci\u00f3n Espa\u00f1ola S\u00edndrome de Charge","og_description":"Leemos en FEDER la siguiente noticia que os reproducimos de forma \u00edntegra: La Organizaci\u00f3n Mundial de la Salud (OMS) ha integrado en su web, en el marco de los contenidos abordados en la III Reuni\u00f3n de Alto Nivel de Naciones Unidas, el posicionamiento que, desde el movimiento iberoamericano, lanzamos para&nbsp;integrar el abordaje de las enfermedades [&hellip;]","og_url":"https:\/\/sindromecharge.es\/index.php\/2018\/11\/05\/la-oms-integra-nuestro-posicionamiento-para-incluir-las-er-en-su-accion-frente-a-ent\/","og_site_name":"Asociaci\u00f3n Espa\u00f1ola S\u00edndrome de Charge","article_publisher":"https:\/\/www.facebook.com\/asociacionsindromecharge","article_published_time":"2018-11-05T21:02:00+00:00","og_image":[{"width":300,"height":98,"url":"https:\/\/sindromecharge.es\/wp-content\/uploads\/2013\/09\/logodecharge300x98.png","type":"image\/png"}],"author":"Charge","twitter_card":"summary_large_image","twitter_creator":"@sindromecharge","twitter_site":"@sindromecharge","twitter_misc":{"Escrito por":"Charge","Tiempo de lectura":"4 minutos"},"schema":{"@context":"https:\/\/schema.org","@graph":[{"@type":"Article","@id":"https:\/\/sindromecharge.es\/index.php\/2018\/11\/05\/la-oms-integra-nuestro-posicionamiento-para-incluir-las-er-en-su-accion-frente-a-ent\/#article","isPartOf":{"@id":"https:\/\/sindromecharge.es\/index.php\/2018\/11\/05\/la-oms-integra-nuestro-posicionamiento-para-incluir-las-er-en-su-accion-frente-a-ent\/"},"author":{"name":"Charge","@id":"https:\/\/sindromecharge.es\/#\/schema\/person\/39a60ebe0a2b4d5a11179701e336b039"},"headline":"La OMS integra nuestro posicionamiento para incluir las ER en su acci\u00f3n frente a ENT","datePublished":"2018-11-05T21:02:00+00:00","mainEntityOfPage":{"@id":"https:\/\/sindromecharge.es\/index.php\/2018\/11\/05\/la-oms-integra-nuestro-posicionamiento-para-incluir-las-er-en-su-accion-frente-a-ent\/"},"wordCount":750,"commentCount":0,"keywords":["enfermedades raras"],"articleSection":["noticias"],"inLanguage":"es","potentialAction":[{"@type":"CommentAction","name":"Comment","target":["https:\/\/sindromecharge.es\/index.php\/2018\/11\/05\/la-oms-integra-nuestro-posicionamiento-para-incluir-las-er-en-su-accion-frente-a-ent\/#respond"]}]},{"@type":"WebPage","@id":"https:\/\/sindromecharge.es\/index.php\/2018\/11\/05\/la-oms-integra-nuestro-posicionamiento-para-incluir-las-er-en-su-accion-frente-a-ent\/","url":"https:\/\/sindromecharge.es\/index.php\/2018\/11\/05\/la-oms-integra-nuestro-posicionamiento-para-incluir-las-er-en-su-accion-frente-a-ent\/","name":"La OMS integra nuestro posicionamiento para incluir las ER en su acci\u00f3n frente a ENT - Asociaci\u00f3n Espa\u00f1ola S\u00edndrome de Charge","isPartOf":{"@id":"https:\/\/sindromecharge.es\/#website"},"datePublished":"2018-11-05T21:02:00+00:00","author":{"@id":"https:\/\/sindromecharge.es\/#\/schema\/person\/39a60ebe0a2b4d5a11179701e336b039"},"breadcrumb":{"@id":"https:\/\/sindromecharge.es\/index.php\/2018\/11\/05\/la-oms-integra-nuestro-posicionamiento-para-incluir-las-er-en-su-accion-frente-a-ent\/#breadcrumb"},"inLanguage":"es","potentialAction":[{"@type":"ReadAction","target":["https:\/\/sindromecharge.es\/index.php\/2018\/11\/05\/la-oms-integra-nuestro-posicionamiento-para-incluir-las-er-en-su-accion-frente-a-ent\/"]}]},{"@type":"BreadcrumbList","@id":"https:\/\/sindromecharge.es\/index.php\/2018\/11\/05\/la-oms-integra-nuestro-posicionamiento-para-incluir-las-er-en-su-accion-frente-a-ent\/#breadcrumb","itemListElement":[{"@type":"ListItem","position":1,"name":"Portada","item":"https:\/\/sindromecharge.es\/"},{"@type":"ListItem","position":2,"name":"La OMS integra nuestro posicionamiento para incluir las ER en su acci\u00f3n frente a ENT"}]},{"@type":"WebSite","@id":"https:\/\/sindromecharge.es\/#website","url":"https:\/\/sindromecharge.es\/","name":"Asociaci\u00f3n Espa\u00f1ola S\u00edndrome de Charge","description":"","potentialAction":[{"@type":"SearchAction","target":{"@type":"EntryPoint","urlTemplate":"https:\/\/sindromecharge.es\/?s={search_term_string}"},"query-input":{"@type":"PropertyValueSpecification","valueRequired":true,"valueName":"search_term_string"}}],"inLanguage":"es"},{"@type":"Person","@id":"https:\/\/sindromecharge.es\/#\/schema\/person\/39a60ebe0a2b4d5a11179701e336b039","name":"Charge","image":{"@type":"ImageObject","inLanguage":"es","@id":"https:\/\/secure.gravatar.com\/avatar\/c3b46e32a0fc3b093a0873fb767bf3293de856293065e84ef06b7ec7a8acfb98?s=96&d=identicon&r=x","url":"https:\/\/secure.gravatar.com\/avatar\/c3b46e32a0fc3b093a0873fb767bf3293de856293065e84ef06b7ec7a8acfb98?s=96&d=identicon&r=x","contentUrl":"https:\/\/secure.gravatar.com\/avatar\/c3b46e32a0fc3b093a0873fb767bf3293de856293065e84ef06b7ec7a8acfb98?s=96&d=identicon&r=x","caption":"Charge"},"url":"https:\/\/sindromecharge.es\/index.php\/author\/admin\/"}]}},"_links":{"self":[{"href":"https:\/\/sindromecharge.es\/index.php\/wp-json\/wp\/v2\/posts\/4079","targetHints":{"allow":["GET"]}}],"collection":[{"href":"https:\/\/sindromecharge.es\/index.php\/wp-json\/wp\/v2\/posts"}],"about":[{"href":"https:\/\/sindromecharge.es\/index.php\/wp-json\/wp\/v2\/types\/post"}],"author":[{"embeddable":true,"href":"https:\/\/sindromecharge.es\/index.php\/wp-json\/wp\/v2\/users\/1"}],"replies":[{"embeddable":true,"href":"https:\/\/sindromecharge.es\/index.php\/wp-json\/wp\/v2\/comments?post=4079"}],"version-history":[{"count":0,"href":"https:\/\/sindromecharge.es\/index.php\/wp-json\/wp\/v2\/posts\/4079\/revisions"}],"wp:attachment":[{"href":"https:\/\/sindromecharge.es\/index.php\/wp-json\/wp\/v2\/media?parent=4079"}],"wp:term":[{"taxonomy":"category","embeddable":true,"href":"https:\/\/sindromecharge.es\/index.php\/wp-json\/wp\/v2\/categories?post=4079"},{"taxonomy":"post_tag","embeddable":true,"href":"https:\/\/sindromecharge.es\/index.php\/wp-json\/wp\/v2\/tags?post=4079"}],"curies":[{"name":"wp","href":"https:\/\/api.w.org\/{rel}","templated":true}]}}